{"id":2204,"date":"2017-09-12T11:10:29","date_gmt":"2017-09-12T14:10:29","guid":{"rendered":"http:\/\/coral.ufsm.br\/arco\/sitenovo\/?p=2204"},"modified":"2017-09-12T11:10:29","modified_gmt":"2017-09-12T14:10:29","slug":"producao-de-gladiolos","status":"publish","type":"post","link":"https:\/\/www.ufsm.br\/midias\/arco\/producao-de-gladiolos","title":{"rendered":"Produ\u00e7\u00e3o de Glad\u00edolos"},"content":{"rendered":"<p><span style=\"font-weight: 400;\">O glad\u00edolo, tamb\u00e9m chamado de palma-de-santa-rita, \u00e9 uma planta constitu\u00edda por folhas em forma de espada e belas flores de cores variadas que crescem ao longo de seu comprimento. A planta costuma florescer naturalmente durante as esta\u00e7\u00f5es da primavera e do ver\u00e3o. Dessa forma, os produtores tinham o h\u00e1bito de cultivar as flores somente para comercializar na \u00e9poca do feriado de Finados. Por\u00e9m, uma nova ferramenta desenvolvida pelo grupo de pesquisa em Agrometeorologia da Universidade Federal de Santa Maria (UFSM) tem mudado essa realidade.<\/span><\/p>\n<p>&nbsp;<\/p>\n<figure id=\"attachment_2208\" aria-describedby=\"caption-attachment-2208\" style=\"width: 960px\" class=\"wp-caption aligncenter\"><img fetchpriority=\"high\" decoding=\"async\" class=\"wp-image-2208\" src=\"https:\/\/www.ufsm.br\/comunicacao\/arco\/wp-content\/uploads\/sites\/601\/2017\/09\/foto-1-300x265.jpg\" alt=\"\" width=\"960\" height=\"849\" srcset=\"https:\/\/www.ufsm.br\/app\/uploads\/sites\/601\/2017\/09\/foto-1-300x265.jpg 300w, https:\/\/www.ufsm.br\/app\/uploads\/sites\/601\/2017\/09\/foto-1-768x679.jpg 768w, https:\/\/www.ufsm.br\/app\/uploads\/sites\/601\/2017\/09\/foto-1-1024x906.jpg 1024w, https:\/\/www.ufsm.br\/app\/uploads\/sites\/601\/2017\/09\/foto-1.jpg 1600w\" sizes=\"(max-width: 960px) 100vw, 960px\" \/><figcaption id=\"caption-attachment-2208\" class=\"wp-caption-text\">Plantio de glad\u00edolos. Fonte: PhenoGlad<\/figcaption><\/figure>\n<p>&nbsp;<\/p>\n<p><span style=\"font-weight: 400;\">Em 2010, a equipe &#8211; atrav\u00e9s de experimentos de campo com diferentes cultivos de glad\u00edolos em Santa Maria &#8211; forneceu os dados necess\u00e1rios para a calibra\u00e7\u00e3o e valida\u00e7\u00e3o do software <\/span><a href=\"http:\/\/www.sciencedirect.com\/science\/article\/pii\/S116103011630185X\"><span style=\"font-weight: 400;\">PhenoGlad<\/span><\/a><span style=\"font-weight: 400;\">. Esse programa fornece uma previs\u00e3o de quando ser\u00e1 poss\u00edvel colher as flores, a partir do plantio e das condi\u00e7\u00f5es ambientais, o que facilita o cultivo em mais vezes ao ano e auxilia o produtor a obter maior renda.<\/span><\/p>\n<p>&nbsp;<\/p>\n<p><img decoding=\"async\" class=\"alignnone wp-image-2241 size-full\" src=\"https:\/\/www.ufsm.br\/comunicacao\/arco\/wp-content\/uploads\/sites\/601\/2017\/09\/infogr\u00e1fico_glad\u00edolos_FINAL.png\" alt=\"\" width=\"690\" height=\"1322\" srcset=\"https:\/\/www.ufsm.br\/app\/uploads\/sites\/601\/2017\/09\/infogr\u00e1fico_glad\u00edolos_FINAL.png 690w, https:\/\/www.ufsm.br\/app\/uploads\/sites\/601\/2017\/09\/infogr\u00e1fico_glad\u00edolos_FINAL-157x300.png 157w, https:\/\/www.ufsm.br\/app\/uploads\/sites\/601\/2017\/09\/infogr\u00e1fico_glad\u00edolos_FINAL-534x1024.png 534w\" sizes=\"(max-width: 690px) 100vw, 690px\" \/><\/p>\n<p>&nbsp;<\/p>\n<p><span style=\"font-weight: 400;\">Na v\u00e9spera do \u00faltimo Dia dos Namorados, o produtor Milton Cauzzo comercializou mais de 100 hastes florais para uma encomenda. A produ\u00e7\u00e3o tem sido importante para agregar renda \u00e0 fam\u00edlia, que antes s\u00f3 produzia para o feriado de Finados. O grupo de Agrometeorologia auxilia a fam\u00edlia Cauzzo no planejamento do plantio e tamb\u00e9m no acompanhamento da lavoura para melhorar o manejo e otimizar a produ\u00e7\u00e3o.<\/span><\/p>\n<p>&nbsp;<\/p>\n<p><span style=\"font-weight: 400;\">O PhenoGlad \u00e9 um modelo matem\u00e1tico que auxilia o produtor \u00a0a melhor descrever o dia de ocorr\u00eancia dos est\u00e1gios de desenvolvimento das plantas, incluindo o ponto de colheita e alertas sobre danos nas folhas e nas hastes florais por altas e baixas temperaturas. Seu nome \u00e9 uma uni\u00e3o das palavras \u201c<\/span><i><span style=\"font-weight: 400;\">Pheno<\/span><\/i><span style=\"font-weight: 400;\">\u201d de \u201cFenologia\u201d e \u201c<\/span><i><span style=\"font-weight: 400;\">Glad<\/span><\/i><span style=\"font-weight: 400;\">\u201d do nome cient\u00edfico do glad\u00edolo: flor<\/span><i><span style=\"font-weight: 400;\">Gladiolus<\/span><\/i><span style=\"font-weight: 400;\"> x <\/span><i><span style=\"font-weight: 400;\">grandiflorus.\u00a0<\/span><\/i><\/p>\n<p>&nbsp;<\/p>\n<p style=\"text-align: left;\"><img decoding=\"async\" class=\"alignnone wp-image-2242 alignright\" src=\"https:\/\/www.ufsm.br\/comunicacao\/arco\/wp-content\/uploads\/sites\/601\/2017\/09\/Box-de-texto-1-300x231.png\" alt=\"\" width=\"370\" height=\"285\" srcset=\"https:\/\/www.ufsm.br\/app\/uploads\/sites\/601\/2017\/09\/Box-de-texto-1-300x231.png 300w, https:\/\/www.ufsm.br\/app\/uploads\/sites\/601\/2017\/09\/Box-de-texto-1.png 450w\" sizes=\"(max-width: 370px) 100vw, 370px\" \/>Al\u00e9m do projeto de pesquisa, o grupo de Agrometeorologia tamb\u00e9m realiza atividades de extens\u00e3o com os fornecedores locais. A equipe auxilia o produtor da lavoura comercial quando ele deseja cultivar glad\u00edolo em \u00e9pocas fora do maior pico de consumo, auxiliando na indica\u00e7\u00e3o da melhor data de plantio dos bulbos para que as hastes fiquem prontas a tempo de serem comercializadas nas datas desejadas.<\/p>\n<p>&nbsp;<\/p>\n<figure id=\"attachment_2210\" aria-describedby=\"caption-attachment-2210\" style=\"width: 960px\" class=\"wp-caption aligncenter\"><img loading=\"lazy\" decoding=\"async\" class=\"wp-image-2210\" src=\"https:\/\/www.ufsm.br\/comunicacao\/arco\/wp-content\/uploads\/sites\/601\/2017\/09\/foto-3-300x201.jpg\" alt=\"\" width=\"960\" height=\"644\" srcset=\"https:\/\/www.ufsm.br\/app\/uploads\/sites\/601\/2017\/09\/foto-3-300x201.jpg 300w, https:\/\/www.ufsm.br\/app\/uploads\/sites\/601\/2017\/09\/foto-3-768x515.jpg 768w, https:\/\/www.ufsm.br\/app\/uploads\/sites\/601\/2017\/09\/foto-3-1024x687.jpg 1024w, https:\/\/www.ufsm.br\/app\/uploads\/sites\/601\/2017\/09\/foto-3-272x182.jpg 272w, https:\/\/www.ufsm.br\/app\/uploads\/sites\/601\/2017\/09\/foto-3.jpg 1502w\" sizes=\"(max-width: 960px) 100vw, 960px\" \/><figcaption id=\"caption-attachment-2210\" class=\"wp-caption-text\">Glad\u00edolos do tipo Peter Pears. Fonte: PhenoGlad<\/figcaption><\/figure>\n<p>&nbsp;<\/p>\n<div class=\"mceTemp\"><\/div>\n<p><span style=\"font-weight: 400;\">Em 2017, o cultivo da flor tem sido expandido para cidades de Santa Catarina, como Conc\u00f3rdia, Curitibanos e Rio do Sul. Em Curitibanos, est\u00e3o sendo desenvolvidos experimentos de campo na regi\u00e3o serrana, onde foi verificado que h\u00e1 potencial para a produ\u00e7\u00e3o de glad\u00edolos. Esses <\/span><span style=\"font-weight: 400;\">experimentos contaram com a participa\u00e7\u00e3o de extensionistas, produtores, pesquisadores e professores da regi\u00e3o.<\/span><\/p>\n<p>&nbsp;<\/p>\n<p>&nbsp;<\/p>\n<figure id=\"attachment_2209\" aria-describedby=\"caption-attachment-2209\" style=\"width: 344px\" class=\"wp-caption alignleft\"><img loading=\"lazy\" decoding=\"async\" class=\"wp-image-2209\" src=\"https:\/\/www.ufsm.br\/comunicacao\/arco\/wp-content\/uploads\/sites\/601\/2017\/09\/foto-2-255x300.jpg\" alt=\"\" width=\"344\" height=\"405\" srcset=\"https:\/\/www.ufsm.br\/app\/uploads\/sites\/601\/2017\/09\/foto-2-255x300.jpg 255w, https:\/\/www.ufsm.br\/app\/uploads\/sites\/601\/2017\/09\/foto-2-768x902.jpg 768w, https:\/\/www.ufsm.br\/app\/uploads\/sites\/601\/2017\/09\/foto-2-872x1024.jpg 872w, https:\/\/www.ufsm.br\/app\/uploads\/sites\/601\/2017\/09\/foto-2.jpg 1362w\" sizes=\"(max-width: 344px) 100vw, 344px\" \/><figcaption id=\"caption-attachment-2209\" class=\"wp-caption-text\">Plantio de glad\u00edolos. Fonte: PhenoGlad<\/figcaption><\/figure>\n<p style=\"text-align: left;\"><span style=\"font-weight: 400;\">Conforme uma das integrantes da equipe, Lilian Osmari Uhlmann, <\/span><span style=\"font-weight: 400;\">estudante de Mestrado do Programa de P\u00f3s-Gradua\u00e7\u00e3o em Agronomia da UFSM, o grupo pretende continuar divulgando a cultura do glad\u00edolo a fim de aumentar o n\u00famero de produtores interessados em diversificar sua propriedade e trabalhar com essa cultura. Al\u00e9m disso, est\u00e3o \u00a0em andamento dois trabalhos de doutorado que visam melhorar o software PhenoGlad. Essa atualiza\u00e7\u00e3o visa atender as demandas dos produtores de glad\u00edolo, j\u00e1 que possibilitar\u00e1 uma simula\u00e7\u00e3o da qualidade das hastes florais da planta e tamb\u00e9m a inser\u00e7\u00e3o dos poss\u00edveis efeitos da defici\u00eancia h\u00eddrica no crescimento e desenvolvimento das flores.<\/span><\/p>\n<p>&nbsp;<\/p>\n<p><span style=\"font-weight: 400;\">O programa est\u00e1 dispon\u00edvel para <\/span><a href=\"http:\/\/coral.ufsm.br\/phenoglad\/index.php\/o-software\"><span style=\"font-weight: 400;\">download<\/span><\/a><span style=\"font-weight: 400;\"> e foi desenvolvido por professores e estudantes de gradua\u00e7\u00e3o e p\u00f3s-gradua\u00e7\u00e3o da UFSM, com coordena\u00e7\u00e3o do professor Nereu Augusto Streck, que atua no Departamento de Fitotecnia da Universidade. Al\u00e9m disso, h\u00e1 equipes compostas por professores e estudantes da Universidade Federal do Pampa (UNIPAMPA &#8211; campus Itaqui), UFSM (campus Frederico Westphalen) e tamb\u00e9m da Universidade Federal de Santa Catarina (campus Curitibanos) que colaboraram com a condu\u00e7\u00e3o de experimentos e coleta de dados usados na valida\u00e7\u00e3o do modelo.<\/span><\/p>\n<p>&nbsp;<\/p>\n<p>&nbsp;<\/p>\n<p><span style=\"font-weight: 400;\">Rep\u00f3rter: Gabriela Pagel<\/span><\/p>\n<p><span style=\"font-weight: 400;\">Infogr\u00e1fico: Giana Bonilla, com informa\u00e7\u00f5es da equipe PhenoGlad<\/span><\/p>\n<p><span style=\"font-weight: 400;\">Fotos: PhenoGlad<\/span><\/p>\n","protected":false},"excerpt":{"rendered":"<p>Grupo de pesquisa da UFSM auxilia produtores a cultivar glad\u00edolos mais de uma vez por ano<\/p>\n","protected":false},"author":0,"featured_media":2207,"comment_status":"open","ping_status":"open","sticky":false,"template":"","format":"standard","meta":{"footnotes":""},"categories":[1523],"tags":[598,600,602,604,606],"class_list":["post-2204","post","type-post","status-publish","format-standard","has-post-thumbnail","hentry","category-ciencia","tag-agrometeorologia","tag-flor","tag-gladiolos","tag-phenoglad","tag-plantio"],"acf":[],"_links":{"self":[{"href":"https:\/\/www.ufsm.br\/midias\/arco\/wp-json\/wp\/v2\/posts\/2204","targetHints":{"allow":["GET"]}}],"collection":[{"href":"https:\/\/www.ufsm.br\/midias\/arco\/wp-json\/wp\/v2\/posts"}],"about":[{"href":"https:\/\/www.ufsm.br\/midias\/arco\/wp-json\/wp\/v2\/types\/post"}],"replies":[{"embeddable":true,"href":"https:\/\/www.ufsm.br\/midias\/arco\/wp-json\/wp\/v2\/comments?post=2204"}],"version-history":[{"count":0,"href":"https:\/\/www.ufsm.br\/midias\/arco\/wp-json\/wp\/v2\/posts\/2204\/revisions"}],"wp:featuredmedia":[{"embeddable":true,"href":"https:\/\/www.ufsm.br\/midias\/arco\/wp-json\/wp\/v2\/media\/2207"}],"wp:attachment":[{"href":"https:\/\/www.ufsm.br\/midias\/arco\/wp-json\/wp\/v2\/media?parent=2204"}],"wp:term":[{"taxonomy":"category","embeddable":true,"href":"https:\/\/www.ufsm.br\/midias\/arco\/wp-json\/wp\/v2\/categories?post=2204"},{"taxonomy":"post_tag","embeddable":true,"href":"https:\/\/www.ufsm.br\/midias\/arco\/wp-json\/wp\/v2\/tags?post=2204"}],"curies":[{"name":"wp","href":"https:\/\/api.w.org\/{rel}","templated":true}]}}