{"id":2438,"date":"2017-10-11T16:48:03","date_gmt":"2017-10-11T19:48:03","guid":{"rendered":"http:\/\/coral.ufsm.br\/arco\/sitenovo\/?p=2438"},"modified":"2021-05-27T12:13:15","modified_gmt":"2021-05-27T15:13:15","slug":"o-encontro-entre-o-classico-e-o-erudito","status":"publish","type":"post","link":"https:\/\/www.ufsm.br\/midias\/arco\/o-encontro-entre-o-classico-e-o-erudito","title":{"rendered":"O encontro entre o cl\u00e1ssico e o erudito"},"content":{"rendered":"<p><span style=\"font-weight: 400;\">H\u00e1 tr\u00eas anos, o professor de flauta Jo\u00e3o Batista Sartor\u00a0 iniciou um projeto chamado <em>Alma \u00danica<\/em>. Aos poucos, o grupo de int\u00e9rpretes foi se organizando a partir de forma\u00e7\u00f5es anteriores e afinidades art\u00edstica e pessoal e, atualmente, o grupo faz turn\u00eas pelo Rio Grande do Sul entrela\u00e7ando o ballet cl\u00e1ssico com a m\u00fasica erudita, da harpa, viol\u00e3o e flauta. Trata-se de um recital de ballet e m\u00fasica de c\u00e2mara, que nada mais \u00e9 do que <\/span><span style=\"font-weight: 400;\">a m\u00fasica erudita executada por um n\u00famero pequeno de m\u00fasicos-<\/span><span style=\"font-weight: 400;\">\u00a0uma vers\u00e3o \u2018pocket\u2019, que simula um grande espet\u00e1culo.<\/span><\/p>\n<p><span style=\"font-weight: 400;\">Desde o erudito europeu, passando pelo tango de Astor Piazzola at\u00e9 Pixinguinha e Villa Lobos. Montar o repert\u00f3rio de um espet\u00e1culo como esse n\u00e3o \u00e9 uma tarefa f\u00e1cil. \u201cO canto l\u00edrico com dan\u00e7a, harpa e viol\u00e3o, al\u00e9m da flauta, \u00e9 uma forma\u00e7\u00e3o rara de ser encontrada. Adaptamos e rearranjamos o repert\u00f3rio, pois as obras n\u00e3o foram originalmente compostas para essa forma\u00e7\u00e3o\u201d, explica Marcos Corr\u00eaa, professor de viol\u00e3o da UFSM. Ele acrescenta que, por mais que esse seja o maior desafio, o aprendizado \u00e9 constante e \u00e9 gratificante poder tocar em grupo. \u201cPara mim \u00e9 importante por me permitir dialogar musicalmente com outros m\u00fasicos n\u00e3o violonistas\u201d, complementa.<\/span><\/p>\n<p><span style=\"font-weight: 400;\">Segundo o violonista, apresentar para um p\u00fablico variado e amplo\u00a0este espet\u00e1culo composto por repert\u00f3rios diversificados &#8211; com m\u00fasica espanhola, \u00f3pera e m\u00fasica brasileira, por exemplo &#8211; \u00e9 a parte mais importante do projeto. \u201cAs m\u00fasicas s\u00e3o bonitas, inspiradoras e \u2018tocam\u2019 as pessoas. Ap\u00f3s os concertos, muitas pessoas aparecem para conversar conosco, relatando e descrevendo o que perceberam e sentiram. Opini\u00f5es muito interessantes\u201d. J\u00e1 foram feitos concertos em abril deste ano em Canoas, Novo Hamburgo e Porto Alegre, e agora o espet\u00e1culo chega a Santa Maria.<\/span><\/p>\n<p><span style=\"font-weight: 400;\">Tanto Sartor quanto Corr\u00eaa s\u00e3o professores do curso de M\u00fasica da UFSM e agora v\u00e3o ter o desafio de tocar no palco do Centro de Conven\u00e7\u00f5es. \u201cPoder tocar em Santa Maria, onde trabalhamos, e fazer a apresenta\u00e7\u00e3o no Centro de Conven\u00e7\u00f5es, aliado \u00e0 forma\u00e7\u00e3o camer\u00edstica, repert\u00f3rio, m\u00fasicos e teatro, \u00e9 um desafio\u201d.<\/span><\/p>\n<p><span style=\"font-weight: 400;\">Com dura\u00e7\u00e3o de 1 hora e 15 minutos, o <em>Alma \u00danica <\/em>acontece nesta quarta-feira (11 de outubro) e tem entrada gratuita. O evento vai iniciar com uma esp\u00e9cie de aquecimento, com dan\u00e7a e viol\u00e3o (com m\u00fasica composta pelo professor Corr\u00eaa), e segue com inser\u00e7\u00f5es de flauta, harpa e canto, \u00e0s vezes com dan\u00e7a, intercalando at\u00e9 o final do espet\u00e1culo em que todos os integrantes apresentam-se juntos.<\/span><\/p>\n<p><img fetchpriority=\"high\" decoding=\"async\" class=\"wp-image-2444 size-full alignnone\" src=\"https:\/\/www.ufsm.br\/comunicacao\/arco\/wp-content\/uploads\/sites\/601\/2017\/10\/alma.jpg\" alt=\"\" width=\"853\" height=\"633\" srcset=\"https:\/\/www.ufsm.br\/app\/uploads\/sites\/601\/2017\/10\/alma.jpg 853w, https:\/\/www.ufsm.br\/app\/uploads\/sites\/601\/2017\/10\/alma-300x223.jpg 300w, https:\/\/www.ufsm.br\/app\/uploads\/sites\/601\/2017\/10\/alma-768x570.jpg 768w\" sizes=\"(max-width: 853px) 100vw, 853px\" \/><\/p>\n<p><b>Quem s\u00e3o os artistas? <\/b><span style=\"font-weight: 400;\">\u00a0<\/span><\/p>\n<p><b>A BAILARINA<\/b><\/p>\n<p><b>D\u00e9bbora Brandt Alencastro<\/b><span style=\"font-weight: 400;\"> &#8211; formada pelo Curso Superior de Tecnologia em Dan\u00e7a na Universidade Luterana do Brasil, e especialista pela Pontif\u00edcia Universidade Cat\u00f3lica do Estado do Rio Grande do Sul. Foi aluna do Curso B\u00e1sico de Dan\u00e7a da FUNDARTE de Montenegro. Recebeu o Pr\u00eamio A\u00e7orianos de melhor Espet\u00e1culo de Dan\u00e7a\/Ballet cl\u00e1ssico em 2000. Conquistou em 2002 a pontua\u00e7\u00e3o m\u00e1xima em Pas de Deux Cl\u00e1ssico no Festival Internacional de Dan\u00e7as da Amaz\u00f4nia. Participou de v\u00e1rios espet\u00e1culos como <em>Ruas &amp; Passarelas<\/em>, <em>Constru\u00e7\u00e3o<\/em>, <em>Meu Pequeno grande Mundo<\/em>, <em>Desencanto<\/em>, entre outros. Atualmente atua na FUNDARTE, coordena o Grupo de Dan\u00e7as da Institui\u00e7\u00e3o e \u00e9 professora de ballet cl\u00e1ssico.<\/span><\/p>\n<p><b>A CANTORA<\/b><\/p>\n<p><b>Rosimari Oliveira<\/b><span style=\"font-weight: 400;\"> &#8211; formada pelo Bacharelado em Canto da UFSM e p\u00f3s-graduada em Canto L\u00edrico pelo Conservat\u00f3rio Liceu de Barcelona. Participa constantemente como solista convidada de orquestras como SESI\/FUNDARTE, Unisinos, OSPA, Orquestra Sinf\u00f4nica de Santa Maria, Theatro S\u00e3o Pedro e Sinf\u00f4nica do Paran\u00e1, entre outras. Desde 2003 interpreta importantes pap\u00e9is de \u00f3peras, como: Agathe, em Der Freisch\u00fctz de Weber, realizada em Valladolid, Espanha; na It\u00e1lia, Don Giovanni de Mozart, como Donna Anna, pelo Conservat\u00f3rio Antonio Buzzolla, entre outros. Atua no Brasil como professora de canto na Faculdades Est em S\u00e3o Leopoldo nos cursos de Licenciatura e Bacharelado em M\u00fasica, Musicoterapia e T\u00e9cnico; e t\u00e9cnica vocal na FUNDARTE de Montenegro. Desde 2012 \u00e9 preparadora vocal do coro da ADUFRGS, POA.<\/span><\/p>\n<p><b>O HARPISTA<\/b><\/p>\n<p><b>Leandro Petry Cardona<\/b><span style=\"font-weight: 400;\"> &#8211; iniciou seus estudos de harpa na Funda\u00e7\u00e3o Municipal de Artes de Montenegro e, posteriormente, na Escola de M\u00fasica da OSPA. Atualmente estuda harpa na Escola Superior de M\u00fasica de Lisboa e faz m\u00fasica de c\u00e2mara (harpa e flauta) com Mariane Fornelos em Portugal e, no Rio Grande do Sul, com a cantora \u00c2ngela Diel e o flautista Jo\u00e3o Batista Sartor. Realizou concertos pela Embaixada do Brasil em Portugal, em v\u00e1rias cidades do Rio Grande do Sul e no Uruguai. Pertence ao seleto grupo de harpistas, raros no Brasil.<\/span><\/p>\n<p><b>O FLAUTISTA<\/b><\/p>\n<p><b>Jo\u00e3o Batista Sartor<\/b><span style=\"font-weight: 400;\"> &#8211; professor concursado de flauta da UFSM desde 2005, \u00e9 coordenador e regente da Banda Sinf\u00f4nica da Universidade. Doutor em Performance em M\u00fasica pela UNIRIO. Realizou est\u00e1gio doutoral na Universidade de Aveiro, Portugal. Realizou o Mestrado em Artes (M\u00fasica-Flauta) pela The University of Iowa, EUA. Cursou flauta e m\u00fasica de c\u00e2mara na \u00c9cole Normale de Musique Alfred Cortot de Paris. Foi flautista da OSPA de 1990 \u00e0 2005 e da Orquestra Unisinos-RS. Ele come\u00e7ou seus estudos musicais na Fundarte de Montenegro, e em 1990 concluiu o Bacharelado em Flauta pela UFRGS. Tem intensa atua\u00e7\u00e3o na vida musical ga\u00facha atrav\u00e9s de participa\u00e7\u00f5es e participa\u00e7\u00f5es em in\u00fameros recitais de m\u00fasica de c\u00e2mara no RS, outros estados, e Argentina, Uruguai, EUA, Fran\u00e7a, Portugal e It\u00e1lia.<\/span><\/p>\n<p><b>O VIOLONISTA<\/b><\/p>\n<p><b>Marcos Kr\u00f6ning Corr\u00eaa &#8211;<\/b><span style=\"font-weight: 400;\"> \u00e9 professor na UFSM, nos Cursos de Bacharelado (viol\u00e3o) e Licenciatura em M\u00fasica, \u00e9 violonista-compositor. Doutor em M\u00fasica, Estudos em Performance, pela Universidade de Aveiro, Portugal, 2016. Mestre em Educa\u00e7\u00e3o Musical, em 2000, e Bacharel em M\u00fasica, em 1998, ambos pela UFRGS. Professor e concertista, foi convidado, entre outros, para o 26\u00aa Festival de M\u00fasica de Londrina (2006), a II Mostra Violon\u00edstica de Votorantim (S\u00e3o Paulo, 2008), os Festivais de Outono da Universidade de Aveiro (Portugal, 2009); o 7\u00ba Festival de Viol\u00e3o da UFRGS (2015); ministrou Cursos nos Conservat\u00f3rios de Our\u00e9m, F\u00e1tima e Cantanhede (Portugal, 2012-13); coordenou a s\u00e9rie de recitais Irm\u00e3o Viol\u00e3o da Universidade de Aveiro (2015). Apresentou recitais no Brasil, Estados Unidos, Portugal e Fran\u00e7a.<\/span><\/p>\n<p><b>A ILUMINADORA<\/b><\/p>\n<p><b>Carol Zimmer<\/b><span style=\"font-weight: 400;\"> &#8211; \u00a0iluminadora e produtora cultural, assina tamb\u00e9m a ambienta\u00e7\u00e3o c\u00eanica de shows e dire\u00e7\u00e3o t\u00e9cnica de espet\u00e1culos. Licenciada em Artes C\u00eanicas (UFRGS), Especialista em Cinema (UNISINOS), P\u00f3s-graduanda em Ilumina\u00e7\u00e3o e design de interiores (IPOG). Em ilumina\u00e7\u00e3o, destaca-se alguns trabalhos, como as pe\u00e7as: GPS Gaza; As Aventuras do Pequeno Pr\u00edncipe; O Linguiceiro da Rua do Arvoredo; Breves Entrevistas com Homens Hediondos; Wonderland e o que M. Jacksom encontrou por l\u00e1. Trabalha tamb\u00e9m com os musicistas e bandas: Nei Lisboa; Simone Rasslan; Marcelo Delacroix; Gisele de Santi; Apanhador S\u00f3; Dingo Bells. Apresenta tamb\u00e9m projetos audiovisuais, na parte de produ\u00e7\u00e3o e dire\u00e7\u00e3o de fotografia.<\/span><\/p>\n<p><img decoding=\"async\" class=\"alignnone wp-image-2448\" src=\"https:\/\/www.ufsm.br\/comunicacao\/arco\/wp-content\/uploads\/sites\/601\/2017\/10\/Alma-\u00danica-box_150dpi.png\" alt=\"\" width=\"690\" height=\"1003\" srcset=\"https:\/\/www.ufsm.br\/app\/uploads\/sites\/601\/2017\/10\/Alma-\u00danica-box_150dpi.png 1438w, https:\/\/www.ufsm.br\/app\/uploads\/sites\/601\/2017\/10\/Alma-\u00danica-box_150dpi-206x300.png 206w, https:\/\/www.ufsm.br\/app\/uploads\/sites\/601\/2017\/10\/Alma-\u00danica-box_150dpi-768x1116.png 768w, https:\/\/www.ufsm.br\/app\/uploads\/sites\/601\/2017\/10\/Alma-\u00danica-box_150dpi-705x1024.png 705w\" sizes=\"(max-width: 690px) 100vw, 690px\" \/><\/p>\n<p>Reportagem: J\u00falia Goulart<\/p>\n<p>Fotos: Divulga\u00e7\u00e3o<br \/>\nArte: Giana Bonilla<\/p>\n","protected":false},"excerpt":{"rendered":"<p>\u201cAlma \u00danica\u201d \u00e9 um projeto que une o canto erudito, a flauta, a harpa, o viol\u00e3o e o ballet em um s\u00f3 espet\u00e1culo<\/p>\n","protected":false},"author":26,"featured_media":2443,"comment_status":"open","ping_status":"open","sticky":false,"template":"","format":"standard","meta":{"footnotes":""},"categories":[1524],"tags":[482,48,456],"class_list":["post-2438","post","type-post","status-publish","format-standard","has-post-thumbnail","hentry","category-cultura","tag-cultura","tag-danca","tag-musica"],"acf":[],"_links":{"self":[{"href":"https:\/\/www.ufsm.br\/midias\/arco\/wp-json\/wp\/v2\/posts\/2438","targetHints":{"allow":["GET"]}}],"collection":[{"href":"https:\/\/www.ufsm.br\/midias\/arco\/wp-json\/wp\/v2\/posts"}],"about":[{"href":"https:\/\/www.ufsm.br\/midias\/arco\/wp-json\/wp\/v2\/types\/post"}],"author":[{"embeddable":true,"href":"https:\/\/www.ufsm.br\/midias\/arco\/wp-json\/wp\/v2\/users\/26"}],"replies":[{"embeddable":true,"href":"https:\/\/www.ufsm.br\/midias\/arco\/wp-json\/wp\/v2\/comments?post=2438"}],"version-history":[{"count":0,"href":"https:\/\/www.ufsm.br\/midias\/arco\/wp-json\/wp\/v2\/posts\/2438\/revisions"}],"wp:featuredmedia":[{"embeddable":true,"href":"https:\/\/www.ufsm.br\/midias\/arco\/wp-json\/wp\/v2\/media\/2443"}],"wp:attachment":[{"href":"https:\/\/www.ufsm.br\/midias\/arco\/wp-json\/wp\/v2\/media?parent=2438"}],"wp:term":[{"taxonomy":"category","embeddable":true,"href":"https:\/\/www.ufsm.br\/midias\/arco\/wp-json\/wp\/v2\/categories?post=2438"},{"taxonomy":"post_tag","embeddable":true,"href":"https:\/\/www.ufsm.br\/midias\/arco\/wp-json\/wp\/v2\/tags?post=2438"}],"curies":[{"name":"wp","href":"https:\/\/api.w.org\/{rel}","templated":true}]}}