{"id":2556,"date":"2017-10-30T18:51:10","date_gmt":"2017-10-30T20:51:10","guid":{"rendered":"http:\/\/coral.ufsm.br\/arco\/sitenovo\/?p=2556"},"modified":"2019-10-15T13:16:44","modified_gmt":"2019-10-15T16:16:44","slug":"15-fatos-sobre-cadaveres-que-voce-nem-fazia-ideia-que-eram-reais","status":"publish","type":"post","link":"https:\/\/www.ufsm.br\/midias\/arco\/15-fatos-sobre-cadaveres-que-voce-nem-fazia-ideia-que-eram-reais","title":{"rendered":"15 fatos sobre cad\u00e1veres que voc\u00ea nem fazia ideia que eram reais"},"content":{"rendered":"\t\t<div data-elementor-type=\"wp-post\" data-elementor-id=\"2556\" class=\"elementor elementor-2556 elementor-bc-flex-widget\">\n\t\t\t\t\t\t<section class=\"elementor-section elementor-top-section elementor-element elementor-element-j0ynwbo elementor-section-boxed elementor-section-height-default elementor-section-height-default\" data-id=\"j0ynwbo\" data-element_type=\"section\">\n\t\t\t\t\t\t<div class=\"elementor-container elementor-column-gap-default\">\n\t\t\t\t\t<div class=\"elementor-column elementor-col-100 elementor-top-column elementor-element elementor-element-dwi4g3j\" data-id=\"dwi4g3j\" data-element_type=\"column\">\n\t\t\t<div class=\"elementor-widget-wrap elementor-element-populated\">\n\t\t\t\t\t\t<div class=\"elementor-element elementor-element-edgq2x2 elementor-widget elementor-widget-text-editor\" data-id=\"edgq2x2\" data-element_type=\"widget\" data-widget_type=\"text-editor.default\">\n\t\t\t\t<div class=\"elementor-widget-container\">\n\t\t\t\t\t\t\t<p><span style=\"font-weight: 400;\">Voc\u00ea sabe o que \u00e9 a dissec\u00e7\u00e3o de cad\u00e1veres? E que \u00e9 poss\u00edvel doar apenas parte do corpo? E sabe que \u00e9 poss\u00edvel fazer um funeral antes de o corpo ser destinado para a institui\u00e7\u00e3o de ensino? \u00a0Atrav\u00e9s de artigos cient\u00edficos e de conversa com os professores do Departamento de Morfologia da Universidade Federal de Santa Maria (UFSM), Carlos Eduardo Seyfert e Dorival Terra Martini, obtivemos informa\u00e7\u00f5es curiosas sobre a utiliza\u00e7\u00e3o de cad\u00e1veres em estudos acad\u00eamicos. Confira: <\/span><\/p><p>\u00a0<\/p><p><b>1 \u2013 Cad\u00e1veres originados de morte violenta ou suspeita n\u00e3o pode ser destinados para estudo<\/b><\/p><p><span style=\"font-weight: 400;\">Os corpos humanos estudados em universidades podem ser oriundos de doa\u00e7\u00f5es volunt\u00e1rias ou provirem do Instituto Geral de Per\u00edcias na condi\u00e7\u00e3o de cad\u00e1ver n\u00e3o reclamado (<\/span><span style=\"font-weight: 400;\">que n\u00e3o foram procurados\/identificados por parentes ou respons\u00e1veis legais)<\/span><span style=\"font-weight: 400;\">. No entanto, os cad\u00e1veres de morte provocada por mecanismos violentos ou suspeitos n\u00e3o dever\u00e3o ser destinados a estudo, visto que h\u00e1 necessidade de esclarecer as circunst\u00e2ncias em que se deu o fato.<\/span><\/p><p>\u00a0<\/p><p><b>2 &#8211; Antes da utiliza\u00e7\u00e3o para estudo, \u00e9 preciso dissecar o cad\u00e1ver<\/b><\/p><p><span style=\"font-weight: 400;\">A t\u00e9cnica de dissec\u00e7\u00e3o de cad\u00e1veres consiste na exposi\u00e7\u00e3o de estruturas, atrav\u00e9s de cortes na pele, nos ossos, retirada de gordura, entre outros procedimentos que possibilitem maior visibilidade interna. Ent\u00e3o, a dissec\u00e7\u00e3o acontece de acordo com a estrutura alvo &#8211; a regi\u00e3o do corpo &#8211; que necessita estar dispon\u00edvel com maior urg\u00eancia. Para isso, s\u00e3o utilizadas ferramentas como pin\u00e7as e bisturis. Na UFSM, a dissec\u00e7\u00e3o \u00e9 realizada por t\u00e9cnicos em anatomia e necr\u00f3psia, mas tamb\u00e9m pode ser feita por professores do Departamento de Morfologia e estudantes em monitoria. <\/span><\/p>\t\t\t\t\t\t<\/div>\n\t\t\t\t<\/div>\n\t\t\t\t\t<\/div>\n\t\t<\/div>\n\t\t\t\t\t<\/div>\n\t\t<\/section>\n\t\t\t\t<section class=\"elementor-section elementor-top-section elementor-element elementor-element-i56hocl elementor-section-boxed elementor-section-height-default elementor-section-height-default\" data-id=\"i56hocl\" data-element_type=\"section\">\n\t\t\t\t\t\t<div class=\"elementor-container elementor-column-gap-default\">\n\t\t\t\t\t<div class=\"elementor-column elementor-col-100 elementor-top-column elementor-element elementor-element-pgezmci\" data-id=\"pgezmci\" data-element_type=\"column\">\n\t\t\t<div class=\"elementor-widget-wrap elementor-element-populated\">\n\t\t\t\t\t\t<div class=\"elementor-element elementor-element-qqa7a4p elementor-position-top elementor-widget elementor-widget-image-box\" data-id=\"qqa7a4p\" data-element_type=\"widget\" data-widget_type=\"image-box.default\">\n\t\t\t\t<div class=\"elementor-widget-container\">\n\t\t\t<div class=\"elementor-image-box-wrapper\"><figure class=\"elementor-image-box-img\"><img fetchpriority=\"high\" decoding=\"async\" width=\"1400\" height=\"933\" src=\"https:\/\/www.ufsm.br\/app\/uploads\/sites\/601\/2017\/10\/MGM8769.jpg\" class=\"attachment-full size-full wp-image-2557\" alt=\"\" srcset=\"https:\/\/www.ufsm.br\/app\/uploads\/sites\/601\/2017\/10\/MGM8769.jpg 1400w, https:\/\/www.ufsm.br\/app\/uploads\/sites\/601\/2017\/10\/MGM8769-300x200.jpg 300w, https:\/\/www.ufsm.br\/app\/uploads\/sites\/601\/2017\/10\/MGM8769-768x512.jpg 768w, https:\/\/www.ufsm.br\/app\/uploads\/sites\/601\/2017\/10\/MGM8769-1024x682.jpg 1024w, https:\/\/www.ufsm.br\/app\/uploads\/sites\/601\/2017\/10\/MGM8769-272x182.jpg 272w\" sizes=\"(max-width: 1400px) 100vw, 1400px\" \/><\/figure><\/div>\t\t<\/div>\n\t\t\t\t<\/div>\n\t\t\t\t\t<\/div>\n\t\t<\/div>\n\t\t\t\t\t<\/div>\n\t\t<\/section>\n\t\t\t\t<section class=\"elementor-section elementor-top-section elementor-element elementor-element-ndwzmbi elementor-section-boxed elementor-section-height-default elementor-section-height-default\" data-id=\"ndwzmbi\" data-element_type=\"section\">\n\t\t\t\t\t\t<div class=\"elementor-container elementor-column-gap-default\">\n\t\t\t\t\t<div class=\"elementor-column elementor-col-100 elementor-top-column elementor-element elementor-element-o9ghmsw\" data-id=\"o9ghmsw\" data-element_type=\"column\">\n\t\t\t<div class=\"elementor-widget-wrap elementor-element-populated\">\n\t\t\t\t\t\t<div class=\"elementor-element elementor-element-kybz56c elementor-widget elementor-widget-text-editor\" data-id=\"kybz56c\" data-element_type=\"widget\" data-widget_type=\"text-editor.default\">\n\t\t\t\t<div class=\"elementor-widget-container\">\n\t\t\t\t\t\t\t<p><b>3 &#8211; Seis meses \u00e9 o tempo m\u00e9dio para que o corpo esteja preparado para utiliza\u00e7\u00e3o<\/b><\/p><p><span style=\"font-weight: 400;\">Antes da dissec\u00e7\u00e3o, o ideal \u00e9 que o cad\u00e1ver passe um per\u00edodo de, aproximadamente, seis meses em conserva\u00e7\u00e3o por produtos qu\u00edmicos, como o formol, para melhorar o processo de fixa\u00e7\u00e3o. Mas nada impede de dissecar o cad\u00e1ver sem fixador nenhum. Nos Estados Unidos, por exemplo, h\u00e1 centros de estudos com cad\u00e1veres frescos, o que \u00e9 muito procurado por cirurgi\u00f5es, j\u00e1 que a textura do cad\u00e1ver fresco e do formolizado \u00e9 diferente uma da outra.<\/span><\/p><p>\u00a0<\/p><p><em>Leia mais sobre o assunto:<\/em><\/p><p>\u00a0<\/p><p><strong>+<a href=\"http:\/\/coral.ufsm.br\/arco\/sitenovo\/?p=2560\" target=\"_blank\" rel=\"noopener\">Doa\u00e7\u00e3o pela ci\u00eancia: estudante de Odontologia se cadastrou como doadora volunt\u00e1ria do corpo<\/a><\/strong><\/p><p>\u00a0<\/p><p><strong>+<a href=\"http:\/\/coral.ufsm.br\/arco\/sitenovo\/?p=2520\" target=\"_blank\" rel=\"noopener\">A rotina na segunda trajet\u00f3ria: cad\u00e1veres humanos e animais participam da forma\u00e7\u00e3o de profissionais na UFSM h\u00e1 cerca de cinquenta anos<\/a><\/strong><\/p><p>\u00a0<\/p><p><strong>+<a href=\"http:\/\/coral.ufsm.br\/arco\/sitenovo\/?p=2507\" target=\"_blank\" rel=\"noopener\">Quando a hist\u00f3ria de vida segue ainda ap\u00f3s a morte: doa\u00e7\u00e3o volunt\u00e1ria de corpos \u00e9 aposta para continuidade de estudos acad\u00eamicos com cad\u00e1veres humanos<\/a><\/strong><\/p><p>\u00a0<\/p><p><b>4 \u2013 Cad\u00e1veres de qualquer idade podem ser estudados<\/b><\/p><p><span style=\"font-weight: 400;\">De modo geral, os corpos estudados s\u00e3o de pessoas idosas, por\u00e9m, h\u00e1 cad\u00e1veres de todas as idades e o estudo em corpos de diferentes faixas et\u00e1rias \u00e9 necess\u00e1rio. Na UFSM, existe um laborat\u00f3rio de fetos, que possui corpos de fetos conservados por mais de 30 anos; muitos deles s\u00e3o disponibilizados pelo HUSM, principalmente provindos de casos de aborto espont\u00e2neo.<\/span><\/p>\t\t\t\t\t\t<\/div>\n\t\t\t\t<\/div>\n\t\t\t\t\t<\/div>\n\t\t<\/div>\n\t\t\t\t\t<\/div>\n\t\t<\/section>\n\t\t\t\t<section class=\"elementor-section elementor-top-section elementor-element elementor-element-x7hy3df elementor-section-boxed elementor-section-height-default elementor-section-height-default\" data-id=\"x7hy3df\" data-element_type=\"section\">\n\t\t\t\t\t\t<div class=\"elementor-container elementor-column-gap-default\">\n\t\t\t\t\t<div class=\"elementor-column elementor-col-100 elementor-top-column elementor-element elementor-element-lhe3y0n\" data-id=\"lhe3y0n\" data-element_type=\"column\">\n\t\t\t<div class=\"elementor-widget-wrap elementor-element-populated\">\n\t\t\t\t\t\t<div class=\"elementor-element elementor-element-0dzelzs elementor-position-top elementor-widget elementor-widget-image-box\" data-id=\"0dzelzs\" data-element_type=\"widget\" data-widget_type=\"image-box.default\">\n\t\t\t\t<div class=\"elementor-widget-container\">\n\t\t\t<div class=\"elementor-image-box-wrapper\"><figure class=\"elementor-image-box-img\"><img decoding=\"async\" width=\"933\" height=\"1400\" src=\"https:\/\/www.ufsm.br\/app\/uploads\/sites\/601\/2017\/10\/MGM8933-1.jpg\" class=\"attachment-full size-full wp-image-2558\" alt=\"\" srcset=\"https:\/\/www.ufsm.br\/app\/uploads\/sites\/601\/2017\/10\/MGM8933-1.jpg 933w, https:\/\/www.ufsm.br\/app\/uploads\/sites\/601\/2017\/10\/MGM8933-1-200x300.jpg 200w, https:\/\/www.ufsm.br\/app\/uploads\/sites\/601\/2017\/10\/MGM8933-1-768x1152.jpg 768w, https:\/\/www.ufsm.br\/app\/uploads\/sites\/601\/2017\/10\/MGM8933-1-682x1024.jpg 682w\" sizes=\"(max-width: 933px) 100vw, 933px\" \/><\/figure><\/div>\t\t<\/div>\n\t\t\t\t<\/div>\n\t\t\t\t\t<\/div>\n\t\t<\/div>\n\t\t\t\t\t<\/div>\n\t\t<\/section>\n\t\t\t\t<section class=\"elementor-section elementor-top-section elementor-element elementor-element-vl0l4an elementor-section-boxed elementor-section-height-default elementor-section-height-default\" data-id=\"vl0l4an\" data-element_type=\"section\">\n\t\t\t\t\t\t<div class=\"elementor-container elementor-column-gap-default\">\n\t\t\t\t\t<div class=\"elementor-column elementor-col-100 elementor-top-column elementor-element elementor-element-jnas81c\" data-id=\"jnas81c\" data-element_type=\"column\">\n\t\t\t<div class=\"elementor-widget-wrap elementor-element-populated\">\n\t\t\t\t\t\t<div class=\"elementor-element elementor-element-x545kao elementor-widget elementor-widget-text-editor\" data-id=\"x545kao\" data-element_type=\"widget\" data-widget_type=\"text-editor.default\">\n\t\t\t\t<div class=\"elementor-widget-container\">\n\t\t\t\t\t\t\t<p><b>5 &#8211; A doa\u00e7\u00e3o de \u00f3rg\u00e3os pode ser feita antes da doa\u00e7\u00e3o do corpo<\/b><\/p><p><span style=\"font-weight: 400;\">A <\/span><a href=\"http:\/\/w3.ufsm.br\/morfologia\/index.php\/programa-de-doacao-de-corpos\/passo-a-passo\"><span style=\"font-weight: 400;\">doa\u00e7\u00e3o do corpo para estudo <\/span><\/a><span style=\"font-weight: 400;\">pode acontecer mesmo ap\u00f3s a retirada dos \u00f3rg\u00e3os. As estruturas restantes sempre podem ser \u00fateis para estudo.<\/span><\/p><p>\u00a0<\/p><p><b>6 \u2013<\/b> <b>Pode haver um funeral antes de o corpo ser levado para a institui\u00e7\u00e3o de ensino<\/b><\/p><p><span style=\"font-weight: 400;\">Em caso de um corpo doado, o funeral sempre pode ser feito antes; \u00e9 uma decis\u00e3o familiar e os custos tamb\u00e9m devem ser arcados pela fam\u00edlia. Quando se trata de um cad\u00e1ver n\u00e3o reclamado &#8211; que n\u00e3o \u00e9 identificado ou procurado por respons\u00e1veis &#8211; o corpo fica congelado no IML durante cerca de um m\u00eas at\u00e9 que a documenta\u00e7\u00e3o esteja conclu\u00edda e ele possa ser destinado \u00e0 institui\u00e7\u00e3o de ensino.<\/span><\/p><p>\u00a0<\/p><p><b>7 &#8211; \u00c9 poss\u00edvel doar apenas parte do corpo<\/b><\/p><p><span style=\"font-weight: 400;\">As doa\u00e7\u00f5es volunt\u00e1rias podem acontecer com corpos em parte ou no todo. Partes amputadas de corpos inteiros tamb\u00e9m podem servir para estudos em universidades.<\/span><\/p>\t\t\t\t\t\t<\/div>\n\t\t\t\t<\/div>\n\t\t\t\t\t<\/div>\n\t\t<\/div>\n\t\t\t\t\t<\/div>\n\t\t<\/section>\n\t\t\t\t<section class=\"elementor-section elementor-top-section elementor-element elementor-element-xj0lwc3 elementor-section-boxed elementor-section-height-default elementor-section-height-default\" data-id=\"xj0lwc3\" data-element_type=\"section\">\n\t\t\t\t\t\t<div class=\"elementor-container elementor-column-gap-default\">\n\t\t\t\t\t<div class=\"elementor-column elementor-col-100 elementor-top-column elementor-element elementor-element-9sboey8\" data-id=\"9sboey8\" data-element_type=\"column\">\n\t\t\t<div class=\"elementor-widget-wrap elementor-element-populated\">\n\t\t\t\t\t\t<div class=\"elementor-element elementor-element-ajjeafj elementor-position-top elementor-widget elementor-widget-image-box\" data-id=\"ajjeafj\" data-element_type=\"widget\" data-widget_type=\"image-box.default\">\n\t\t\t\t<div class=\"elementor-widget-container\">\n\t\t\t<div class=\"elementor-image-box-wrapper\"><figure class=\"elementor-image-box-img\"><img decoding=\"async\" width=\"1400\" height=\"933\" src=\"https:\/\/www.ufsm.br\/app\/uploads\/sites\/601\/2017\/10\/MGM8821.jpg\" class=\"attachment-full size-full wp-image-2541\" alt=\"\" srcset=\"https:\/\/www.ufsm.br\/app\/uploads\/sites\/601\/2017\/10\/MGM8821.jpg 1400w, https:\/\/www.ufsm.br\/app\/uploads\/sites\/601\/2017\/10\/MGM8821-300x200.jpg 300w, https:\/\/www.ufsm.br\/app\/uploads\/sites\/601\/2017\/10\/MGM8821-768x512.jpg 768w, https:\/\/www.ufsm.br\/app\/uploads\/sites\/601\/2017\/10\/MGM8821-1024x682.jpg 1024w, https:\/\/www.ufsm.br\/app\/uploads\/sites\/601\/2017\/10\/MGM8821-272x182.jpg 272w\" sizes=\"(max-width: 1400px) 100vw, 1400px\" \/><\/figure><\/div>\t\t<\/div>\n\t\t\t\t<\/div>\n\t\t\t\t\t<\/div>\n\t\t<\/div>\n\t\t\t\t\t<\/div>\n\t\t<\/section>\n\t\t\t\t<section class=\"elementor-section elementor-top-section elementor-element elementor-element-2cnu8ra elementor-section-boxed elementor-section-height-default elementor-section-height-default\" data-id=\"2cnu8ra\" data-element_type=\"section\">\n\t\t\t\t\t\t<div class=\"elementor-container elementor-column-gap-default\">\n\t\t\t\t\t<div class=\"elementor-column elementor-col-100 elementor-top-column elementor-element elementor-element-bhdlyei\" data-id=\"bhdlyei\" data-element_type=\"column\">\n\t\t\t<div class=\"elementor-widget-wrap elementor-element-populated\">\n\t\t\t\t\t\t<div class=\"elementor-element elementor-element-lmoh9ve elementor-widget elementor-widget-text-editor\" data-id=\"lmoh9ve\" data-element_type=\"widget\" data-widget_type=\"text-editor.default\">\n\t\t\t\t<div class=\"elementor-widget-container\">\n\t\t\t\t\t\t\t<p><b>8<\/b><span style=\"font-weight: 400;\"> \u00a0<\/span><b>\u2013 Temperatura ambiente influencia no cheiro<\/b><\/p><p><span style=\"font-weight: 400;\">O produto qu\u00edmico mais utilizado na conserva\u00e7\u00e3o de cad\u00e1veres \u00e9 o formol. Na UFSM, quando os corpos chegam ao Departamento de Morfologia, o formol \u00e9 injetado atrav\u00e9s de acesso arterial, para que penetre em todos os tecidos e garanta a fixa\u00e7\u00e3o do corpo; o formol tamb\u00e9m \u00e9 o fixador utilizado para garantir a conserva\u00e7\u00e3o ao longo dos anos, sendo que a maior parte dos cad\u00e1veres s\u00e3o conservados em tanques de solu\u00e7\u00e3o com 5% de formol. H\u00e1, no entanto, um outro m\u00e9todo de utiliza\u00e7\u00e3o mais recente que \u00e9 denominado Laskowsky, feito com outros produtos qu\u00edmicos e que apresenta distinto odor. Em menores quantidades, utiliza-se tamb\u00e9m a glicerina e at\u00e9 mesmo o cloreto de s\u00f3dio (sal). Independentemente da conserva\u00e7\u00e3o, em dias quentes o cheiro forte \u00e9 mais percept\u00edvel. <\/span><\/p><p>\u00a0<\/p><p><b>9 &#8211;<\/b> <b>\u00c9 ilus\u00e3o a ideia de que os cabelos e as unhas crescem ainda ap\u00f3s a morte<\/b><\/p><p><span style=\"font-weight: 400;\">O tamanho dos pelos pode dar a ilus\u00e3o de que aumentou ap\u00f3s a morte porque o corpo, quando vai a \u00f3bito, acaba perdendo t\u00f4nus musculares &#8211; o tecido come\u00e7a a perder consist\u00eancia &#8211; e, com isso, passa por uma retra\u00e7\u00e3o. Ent\u00e3o, o pelo d\u00e1 a impress\u00e3o de que aumenta alguns mil\u00edmetros, mas nunca, depois de dez anos do falecimento, o cad\u00e1ver vai acabar com um cabelo estilo Rapunzel.<\/span><\/p>\t\t\t\t\t\t<\/div>\n\t\t\t\t<\/div>\n\t\t\t\t\t<\/div>\n\t\t<\/div>\n\t\t\t\t\t<\/div>\n\t\t<\/section>\n\t\t\t\t<section class=\"elementor-section elementor-top-section elementor-element elementor-element-nr3r3v2 elementor-section-boxed elementor-section-height-default elementor-section-height-default\" data-id=\"nr3r3v2\" data-element_type=\"section\">\n\t\t\t\t\t\t<div class=\"elementor-container elementor-column-gap-default\">\n\t\t\t\t\t<div class=\"elementor-column elementor-col-100 elementor-top-column elementor-element elementor-element-kps71iw\" data-id=\"kps71iw\" data-element_type=\"column\">\n\t\t\t<div class=\"elementor-widget-wrap elementor-element-populated\">\n\t\t\t\t\t\t<div class=\"elementor-element elementor-element-mu7vpff elementor-position-top elementor-widget elementor-widget-image-box\" data-id=\"mu7vpff\" data-element_type=\"widget\" data-widget_type=\"image-box.default\">\n\t\t\t\t<div class=\"elementor-widget-container\">\n\t\t\t<div class=\"elementor-image-box-wrapper\"><figure class=\"elementor-image-box-img\"><img loading=\"lazy\" decoding=\"async\" width=\"1400\" height=\"933\" src=\"https:\/\/www.ufsm.br\/app\/uploads\/sites\/601\/2017\/10\/MGM8780.jpg\" class=\"attachment-full size-full wp-image-2535\" alt=\"\" srcset=\"https:\/\/www.ufsm.br\/app\/uploads\/sites\/601\/2017\/10\/MGM8780.jpg 1400w, https:\/\/www.ufsm.br\/app\/uploads\/sites\/601\/2017\/10\/MGM8780-300x200.jpg 300w, https:\/\/www.ufsm.br\/app\/uploads\/sites\/601\/2017\/10\/MGM8780-768x512.jpg 768w, https:\/\/www.ufsm.br\/app\/uploads\/sites\/601\/2017\/10\/MGM8780-1024x682.jpg 1024w, https:\/\/www.ufsm.br\/app\/uploads\/sites\/601\/2017\/10\/MGM8780-272x182.jpg 272w\" sizes=\"(max-width: 1400px) 100vw, 1400px\" \/><\/figure><\/div>\t\t<\/div>\n\t\t\t\t<\/div>\n\t\t\t\t\t<\/div>\n\t\t<\/div>\n\t\t\t\t\t<\/div>\n\t\t<\/section>\n\t\t\t\t<section class=\"elementor-section elementor-top-section elementor-element elementor-element-xd4evn6 elementor-section-boxed elementor-section-height-default elementor-section-height-default\" data-id=\"xd4evn6\" data-element_type=\"section\">\n\t\t\t\t\t\t<div class=\"elementor-container elementor-column-gap-default\">\n\t\t\t\t\t<div class=\"elementor-column elementor-col-100 elementor-top-column elementor-element elementor-element-r08sqtk\" data-id=\"r08sqtk\" data-element_type=\"column\">\n\t\t\t<div class=\"elementor-widget-wrap elementor-element-populated\">\n\t\t\t\t\t\t<div class=\"elementor-element elementor-element-13ljca9 elementor-widget elementor-widget-text-editor\" data-id=\"13ljca9\" data-element_type=\"widget\" data-widget_type=\"text-editor.default\">\n\t\t\t\t<div class=\"elementor-widget-container\">\n\t\t\t\t\t\t\t<p><b>10 \u2013 Na universidade, os corpos nunca s\u00e3o chamados pelo nome<\/b><\/p><p><span style=\"font-weight: 400;\">Com exce\u00e7\u00e3o dos cad\u00e1veres que n\u00e3o possuem documentos de identifica\u00e7\u00e3o (indigentes), as universidades t\u00eam acesso aos dados da pessoa cujo corpo est\u00e1 sendo estudado. No caso de um cad\u00e1ver n\u00e3o reclamado, a c\u00f3pia da certid\u00e3o de \u00f3bito fica em responsabilidade das universidades e, assim, tem-se informa\u00e7\u00f5es sobre o cad\u00e1ver. Com o Programa de Doa\u00e7\u00e3o de Corpos, tem-se os dados dos doadores. Contudo, dentro da universidade, o nome \u00e9 esquecido; os cad\u00e1veres s\u00e3o chamados de \u201cpe\u00e7as\u201d e identificados por n\u00fameros, geralmente.<\/span><\/p><p>\u00a0<\/p><p><b>11 &#8211; N\u00e3o h\u00e1 remunera\u00e7\u00e3o pelo corpo humano doado <\/b><\/p><p><span style=\"font-weight: 400;\">N\u00e3o \u00e9 previsto nenhum tipo de remunera\u00e7\u00e3o para a pessoa, ou fam\u00edlia da pessoa, que se prop\u00f5e a doar o corpo. <\/span><\/p>\t\t\t\t\t\t<\/div>\n\t\t\t\t<\/div>\n\t\t\t\t\t<\/div>\n\t\t<\/div>\n\t\t\t\t\t<\/div>\n\t\t<\/section>\n\t\t\t\t<section class=\"elementor-section elementor-top-section elementor-element elementor-element-l8t3sxx elementor-section-boxed elementor-section-height-default elementor-section-height-default\" data-id=\"l8t3sxx\" data-element_type=\"section\">\n\t\t\t\t\t\t<div class=\"elementor-container elementor-column-gap-default\">\n\t\t\t\t\t<div class=\"elementor-column elementor-col-100 elementor-top-column elementor-element elementor-element-98p8h9b\" data-id=\"98p8h9b\" data-element_type=\"column\">\n\t\t\t<div class=\"elementor-widget-wrap elementor-element-populated\">\n\t\t\t\t\t\t<div class=\"elementor-element elementor-element-3s75lha elementor-position-top elementor-widget elementor-widget-image-box\" data-id=\"3s75lha\" data-element_type=\"widget\" data-widget_type=\"image-box.default\">\n\t\t\t\t<div class=\"elementor-widget-container\">\n\t\t\t<div class=\"elementor-image-box-wrapper\"><figure class=\"elementor-image-box-img\"><img loading=\"lazy\" decoding=\"async\" width=\"1400\" height=\"933\" src=\"https:\/\/www.ufsm.br\/app\/uploads\/sites\/601\/2017\/10\/MGM8790.jpg\" class=\"attachment-full size-full wp-image-2537\" alt=\"\" srcset=\"https:\/\/www.ufsm.br\/app\/uploads\/sites\/601\/2017\/10\/MGM8790.jpg 1400w, https:\/\/www.ufsm.br\/app\/uploads\/sites\/601\/2017\/10\/MGM8790-300x200.jpg 300w, https:\/\/www.ufsm.br\/app\/uploads\/sites\/601\/2017\/10\/MGM8790-768x512.jpg 768w, https:\/\/www.ufsm.br\/app\/uploads\/sites\/601\/2017\/10\/MGM8790-1024x682.jpg 1024w, https:\/\/www.ufsm.br\/app\/uploads\/sites\/601\/2017\/10\/MGM8790-272x182.jpg 272w\" sizes=\"(max-width: 1400px) 100vw, 1400px\" \/><\/figure><\/div>\t\t<\/div>\n\t\t\t\t<\/div>\n\t\t\t\t\t<\/div>\n\t\t<\/div>\n\t\t\t\t\t<\/div>\n\t\t<\/section>\n\t\t\t\t<section class=\"elementor-section elementor-top-section elementor-element elementor-element-9ecmpmu elementor-section-boxed elementor-section-height-default elementor-section-height-default\" data-id=\"9ecmpmu\" data-element_type=\"section\">\n\t\t\t\t\t\t<div class=\"elementor-container elementor-column-gap-default\">\n\t\t\t\t\t<div class=\"elementor-column elementor-col-100 elementor-top-column elementor-element elementor-element-b9mvpc9\" data-id=\"b9mvpc9\" data-element_type=\"column\">\n\t\t\t<div class=\"elementor-widget-wrap elementor-element-populated\">\n\t\t\t\t\t\t<div class=\"elementor-element elementor-element-ktgu8po elementor-widget elementor-widget-text-editor\" data-id=\"ktgu8po\" data-element_type=\"widget\" data-widget_type=\"text-editor.default\">\n\t\t\t\t<div class=\"elementor-widget-container\">\n\t\t\t\t\t\t\t<p><b>12 &#8211;<\/b> <b>Transporte do corpo doado fica por conta da fam\u00edlia<\/b><\/p><p><span style=\"font-weight: 400;\">Pela doa\u00e7\u00e3o volunt\u00e1ria, a fam\u00edlia tem o dever de transportar o corpo at\u00e9 o Departamento de Morfologia da UFSM com o aux\u00edlio de uma ag\u00eancia funer\u00e1ria e, al\u00e9m disso, arcar com os custos desse transporte. Caso seja um corpo n\u00e3o reclamado, cabe \u00e0 Universidade buscar o cad\u00e1ver no Instituto M\u00e9dico Legal (IML), com um ve\u00edculo especial, e arcar com os custos. <\/span><\/p><p>\u00a0<\/p><p><b>13 &#8211; Existem corpos que est\u00e3o na UFSM h\u00e1 cerca de 30 anos<\/b><\/p><p><span style=\"font-weight: 400;\">H\u00e1 corpos humanos que s\u00e3o estudados na UFSM h\u00e1 cerca de 30 anos. Hoje em dia \u00e9 mais dif\u00edcil de conseguir corpos para estudo, principalmente humanos, tanto pela legisla\u00e7\u00e3o quanto pelo aumento no n\u00famero de escolas de sa\u00fade. <\/span><\/p>\t\t\t\t\t\t<\/div>\n\t\t\t\t<\/div>\n\t\t\t\t\t<\/div>\n\t\t<\/div>\n\t\t\t\t\t<\/div>\n\t\t<\/section>\n\t\t\t\t<section class=\"elementor-section elementor-top-section elementor-element elementor-element-7xsplmk elementor-section-boxed elementor-section-height-default elementor-section-height-default\" data-id=\"7xsplmk\" data-element_type=\"section\">\n\t\t\t\t\t\t<div class=\"elementor-container elementor-column-gap-default\">\n\t\t\t\t\t<div class=\"elementor-column elementor-col-100 elementor-top-column elementor-element elementor-element-5tatkns\" data-id=\"5tatkns\" data-element_type=\"column\">\n\t\t\t<div class=\"elementor-widget-wrap elementor-element-populated\">\n\t\t\t\t\t\t<div class=\"elementor-element elementor-element-7sfdyud elementor-position-top elementor-widget elementor-widget-image-box\" data-id=\"7sfdyud\" data-element_type=\"widget\" data-widget_type=\"image-box.default\">\n\t\t\t\t<div class=\"elementor-widget-container\">\n\t\t\t<div class=\"elementor-image-box-wrapper\"><figure class=\"elementor-image-box-img\"><img loading=\"lazy\" decoding=\"async\" width=\"1400\" height=\"933\" src=\"https:\/\/www.ufsm.br\/app\/uploads\/sites\/601\/2017\/10\/MGM8784.jpg\" class=\"attachment-full size-full wp-image-2566\" alt=\"\" srcset=\"https:\/\/www.ufsm.br\/app\/uploads\/sites\/601\/2017\/10\/MGM8784.jpg 1400w, https:\/\/www.ufsm.br\/app\/uploads\/sites\/601\/2017\/10\/MGM8784-300x200.jpg 300w, https:\/\/www.ufsm.br\/app\/uploads\/sites\/601\/2017\/10\/MGM8784-768x512.jpg 768w, https:\/\/www.ufsm.br\/app\/uploads\/sites\/601\/2017\/10\/MGM8784-1024x682.jpg 1024w, https:\/\/www.ufsm.br\/app\/uploads\/sites\/601\/2017\/10\/MGM8784-272x182.jpg 272w\" sizes=\"(max-width: 1400px) 100vw, 1400px\" \/><\/figure><\/div>\t\t<\/div>\n\t\t\t\t<\/div>\n\t\t\t\t\t<\/div>\n\t\t<\/div>\n\t\t\t\t\t<\/div>\n\t\t<\/section>\n\t\t\t\t<section class=\"elementor-section elementor-top-section elementor-element elementor-element-2m7udez elementor-section-boxed elementor-section-height-default elementor-section-height-default\" data-id=\"2m7udez\" data-element_type=\"section\">\n\t\t\t\t\t\t<div class=\"elementor-container elementor-column-gap-default\">\n\t\t\t\t\t<div class=\"elementor-column elementor-col-100 elementor-top-column elementor-element elementor-element-1k828dq\" data-id=\"1k828dq\" data-element_type=\"column\">\n\t\t\t<div class=\"elementor-widget-wrap elementor-element-populated\">\n\t\t\t\t\t\t<div class=\"elementor-element elementor-element-mto4ckv elementor-widget elementor-widget-text-editor\" data-id=\"mto4ckv\" data-element_type=\"widget\" data-widget_type=\"text-editor.default\">\n\t\t\t\t<div class=\"elementor-widget-container\">\n\t\t\t\t\t\t\t<p><b>14 &#8211; Corpos animais s\u00e3o mais f\u00e1ceis de serem adquiridos<\/b><\/p><p><span style=\"font-weight: 400;\">A car\u00eancia de cad\u00e1veres humanos \u00e9 muito maior que a de animais, porque existe maior facilidade em conseguir doa\u00e7\u00e3o animal e tamb\u00e9m \u00e9 poss\u00edvel realizar a compra de material. Na UFSM, animais que v\u00e3o a \u00f3bito no Hospital Veterin\u00e1rio Universit\u00e1rio, algumas vezes, s\u00e3o doados pelos pr\u00f3prios donos. Os gatos e cachorros existentes no Departamento de Morfologia vieram de doa\u00e7\u00f5es. Ainda assim, ovelhas e carneiros s\u00e3o os animais presentes em maior quantidade, porque s\u00e3o comprados pela institui\u00e7\u00e3o. <\/span><\/p><p>\u00a0<\/p><p><b>15 \u2013 \u00a0O tempo de \u201cvida\u201d \u00fatil de cada corpo \u00e9 indeterminado<\/b><\/p><p><span style=\"font-weight: 400;\">A vida \u00fatil depende das pr\u00e1ticas de manipula\u00e7\u00e3o de cada cad\u00e1ver e, por isso, \u00e9 indeterminada. Por\u00e9m, ao longo de anos de utiliza\u00e7\u00e3o, os corpos deixam de serem \u00fateis para alguns estudos (as veias podem se deteriorar, por exemplo). Apenas quando chegam a este ponto \u00e9 que passa a ser necess\u00e1rio o descarte. No entanto, os corpos que foram conservados durante anos n\u00e3o podem ser enterrados como uma pessoa normal por causa dos res\u00edduos t\u00f3xicos; na UFSM, o Departamento encaminha para uma empresa que \u00e9 respons\u00e1vel pelo descarte. <\/span><\/p><p>\u00a0<\/p><p><i><span style=\"font-weight: 400;\">As fotografias utilizadas nesta reportagem foram autorizadas pelo Departamento de Morfologia da UFSM. <\/span><\/i><\/p><p>\u00a0<\/p><p><span style=\"font-weight: 400;\">Reportagem: Claudine Freiberger Friedrich<\/span><\/p><p><span style=\"font-weight: 400;\">Fotografia: Rafael Happke<\/span><\/p>\t\t\t\t\t\t<\/div>\n\t\t\t\t<\/div>\n\t\t\t\t\t<\/div>\n\t\t<\/div>\n\t\t\t\t\t<\/div>\n\t\t<\/section>\n\t\t\t\t<\/div>\n\t\t","protected":false},"excerpt":{"rendered":"<p>Confira informa\u00e7\u00f5es curiosas sobre a utiliza\u00e7\u00e3o de cad\u00e1veres em estudos acad\u00eamicos<\/p>\n","protected":false},"author":32,"featured_media":2532,"comment_status":"open","ping_status":"open","sticky":false,"template":"","format":"standard","meta":{"footnotes":""},"categories":[1527],"tags":[560,656,658],"class_list":["post-2556","post","type-post","status-publish","format-standard","has-post-thumbnail","hentry","category-dossie-corpos","tag-ciencia","tag-doacao-de-corpos","tag-morfologia"],"acf":[],"_links":{"self":[{"href":"https:\/\/www.ufsm.br\/midias\/arco\/wp-json\/wp\/v2\/posts\/2556","targetHints":{"allow":["GET"]}}],"collection":[{"href":"https:\/\/www.ufsm.br\/midias\/arco\/wp-json\/wp\/v2\/posts"}],"about":[{"href":"https:\/\/www.ufsm.br\/midias\/arco\/wp-json\/wp\/v2\/types\/post"}],"author":[{"embeddable":true,"href":"https:\/\/www.ufsm.br\/midias\/arco\/wp-json\/wp\/v2\/users\/32"}],"replies":[{"embeddable":true,"href":"https:\/\/www.ufsm.br\/midias\/arco\/wp-json\/wp\/v2\/comments?post=2556"}],"version-history":[{"count":0,"href":"https:\/\/www.ufsm.br\/midias\/arco\/wp-json\/wp\/v2\/posts\/2556\/revisions"}],"wp:featuredmedia":[{"embeddable":true,"href":"https:\/\/www.ufsm.br\/midias\/arco\/wp-json\/wp\/v2\/media\/2532"}],"wp:attachment":[{"href":"https:\/\/www.ufsm.br\/midias\/arco\/wp-json\/wp\/v2\/media?parent=2556"}],"wp:term":[{"taxonomy":"category","embeddable":true,"href":"https:\/\/www.ufsm.br\/midias\/arco\/wp-json\/wp\/v2\/categories?post=2556"},{"taxonomy":"post_tag","embeddable":true,"href":"https:\/\/www.ufsm.br\/midias\/arco\/wp-json\/wp\/v2\/tags?post=2556"}],"curies":[{"name":"wp","href":"https:\/\/api.w.org\/{rel}","templated":true}]}}