{"id":2617,"date":"2017-11-07T14:02:26","date_gmt":"2017-11-07T16:02:26","guid":{"rendered":"http:\/\/coral.ufsm.br\/arco\/sitenovo\/?p=2617"},"modified":"2017-11-07T14:02:26","modified_gmt":"2017-11-07T16:02:26","slug":"carta-do-leitor-6","status":"publish","type":"post","link":"https:\/\/www.ufsm.br\/midias\/arco\/carta-do-leitor-6","title":{"rendered":"Carta do Leitor"},"content":{"rendered":"<p><span style=\"font-weight: 400;\">VISIBILIDADE DA POPULA\u00c7\u00c3O NEGRA<\/span><\/p>\n<p>&nbsp;<\/p>\n<p><span style=\"font-weight: 400;\">Gostaria de agradecer a Revista Arco por ter pautado o Moreno Rei na \u00faltima edi\u00e7\u00e3o. Este tipo de a\u00e7\u00e3o colabora com a visibilidade de espa\u00e7os como o Clube Uni\u00e3o Familiar, que defendiam, justamente, a positiva\u00e7\u00e3o da popula\u00e7\u00e3o negra, ressaltando a import\u00e2ncia de sua Hist\u00f3ria e mem\u00f3rias, muitas vezes esquecidas na hist\u00f3ria dita oficial.<\/span><\/p>\n<p>&nbsp;<\/p>\n<p><i><span style=\"font-weight: 400;\">Franciele Oliveira, historiadora e autora do livro Moreno Rei<\/span><\/i><\/p>\n<p>&nbsp;<\/p>\n<p><span style=\"font-weight: 400;\">SUBMISS\u00c3O DE ARTIGOS<\/span><\/p>\n<p>&nbsp;<\/p>\n<p><span style=\"font-weight: 400;\">Como fa\u00e7o para acessar as normas para submiss\u00e3o de artigos da revista?<\/span><\/p>\n<p>&nbsp;<\/p>\n<p><i><span style=\"font-weight: 400;\">Leticia Corr\u00eaa Machado, estudante de Servi\u00e7o Social da UFSM<\/span><\/i><\/p>\n<p>&nbsp;<\/p>\n<p><em><span style=\"font-weight: 400;\">N\u00e3o temos normas para submiss\u00e3o, pois a revista n\u00e3o publica o material tal qual \u00e9 enviado pelo pesquisador. O envio dos artigos \u00e9 uma das formas de conhecermos o trabalho desenvolvido. A partir disso, usamos a pesquisa como gancho para uma reportagem jornal\u00edstica, que \u00e9 escrita por nossos rep\u00f3rteres. <\/span><\/em><\/p>\n<p>&nbsp;<\/p>\n<p><span style=\"font-weight: 400;\">ASSINATURA<\/span><\/p>\n<p>&nbsp;<\/p>\n<p><span style=\"font-weight: 400;\">Prezada equipe, gostaria de saber se \u00e9 poss\u00edvel assinar a <\/span><span style=\"font-weight: 400;\">revista Arco. <\/span><\/p>\n<p>&nbsp;<\/p>\n<p><i><span style=\"font-weight: 400;\">Tiago Mendes de Oliveira, T\u00e9cnico-administrativo da Universidade Federal de Vi\u00e7osa<\/span><\/i><\/p>\n<p>&nbsp;<\/p>\n<p><em><span style=\"font-weight: 400;\">Infelizmente, n\u00e3o temos um servi\u00e7o de assinatura e entrega da Arco. Divulgamos sempre, via redes sociais, os lan\u00e7amentos e os locais onde os exemplares s\u00e3o disponibilizados, e as edi\u00e7\u00f5es impressas tamb\u00e9m podem ser acessadas em nosso site.<\/span><\/em><\/p>\n<p>&nbsp;<\/p>\n","protected":false},"excerpt":{"rendered":"<p>Este \u00e9 o espa\u00e7o reservado para os nossos leitores. Ficou com alguma d\u00favida? Percebeu algum erro? Quer fazer um coment\u00e1rio ou um elogio? Escreva para a gente e colabore para que a Arco fique cada vez mais interessante!<\/p>\n","protected":false},"author":0,"featured_media":2809,"comment_status":"open","ping_status":"open","sticky":false,"template":"","format":"standard","meta":{"footnotes":""},"categories":[1579],"tags":[366,368],"class_list":["post-2617","post","type-post","status-publish","format-standard","has-post-thumbnail","hentry","category-carta-do-leitor-8-edicao","tag-leitores","tag-sugestoes"],"acf":[],"_links":{"self":[{"href":"https:\/\/www.ufsm.br\/midias\/arco\/wp-json\/wp\/v2\/posts\/2617","targetHints":{"allow":["GET"]}}],"collection":[{"href":"https:\/\/www.ufsm.br\/midias\/arco\/wp-json\/wp\/v2\/posts"}],"about":[{"href":"https:\/\/www.ufsm.br\/midias\/arco\/wp-json\/wp\/v2\/types\/post"}],"replies":[{"embeddable":true,"href":"https:\/\/www.ufsm.br\/midias\/arco\/wp-json\/wp\/v2\/comments?post=2617"}],"version-history":[{"count":0,"href":"https:\/\/www.ufsm.br\/midias\/arco\/wp-json\/wp\/v2\/posts\/2617\/revisions"}],"wp:featuredmedia":[{"embeddable":true,"href":"https:\/\/www.ufsm.br\/midias\/arco\/wp-json\/wp\/v2\/media\/2809"}],"wp:attachment":[{"href":"https:\/\/www.ufsm.br\/midias\/arco\/wp-json\/wp\/v2\/media?parent=2617"}],"wp:term":[{"taxonomy":"category","embeddable":true,"href":"https:\/\/www.ufsm.br\/midias\/arco\/wp-json\/wp\/v2\/categories?post=2617"},{"taxonomy":"post_tag","embeddable":true,"href":"https:\/\/www.ufsm.br\/midias\/arco\/wp-json\/wp\/v2\/tags?post=2617"}],"curies":[{"name":"wp","href":"https:\/\/api.w.org\/{rel}","templated":true}]}}