{"id":2621,"date":"2017-11-07T14:01:34","date_gmt":"2017-11-07T16:01:34","guid":{"rendered":"http:\/\/coral.ufsm.br\/arco\/sitenovo\/?p=2621"},"modified":"2021-02-11T21:01:36","modified_gmt":"2021-02-12T00:01:36","slug":"expediente-8","status":"publish","type":"post","link":"https:\/\/www.ufsm.br\/midias\/arco\/expediente-8","title":{"rendered":"Expediente"},"content":{"rendered":"<p>8\u00aa EDI\u00c7\u00c3O &#8211; NOVEMBRO\/2017<\/p>\n<p><em><span style=\"font-weight: 400\"><strong>Editora-chefe<\/strong>:\u00a0<\/span><span style=\"font-weight: 400\">Luciane Treulieb<\/span><\/em><\/p>\n<p><em><span style=\"font-weight: 400\"><strong>Rep\u00f3rteres<\/strong>:\u00a0<\/span><span style=\"font-weight: 400\">Andressa Dor\u00e9 Foggiato, Gabriele Wagner de Souza, Joc\u00e9li Bisonhim Lima, J\u00falia Saldanha Goulart, Luan Moraes Romero, Luciane Volpatto Rodrigues, Matheus Ribeiro Santi, Mayara Souto Collar <\/span><\/em><\/p>\n<p><em><span style=\"font-weight: 400\"><strong>Fotografias<\/strong>:\u00a0<\/span><span style=\"font-weight: 400\">J\u00falia Saldanha Goulart, Juliana Krupahtz e Rafael Happke<\/span><\/em><\/p>\n<p><em><span style=\"font-weight: 400\"><strong>Cria\u00e7\u00e3o e Diagrama\u00e7\u00e3o<\/strong>:\u00a0<\/span><span style=\"font-weight: 400\">Carolina Weber, Juliana Krupahtz e Projetar Empresa J\u00fanior\u00a0<\/span><span style=\"font-weight: 400\">de Desenho Industrial: Camilla Bartholomei, Douglas Mastella, Gustavo Lago, Luiza Oliveira, Pollyana Santoro, Vinicius Beltramin\u00a0<\/span><span style=\"font-weight: 400\">e Yasmin da Costa Faccin<\/span><\/em><\/p>\n<p><em><span style=\"font-weight: 400\"><strong>Rela\u00e7\u00f5es P\u00fablicas e Redes Sociais<\/strong>:\u00a0<\/span><span style=\"font-weight: 400\">Carla Isa Costa<\/span><\/em><\/p>\n<p><em><span style=\"font-weight: 400\"><strong>Colaboradores<\/strong>:\u00a0<\/span><span style=\"font-weight: 400\">Antonio Junior, Carmen Maria Andrade, Marilice Am\u00e1bile Pedrolo Daronco, Nathani Lencina<\/span><\/em><\/p>\n<p><em><span style=\"font-weight: 400\"><strong>Revis\u00e3o<\/strong>:\u00a0<\/span><span style=\"font-weight: 400\">Alcione Manzoni Bidinoto<\/span><\/em><\/p>\n<p><span style=\"font-weight: 400\">Apoio:\u00a0<\/span><span style=\"font-weight: 400\">Laborat\u00f3rio de Experimenta\u00e7\u00e3o em Jornalismo <\/span><\/p>\n","protected":false},"excerpt":{"rendered":"<p>8\u00aa EDI\u00c7\u00c3O &#8211; NOV\/2017<\/p>\n","protected":false},"author":32,"featured_media":2805,"comment_status":"open","ping_status":"open","sticky":false,"template":"","format":"standard","meta":{"footnotes":""},"categories":[1852],"tags":[4545,1048],"class_list":["post-2621","post","type-post","status-publish","format-standard","has-post-thumbnail","hentry","category-expediente-8-edicao","tag-8a-edicao","tag-expediente"],"acf":[],"_links":{"self":[{"href":"https:\/\/www.ufsm.br\/midias\/arco\/wp-json\/wp\/v2\/posts\/2621","targetHints":{"allow":["GET"]}}],"collection":[{"href":"https:\/\/www.ufsm.br\/midias\/arco\/wp-json\/wp\/v2\/posts"}],"about":[{"href":"https:\/\/www.ufsm.br\/midias\/arco\/wp-json\/wp\/v2\/types\/post"}],"author":[{"embeddable":true,"href":"https:\/\/www.ufsm.br\/midias\/arco\/wp-json\/wp\/v2\/users\/32"}],"replies":[{"embeddable":true,"href":"https:\/\/www.ufsm.br\/midias\/arco\/wp-json\/wp\/v2\/comments?post=2621"}],"version-history":[{"count":0,"href":"https:\/\/www.ufsm.br\/midias\/arco\/wp-json\/wp\/v2\/posts\/2621\/revisions"}],"wp:featuredmedia":[{"embeddable":true,"href":"https:\/\/www.ufsm.br\/midias\/arco\/wp-json\/wp\/v2\/media\/2805"}],"wp:attachment":[{"href":"https:\/\/www.ufsm.br\/midias\/arco\/wp-json\/wp\/v2\/media?parent=2621"}],"wp:term":[{"taxonomy":"category","embeddable":true,"href":"https:\/\/www.ufsm.br\/midias\/arco\/wp-json\/wp\/v2\/categories?post=2621"},{"taxonomy":"post_tag","embeddable":true,"href":"https:\/\/www.ufsm.br\/midias\/arco\/wp-json\/wp\/v2\/tags?post=2621"}],"curies":[{"name":"wp","href":"https:\/\/api.w.org\/{rel}","templated":true}]}}