{"id":2661,"date":"2017-11-08T14:56:52","date_gmt":"2017-11-08T16:56:52","guid":{"rendered":"http:\/\/coral.ufsm.br\/arco\/sitenovo\/?p=2661"},"modified":"2021-02-11T17:29:53","modified_gmt":"2021-02-11T20:29:53","slug":"lisboa","status":"publish","type":"post","link":"https:\/\/www.ufsm.br\/midias\/arco\/lisboa","title":{"rendered":"Lisboa"},"content":{"rendered":"\t\t<div data-elementor-type=\"wp-post\" data-elementor-id=\"2661\" class=\"elementor elementor-2661\">\n\t\t\t\t\t\t<section class=\"elementor-section elementor-top-section elementor-element elementor-element-7be837f elementor-section-boxed elementor-section-height-default elementor-section-height-default\" data-id=\"7be837f\" data-element_type=\"section\">\n\t\t\t\t\t\t<div class=\"elementor-container elementor-column-gap-default\">\n\t\t\t\t\t<div class=\"elementor-column elementor-col-100 elementor-top-column elementor-element elementor-element-bee196a\" data-id=\"bee196a\" data-element_type=\"column\">\n\t\t\t<div class=\"elementor-widget-wrap elementor-element-populated\">\n\t\t\t\t\t\t<div class=\"elementor-element elementor-element-3709c5e elementor-widget elementor-widget-image\" data-id=\"3709c5e\" data-element_type=\"widget\" data-widget_type=\"image.default\">\n\t\t\t\t<div class=\"elementor-widget-container\">\n\t\t\t\t\t\t\t\t\t\t\t\t\t<img fetchpriority=\"high\" decoding=\"async\" width=\"1024\" height=\"668\" src=\"https:\/\/www.ufsm.br\/app\/uploads\/sites\/601\/2017\/11\/8\u00aa-Edi\u00e7\u00e3o-16-Escritos-Lisboa-1024x668.jpg\" class=\"attachment-large size-large wp-image-2806\" alt=\"\" srcset=\"https:\/\/www.ufsm.br\/app\/uploads\/sites\/601\/2017\/11\/8\u00aa-Edi\u00e7\u00e3o-16-Escritos-Lisboa-1024x668.jpg 1024w, https:\/\/www.ufsm.br\/app\/uploads\/sites\/601\/2017\/11\/8\u00aa-Edi\u00e7\u00e3o-16-Escritos-Lisboa-300x196.jpg 300w, https:\/\/www.ufsm.br\/app\/uploads\/sites\/601\/2017\/11\/8\u00aa-Edi\u00e7\u00e3o-16-Escritos-Lisboa-768x501.jpg 768w, https:\/\/www.ufsm.br\/app\/uploads\/sites\/601\/2017\/11\/8\u00aa-Edi\u00e7\u00e3o-16-Escritos-Lisboa.jpg 1440w\" sizes=\"(max-width: 1024px) 100vw, 1024px\" \/>\t\t\t\t\t\t\t\t\t\t\t\t\t<\/div>\n\t\t\t\t<\/div>\n\t\t\t\t\t<\/div>\n\t\t<\/div>\n\t\t\t\t\t<\/div>\n\t\t<\/section>\n\t\t\t\t<section class=\"elementor-section elementor-top-section elementor-element elementor-element-c88810b elementor-section-boxed elementor-section-height-default elementor-section-height-default\" data-id=\"c88810b\" data-element_type=\"section\">\n\t\t\t\t\t\t<div class=\"elementor-container elementor-column-gap-default\">\n\t\t\t\t\t<div class=\"elementor-column elementor-col-100 elementor-top-column elementor-element elementor-element-50f3ff84\" data-id=\"50f3ff84\" data-element_type=\"column\">\n\t\t\t<div class=\"elementor-widget-wrap elementor-element-populated\">\n\t\t\t\t\t\t<div class=\"elementor-element elementor-element-537c12e6 elementor-widget elementor-widget-text-editor\" data-id=\"537c12e6\" data-element_type=\"widget\" data-widget_type=\"text-editor.default\">\n\t\t\t\t<div class=\"elementor-widget-container\">\n\t\t\t\t\t\t\t<p>A minha Lisboa era t\u00e3o linda. Na chuva ou no \u201cbom tempo\u201d.<\/p>\n<p>Era linda no tempo dela. Era ontem e agora.<\/p>\n<p>Linda at\u00e9 quando me deixou ir.<\/p>\n<p>Quando me deixou ir sem que eu nada pudesse fazer para parar.<\/p>\n<p>Ela me disse para ser leve e andar. Para ficar calma.<\/p>\n<p>Move-te. Porque o movimento \u00e9 o que te faz. Me disse.<\/p>\n<p>Lisboa era esse lugar meu. Onde eu n\u00e3o precisava pedir licen\u00e7a para ser.<\/p>\n<p>Que eu n\u00e3o precisava pensar se era mesmo para estar l\u00e1.<\/p>\n<p>Eu simplesmente estava.<\/p>\n<p>Lisboa era esse lugar em que meus p\u00e9s encontravam com prazer as ruas.<\/p>\n<p>Era a cintil\u00e2ncia do meu sonho que virou mundo.<\/p>\n<p>E eu sentia. Mesmo que Lisboa doesse em mim. Eu queria sentir mais.<\/p>\n<p>E ela, em mim, criava. Lan\u00e7ava uma magia.<\/p>\n<p>Na \u00e1gua, no ar, nos caminhos todos.<\/p>\n<p>Meu corpo seguia seu ritmo, deixando enfeiti\u00e7ar de prop\u00f3sito.<\/p>\n<p>Lisboa era esse retrato. Um grande composto de coisas vivas.<\/p>\n<p>Como se feita na arte. Bela e estranha.<\/p>\n<p>Eu s\u00f3 queria andar e olhar.<\/p>\n<p>Queria olhar o retrato. E reparar.<\/p>\n<p>Reparei no meu pr\u00f3prio pertencimento.<\/p>\n<p>Encarei tantas vezes meu pr\u00f3prio aprendizado.<\/p>\n<p>Vi a mim mesma no grande retrato de Lisboa.<\/p>\n<p>E a verdade \u00e9 que vida tem um s\u00f3 nome.<\/p>\n<p>Lisboa era feita para o corpo mover-se, para experimentar, para ensimesmar-se.<\/p>\n<p>Em si mesmo, mar. E naquilo tudo, amar.<\/p>\n<p>Por toda a extens\u00e3o daquele retrato.<\/p>\n<p>Vi a mim mesma no retrato de Lisboa como a \u00faltima vez.<\/p>\n<p>Ela estava como da primeira vez.<\/p>\n<p>A Pra\u00e7a do Com\u00e9rcio, o Chiado, o Bairro Alto, os miradouros, os largos, as feiras, as esta\u00e7\u00f5es, os bondes, os parques, os azulejos, as del\u00edcias escondidas. Bel\u00e9m.<\/p>\n<p>As misturas dela.<\/p>\n<p>N\u00e3o pensei sobre estar indo embora.<\/p>\n<p>Reinventei meu movimento. Aceitei minha cria\u00e7\u00e3o e a dor.<\/p>\n<p>A vida tem um nome s\u00f3.<\/p>\n<p>E \u00e9 o nome que eu dei.<\/p>\n<p>Pensei no meu funcionamento de pessoa.<\/p>\n<p>N\u00e3o queria resumir o tempo dos nomes.<\/p>\n<p>N\u00e3o queria que Lisboa me esquecesse.<\/p>\n<p>O retrato de Lisboa \u00e9 infinito. E seu cora\u00e7\u00e3o \u00e9 grande.<\/p>\n<p>Cabem tantos nomes nele.<\/p>\n<p>Um cora\u00e7\u00e3o tenro que me recebeu.<\/p>\n<p>&nbsp;<\/p>\n<p><i>*Participou de um interc\u00e2mbio em Portugal durante sua gradua\u00e7\u00e3o em Ci\u00eancias Sociais pela UFSM<\/i><\/p>\n<p><i>&nbsp;<\/i><i>Pintura usada ao fundo: Antonio Junior, acad\u00eamico de Artes Visuais da UFSM<\/i><\/p>\t\t\t\t\t\t<\/div>\n\t\t\t\t<\/div>\n\t\t\t\t\t<\/div>\n\t\t<\/div>\n\t\t\t\t\t<\/div>\n\t\t<\/section>\n\t\t\t\t<\/div>\n\t\t","protected":false},"excerpt":{"rendered":"<p>Por Nathani Lencina*<\/p>\n","protected":false},"author":0,"featured_media":2806,"comment_status":"open","ping_status":"open","sticky":false,"template":"","format":"standard","meta":{"footnotes":""},"categories":[1854],"tags":[152],"class_list":["post-2661","post","type-post","status-publish","format-standard","has-post-thumbnail","hentry","category-escritos-8-edicao","tag-escritos"],"acf":[],"_links":{"self":[{"href":"https:\/\/www.ufsm.br\/midias\/arco\/wp-json\/wp\/v2\/posts\/2661","targetHints":{"allow":["GET"]}}],"collection":[{"href":"https:\/\/www.ufsm.br\/midias\/arco\/wp-json\/wp\/v2\/posts"}],"about":[{"href":"https:\/\/www.ufsm.br\/midias\/arco\/wp-json\/wp\/v2\/types\/post"}],"replies":[{"embeddable":true,"href":"https:\/\/www.ufsm.br\/midias\/arco\/wp-json\/wp\/v2\/comments?post=2661"}],"version-history":[{"count":0,"href":"https:\/\/www.ufsm.br\/midias\/arco\/wp-json\/wp\/v2\/posts\/2661\/revisions"}],"wp:featuredmedia":[{"embeddable":true,"href":"https:\/\/www.ufsm.br\/midias\/arco\/wp-json\/wp\/v2\/media\/2806"}],"wp:attachment":[{"href":"https:\/\/www.ufsm.br\/midias\/arco\/wp-json\/wp\/v2\/media?parent=2661"}],"wp:term":[{"taxonomy":"category","embeddable":true,"href":"https:\/\/www.ufsm.br\/midias\/arco\/wp-json\/wp\/v2\/categories?post=2661"},{"taxonomy":"post_tag","embeddable":true,"href":"https:\/\/www.ufsm.br\/midias\/arco\/wp-json\/wp\/v2\/tags?post=2661"}],"curies":[{"name":"wp","href":"https:\/\/api.w.org\/{rel}","templated":true}]}}