{"id":2711,"date":"2017-11-08T14:34:23","date_gmt":"2017-11-08T16:34:23","guid":{"rendered":"http:\/\/coral.ufsm.br\/arco\/sitenovo\/?p=2711"},"modified":"2021-02-11T17:27:04","modified_gmt":"2021-02-11T20:27:04","slug":"todos-os-corpos-dancam","status":"publish","type":"post","link":"https:\/\/www.ufsm.br\/midias\/arco\/todos-os-corpos-dancam","title":{"rendered":"Todos os corpos dan\u00e7am"},"content":{"rendered":"\t\t<div data-elementor-type=\"wp-post\" data-elementor-id=\"2711\" class=\"elementor elementor-2711\">\n\t\t\t\t\t\t<section class=\"elementor-section elementor-top-section elementor-element elementor-element-2f456e4 elementor-section-boxed elementor-section-height-default elementor-section-height-default\" data-id=\"2f456e4\" data-element_type=\"section\">\n\t\t\t\t\t\t<div class=\"elementor-container elementor-column-gap-default\">\n\t\t\t\t\t<div class=\"elementor-column elementor-col-100 elementor-top-column elementor-element elementor-element-22d6878\" data-id=\"22d6878\" data-element_type=\"column\">\n\t\t\t<div class=\"elementor-widget-wrap elementor-element-populated\">\n\t\t\t\t\t\t<div class=\"elementor-element elementor-element-ebbc7fe elementor-widget elementor-widget-image\" data-id=\"ebbc7fe\" data-element_type=\"widget\" data-widget_type=\"image.default\">\n\t\t\t\t<div class=\"elementor-widget-container\">\n\t\t\t\t\t\t\t\t\t\t\t\t\t<img fetchpriority=\"high\" decoding=\"async\" width=\"1024\" height=\"683\" src=\"https:\/\/www.ufsm.br\/app\/uploads\/sites\/601\/2017\/11\/FOTO-DESTAQUE_editada-1024x683.jpg\" class=\"attachment-large size-large wp-image-2722\" alt=\"\" srcset=\"https:\/\/www.ufsm.br\/app\/uploads\/sites\/601\/2017\/11\/FOTO-DESTAQUE_editada-1024x683.jpg 1024w, https:\/\/www.ufsm.br\/app\/uploads\/sites\/601\/2017\/11\/FOTO-DESTAQUE_editada-300x200.jpg 300w, https:\/\/www.ufsm.br\/app\/uploads\/sites\/601\/2017\/11\/FOTO-DESTAQUE_editada-768x512.jpg 768w, https:\/\/www.ufsm.br\/app\/uploads\/sites\/601\/2017\/11\/FOTO-DESTAQUE_editada-272x182.jpg 272w\" sizes=\"(max-width: 1024px) 100vw, 1024px\" \/>\t\t\t\t\t\t\t\t\t\t\t\t\t<\/div>\n\t\t\t\t<\/div>\n\t\t\t\t\t<\/div>\n\t\t<\/div>\n\t\t\t\t\t<\/div>\n\t\t<\/section>\n\t\t\t\t<section class=\"elementor-section elementor-top-section elementor-element elementor-element-46764a75 elementor-section-boxed elementor-section-height-default elementor-section-height-default\" data-id=\"46764a75\" data-element_type=\"section\">\n\t\t\t\t\t\t<div class=\"elementor-container elementor-column-gap-default\">\n\t\t\t\t\t<div class=\"elementor-column elementor-col-100 elementor-top-column elementor-element elementor-element-62141361\" data-id=\"62141361\" data-element_type=\"column\">\n\t\t\t<div class=\"elementor-widget-wrap elementor-element-populated\">\n\t\t\t\t\t\t<div class=\"elementor-element elementor-element-32e8ca2f elementor-widget elementor-widget-text-editor\" data-id=\"32e8ca2f\" data-element_type=\"widget\" data-widget_type=\"text-editor.default\">\n\t\t\t\t<div class=\"elementor-widget-container\">\n\t\t\t\t\t\t\t<p>O Grupo Extremus \u2014 Dan\u00e7a sobre rodas surgiu na UFSM com o objetivo de ensinar a arte de dan\u00e7ar para pessoas com defici\u00eancias que est\u00e3o em cadeiras de rodas. Desde 2001, todos os s\u00e1bados os integrantes do grupo v\u00e3o at\u00e9 o Centro de Educa\u00e7\u00e3o F\u00edsica e Desportos (CEFD) da Universidade para ensaiar.<\/p>\n<p>Um micro-\u00f4nibus cedido pela Pr\u00f3-Reitoria de Extens\u00e3o busca alguns dos cadeirantes em suas casas e os conduz para a Universidade. Al\u00e9m de pessoas com defici\u00eancia f\u00edsica, no Extremus tamb\u00e9m participam dan\u00e7arinos com defici\u00eancia intelectual, paralisia cerebral e Transtorno do Espectro Autista (TEA). H\u00e1, portanto, integrantes que n\u00e3o percorrem o caminho sozinhos- s\u00e3o acompanhados por familiares ou respons\u00e1veis, devido a sua defici\u00eancia mais agravada. Al\u00e9m disso, para refor\u00e7ar o contato com as fam\u00edlias, cada dan\u00e7arino tem uma agenda personalizada, onde ficam anotadas informa\u00e7\u00f5es relevantes sobre as atividades do grupo, avisos e atividades paralelas que s\u00e3o realizadas.<\/p>\n<p>Chegando ao campus, os bailarinos s\u00e3o recepcionados pela professora Mara Rubia Alves da Silva, coordenadora do projeto, e pelos monitores, que s\u00e3o &nbsp;acad\u00eamicos de diversos cursos da UFSM como Dan\u00e7a, Educa\u00e7\u00e3o F\u00edsica, Educa\u00e7\u00e3o Especial, Artes C\u00eanicas, Pedagogia e Terapia Ocupacional. As atividades come\u00e7am com uma roda de conversa, seguida do aquecimento. Logo depois, acontece a cria\u00e7\u00e3o da coreografia e o ensaio. No fim, uma sess\u00e3o de relaxamento e uma nova roda de conversa.<\/p>\n<p>Durante um ano letivo, os bailarinos e monitores ensaiam e se preparam para a apresenta\u00e7\u00e3o de uma coreografia, que \u00e9 &nbsp;realizada com movimentos sobre a cadeira e fora dela, e que pode ser de estilos variados, desde a dan\u00e7a de rua at\u00e9 o estilo tradicionalista.<\/p>\n<p>Em 2016, o espet\u00e1culo apresentado foi Rodas da Tradi\u00e7\u00e3o, que contava com elementos da dan\u00e7a tradicional, al\u00e9m de costumes e lendas ga\u00fachas. As fotografias dessa apresenta\u00e7\u00e3o voc\u00ea pode conferir no <a href=\"http:\/\/coral.ufsm.br\/arco\/sitenovo\/?p=2757\">site da Arco<\/a>.<\/p><p><em><strong>Rep\u00f3rteres<\/strong>: Joc\u00e9li Bisonhim Lima e J\u00falia Goulart<\/em><\/p>\n<p><em><strong>Fotografias<\/strong>: Rafael Happke<\/em><\/p>\n<p><em>Confira o ensaio completo na <a href=\"https:\/\/issuu.com\/revistaarco\/docs\/arco_8ed_pg_20simples_issuu\">vers\u00e3o flip<\/a><\/em><\/p>\t\t\t\t\t\t<\/div>\n\t\t\t\t<\/div>\n\t\t\t\t\t<\/div>\n\t\t<\/div>\n\t\t\t\t\t<\/div>\n\t\t<\/section>\n\t\t\t\t<section class=\"elementor-section elementor-top-section elementor-element elementor-element-88f52dc elementor-section-boxed elementor-section-height-default elementor-section-height-default\" data-id=\"88f52dc\" data-element_type=\"section\">\n\t\t\t\t\t\t<div class=\"elementor-container elementor-column-gap-default\">\n\t\t\t\t\t<div class=\"elementor-column elementor-col-100 elementor-top-column elementor-element elementor-element-638d205\" data-id=\"638d205\" data-element_type=\"column\">\n\t\t\t<div class=\"elementor-widget-wrap elementor-element-populated\">\n\t\t\t\t\t\t<div class=\"elementor-element elementor-element-813eccb elementor-widget elementor-widget-image\" data-id=\"813eccb\" data-element_type=\"widget\" data-widget_type=\"image.default\">\n\t\t\t\t<div class=\"elementor-widget-container\">\n\t\t\t\t\t\t\t\t\t\t\t\t\t<img decoding=\"async\" width=\"1024\" height=\"749\" src=\"https:\/\/www.ufsm.br\/app\/uploads\/sites\/601\/2017\/11\/FUNDOOO-1024x749.jpg\" class=\"attachment-large size-large wp-image-2726\" alt=\"\" srcset=\"https:\/\/www.ufsm.br\/app\/uploads\/sites\/601\/2017\/11\/FUNDOOO-1024x749.jpg 1024w, https:\/\/www.ufsm.br\/app\/uploads\/sites\/601\/2017\/11\/FUNDOOO-300x219.jpg 300w, https:\/\/www.ufsm.br\/app\/uploads\/sites\/601\/2017\/11\/FUNDOOO-768x562.jpg 768w\" sizes=\"(max-width: 1024px) 100vw, 1024px\" \/>\t\t\t\t\t\t\t\t\t\t\t\t\t<\/div>\n\t\t\t\t<\/div>\n\t\t\t\t\t<\/div>\n\t\t<\/div>\n\t\t\t\t\t<\/div>\n\t\t<\/section>\n\t\t\t\t<\/div>\n\t\t","protected":false},"excerpt":{"rendered":"<p>Grupo Extremus leva acessibilidade e integra\u00e7\u00e3o a pessoas com defici\u00eancia atrav\u00e9s de passos de dan\u00e7a<\/p>\n","protected":false},"author":0,"featured_media":2722,"comment_status":"open","ping_status":"open","sticky":false,"template":"","format":"standard","meta":{"footnotes":""},"categories":[1866],"tags":[410],"class_list":["post-2711","post","type-post","status-publish","format-standard","has-post-thumbnail","hentry","category-ensaio-8-edicao","tag-ensaio"],"acf":[],"_links":{"self":[{"href":"https:\/\/www.ufsm.br\/midias\/arco\/wp-json\/wp\/v2\/posts\/2711","targetHints":{"allow":["GET"]}}],"collection":[{"href":"https:\/\/www.ufsm.br\/midias\/arco\/wp-json\/wp\/v2\/posts"}],"about":[{"href":"https:\/\/www.ufsm.br\/midias\/arco\/wp-json\/wp\/v2\/types\/post"}],"replies":[{"embeddable":true,"href":"https:\/\/www.ufsm.br\/midias\/arco\/wp-json\/wp\/v2\/comments?post=2711"}],"version-history":[{"count":0,"href":"https:\/\/www.ufsm.br\/midias\/arco\/wp-json\/wp\/v2\/posts\/2711\/revisions"}],"wp:featuredmedia":[{"embeddable":true,"href":"https:\/\/www.ufsm.br\/midias\/arco\/wp-json\/wp\/v2\/media\/2722"}],"wp:attachment":[{"href":"https:\/\/www.ufsm.br\/midias\/arco\/wp-json\/wp\/v2\/media?parent=2711"}],"wp:term":[{"taxonomy":"category","embeddable":true,"href":"https:\/\/www.ufsm.br\/midias\/arco\/wp-json\/wp\/v2\/categories?post=2711"},{"taxonomy":"post_tag","embeddable":true,"href":"https:\/\/www.ufsm.br\/midias\/arco\/wp-json\/wp\/v2\/tags?post=2711"}],"curies":[{"name":"wp","href":"https:\/\/api.w.org\/{rel}","templated":true}]}}