{"id":2810,"date":"2017-11-07T14:00:50","date_gmt":"2017-11-07T16:00:50","guid":{"rendered":"http:\/\/coral.ufsm.br\/arco\/sitenovo\/?p=2810"},"modified":"2021-02-11T21:03:22","modified_gmt":"2021-02-12T00:03:22","slug":"8a-edicao","status":"publish","type":"post","link":"https:\/\/www.ufsm.br\/midias\/arco\/8a-edicao","title":{"rendered":"8\u00aa edi\u00e7\u00e3o"},"content":{"rendered":"\t\t<div data-elementor-type=\"wp-post\" data-elementor-id=\"2810\" class=\"elementor elementor-2810\">\n\t\t\t\t\t\t<section class=\"elementor-section elementor-top-section elementor-element elementor-element-b607e67 elementor-section-boxed elementor-section-height-default elementor-section-height-default\" data-id=\"b607e67\" data-element_type=\"section\" data-settings=\"{&quot;background_background&quot;:&quot;classic&quot;}\">\n\t\t\t\t\t\t<div class=\"elementor-container elementor-column-gap-default\">\n\t\t\t\t\t<div class=\"elementor-column elementor-col-50 elementor-top-column elementor-element elementor-element-0ebdda3\" data-id=\"0ebdda3\" data-element_type=\"column\" data-settings=\"{&quot;background_background&quot;:&quot;classic&quot;}\">\n\t\t\t<div class=\"elementor-widget-wrap elementor-element-populated\">\n\t\t\t\t\t\t<div class=\"elementor-element elementor-element-3bae9f0 elementor-widget elementor-widget-spacer\" data-id=\"3bae9f0\" data-element_type=\"widget\" data-widget_type=\"spacer.default\">\n\t\t\t\t<div class=\"elementor-widget-container\">\n\t\t\t\t\t<div class=\"elementor-spacer\">\n\t\t\t<div class=\"elementor-spacer-inner\"><\/div>\n\t\t<\/div>\n\t\t\t\t<\/div>\n\t\t\t\t<\/div>\n\t\t\t\t\t<\/div>\n\t\t<\/div>\n\t\t\t\t<div class=\"elementor-column elementor-col-50 elementor-top-column elementor-element elementor-element-a892df3\" data-id=\"a892df3\" data-element_type=\"column\">\n\t\t\t<div class=\"elementor-widget-wrap elementor-element-populated\">\n\t\t\t\t\t\t<div class=\"elementor-element elementor-element-4f588fb elementor-widget elementor-widget-text-editor\" data-id=\"4f588fb\" data-element_type=\"widget\" data-widget_type=\"text-editor.default\">\n\t\t\t\t<div class=\"elementor-widget-container\">\n\t\t\t\t\t\t\t<p><img fetchpriority=\"high\" decoding=\"async\" class=\"alignnone size-medium wp-image-2811\" src=\"https:\/\/www.ufsm.br\/app\/uploads\/sites\/601\/2017\/11\/ARCO_8ED_CAPA_DUPLA2-223x300.jpg\" alt=\"\" width=\"223\" height=\"300\" srcset=\"https:\/\/www.ufsm.br\/app\/uploads\/sites\/601\/2017\/11\/ARCO_8ED_CAPA_DUPLA2-223x300.jpg 223w, https:\/\/www.ufsm.br\/app\/uploads\/sites\/601\/2017\/11\/ARCO_8ED_CAPA_DUPLA2-768x1035.jpg 768w, https:\/\/www.ufsm.br\/app\/uploads\/sites\/601\/2017\/11\/ARCO_8ED_CAPA_DUPLA2-759x1024.jpg 759w, https:\/\/www.ufsm.br\/app\/uploads\/sites\/601\/2017\/11\/ARCO_8ED_CAPA_DUPLA2.jpg 1358w\" sizes=\"(max-width: 223px) 100vw, 223px\" \/><\/p><p><span style=\"font-size: 24px\"><b>Tecnologias para as For\u00e7as Armadas<\/b><\/span><\/p><p>Projetos desenvolvidos na UFSM\u00a0promovem o desenvolvimento de\u00a0Santa Maria e regi\u00e3o<\/p><p style=\"width: 915px\"><a href=\"https:\/\/www.ufsm.br\/midias\/arco\/expediente-8\/\">EXPEDIENTE<\/a><\/p><p style=\"width: 915px\"><a href=\"https:\/\/www.ufsm.br\/midias\/arco\/carta-da-editora-7\/\">CARTA DA EDITORA<\/a><\/p><p style=\"width: 915px\"><a href=\"https:\/\/www.ufsm.br\/midias\/arco\/carta-do-leitor-6\/\">CARTA DO LEITOR<\/a><\/p><p style=\"width: 915px\"><a href=\"https:\/\/issuu.com\/revistaarco\/docs\/arco_8ed_pg_20simples_issuu\" target=\"_blank\" rel=\"noopener noreferrer\">LEIA NO ISSUU<\/a><\/p>\t\t\t\t\t\t<\/div>\n\t\t\t\t<\/div>\n\t\t\t\t\t<\/div>\n\t\t<\/div>\n\t\t\t\t\t<\/div>\n\t\t<\/section>\n\t\t\t\t<section class=\"elementor-section elementor-top-section elementor-element elementor-element-e2b701e elementor-section-boxed elementor-section-height-default elementor-section-height-default\" data-id=\"e2b701e\" data-element_type=\"section\">\n\t\t\t\t\t\t<div class=\"elementor-container elementor-column-gap-default\">\n\t\t\t\t\t<div class=\"elementor-column elementor-col-100 elementor-top-column elementor-element elementor-element-aa3a942\" data-id=\"aa3a942\" data-element_type=\"column\">\n\t\t\t<div class=\"elementor-widget-wrap elementor-element-populated\">\n\t\t\t\t\t\t<div class=\"elementor-element elementor-element-ad1447c elementor-widget elementor-widget-wp-widget-ufsm_noticias_widget\" data-id=\"ad1447c\" data-element_type=\"widget\" data-widget_type=\"wp-widget-ufsm_noticias_widget.default\">\n\t\t\t\t<div class=\"elementor-widget-container\">\n\t\t\t<div class='widget-noticias-inside'>\n                        <div class=\"row\">\n                                    <div class=\"col-12 col-lg-4 pb-4\">\n                                            <div class=\"noticias-widget-wrap\" style=\"height: 180px; overflow: hidden;\">\n                            <a title=\"\" href=\"https:\/\/www.ufsm.br\/midias\/arco\/minha-vida-minha-historia-e-a-ufsm\">\n                                <span class=\"visually-hidden\">\n                                    Minha vida, minha hist\u00f3ria e a UFSM                                <\/span>\n                                <div class=\"noticias-widget-thumbs h-100\">\n                                    <img decoding=\"async\" class=\"object-fit-cover h-100 w-100\" alt=\"\" srcset=\"https:\/\/www.ufsm.br\/app\/uploads\/sites\/601\/2017\/11\/8\u00aa-Edic\u0327a\u0303o-15-Recordac\u0327o\u0303es-Minha-vida-300x196.png 300w, https:\/\/www.ufsm.br\/app\/uploads\/sites\/601\/2017\/11\/8\u00aa-Edic\u0327a\u0303o-15-Recordac\u0327o\u0303es-Minha-vida-768x501.png 768w, https:\/\/www.ufsm.br\/app\/uploads\/sites\/601\/2017\/11\/8\u00aa-Edic\u0327a\u0303o-15-Recordac\u0327o\u0303es-Minha-vida-1024x668.png 1024w, https:\/\/www.ufsm.br\/app\/uploads\/sites\/601\/2017\/11\/8\u00aa-Edic\u0327a\u0303o-15-Recordac\u0327o\u0303es-Minha-vida.png 1440w\" src=\"https:\/\/www.ufsm.br\/app\/uploads\/sites\/601\/2017\/11\/8\u00aa-Edic\u0327a\u0303o-15-Recordac\u0327o\u0303es-Minha-vida-1024x668.png\"><\/img>\n                                <\/div>\n                            <\/a>\n                        <\/div>\n                                        \n                                            <span class='categoria-publicacao-widget'>\n                            Recorda\u00e7\u00f5es                        <\/span>\n                        <br>\n                                        \n                    \n                    <a class=\"noticias-widget-title d-block  m-0 \"  title=\"Minha vida, minha hist\u00f3ria e a UFSM\" href=\"https:\/\/www.ufsm.br\/midias\/arco\/minha-vida-minha-historia-e-a-ufsm\">\n                                                Minha vida, minha hist\u00f3ria e a UFSM                    <\/a>\n                    \n                    \n                                        \n                                        \n                                        <\/div>\n                                    <div class=\"col-12 col-lg-4 pb-4\">\n                                            <div class=\"noticias-widget-wrap\" style=\"height: 180px; overflow: hidden;\">\n                            <a title=\"\" href=\"https:\/\/www.ufsm.br\/midias\/arco\/catalisador-do-desenvolvimento-local\">\n                                <span class=\"visually-hidden\">\n                                    Catalisador do desenvolvimento local                                <\/span>\n                                <div class=\"noticias-widget-thumbs h-100\">\n                                    <img decoding=\"async\" class=\"object-fit-cover h-100 w-100\" alt=\"\" srcset=\"https:\/\/www.ufsm.br\/app\/uploads\/sites\/601\/2017\/11\/8\u00aa-Edi\u00e7\u00e3o-8-Dossi\u00ea-1-Catalisador-CAPA-300x196.png 300w, https:\/\/www.ufsm.br\/app\/uploads\/sites\/601\/2017\/11\/8\u00aa-Edi\u00e7\u00e3o-8-Dossi\u00ea-1-Catalisador-CAPA-768x501.png 768w, https:\/\/www.ufsm.br\/app\/uploads\/sites\/601\/2017\/11\/8\u00aa-Edi\u00e7\u00e3o-8-Dossi\u00ea-1-Catalisador-CAPA-1024x668.png 1024w, https:\/\/www.ufsm.br\/app\/uploads\/sites\/601\/2017\/11\/8\u00aa-Edi\u00e7\u00e3o-8-Dossi\u00ea-1-Catalisador-CAPA.png 1440w\" src=\"https:\/\/www.ufsm.br\/app\/uploads\/sites\/601\/2017\/11\/8\u00aa-Edi\u00e7\u00e3o-8-Dossi\u00ea-1-Catalisador-CAPA-1024x668.png\"><\/img>\n                                <\/div>\n                            <\/a>\n                        <\/div>\n                                        \n                                            <span class='categoria-publicacao-widget'>\n                            Dossi\u00ea For\u00e7as Armadas, Dossi\u00ea For\u00e7as Armadas                        <\/span>\n                        <br>\n                                        \n                    \n                    <a class=\"noticias-widget-title d-block  m-0 \"  title=\"Catalisador do desenvolvimento local\" href=\"https:\/\/www.ufsm.br\/midias\/arco\/catalisador-do-desenvolvimento-local\">\n                                                Catalisador do desenvolvimento local                    <\/a>\n                    \n                    \n                                        \n                                        \n                                        <\/div>\n                                    <div class=\"col-12 col-lg-4 pb-4\">\n                                            <div class=\"noticias-widget-wrap\" style=\"height: 180px; overflow: hidden;\">\n                            <a title=\"\" href=\"https:\/\/www.ufsm.br\/midias\/arco\/parceria-para-tecnologia-nacional\">\n                                <span class=\"visually-hidden\">\n                                    Parceria Para Tecnologia Nacional                                <\/span>\n                                <div class=\"noticias-widget-thumbs h-100\">\n                                    <img decoding=\"async\" class=\"object-fit-cover h-100 w-100\" alt=\"\" srcset=\"https:\/\/www.ufsm.br\/app\/uploads\/sites\/601\/2017\/11\/8\u00aa-Edi\u00e7\u00e3o-10-Dossi\u00ea-3-Parceria-capa-300x196.png 300w, https:\/\/www.ufsm.br\/app\/uploads\/sites\/601\/2017\/11\/8\u00aa-Edi\u00e7\u00e3o-10-Dossi\u00ea-3-Parceria-capa-768x501.png 768w, https:\/\/www.ufsm.br\/app\/uploads\/sites\/601\/2017\/11\/8\u00aa-Edi\u00e7\u00e3o-10-Dossi\u00ea-3-Parceria-capa-1024x668.png 1024w\" src=\"https:\/\/www.ufsm.br\/app\/uploads\/sites\/601\/2017\/11\/8\u00aa-Edi\u00e7\u00e3o-10-Dossi\u00ea-3-Parceria-capa-1024x668.png\"><\/img>\n                                <\/div>\n                            <\/a>\n                        <\/div>\n                                        \n                                            <span class='categoria-publicacao-widget'>\n                            Dossi\u00ea For\u00e7as Armadas, Dossi\u00ea For\u00e7as Armadas                        <\/span>\n                        <br>\n                                        \n                    \n                    <a class=\"noticias-widget-title d-block  m-0 \"  title=\"Parceria Para Tecnologia Nacional\" href=\"https:\/\/www.ufsm.br\/midias\/arco\/parceria-para-tecnologia-nacional\">\n                                                Parceria Para Tecnologia Nacional                    <\/a>\n                    \n                    \n                                        \n                                        \n                                        <\/div>\n                            <\/div>\n                    <div class=\"row\">\n                                    <div class=\"col-12 col-lg-4 pb-4\">\n                                            <div class=\"noticias-widget-wrap\" style=\"height: 180px; overflow: hidden;\">\n                            <a title=\"\" href=\"https:\/\/www.ufsm.br\/midias\/arco\/geomob-nascimento-de-uma-parceria\">\n                                <span class=\"visually-hidden\">\n                                    GEOMOB: Nascimento de uma parceria                                <\/span>\n                                <div class=\"noticias-widget-thumbs h-100\">\n                                    <img decoding=\"async\" class=\"object-fit-cover h-100 w-100\" alt=\"\" srcset=\"https:\/\/www.ufsm.br\/app\/uploads\/sites\/601\/2017\/11\/8\u00aa-Edi\u00e7\u00e3o-9-Dossi\u00ea-2-GeoMob-300x196.jpg 300w, https:\/\/www.ufsm.br\/app\/uploads\/sites\/601\/2017\/11\/8\u00aa-Edi\u00e7\u00e3o-9-Dossi\u00ea-2-GeoMob-768x501.jpg 768w, https:\/\/www.ufsm.br\/app\/uploads\/sites\/601\/2017\/11\/8\u00aa-Edi\u00e7\u00e3o-9-Dossi\u00ea-2-GeoMob-1024x668.jpg 1024w, https:\/\/www.ufsm.br\/app\/uploads\/sites\/601\/2017\/11\/8\u00aa-Edi\u00e7\u00e3o-9-Dossi\u00ea-2-GeoMob.jpg 1440w\" src=\"https:\/\/www.ufsm.br\/app\/uploads\/sites\/601\/2017\/11\/8\u00aa-Edi\u00e7\u00e3o-9-Dossi\u00ea-2-GeoMob-1024x668.jpg\"><\/img>\n                                <\/div>\n                            <\/a>\n                        <\/div>\n                                        \n                                            <span class='categoria-publicacao-widget'>\n                            Dossi\u00ea For\u00e7as Armadas, Dossi\u00ea For\u00e7as Armadas                        <\/span>\n                        <br>\n                                        \n                    \n                    <a class=\"noticias-widget-title d-block  m-0 \"  title=\"GEOMOB: Nascimento de uma parceria\" href=\"https:\/\/www.ufsm.br\/midias\/arco\/geomob-nascimento-de-uma-parceria\">\n                                                GEOMOB: Nascimento de uma parceria                    <\/a>\n                    \n                    \n                                        \n                                        \n                                        <\/div>\n                                    <div class=\"col-12 col-lg-4 pb-4\">\n                                            <div class=\"noticias-widget-wrap\" style=\"height: 180px; overflow: hidden;\">\n                            <a title=\"\" href=\"https:\/\/www.ufsm.br\/midias\/arco\/lisboa\">\n                                <span class=\"visually-hidden\">\n                                    Lisboa                                <\/span>\n                                <div class=\"noticias-widget-thumbs h-100\">\n                                    <img decoding=\"async\" class=\"object-fit-cover h-100 w-100\" alt=\"\" srcset=\"https:\/\/www.ufsm.br\/app\/uploads\/sites\/601\/2017\/11\/8\u00aa-Edi\u00e7\u00e3o-16-Escritos-Lisboa-300x196.jpg 300w, https:\/\/www.ufsm.br\/app\/uploads\/sites\/601\/2017\/11\/8\u00aa-Edi\u00e7\u00e3o-16-Escritos-Lisboa-768x501.jpg 768w, https:\/\/www.ufsm.br\/app\/uploads\/sites\/601\/2017\/11\/8\u00aa-Edi\u00e7\u00e3o-16-Escritos-Lisboa-1024x668.jpg 1024w, https:\/\/www.ufsm.br\/app\/uploads\/sites\/601\/2017\/11\/8\u00aa-Edi\u00e7\u00e3o-16-Escritos-Lisboa.jpg 1440w\" src=\"https:\/\/www.ufsm.br\/app\/uploads\/sites\/601\/2017\/11\/8\u00aa-Edi\u00e7\u00e3o-16-Escritos-Lisboa-1024x668.jpg\"><\/img>\n                                <\/div>\n                            <\/a>\n                        <\/div>\n                                        \n                                            <span class='categoria-publicacao-widget'>\n                            Escritos                        <\/span>\n                        <br>\n                                        \n                    \n                    <a class=\"noticias-widget-title d-block  m-0 \"  title=\"Lisboa\" href=\"https:\/\/www.ufsm.br\/midias\/arco\/lisboa\">\n                                                Lisboa                    <\/a>\n                    \n                    \n                                        \n                                        \n                                        <\/div>\n                                    <div class=\"col-12 col-lg-4 pb-4\">\n                                            <div class=\"noticias-widget-wrap\" style=\"height: 180px; overflow: hidden;\">\n                            <a title=\"\" href=\"https:\/\/www.ufsm.br\/midias\/arco\/seguranca-alimentar\">\n                                <span class=\"visually-hidden\">\n                                    Seguran\u00e7a Alimentar                                <\/span>\n                                <div class=\"noticias-widget-thumbs h-100\">\n                                    <img decoding=\"async\" class=\"object-fit-cover h-100 w-100\" alt=\"\" srcset=\"https:\/\/www.ufsm.br\/app\/uploads\/sites\/601\/2017\/11\/8\u00aa-Edic\u0327a\u0303o-11-Alimentac\u0327a\u0303o-Seguranc\u0327a-Alimentar-300x196.png 300w, https:\/\/www.ufsm.br\/app\/uploads\/sites\/601\/2017\/11\/8\u00aa-Edic\u0327a\u0303o-11-Alimentac\u0327a\u0303o-Seguranc\u0327a-Alimentar-768x501.png 768w, https:\/\/www.ufsm.br\/app\/uploads\/sites\/601\/2017\/11\/8\u00aa-Edic\u0327a\u0303o-11-Alimentac\u0327a\u0303o-Seguranc\u0327a-Alimentar-1024x668.png 1024w, https:\/\/www.ufsm.br\/app\/uploads\/sites\/601\/2017\/11\/8\u00aa-Edic\u0327a\u0303o-11-Alimentac\u0327a\u0303o-Seguranc\u0327a-Alimentar.png 1440w\" src=\"https:\/\/www.ufsm.br\/app\/uploads\/sites\/601\/2017\/11\/8\u00aa-Edic\u0327a\u0303o-11-Alimentac\u0327a\u0303o-Seguranc\u0327a-Alimentar-1024x668.png\"><\/img>\n                                <\/div>\n                            <\/a>\n                        <\/div>\n                                        \n                                            <span class='categoria-publicacao-widget'>\n                            Alimenta\u00e7\u00e3o                        <\/span>\n                        <br>\n                                        \n                    \n                    <a class=\"noticias-widget-title d-block  m-0 \"  title=\"Seguran\u00e7a Alimentar\" href=\"https:\/\/www.ufsm.br\/midias\/arco\/seguranca-alimentar\">\n                                                Seguran\u00e7a Alimentar                    <\/a>\n                    \n                    \n                                        \n                                        \n                                        <\/div>\n                            <\/div>\n                    <div class=\"row\">\n                                    <div class=\"col-12 col-lg-4 pb-4\">\n                                            <div class=\"noticias-widget-wrap\" style=\"height: 180px; overflow: hidden;\">\n                            <a title=\"\" href=\"https:\/\/www.ufsm.br\/midias\/arco\/alternativas-a-experimentacao-animal\">\n                                <span class=\"visually-hidden\">\n                                    Alternativas \u00e0 experimenta\u00e7\u00e3o animal                                <\/span>\n                                <div class=\"noticias-widget-thumbs h-100\">\n                                    <img decoding=\"async\" class=\"object-fit-cover h-100 w-100\" alt=\"\" srcset=\"https:\/\/www.ufsm.br\/app\/uploads\/sites\/601\/2017\/11\/8\u00aa-Edic\u0327a\u0303o-6-Biologia-Experimentac\u0327a\u0303o-Animal-300x196.png 300w, https:\/\/www.ufsm.br\/app\/uploads\/sites\/601\/2017\/11\/8\u00aa-Edic\u0327a\u0303o-6-Biologia-Experimentac\u0327a\u0303o-Animal-768x501.png 768w, https:\/\/www.ufsm.br\/app\/uploads\/sites\/601\/2017\/11\/8\u00aa-Edic\u0327a\u0303o-6-Biologia-Experimentac\u0327a\u0303o-Animal-1024x668.png 1024w, https:\/\/www.ufsm.br\/app\/uploads\/sites\/601\/2017\/11\/8\u00aa-Edic\u0327a\u0303o-6-Biologia-Experimentac\u0327a\u0303o-Animal.png 1440w\" src=\"https:\/\/www.ufsm.br\/app\/uploads\/sites\/601\/2017\/11\/8\u00aa-Edic\u0327a\u0303o-6-Biologia-Experimentac\u0327a\u0303o-Animal-1024x668.png\"><\/img>\n                                <\/div>\n                            <\/a>\n                        <\/div>\n                                        \n                                            <span class='categoria-publicacao-widget'>\n                            Biologia                        <\/span>\n                        <br>\n                                        \n                    \n                    <a class=\"noticias-widget-title d-block  m-0 \"  title=\"Alternativas \u00e0 experimenta\u00e7\u00e3o animal\" href=\"https:\/\/www.ufsm.br\/midias\/arco\/alternativas-a-experimentacao-animal\">\n                                                Alternativas \u00e0 experimenta\u00e7\u00e3o animal                    <\/a>\n                    \n                    \n                                        \n                                        \n                                        <\/div>\n                                    <div class=\"col-12 col-lg-4 pb-4\">\n                                            <div class=\"noticias-widget-wrap\" style=\"height: 180px; overflow: hidden;\">\n                            <a title=\"\" href=\"https:\/\/www.ufsm.br\/midias\/arco\/das-salas-tradicionais-para-os-laboratorios\">\n                                <span class=\"visually-hidden\">\n                                    Das salas tradicionais para os laborat\u00f3rios                                <\/span>\n                                <div class=\"noticias-widget-thumbs h-100\">\n                                    <img decoding=\"async\" class=\"object-fit-cover h-100 w-100\" alt=\"\" srcset=\"https:\/\/www.ufsm.br\/app\/uploads\/sites\/601\/2017\/11\/8\u00aa-Edic\u0327a\u0303o-12-Volver-Salas-Laborato\u0301rios-300x196.png 300w, https:\/\/www.ufsm.br\/app\/uploads\/sites\/601\/2017\/11\/8\u00aa-Edic\u0327a\u0303o-12-Volver-Salas-Laborato\u0301rios-768x501.png 768w, https:\/\/www.ufsm.br\/app\/uploads\/sites\/601\/2017\/11\/8\u00aa-Edic\u0327a\u0303o-12-Volver-Salas-Laborato\u0301rios-1024x668.png 1024w, https:\/\/www.ufsm.br\/app\/uploads\/sites\/601\/2017\/11\/8\u00aa-Edic\u0327a\u0303o-12-Volver-Salas-Laborato\u0301rios.png 1440w\" src=\"https:\/\/www.ufsm.br\/app\/uploads\/sites\/601\/2017\/11\/8\u00aa-Edic\u0327a\u0303o-12-Volver-Salas-Laborato\u0301rios-1024x668.png\"><\/img>\n                                <\/div>\n                            <\/a>\n                        <\/div>\n                                        \n                                            <span class='categoria-publicacao-widget'>\n                            8\u00b0 Edi\u00e7\u00e3o, Volver                        <\/span>\n                        <br>\n                                        \n                    \n                    <a class=\"noticias-widget-title d-block  m-0 \"  title=\"Das salas tradicionais para os laborat\u00f3rios\" href=\"https:\/\/www.ufsm.br\/midias\/arco\/das-salas-tradicionais-para-os-laboratorios\">\n                                                Das salas tradicionais para os laborat\u00f3rios                    <\/a>\n                    \n                    \n                                        \n                                        \n                                        <\/div>\n                                    <div class=\"col-12 col-lg-4 pb-4\">\n                                            <div class=\"noticias-widget-wrap\" style=\"height: 180px; overflow: hidden;\">\n                            <a title=\"\" href=\"https:\/\/www.ufsm.br\/midias\/arco\/todos-os-corpos-dancam\">\n                                <span class=\"visually-hidden\">\n                                    Todos os corpos dan\u00e7am                                <\/span>\n                                <div class=\"noticias-widget-thumbs h-100\">\n                                    <img decoding=\"async\" class=\"object-fit-cover h-100 w-100\" alt=\"\" srcset=\"https:\/\/www.ufsm.br\/app\/uploads\/sites\/601\/2017\/11\/FOTO-DESTAQUE_editada-300x200.jpg 300w, https:\/\/www.ufsm.br\/app\/uploads\/sites\/601\/2017\/11\/FOTO-DESTAQUE_editada-768x512.jpg 768w, https:\/\/www.ufsm.br\/app\/uploads\/sites\/601\/2017\/11\/FOTO-DESTAQUE_editada-1024x683.jpg 1024w, https:\/\/www.ufsm.br\/app\/uploads\/sites\/601\/2017\/11\/FOTO-DESTAQUE_editada-272x182.jpg 272w\" src=\"https:\/\/www.ufsm.br\/app\/uploads\/sites\/601\/2017\/11\/FOTO-DESTAQUE_editada-1024x683.jpg\"><\/img>\n                                <\/div>\n                            <\/a>\n                        <\/div>\n                                        \n                                            <span class='categoria-publicacao-widget'>\n                            Ensaio                        <\/span>\n                        <br>\n                                        \n                    \n                    <a class=\"noticias-widget-title d-block  m-0 \"  title=\"Todos os corpos dan\u00e7am\" href=\"https:\/\/www.ufsm.br\/midias\/arco\/todos-os-corpos-dancam\">\n                                                Todos os corpos dan\u00e7am                    <\/a>\n                    \n                    \n                                        \n                                        \n                                        <\/div>\n                            <\/div>\n                    <div class=\"row\">\n                                    <div class=\"col-12 col-lg-4 pb-4\">\n                                            <div class=\"noticias-widget-wrap\" style=\"height: 180px; overflow: hidden;\">\n                            <a title=\"\" href=\"https:\/\/www.ufsm.br\/midias\/arco\/direitos-emergentes-na-sociedade-global\">\n                                <span class=\"visually-hidden\">\n                                    Direitos Emergentes na Sociedade Global                                <\/span>\n                                <div class=\"noticias-widget-thumbs h-100\">\n                                    <img decoding=\"async\" class=\"object-fit-cover h-100 w-100\" alt=\"\" srcset=\"https:\/\/www.ufsm.br\/app\/uploads\/sites\/601\/2017\/11\/8\u00aa-Edic\u0327a\u0303o-13-Editora-UFSM-Direitos-emergentes-300x196.png 300w, https:\/\/www.ufsm.br\/app\/uploads\/sites\/601\/2017\/11\/8\u00aa-Edic\u0327a\u0303o-13-Editora-UFSM-Direitos-emergentes-768x502.png 768w, https:\/\/www.ufsm.br\/app\/uploads\/sites\/601\/2017\/11\/8\u00aa-Edic\u0327a\u0303o-13-Editora-UFSM-Direitos-emergentes-1024x669.png 1024w, https:\/\/www.ufsm.br\/app\/uploads\/sites\/601\/2017\/11\/8\u00aa-Edic\u0327a\u0303o-13-Editora-UFSM-Direitos-emergentes.png 1440w\" src=\"https:\/\/www.ufsm.br\/app\/uploads\/sites\/601\/2017\/11\/8\u00aa-Edic\u0327a\u0303o-13-Editora-UFSM-Direitos-emergentes-1024x669.png\"><\/img>\n                                <\/div>\n                            <\/a>\n                        <\/div>\n                                        \n                                            <span class='categoria-publicacao-widget'>\n                            Editora UFSM                        <\/span>\n                        <br>\n                                        \n                    \n                    <a class=\"noticias-widget-title d-block  m-0 \"  title=\"Direitos Emergentes na Sociedade Global\" href=\"https:\/\/www.ufsm.br\/midias\/arco\/direitos-emergentes-na-sociedade-global\">\n                                                Direitos Emergentes na Sociedade Global                    <\/a>\n                    \n                    \n                                        \n                                        \n                                        <\/div>\n                                    <div class=\"col-12 col-lg-4 pb-4\">\n                                            <div class=\"noticias-widget-wrap\" style=\"height: 180px; overflow: hidden;\">\n                            <a title=\"\" href=\"https:\/\/www.ufsm.br\/midias\/arco\/voce-sabia-que-e-possivel-cidadaos-comuns-proporem-projetos-de-lei\">\n                                <span class=\"visually-hidden\">\n                                    Voc\u00ea sabia que \u00e9 poss\u00edvel cidad\u00e3os comuns proporem projetos de lei?                                <\/span>\n                                <div class=\"noticias-widget-thumbs h-100\">\n                                    <img decoding=\"async\" class=\"object-fit-cover h-100 w-100\" alt=\"\" srcset=\"https:\/\/www.ufsm.br\/app\/uploads\/sites\/601\/2017\/11\/8\u00aa-Edic\u0327a\u0303o-2-Curiosidades-leis-300x196.jpg 300w, https:\/\/www.ufsm.br\/app\/uploads\/sites\/601\/2017\/11\/8\u00aa-Edic\u0327a\u0303o-2-Curiosidades-leis-768x501.jpg 768w, https:\/\/www.ufsm.br\/app\/uploads\/sites\/601\/2017\/11\/8\u00aa-Edic\u0327a\u0303o-2-Curiosidades-leis-1024x668.jpg 1024w, https:\/\/www.ufsm.br\/app\/uploads\/sites\/601\/2017\/11\/8\u00aa-Edic\u0327a\u0303o-2-Curiosidades-leis.jpg 1440w\" src=\"https:\/\/www.ufsm.br\/app\/uploads\/sites\/601\/2017\/11\/8\u00aa-Edic\u0327a\u0303o-2-Curiosidades-leis-1024x668.jpg\"><\/img>\n                                <\/div>\n                            <\/a>\n                        <\/div>\n                                        \n                                            <span class='categoria-publicacao-widget'>\n                            Curiosidades                        <\/span>\n                        <br>\n                                        \n                    \n                    <a class=\"noticias-widget-title d-block  m-0 \"  title=\"Voc\u00ea sabia que \u00e9 poss\u00edvel cidad\u00e3os comuns proporem projetos de lei?\" href=\"https:\/\/www.ufsm.br\/midias\/arco\/voce-sabia-que-e-possivel-cidadaos-comuns-proporem-projetos-de-lei\">\n                                                Voc\u00ea sabia que \u00e9 poss\u00edvel cidad\u00e3os comuns proporem projetos de lei?                    <\/a>\n                    \n                    \n                                        \n                                        \n                                        <\/div>\n                                    <div class=\"col-12 col-lg-4 pb-4\">\n                                            <div class=\"noticias-widget-wrap\" style=\"height: 180px; overflow: hidden;\">\n                            <a title=\"\" href=\"https:\/\/www.ufsm.br\/midias\/arco\/voce-sabia-que-a-ufsm-foi-pioneira-no-uso-da-televisao-para-o-ensino-de-cirurgia-na-america-do-sul\">\n                                <span class=\"visually-hidden\">\n                                    Voc\u00ea sabia? UFSM foi pioneira no uso da televis\u00e3o para o ensino de cirurgia                                <\/span>\n                                <div class=\"noticias-widget-thumbs h-100\">\n                                    <img decoding=\"async\" class=\"object-fit-cover h-100 w-100\" alt=\"\" srcset=\"https:\/\/www.ufsm.br\/app\/uploads\/sites\/601\/2017\/11\/8\u00aa-Edic\u0327a\u0303o-2-Curiosidades-televisa\u0303o-300x196.jpg 300w, https:\/\/www.ufsm.br\/app\/uploads\/sites\/601\/2017\/11\/8\u00aa-Edic\u0327a\u0303o-2-Curiosidades-televisa\u0303o-768x501.jpg 768w, https:\/\/www.ufsm.br\/app\/uploads\/sites\/601\/2017\/11\/8\u00aa-Edic\u0327a\u0303o-2-Curiosidades-televisa\u0303o-1024x668.jpg 1024w, https:\/\/www.ufsm.br\/app\/uploads\/sites\/601\/2017\/11\/8\u00aa-Edic\u0327a\u0303o-2-Curiosidades-televisa\u0303o.jpg 1440w\" src=\"https:\/\/www.ufsm.br\/app\/uploads\/sites\/601\/2017\/11\/8\u00aa-Edic\u0327a\u0303o-2-Curiosidades-televisa\u0303o-1024x668.jpg\"><\/img>\n                                <\/div>\n                            <\/a>\n                        <\/div>\n                                        \n                                            <span class='categoria-publicacao-widget'>\n                            Curiosidades                        <\/span>\n                        <br>\n                                        \n                    \n                    <a class=\"noticias-widget-title d-block  m-0 \"  title=\"Voc\u00ea sabia? UFSM foi pioneira no uso da televis\u00e3o para o ensino de cirurgia\" href=\"https:\/\/www.ufsm.br\/midias\/arco\/voce-sabia-que-a-ufsm-foi-pioneira-no-uso-da-televisao-para-o-ensino-de-cirurgia-na-america-do-sul\">\n                                                Voc\u00ea sabia? UFSM foi pioneira no uso da televis\u00e3o para o ensino de cirurgia                    <\/a>\n                    \n                    \n                                        \n                                        \n                                        <\/div>\n                            <\/div>\n                    <div class=\"row\">\n                                    <div class=\"col-12 col-lg-4 pb-4\">\n                                            <div class=\"noticias-widget-wrap\" style=\"height: 180px; overflow: hidden;\">\n                            <a title=\"\" href=\"https:\/\/www.ufsm.br\/midias\/arco\/e-verdade-que-a-base-aerea-basm-esta-proxima-ao-campus-da-ufsm-devido-a-questoes-estrategicas\">\n                                <span class=\"visually-hidden\">\n                                    \u00c9 verdade que a Base A\u00e9rea (BASM) est\u00e1 pr\u00f3xima ao Campus da UFSM devido a quest\u00f5es estrat\u00e9gicas ?                                <\/span>\n                                <div class=\"noticias-widget-thumbs h-100\">\n                                    <img decoding=\"async\" class=\"object-fit-cover h-100 w-100\" alt=\"\" srcset=\"https:\/\/www.ufsm.br\/app\/uploads\/sites\/601\/2017\/11\/8\u00aa-Edic\u0327a\u0303o-2-Curiosidades-base-ufsm-300x196.png 300w, https:\/\/www.ufsm.br\/app\/uploads\/sites\/601\/2017\/11\/8\u00aa-Edic\u0327a\u0303o-2-Curiosidades-base-ufsm-768x501.png 768w, https:\/\/www.ufsm.br\/app\/uploads\/sites\/601\/2017\/11\/8\u00aa-Edic\u0327a\u0303o-2-Curiosidades-base-ufsm-1024x668.png 1024w, https:\/\/www.ufsm.br\/app\/uploads\/sites\/601\/2017\/11\/8\u00aa-Edic\u0327a\u0303o-2-Curiosidades-base-ufsm.png 1440w\" src=\"https:\/\/www.ufsm.br\/app\/uploads\/sites\/601\/2017\/11\/8\u00aa-Edic\u0327a\u0303o-2-Curiosidades-base-ufsm-1024x668.png\"><\/img>\n                                <\/div>\n                            <\/a>\n                        <\/div>\n                                        \n                                            <span class='categoria-publicacao-widget'>\n                            Curiosidades                        <\/span>\n                        <br>\n                                        \n                    \n                    <a class=\"noticias-widget-title d-block  m-0 \"  title=\"\u00c9 verdade que a Base A\u00e9rea (BASM) est\u00e1 pr\u00f3xima ao Campus da UFSM devido a quest\u00f5es estrat\u00e9gicas ?\" href=\"https:\/\/www.ufsm.br\/midias\/arco\/e-verdade-que-a-base-aerea-basm-esta-proxima-ao-campus-da-ufsm-devido-a-questoes-estrategicas\">\n                                                \u00c9 verdade que a Base A\u00e9rea (BASM) est\u00e1 pr\u00f3xima ao Campus da UFSM devido a quest\u00f5es estrat\u00e9gicas ?                    <\/a>\n                    \n                    \n                                        \n                                        \n                                        <\/div>\n                                    <div class=\"col-12 col-lg-4 pb-4\">\n                                            <div class=\"noticias-widget-wrap\" style=\"height: 180px; overflow: hidden;\">\n                            <a title=\"\" href=\"https:\/\/www.ufsm.br\/midias\/arco\/mais-informacao-menos-bugios-mortos\">\n                                <span class=\"visually-hidden\">\n                                    Mais informa\u00e7\u00e3o, menos bugios mortos                                <\/span>\n                                <div class=\"noticias-widget-thumbs h-100\">\n                                    <img decoding=\"async\" class=\"object-fit-cover h-100 w-100\" alt=\"\" srcset=\"https:\/\/www.ufsm.br\/app\/uploads\/sites\/601\/2017\/11\/8\u00aa-Edic\u0327a\u0303o-3-Sociedade-Bugios-CAPA-300x196.jpg 300w, https:\/\/www.ufsm.br\/app\/uploads\/sites\/601\/2017\/11\/8\u00aa-Edic\u0327a\u0303o-3-Sociedade-Bugios-CAPA-768x501.jpg 768w, https:\/\/www.ufsm.br\/app\/uploads\/sites\/601\/2017\/11\/8\u00aa-Edic\u0327a\u0303o-3-Sociedade-Bugios-CAPA-1024x668.jpg 1024w, https:\/\/www.ufsm.br\/app\/uploads\/sites\/601\/2017\/11\/8\u00aa-Edic\u0327a\u0303o-3-Sociedade-Bugios-CAPA.jpg 1440w\" src=\"https:\/\/www.ufsm.br\/app\/uploads\/sites\/601\/2017\/11\/8\u00aa-Edic\u0327a\u0303o-3-Sociedade-Bugios-CAPA-1024x668.jpg\"><\/img>\n                                <\/div>\n                            <\/a>\n                        <\/div>\n                                        \n                                            <span class='categoria-publicacao-widget'>\n                            Sociedade                        <\/span>\n                        <br>\n                                        \n                    \n                    <a class=\"noticias-widget-title d-block  m-0 \"  title=\"Mais informa\u00e7\u00e3o, menos bugios mortos\" href=\"https:\/\/www.ufsm.br\/midias\/arco\/mais-informacao-menos-bugios-mortos\">\n                                                Mais informa\u00e7\u00e3o, menos bugios mortos                    <\/a>\n                    \n                    \n                                        \n                                        \n                                        <\/div>\n                                    <div class=\"col-12 col-lg-4 pb-4\">\n                                            <div class=\"noticias-widget-wrap\" style=\"height: 180px; overflow: hidden;\">\n                            <a title=\"\" href=\"https:\/\/www.ufsm.br\/midias\/arco\/ufsm-aprimora-experiencia-digital\">\n                                <span class=\"visually-hidden\">\n                                    UFSM aprimora experi\u00eancia digital                                <\/span>\n                                <div class=\"noticias-widget-thumbs h-100\">\n                                    <img decoding=\"async\" class=\"object-fit-cover h-100 w-100\" alt=\"\" srcset=\"https:\/\/www.ufsm.br\/app\/uploads\/sites\/601\/2017\/11\/predio-17-01-300x200.jpg 300w, https:\/\/www.ufsm.br\/app\/uploads\/sites\/601\/2017\/11\/predio-17-01-768x512.jpg 768w, https:\/\/www.ufsm.br\/app\/uploads\/sites\/601\/2017\/11\/predio-17-01-1024x683.jpg 1024w, https:\/\/www.ufsm.br\/app\/uploads\/sites\/601\/2017\/11\/predio-17-01-272x182.jpg 272w\" src=\"https:\/\/www.ufsm.br\/app\/uploads\/sites\/601\/2017\/11\/predio-17-01-1024x683.jpg\"><\/img>\n                                <\/div>\n                            <\/a>\n                        <\/div>\n                                        \n                                            <span class='categoria-publicacao-widget'>\n                            Nossas Inven\u00e7\u00f5es                        <\/span>\n                        <br>\n                                        \n                    \n                    <a class=\"noticias-widget-title d-block  m-0 \"  title=\"UFSM aprimora experi\u00eancia digital\" href=\"https:\/\/www.ufsm.br\/midias\/arco\/ufsm-aprimora-experiencia-digital\">\n                                                UFSM aprimora experi\u00eancia digital                    <\/a>\n                    \n                    \n                                        \n                                        \n                                        <\/div>\n                            <\/div>\n                    <div class=\"row\">\n                                    <div class=\"col-12 col-lg-4 pb-4\">\n                                            <div class=\"noticias-widget-wrap\" style=\"height: 180px; overflow: hidden;\">\n                            <a title=\"\" href=\"https:\/\/www.ufsm.br\/midias\/arco\/na-busca-por-inclusao\">\n                                <span class=\"visually-hidden\">\n                                    Na busca por inclus\u00e3o                                <\/span>\n                                <div class=\"noticias-widget-thumbs h-100\">\n                                    <img decoding=\"async\" class=\"object-fit-cover h-100 w-100\" alt=\"\" srcset=\"https:\/\/www.ufsm.br\/app\/uploads\/sites\/601\/2017\/11\/8\u00aa-Edic\u0327a\u0303o-5-Dia\u0301rio-de-Campo-Inclusa\u0303o-CAPA-1-300x196.png 300w, https:\/\/www.ufsm.br\/app\/uploads\/sites\/601\/2017\/11\/8\u00aa-Edic\u0327a\u0303o-5-Dia\u0301rio-de-Campo-Inclusa\u0303o-CAPA-1-768x501.png 768w, https:\/\/www.ufsm.br\/app\/uploads\/sites\/601\/2017\/11\/8\u00aa-Edic\u0327a\u0303o-5-Dia\u0301rio-de-Campo-Inclusa\u0303o-CAPA-1-1024x668.png 1024w, https:\/\/www.ufsm.br\/app\/uploads\/sites\/601\/2017\/11\/8\u00aa-Edic\u0327a\u0303o-5-Dia\u0301rio-de-Campo-Inclusa\u0303o-CAPA-1.png 1440w\" src=\"https:\/\/www.ufsm.br\/app\/uploads\/sites\/601\/2017\/11\/8\u00aa-Edic\u0327a\u0303o-5-Dia\u0301rio-de-Campo-Inclusa\u0303o-CAPA-1-1024x668.png\"><\/img>\n                                <\/div>\n                            <\/a>\n                        <\/div>\n                                        \n                                            <span class='categoria-publicacao-widget'>\n                            Di\u00e1rio de Campo                        <\/span>\n                        <br>\n                                        \n                    \n                    <a class=\"noticias-widget-title d-block  m-0 \"  title=\"Na busca por inclus\u00e3o\" href=\"https:\/\/www.ufsm.br\/midias\/arco\/na-busca-por-inclusao\">\n                                                Na busca por inclus\u00e3o                    <\/a>\n                    \n                    \n                                        \n                                        \n                                        <\/div>\n                                    <div class=\"col-12 col-lg-4 pb-4\">\n                                            <div class=\"noticias-widget-wrap\" style=\"height: 180px; overflow: hidden;\">\n                            <a title=\"\" href=\"https:\/\/www.ufsm.br\/midias\/arco\/em-cena-o-cinema-santa-mariense-dos-anos-de-1960\">\n                                <span class=\"visually-hidden\">\n                                    Em cena, o cinema Santa-Mariense dos anos de 1960                                <\/span>\n                                <div class=\"noticias-widget-thumbs h-100\">\n                                    <img decoding=\"async\" class=\"object-fit-cover h-100 w-100\" alt=\"\" srcset=\"https:\/\/www.ufsm.br\/app\/uploads\/sites\/601\/2017\/11\/8\u00aa-Edic\u0327a\u0303o-7-Memo\u0301ria-Cinema-Santa-Mariense-300x196.png 300w, https:\/\/www.ufsm.br\/app\/uploads\/sites\/601\/2017\/11\/8\u00aa-Edic\u0327a\u0303o-7-Memo\u0301ria-Cinema-Santa-Mariense-768x501.png 768w, https:\/\/www.ufsm.br\/app\/uploads\/sites\/601\/2017\/11\/8\u00aa-Edic\u0327a\u0303o-7-Memo\u0301ria-Cinema-Santa-Mariense-1024x668.png 1024w, https:\/\/www.ufsm.br\/app\/uploads\/sites\/601\/2017\/11\/8\u00aa-Edic\u0327a\u0303o-7-Memo\u0301ria-Cinema-Santa-Mariense.png 1440w\" src=\"https:\/\/www.ufsm.br\/app\/uploads\/sites\/601\/2017\/11\/8\u00aa-Edic\u0327a\u0303o-7-Memo\u0301ria-Cinema-Santa-Mariense-1024x668.png\"><\/img>\n                                <\/div>\n                            <\/a>\n                        <\/div>\n                                        \n                                            <span class='categoria-publicacao-widget'>\n                            Mem\u00f3ria                        <\/span>\n                        <br>\n                                        \n                    \n                    <a class=\"noticias-widget-title d-block  m-0 \"  title=\"Em cena, o cinema Santa-Mariense dos anos de 1960\" href=\"https:\/\/www.ufsm.br\/midias\/arco\/em-cena-o-cinema-santa-mariense-dos-anos-de-1960\">\n                                                Em cena, o cinema Santa-Mariense dos anos de 1960                    <\/a>\n                    \n                    \n                                        \n                                        \n                                        <\/div>\n                                    <div class=\"col-12 col-lg-4 pb-4\">\n                                            <div class=\"noticias-widget-wrap\" style=\"height: 180px; overflow: hidden;\">\n                            <a title=\"\" href=\"https:\/\/www.ufsm.br\/midias\/arco\/amassava-amassava-aos-poucos-ia-extraindo-formas\">\n                                <span class=\"visually-hidden\">\n                                    Amassava, amassava, aos poucos ia extraindo formas*                                <\/span>\n                                <div class=\"noticias-widget-thumbs h-100\">\n                                    <img decoding=\"async\" class=\"object-fit-cover h-100 w-100\" alt=\"\" srcset=\"https:\/\/www.ufsm.br\/app\/uploads\/sites\/601\/2017\/11\/8\u00aa-Edi\u00e7\u00e3o-4-Como-Surgiu-Esculturas-CAPA-300x196.jpg 300w, https:\/\/www.ufsm.br\/app\/uploads\/sites\/601\/2017\/11\/8\u00aa-Edi\u00e7\u00e3o-4-Como-Surgiu-Esculturas-CAPA-768x501.jpg 768w, https:\/\/www.ufsm.br\/app\/uploads\/sites\/601\/2017\/11\/8\u00aa-Edi\u00e7\u00e3o-4-Como-Surgiu-Esculturas-CAPA-1024x668.jpg 1024w, https:\/\/www.ufsm.br\/app\/uploads\/sites\/601\/2017\/11\/8\u00aa-Edi\u00e7\u00e3o-4-Como-Surgiu-Esculturas-CAPA.jpg 1440w\" src=\"https:\/\/www.ufsm.br\/app\/uploads\/sites\/601\/2017\/11\/8\u00aa-Edi\u00e7\u00e3o-4-Como-Surgiu-Esculturas-CAPA-1024x668.jpg\"><\/img>\n                                <\/div>\n                            <\/a>\n                        <\/div>\n                                        \n                                            <span class='categoria-publicacao-widget'>\n                            Como surgiu?                        <\/span>\n                        <br>\n                                        \n                    \n                    <a class=\"noticias-widget-title d-block  m-0 \"  title=\"Amassava, amassava, aos poucos ia extraindo formas*\" href=\"https:\/\/www.ufsm.br\/midias\/arco\/amassava-amassava-aos-poucos-ia-extraindo-formas\">\n                                                Amassava, amassava, aos poucos ia extraindo formas*                    <\/a>\n                    \n                    \n                                        \n                                        \n                                        <\/div>\n                            <\/div>\n                    <div class=\"row\">\n                                    <div class=\"col-12 col-lg-4 pb-4\">\n                                            <div class=\"noticias-widget-wrap\" style=\"height: 180px; overflow: hidden;\">\n                            <a title=\"\" href=\"https:\/\/www.ufsm.br\/midias\/arco\/carta-da-editora-7\">\n                                <span class=\"visually-hidden\">\n                                    Carta da Editora                                <\/span>\n                                <div class=\"noticias-widget-thumbs h-100\">\n                                    <img decoding=\"async\" class=\"object-fit-cover h-100 w-100\" alt=\"\" srcset=\"https:\/\/www.ufsm.br\/app\/uploads\/sites\/601\/2017\/11\/8\u00aa-Edic\u0327a\u0303o-1-Carta-da-Editora-300x196.png 300w, https:\/\/www.ufsm.br\/app\/uploads\/sites\/601\/2017\/11\/8\u00aa-Edic\u0327a\u0303o-1-Carta-da-Editora-768x501.png 768w, https:\/\/www.ufsm.br\/app\/uploads\/sites\/601\/2017\/11\/8\u00aa-Edic\u0327a\u0303o-1-Carta-da-Editora-1024x668.png 1024w, https:\/\/www.ufsm.br\/app\/uploads\/sites\/601\/2017\/11\/8\u00aa-Edic\u0327a\u0303o-1-Carta-da-Editora.png 1440w\" src=\"https:\/\/www.ufsm.br\/app\/uploads\/sites\/601\/2017\/11\/8\u00aa-Edic\u0327a\u0303o-1-Carta-da-Editora-1024x668.png\"><\/img>\n                                <\/div>\n                            <\/a>\n                        <\/div>\n                                        \n                                            <span class='categoria-publicacao-widget'>\n                            Carta da Editora                        <\/span>\n                        <br>\n                                        \n                    \n                    <a class=\"noticias-widget-title d-block  m-0 \"  title=\"Carta da Editora\" href=\"https:\/\/www.ufsm.br\/midias\/arco\/carta-da-editora-7\">\n                                                Carta da Editora                    <\/a>\n                    \n                    \n                                        \n                                        \n                                        <\/div>\n                                    <div class=\"col-12 col-lg-4 pb-4\">\n                                            <div class=\"noticias-widget-wrap\" style=\"height: 180px; overflow: hidden;\">\n                            <a title=\"\" href=\"https:\/\/www.ufsm.br\/midias\/arco\/carta-do-leitor-6\">\n                                <span class=\"visually-hidden\">\n                                    Carta do Leitor                                <\/span>\n                                <div class=\"noticias-widget-thumbs h-100\">\n                                    <img decoding=\"async\" class=\"object-fit-cover h-100 w-100\" alt=\"\" srcset=\"https:\/\/www.ufsm.br\/app\/uploads\/sites\/601\/2017\/11\/8\u00aa-Edi\u00e7\u00e3o-Carta-do-Leitor-CAPA-300x196.jpg 300w, https:\/\/www.ufsm.br\/app\/uploads\/sites\/601\/2017\/11\/8\u00aa-Edi\u00e7\u00e3o-Carta-do-Leitor-CAPA-768x501.jpg 768w, https:\/\/www.ufsm.br\/app\/uploads\/sites\/601\/2017\/11\/8\u00aa-Edi\u00e7\u00e3o-Carta-do-Leitor-CAPA-1024x668.jpg 1024w\" src=\"https:\/\/www.ufsm.br\/app\/uploads\/sites\/601\/2017\/11\/8\u00aa-Edi\u00e7\u00e3o-Carta-do-Leitor-CAPA-1024x668.jpg\"><\/img>\n                                <\/div>\n                            <\/a>\n                        <\/div>\n                                        \n                                            <span class='categoria-publicacao-widget'>\n                            Carta do Leitor                        <\/span>\n                        <br>\n                                        \n                    \n                    <a class=\"noticias-widget-title d-block  m-0 \"  title=\"Carta do Leitor\" href=\"https:\/\/www.ufsm.br\/midias\/arco\/carta-do-leitor-6\">\n                                                Carta do Leitor                    <\/a>\n                    \n                    \n                                        \n                                        \n                                        <\/div>\n                            <\/div>\n            <\/div>\n\t\t<\/div>\n\t\t\t\t<\/div>\n\t\t\t\t\t<\/div>\n\t\t<\/div>\n\t\t\t\t\t<\/div>\n\t\t<\/section>\n\t\t\t\t<\/div>\n\t\t","protected":false},"excerpt":{"rendered":"<p>Novembro de 2017<\/p>\n","protected":false},"author":26,"featured_media":2811,"comment_status":"open","ping_status":"open","sticky":false,"template":"","format":"aside","meta":{"footnotes":""},"categories":[1558,1890],"tags":[],"class_list":["post-2810","post","type-post","status-publish","format-aside","has-post-thumbnail","hentry","category-8-edicao","category-arco-afora","post_format-post-format-aside"],"acf":[],"_links":{"self":[{"href":"https:\/\/www.ufsm.br\/midias\/arco\/wp-json\/wp\/v2\/posts\/2810","targetHints":{"allow":["GET"]}}],"collection":[{"href":"https:\/\/www.ufsm.br\/midias\/arco\/wp-json\/wp\/v2\/posts"}],"about":[{"href":"https:\/\/www.ufsm.br\/midias\/arco\/wp-json\/wp\/v2\/types\/post"}],"author":[{"embeddable":true,"href":"https:\/\/www.ufsm.br\/midias\/arco\/wp-json\/wp\/v2\/users\/26"}],"replies":[{"embeddable":true,"href":"https:\/\/www.ufsm.br\/midias\/arco\/wp-json\/wp\/v2\/comments?post=2810"}],"version-history":[{"count":0,"href":"https:\/\/www.ufsm.br\/midias\/arco\/wp-json\/wp\/v2\/posts\/2810\/revisions"}],"wp:featuredmedia":[{"embeddable":true,"href":"https:\/\/www.ufsm.br\/midias\/arco\/wp-json\/wp\/v2\/media\/2811"}],"wp:attachment":[{"href":"https:\/\/www.ufsm.br\/midias\/arco\/wp-json\/wp\/v2\/media?parent=2810"}],"wp:term":[{"taxonomy":"category","embeddable":true,"href":"https:\/\/www.ufsm.br\/midias\/arco\/wp-json\/wp\/v2\/categories?post=2810"},{"taxonomy":"post_tag","embeddable":true,"href":"https:\/\/www.ufsm.br\/midias\/arco\/wp-json\/wp\/v2\/tags?post=2810"}],"curies":[{"name":"wp","href":"https:\/\/api.w.org\/{rel}","templated":true}]}}