{"id":3019,"date":"2018-03-07T18:17:07","date_gmt":"2018-03-07T21:17:07","guid":{"rendered":"http:\/\/coral.ufsm.br\/arco\/sitenovo\/?p=3019"},"modified":"2021-05-27T12:20:42","modified_gmt":"2021-05-27T15:20:42","slug":"13-mulheres-da-ufsm-que-nos-inspiram-a-fazer-ciencia","status":"publish","type":"post","link":"https:\/\/www.ufsm.br\/midias\/arco\/13-mulheres-da-ufsm-que-nos-inspiram-a-fazer-ciencia","title":{"rendered":"19 mulheres da UFSM que nos inspiram a fazer ci\u00eancia"},"content":{"rendered":"<p><strong>ATEN\u00c7\u00c3O: esta mat\u00e9ria foi atualizada no dia 12 de mar\u00e7o de 2018, \u00e0s 23h15min. Devido a problemas no <a href=\"http:\/\/cnpq.br\/bolsistas-vigentes\" target=\"_blank\" rel=\"noopener noreferrer\">sistema de buscas de bolsistas do CNPq<\/a>, havia imprecis\u00e3o nos dados apresentados anteriormente.\u00a0<\/strong><\/p>\n<p>Anualmente, o Conselho Nacional de Desenvolvimento Cient\u00edfico e Tecnol\u00f3gico (CNPq) concede bolsas de aux\u00edlio para forma\u00e7\u00e3o de recursos humanos na pesquisa cient\u00edfica e tecnol\u00f3gica. A categoria de Produtividade em Pesquisa (PQ), destinada a pesquisadores e pesquisadoras que se destacam entre seus pares, valoriza a produ\u00e7\u00e3o cient\u00edfica a partir de crit\u00e9rios normativos que os qualificam em n\u00edveis 1 (1A, 1B, 1Ce 1D) e 2.<\/p>\n<p>Um levantamento de dados realizado pela Revista Arco em 2018 concluiu que as pesquisadoras mulheres da UFSM s\u00e3o menos contempladas com as bolsas PQ do que seus colegas homens \u2014 situa\u00e7\u00e3o que ocorre tamb\u00e9m nacionalmente, onde apenas 33% das bolsas de pesquisa por produtividade s\u00e3o destinadas \u00e0s mulheres. <a href=\"http:\/\/cnpq.br\/web\/guest\/noticiasviews\/-\/journal_content\/56_INSTANCE_a6MO\/10157\/6037048\" target=\"_blank\" rel=\"noopener noreferrer\">Levamos em conta o resultado divulgado pelo CNPq, no final de fevereiro, com os pesquisadores e pesquisadoras contempladas em 2018.<\/a><\/p>\n<p>A parcela feminina nos n\u00edveis mais altos da hierarquia cient\u00edfica na UFSM \u00e9 baixa: s\u00e3o somente 19 mulheres que alcan\u00e7aram n\u00edvel 1, ao lado de 67 homens. Dessa forma, as mulheres representam apenas 28% da listagem PQ1.<\/p>\n<p>Com base nessas informa\u00e7\u00f5es, a Arco preparou uma lista com as 19 pesquisadoras da UFSM n\u00edvel 1 em produtividade a partir da avalia\u00e7\u00e3o do CNPq. Confira:<\/p>\n<p><img decoding=\"async\" class=\"wp-image-3090 size-full alignleft\" src=\"https:\/\/www.ufsm.br\/comunicacao\/arco\/wp-content\/uploads\/sites\/601\/2018\/03\/1A-2.jpg\" alt=\"\" width=\"680\" height=\"40\" srcset=\"https:\/\/www.ufsm.br\/app\/uploads\/sites\/601\/2018\/03\/1A-2.jpg 680w, https:\/\/www.ufsm.br\/app\/uploads\/sites\/601\/2018\/03\/1A-2-300x18.jpg 300w\" sizes=\"(max-width: 680px) 100vw, 680px\" \/><\/p>\n<table width=\"680\">\n<tbody>\n<tr>\n<td align=\"right\" valign=\"top\" width=\"250px\"><img fetchpriority=\"high\" decoding=\"async\" class=\"aligncenter wp-image-3058 size-full\" src=\"https:\/\/www.ufsm.br\/comunicacao\/arco\/wp-content\/uploads\/sites\/601\/2018\/03\/UFSM.2017.048.022.RA-1.jpg\" alt=\"\" width=\"250\" height=\"444\" srcset=\"https:\/\/www.ufsm.br\/app\/uploads\/sites\/601\/2018\/03\/UFSM.2017.048.022.RA-1.jpg 250w, https:\/\/www.ufsm.br\/app\/uploads\/sites\/601\/2018\/03\/UFSM.2017.048.022.RA-1-169x300.jpg 169w\" sizes=\"(max-width: 250px) 100vw, 250px\" \/><\/td>\n<td width=\"15px\"><\/td>\n<td align=\"left\" valign=\"top\">\n<h4><span style=\"color: #3a378c;\"><b>CRISTINA WAYNE NOGUEIRA<\/b><\/span><\/h4>\n<p><span style=\"font-weight: 400;\">Cristina foi a primeira pesquisadora a atingir o n\u00edvel 1A de excel\u00eancia de produtividade em pesquisa pela UFSM. Formada em Farm\u00e1cia pela institui\u00e7\u00e3o, possui doutorado em Ci\u00eancias Biol\u00f3gicas (Bioqu\u00edmica) pela Universidade Federal do Rio Grande do Sul (UFRGS). Suas pesquisas perpassam a \u00e1rea da Bioqu\u00edmica, com \u00eanfase em Bioqu\u00edmica Toxicol\u00f3gica. Em 2017, recebeu o Pr\u00eamio de Pesquisador Destaque UFSM e <a href=\"http:\/\/coral.ufsm.br\/arco\/sitenovo\/?p=2404\" target=\"_blank\" rel=\"noopener noreferrer\">Pr\u00eamio Pesquisador Ga\u00facho Destaque em Ci\u00eancias Biol\u00f3gicas<\/a>.<\/span><\/p>\n<h6><strong><a href=\"http:\/\/buscatextual.cnpq.br\/buscatextual\/visualizacv.do?id=K4728219Y9\" target=\"_blank\" rel=\"noopener noreferrer\">LATTES<\/a><\/strong><\/h6>\n<\/td>\n<\/tr>\n<\/tbody>\n<\/table>\n<p><img decoding=\"async\" class=\"wp-image-3091 size-full alignleft\" src=\"https:\/\/www.ufsm.br\/comunicacao\/arco\/wp-content\/uploads\/sites\/601\/2018\/03\/1B-2.jpg\" alt=\"\" width=\"680\" height=\"40\" srcset=\"https:\/\/www.ufsm.br\/app\/uploads\/sites\/601\/2018\/03\/1B-2.jpg 680w, https:\/\/www.ufsm.br\/app\/uploads\/sites\/601\/2018\/03\/1B-2-300x18.jpg 300w\" sizes=\"(max-width: 680px) 100vw, 680px\" \/><\/p>\n<table width=\"680\">\n<tbody>\n<tr>\n<td valign=\"top\" width=\"250px\"><img loading=\"lazy\" decoding=\"async\" class=\"aligncenter wp-image-3059 size-full\" src=\"https:\/\/www.ufsm.br\/comunicacao\/arco\/wp-content\/uploads\/sites\/601\/2018\/03\/UFSM.2018.007.002.RA-1.jpg\" alt=\"\" width=\"250\" height=\"444\" srcset=\"https:\/\/www.ufsm.br\/app\/uploads\/sites\/601\/2018\/03\/UFSM.2018.007.002.RA-1.jpg 250w, https:\/\/www.ufsm.br\/app\/uploads\/sites\/601\/2018\/03\/UFSM.2018.007.002.RA-1-169x300.jpg 169w\" sizes=\"(max-width: 250px) 100vw, 250px\" \/><\/td>\n<td width=\"15px\"><\/td>\n<td valign=\"top\">\n<h4><span style=\"color: #3a378c;\"><b>CINTHIA MELAZZO DE ANDRADE<\/b><\/span><\/h4>\n<p><span style=\"font-weight: 400;\">A pesquisadora<\/span><span style=\"font-weight: 400;\">\u00a0atua no Hospital Veterin\u00e1rio de Santa Maria<\/span><span style=\"font-weight: 400;\"> e \u00e9 tamb\u00e9m coordenadora do Programa de Resid\u00eancia em Medicina Veterin\u00e1ria. Possui gradua\u00e7\u00e3o em Medicina Veterin\u00e1ria pela Universidade Federal de Uberl\u00e2ndia, mestrado em Medicina Veterin\u00e1ria pela UFSM e doutorado em Ci\u00eancias Biol\u00f3gicas (Bioqu\u00edmica) pela UFRGS. Bolsista produtividade 1B.<\/span><\/p>\n<h6><strong><a href=\"http:\/\/buscatextual.cnpq.br\/buscatextual\/visualizacv.do?id=K4776635P4\" target=\"_blank\" rel=\"noopener noreferrer\">LATTES<\/a><\/strong><\/h6>\n<\/td>\n<\/tr>\n<\/tbody>\n<\/table>\n<table width=\"680\">\n<tbody>\n<tr>\n<td valign=\"top\" width=\"250px\"><img loading=\"lazy\" decoding=\"async\" class=\"aligncenter wp-image-3060 size-full\" src=\"https:\/\/www.ufsm.br\/comunicacao\/arco\/wp-content\/uploads\/sites\/601\/2018\/03\/11156167_414435255393112_7515046681004534572_n-1.jpg\" alt=\"\" width=\"250\" height=\"444\" srcset=\"https:\/\/www.ufsm.br\/app\/uploads\/sites\/601\/2018\/03\/11156167_414435255393112_7515046681004534572_n-1.jpg 250w, https:\/\/www.ufsm.br\/app\/uploads\/sites\/601\/2018\/03\/11156167_414435255393112_7515046681004534572_n-1-169x300.jpg 169w\" sizes=\"(max-width: 250px) 100vw, 250px\" \/><\/td>\n<td width=\"15px\"><\/td>\n<td valign=\"top\">\n<h4><span style=\"color: #3a378c;\"><b>MARIA ROSA CHITOLINA\u00a0<\/b><\/span><\/h4>\n<p><span style=\"font-weight: 400;\">Formada em Biologia pela UFRGS, onde tamb\u00e9m realizou seu mestrado, concluiu doutorado pela Universidade Federal do Paran\u00e1 e p\u00f3s-doutorado no Albert Einstein College of Medicine, nos Estados Unidos. Atualmente, \u00e9 professora da UFSM no Centro de Ci\u00eancias Naturais e Exatas, com \u00eanfase em Enzimologia. Nos \u00faltimos anos, realizou visitas de colabora\u00e7\u00e3o cient\u00edfica a algumas institui\u00e7\u00f5es internacionais, na Europa e na \u00c1frica. Bolsista produtividade 1B.<\/span><\/p>\n<h6><strong><a href=\"http:\/\/buscatextual.cnpq.br\/buscatextual\/visualizacv.do?id=K4784946T3\" target=\"_blank\" rel=\"noopener noreferrer\">LATTES<\/a><\/strong><\/h6>\n<\/td>\n<\/tr>\n<\/tbody>\n<\/table>\n<table width=\"680\">\n<tbody>\n<tr>\n<td valign=\"top\" width=\"250px\"><img loading=\"lazy\" decoding=\"async\" class=\"aligncenter wp-image-3086 size-full\" src=\"https:\/\/www.ufsm.br\/comunicacao\/arco\/wp-content\/uploads\/sites\/601\/2018\/03\/Sonia.jpg\" alt=\"\" width=\"250\" height=\"444\" srcset=\"https:\/\/www.ufsm.br\/app\/uploads\/sites\/601\/2018\/03\/Sonia.jpg 250w, https:\/\/www.ufsm.br\/app\/uploads\/sites\/601\/2018\/03\/Sonia-169x300.jpg 169w\" sizes=\"(max-width: 250px) 100vw, 250px\" \/><\/td>\n<td width=\"15px\"><\/td>\n<td valign=\"top\">\n<h4><span style=\"color: #3a378c;\"><b>SONIA ZANINI CECHIN<\/b><\/span><\/h4>\n<p><span style=\"font-weight: 400;\">A pesquisadora, que atualmente est\u00e1 na dire\u00e7\u00e3o do Centro <\/span><span style=\"font-weight: 400;\">de Ci\u00eancias Naturais e Exatas da UFSM, <\/span><span style=\"font-weight: 400;\">possui gradua\u00e7\u00e3o em Ci\u00eancias Biol\u00f3gicas pela UFSM, <\/span><span style=\"font-weight: 400;\">mestrado e doutorado em Bioci\u00eancias (Zoologia) pela Pontif\u00edcia Universidade Cat\u00f3lica do Rio Grande do Sul. Suas pesquisas t\u00eam \u00eanfase em Herpetologia, que \u00e9 o estudo de r\u00e9pteis e de anf\u00edbios. Recebeu o pr\u00eamio Quarta Col\u00f4nia de Desenvolvimento Regional. Bolsista produtividade 1B.<\/span><\/p>\n<h6><strong><a href=\"http:\/\/buscatextual.cnpq.br\/buscatextual\/visualizacv.do?id=K4782165H6\" target=\"_blank\" rel=\"noopener noreferrer\">LATTES<\/a><\/strong><\/h6>\n<\/td>\n<\/tr>\n<\/tbody>\n<\/table>\n<h2><\/h2>\n<p><img loading=\"lazy\" decoding=\"async\" class=\"wp-image-3092 size-full alignleft\" src=\"https:\/\/www.ufsm.br\/comunicacao\/arco\/wp-content\/uploads\/sites\/601\/2018\/03\/1C-2.jpg\" alt=\"\" width=\"680\" height=\"40\" srcset=\"https:\/\/www.ufsm.br\/app\/uploads\/sites\/601\/2018\/03\/1C-2.jpg 680w, https:\/\/www.ufsm.br\/app\/uploads\/sites\/601\/2018\/03\/1C-2-300x18.jpg 300w\" sizes=\"(max-width: 680px) 100vw, 680px\" \/><\/p>\n<table style=\"height: 274px;\" width=\"680\">\n<tbody>\n<tr>\n<td valign=\"top\" width=\"250px\"><img loading=\"lazy\" decoding=\"async\" class=\"aligncenter wp-image-3061 size-full\" src=\"https:\/\/www.ufsm.br\/comunicacao\/arco\/wp-content\/uploads\/sites\/601\/2018\/03\/maribel-1.jpg\" alt=\"\" width=\"250\" height=\"444\" srcset=\"https:\/\/www.ufsm.br\/app\/uploads\/sites\/601\/2018\/03\/maribel-1.jpg 250w, https:\/\/www.ufsm.br\/app\/uploads\/sites\/601\/2018\/03\/maribel-1-169x300.jpg 169w\" sizes=\"(max-width: 250px) 100vw, 250px\" \/><\/td>\n<td width=\"15px\"><\/td>\n<td valign=\"top\">\n<h4><span style=\"color: #3a378c;\"><b>MARIBEL ANTONELLO RUBIN<\/b><\/span><\/h4>\n<p><span style=\"font-weight: 400;\">As pesquisas da professora \u00a0\u2014 que \u00e9 tamb\u00e9m chefe do Departamento de Bioqu\u00edmica e Biologia Molecular da UFSM \u2014 \u00a0s\u00e3o voltadas \u00e0 Neuropsicofarmacologia, com destaque para os temas: mem\u00f3ria, poliaminas e analgesia. Maribel tem gradua\u00e7\u00e3o em Farm\u00e1cia e Bioqu\u00edmica pela UFSM, mestrado e doutorado em Ci\u00eancias Biol\u00f3gicas pela UFRGS e p\u00f3s-doutorado em Psicobiologia pela University of Kentucky dos Estados Unidos. Bolsista produtividade 1C.<\/span><\/p>\n<h6><strong><a href=\"http:\/\/buscatextual.cnpq.br\/buscatextual\/visualizacv.do?id=K4794806H7\" target=\"_blank\" rel=\"noopener noreferrer\">LATTES<\/a><\/strong><\/h6>\n<\/td>\n<\/tr>\n<\/tbody>\n<\/table>\n<table style=\"height: 274px;\" width=\"680\">\n<tbody>\n<tr>\n<td valign=\"top\" width=\"250px\"><img loading=\"lazy\" decoding=\"async\" class=\"aligncenter wp-image-3157 size-full\" src=\"https:\/\/www.ufsm.br\/comunicacao\/arco\/wp-content\/uploads\/sites\/601\/2018\/03\/tatiana-2.jpg\" alt=\"\" width=\"249\" height=\"400\" srcset=\"https:\/\/www.ufsm.br\/app\/uploads\/sites\/601\/2018\/03\/tatiana-2.jpg 249w, https:\/\/www.ufsm.br\/app\/uploads\/sites\/601\/2018\/03\/tatiana-2-187x300.jpg 187w\" sizes=\"(max-width: 249px) 100vw, 249px\" \/><\/td>\n<td width=\"15px\"><\/td>\n<td valign=\"top\">\n<h4><span style=\"color: #3a378c;\"><b>TATIANA EMANUELLI\u00a0<\/b><\/span><\/h4>\n<p>Professora da UFSM desde 1997 e pesquisadora n\u00edvel 1C de produtividade pelo CNPq. Com gradua\u00e7\u00e3o em Farm\u00e1cia \u2013 Tecnologia dos Alimentos pela UFSM, mestrado e doutorado em Ci\u00eancias Biol\u00f3gicas pela UFRGS, atua principalmente nos seguintes temas: compostos bioativos, oxida\u00e7\u00e3o, enzimas antioxidantes e pescados. Recebeu em 2014 o pr\u00eamio <a href=\"http:\/\/www.capes.gov.br\/36-noticias\/6968-capes-e-elsevier-entregam-premiacao-a-cientistas-brasileiras\">Mulheres na Ci\u00eancia 2014 da Capes-Elsevier.<\/a><\/p>\n<h6><strong><a href=\"http:\/\/buscatextual.cnpq.br\/buscatextual\/visualizacv.do?id=K4797080Z5\" target=\"_blank\" rel=\"noopener noreferrer\">LATTES<\/a><\/strong><\/h6>\n<\/td>\n<\/tr>\n<\/tbody>\n<\/table>\n<table style=\"height: 274px;\" width=\"680\">\n<tbody>\n<tr>\n<td valign=\"top\" width=\"250px\"><img loading=\"lazy\" decoding=\"async\" class=\"aligncenter wp-image-3154 size-full\" src=\"https:\/\/www.ufsm.br\/comunicacao\/arco\/wp-content\/uploads\/sites\/601\/2018\/03\/vania-loro.jpg\" alt=\"\" width=\"250\" height=\"444\" srcset=\"https:\/\/www.ufsm.br\/app\/uploads\/sites\/601\/2018\/03\/vania-loro.jpg 250w, https:\/\/www.ufsm.br\/app\/uploads\/sites\/601\/2018\/03\/vania-loro-169x300.jpg 169w\" sizes=\"(max-width: 250px) 100vw, 250px\" \/><\/td>\n<td width=\"15px\"><\/td>\n<td valign=\"top\">\n<h4><span style=\"color: #3a378c;\"><b>VANIA LUCIA LORO<\/b><\/span><\/h4>\n<p>L\u00edder do grupo de pesquisa Biomarcadores de toxidade em organismos aqu\u00e1ticos, Vania \u00e9 graduada em Ci\u00eancias Biol\u00f3gicas e Zootecnia pela UFSM, doutora em Gen\u00e9tica e Evolu\u00e7\u00e3o pela Universidade Federal de S\u00e3o Carlos e p\u00f3s-doutora pela Universidade Mcmaster, do Canad\u00e1. A professora do Departamento de Bioqu\u00edmica e Biologia Molecular tem experi\u00eancia na \u00e1rea de toxicologia de pesticidas e uso de antioxidantes em ra\u00e7\u00f5es para peixes. Suas pesquisas t\u00eam o objetivo de minimizar efeitos de pesticidas e metais pesados. Bolsista produtividade 1C.<\/p>\n<h6><strong><a href=\"http:\/\/buscatextual.cnpq.br\/buscatextual\/visualizacv.do?id=K4796333D7\" target=\"_blank\" rel=\"noopener noreferrer\">LATTES<\/a><\/strong><\/h6>\n<\/td>\n<\/tr>\n<\/tbody>\n<\/table>\n<p><img loading=\"lazy\" decoding=\"async\" class=\"wp-image-3093 size-full alignleft\" src=\"https:\/\/www.ufsm.br\/comunicacao\/arco\/wp-content\/uploads\/sites\/601\/2018\/03\/1D-2.jpg\" alt=\"\" width=\"680\" height=\"40\" srcset=\"https:\/\/www.ufsm.br\/app\/uploads\/sites\/601\/2018\/03\/1D-2.jpg 680w, https:\/\/www.ufsm.br\/app\/uploads\/sites\/601\/2018\/03\/1D-2-300x18.jpg 300w\" sizes=\"(max-width: 680px) 100vw, 680px\" \/><\/p>\n<table width=\"680\">\n<tbody>\n<tr>\n<td valign=\"top\" width=\"250px\"><img loading=\"lazy\" decoding=\"async\" class=\"aligncenter wp-image-3063 size-full\" src=\"https:\/\/www.ufsm.br\/comunicacao\/arco\/wp-content\/uploads\/sites\/601\/2018\/03\/cl\u00e1udia-1.jpg\" alt=\"\" width=\"250\" height=\"444\" srcset=\"https:\/\/www.ufsm.br\/app\/uploads\/sites\/601\/2018\/03\/cl\u00e1udia-1.jpg 250w, https:\/\/www.ufsm.br\/app\/uploads\/sites\/601\/2018\/03\/cl\u00e1udia-1-169x300.jpg 169w\" sizes=\"(max-width: 250px) 100vw, 250px\" \/><\/td>\n<td width=\"15px\"><\/td>\n<td valign=\"top\">\n<h4><span style=\"color: #3a378c;\"><b>CL\u00c1UDIA RIBEIRO BELLOCHIO<\/b><\/span><\/h4>\n<p><span style=\"font-weight: 400;\">Cl\u00e1udia possui gradua\u00e7\u00f5es em M\u00fasica e Pedagogia pela UFSM, mestrado em Educa\u00e7\u00e3o tamb\u00e9m pela UFSM, e doutorado em Educa\u00e7\u00e3o pela UFRGS. A pesquisadora \u00e9 l\u00edder do grupo Forma\u00e7\u00e3o, A\u00e7\u00e3o e Pesquisa em Educa\u00e7\u00e3o Musical (Fapem). Ela integra <\/span><span style=\"font-weight: 400;\">o Departamento de Metodologia do Ensino e\u00a0<\/span><span style=\"font-weight: 400;\">trabalha principalmente com educa\u00e7\u00e3o musical, forma\u00e7\u00e3o de professores, pedagogia e pr\u00e1ticas educativas. Bolsista produtividade 1D.<\/span><\/p>\n<h6><strong><a href=\"http:\/\/buscatextual.cnpq.br\/buscatextual\/visualizacv.do?id=K4794804H4\" target=\"_blank\" rel=\"noopener noreferrer\">LATTES<\/a><\/strong><\/h6>\n<\/td>\n<\/tr>\n<\/tbody>\n<\/table>\n<table width=\"680\">\n<tbody>\n<tr>\n<td valign=\"top\" width=\"250px\"><img loading=\"lazy\" decoding=\"async\" class=\"aligncenter wp-image-3160 size-full\" src=\"https:\/\/www.ufsm.br\/comunicacao\/arco\/wp-content\/uploads\/sites\/601\/2018\/03\/desiree-2.jpg\" alt=\"\" width=\"214\" height=\"442\" srcset=\"https:\/\/www.ufsm.br\/app\/uploads\/sites\/601\/2018\/03\/desiree-2.jpg 214w, https:\/\/www.ufsm.br\/app\/uploads\/sites\/601\/2018\/03\/desiree-2-145x300.jpg 145w\" sizes=\"(max-width: 214px) 100vw, 214px\" \/><\/td>\n<td width=\"15px\"><\/td>\n<td valign=\"top\">\n<h4><span style=\"color: #3a378c;\"><b>D\u00c9SIR\u00c9E MOTTA ROTH\u00a0<\/b><\/span><\/h4>\n<p>D\u00e9sir\u00e9e \u00e9 professora do curso de gradua\u00e7\u00e3o e do Programa de P\u00f3s-Gradua\u00e7\u00e3o em Letras da UFSM e coordenadora cient\u00edfica do Laborat\u00f3rio de Pesquisa e Ensino de Leitura e Reda\u00e7\u00e3o (LABLER). A pesquisadora desenvolve seu trabalho na \u00e1rea de Lingu\u00edstica Aplicada sobre an\u00e1lise de pr\u00e1ticas discursivas em contextos espec\u00edficos, teoria e an\u00e1lise cr\u00edtica de g\u00eaneros discursivos, produ\u00e7\u00e3o textual, leitura e multiletramentos, forma\u00e7\u00e3o de professores, ensino e aprendizagem de l\u00ednguas. \u00c9 Licenciada em Letras pela UFSM, Mestre em Lingu\u00edstica Aplicada pela PUCRS e Doutora em Letras pela Universidade de Michigan. Bolsista produtividade 1D.<\/p>\n<h6><strong><a href=\"http:\/\/buscatextual.cnpq.br\/buscatextual\/visualizacv.do?id=K4793139Y7\" target=\"_blank\" rel=\"noopener noreferrer\">LATTES<\/a><\/strong><\/h6>\n<\/td>\n<\/tr>\n<\/tbody>\n<\/table>\n<table width=\"680\">\n<tbody>\n<tr>\n<td valign=\"top\" width=\"250px\"><img loading=\"lazy\" decoding=\"async\" class=\"aligncenter wp-image-3064 size-full\" src=\"https:\/\/www.ufsm.br\/comunicacao\/arco\/wp-content\/uploads\/sites\/601\/2018\/03\/UFSM.2018.003.009.RA-1.jpg\" alt=\"\" width=\"250\" height=\"444\" srcset=\"https:\/\/www.ufsm.br\/app\/uploads\/sites\/601\/2018\/03\/UFSM.2018.003.009.RA-1.jpg 250w, https:\/\/www.ufsm.br\/app\/uploads\/sites\/601\/2018\/03\/UFSM.2018.003.009.RA-1-169x300.jpg 169w\" sizes=\"(max-width: 250px) 100vw, 250px\" \/><\/td>\n<td width=\"15px\"><\/td>\n<td valign=\"top\">\n<h4><span style=\"color: #3a378c;\"><b>LUCIANE NEVES CANHA<\/b><\/span><\/h4>\n<p><span style=\"font-weight: 400;\">Os cursos de gradua\u00e7\u00e3o, mestrado e doutorado em Engenharia El\u00e9trica de Luciane foram conclu\u00eddos na UFSM. Suas pesquisas perpassam sistemas el\u00e9tricos de pot\u00eancia, fontes renov\u00e1veis de energia, redes el\u00e9tricas inteligentes, armazenamento e gest\u00e3o de energia el\u00e9trica. \u00c9 membro do IEEE Power Engineering Society, associa\u00e7\u00e3o mundial sem fins lucrativos dedicada \u00e0 Engenharia El\u00e9trica. Bolsista produtividade 1D.<\/span><\/p>\n<h6><strong><a href=\"http:\/\/buscatextual.cnpq.br\/buscatextual\/visualizacv.do?id=K4798975Y0\" target=\"_blank\" rel=\"noopener noreferrer\">LATTES<\/a><\/strong><\/h6>\n<\/td>\n<\/tr>\n<\/tbody>\n<\/table>\n<table width=\"680\">\n<tbody>\n<tr>\n<td valign=\"top\" width=\"250px\"><img loading=\"lazy\" decoding=\"async\" class=\"aligncenter wp-image-3087 size-full\" src=\"https:\/\/www.ufsm.br\/comunicacao\/arco\/wp-content\/uploads\/sites\/601\/2018\/03\/Maria-Ester.jpg\" alt=\"\" width=\"250\" height=\"444\" srcset=\"https:\/\/www.ufsm.br\/app\/uploads\/sites\/601\/2018\/03\/Maria-Ester.jpg 250w, https:\/\/www.ufsm.br\/app\/uploads\/sites\/601\/2018\/03\/Maria-Ester-169x300.jpg 169w\" sizes=\"(max-width: 250px) 100vw, 250px\" \/><\/td>\n<td width=\"15px\"><\/td>\n<td valign=\"top\">\n<h4><span style=\"color: #3a378c;\"><b>MARIA ESTER PEREIRA<\/b><\/span><\/h4>\n<p><span style=\"font-weight: 400;\">Metais pesados, metais tra\u00e7os, metalotioneinas e colinesterases s\u00e3o alguns dos principais temas de pesquisa de Maria Ester, que atua no Programa de P\u00f3s-Gradua\u00e7\u00e3o em Bioqu\u00edmica Toxicol\u00f3gica na UFSM.\u00a0<\/span><span style=\"font-weight: 400;\">Possui gradua\u00e7\u00e3o em Farm\u00e1cia pela Universidade Federal de Santa Catarina, mestrado em Ci\u00eancias Biol\u00f3gicas (Bioqu\u00edmica) pela UFRGS e doutorado em Ci\u00eancias (Bioqu\u00edmica) pela Universidade Federal do Paran\u00e1. Bolsista produtividade 1D.<\/span><\/p>\n<h6><strong><a href=\"http:\/\/buscatextual.cnpq.br\/buscatextual\/visualizacv.do?id=K4728086Y2\" target=\"_blank\" rel=\"noopener noreferrer\">LATTES<\/a><\/strong><\/h6>\n<\/td>\n<\/tr>\n<\/tbody>\n<\/table>\n<table width=\"680\">\n<tbody>\n<tr>\n<td valign=\"top\" width=\"250px\"><img loading=\"lazy\" decoding=\"async\" class=\"aligncenter wp-image-3065 \" src=\"https:\/\/www.ufsm.br\/comunicacao\/arco\/wp-content\/uploads\/sites\/601\/2018\/03\/marlove-1.jpg\" alt=\"\" width=\"250\" height=\"444\" srcset=\"https:\/\/www.ufsm.br\/app\/uploads\/sites\/601\/2018\/03\/marlove-1.jpg 189w, https:\/\/www.ufsm.br\/app\/uploads\/sites\/601\/2018\/03\/marlove-1-169x300.jpg 169w\" sizes=\"(max-width: 250px) 100vw, 250px\" \/><\/td>\n<td width=\"15px\"><\/td>\n<td valign=\"top\">\n<h4><span style=\"color: #3a378c;\"><b>MARLOVE FATIMA BRI\u00c3O MUNIZ<\/b><\/span><\/h4>\n<p><span style=\"font-weight: 400;\">Marlove possui gradua\u00e7\u00e3o em Agronomia pela <\/span><span style=\"font-weight: 400;\">Universidade da Regi\u00e3o da Campanha, mestrado em Produ\u00e7\u00e3o e Tecnologia de Sementes pela Universidade Federal de Pelotas e doutorado em Fitotecnia-Fitossanidade pela UFRGS. Seus principais temas de estudo s\u00e3o sementes, sanidade, florestais, qualidade e fungos. Bolsista produtividade 1D.<\/span><\/p>\n<h6><strong><a href=\"http:\/\/buscatextual.cnpq.br\/buscatextual\/visualizacv.do?id=K4785175A9\" target=\"_blank\" rel=\"noopener noreferrer\">LATTES<\/a><\/strong><\/h6>\n<\/td>\n<\/tr>\n<\/tbody>\n<\/table>\n<table style=\"height: 274px;\" width=\"680\">\n<tbody>\n<tr>\n<td valign=\"top\" width=\"250px\"><img loading=\"lazy\" decoding=\"async\" class=\"aligncenter size-full wp-image-3155\" src=\"https:\/\/www.ufsm.br\/comunicacao\/arco\/wp-content\/uploads\/sites\/601\/2018\/03\/michele.jpg\" alt=\"\" width=\"250\" height=\"444\" srcset=\"https:\/\/www.ufsm.br\/app\/uploads\/sites\/601\/2018\/03\/michele.jpg 250w, https:\/\/www.ufsm.br\/app\/uploads\/sites\/601\/2018\/03\/michele-169x300.jpg 169w\" sizes=\"(max-width: 250px) 100vw, 250px\" \/><\/td>\n<td width=\"15px\"><\/td>\n<td valign=\"top\">\n<h4><span style=\"color: #3a378c;\"><b>MICHELE RECHIA FIGHERA <\/b><\/span><\/h4>\n<p>Michele \u00e9 graduada em Medicina e Doutora em Ci\u00eancia Biol\u00f3gicas: Bioqu\u00edmica Toxicol\u00f3gica pela UFSM, com resid\u00eancia em pediatria pela UFSM. Possui tamb\u00e9m especializa\u00e7\u00e3o em Neurologia pela PUCRS e em Epilepsia e Eletroencefalografia pelo Hospital de Cl\u00ednicas de Porto Alegre. A pesquisadora do Departamento de Neuropsiquiatria da UFSM tem experi\u00eancia na \u00e1rea m\u00e9dica e neuroci\u00eancias, com destaque para Epilepsia Experimental e Cl\u00ednica, Erros Inatos do Metabolismo, Doen\u00e7as Neurodegenerativas, Inflama\u00e7\u00e3o e Estresse Oxidativo. <span style=\"font-weight: 400;\">Bolsista produtividade 1D.<\/span><\/p>\n<h6><strong><a href=\"http:\/\/buscatextual.cnpq.br\/buscatextual\/visualizacv.do?id=K4762398D8\" target=\"_blank\" rel=\"noopener noreferrer\">LATTES<\/a><\/strong><\/h6>\n<\/td>\n<\/tr>\n<\/tbody>\n<\/table>\n<table width=\"680\">\n<tbody>\n<tr>\n<td valign=\"top\" width=\"250px\"><img loading=\"lazy\" decoding=\"async\" class=\"aligncenter wp-image-3066 size-full\" src=\"https:\/\/www.ufsm.br\/comunicacao\/arco\/wp-content\/uploads\/sites\/601\/2018\/03\/nerineia-1.jpg\" alt=\"\" width=\"250\" height=\"444\" srcset=\"https:\/\/www.ufsm.br\/app\/uploads\/sites\/601\/2018\/03\/nerineia-1.jpg 250w, https:\/\/www.ufsm.br\/app\/uploads\/sites\/601\/2018\/03\/nerineia-1-169x300.jpg 169w\" sizes=\"(max-width: 250px) 100vw, 250px\" \/><\/td>\n<td width=\"15px\"><\/td>\n<td valign=\"top\">\n<h4><span style=\"color: #3a378c;\"><b>NERINEIA DALFOLLO RIBEIRO<\/b><\/span><\/h4>\n<p><span style=\"font-weight: 400;\">A pesquisadora e presidente da Sociedade Brasileira de Melhoramento de Plantas (SBMP) tem gradua\u00e7\u00e3o, mestrado e doutorado em Agronomia pela UFSM. Com \u00eanfase em gen\u00e9tica e melhoramento do feij\u00e3o, suas pesquisas s\u00e3o em torno da qualidade nutricional e tecnol\u00f3gica, resist\u00eancia a fatores abi\u00f3ticos e intera\u00e7\u00e3o gen\u00f3tipo x ambiente. Bolsista produtividade 1D.<\/span><\/p>\n<h6><strong><a href=\"http:\/\/buscatextual.cnpq.br\/buscatextual\/visualizacv.do?id=K4728724T9\" target=\"_blank\" rel=\"noopener noreferrer\">LATTES<\/a><\/strong><\/h6>\n<\/td>\n<\/tr>\n<\/tbody>\n<\/table>\n<table width=\"680\">\n<tbody>\n<tr>\n<td valign=\"top\" width=\"250px\"><img loading=\"lazy\" decoding=\"async\" class=\"aligncenter wp-image-3067 size-full\" src=\"https:\/\/www.ufsm.br\/comunicacao\/arco\/wp-content\/uploads\/sites\/601\/2018\/03\/nilda-1.jpg\" alt=\"\" width=\"250\" height=\"444\" srcset=\"https:\/\/www.ufsm.br\/app\/uploads\/sites\/601\/2018\/03\/nilda-1.jpg 250w, https:\/\/www.ufsm.br\/app\/uploads\/sites\/601\/2018\/03\/nilda-1-169x300.jpg 169w\" sizes=\"(max-width: 250px) 100vw, 250px\" \/><\/td>\n<td width=\"15px\"><\/td>\n<td valign=\"top\">\n<h4><span style=\"color: #3a378c;\"><b>NILDA BERENICE DE VARGAS BARBOSA<\/b><\/span><\/h4>\n<p><span style=\"font-weight: 400;\">Tem<\/span><span style=\"font-weight: 400;\"> experi\u00eancia na \u00e1rea de Bioqu\u00edmica com \u00eanfase em Fisiologia Humana. O<\/span><span style=\"font-weight: 400;\">s\u00a0<\/span><span style=\"font-weight: 400;\">seus<\/span><span style=\"font-weight: 400;\"> principais temas de pesquisa <\/span><span style=\"font-weight: 400;\">s\u00e3o<\/span><span style=\"font-weight: 400;\">:<\/span> <span style=\"font-weight: 400;\">\u00a0estresse oxidativo, antioxidantes naturais e\/ou sint\u00e9ticos e modelos experimentais de patologias humanas. A professora se formou<\/span><span style=\"font-weight: 400;\">\u00a0em Ci\u00eancias Biol\u00f3gicas pela UFSM, atingiu grau de mestre em Ci\u00eancias Biol\u00f3gicas (Bioqu\u00edmica) pela <\/span><span style=\"font-weight: 400;\">UFRGS<\/span><span style=\"font-weight: 400;\"> e grau de doutora em Bioqu\u00edmica Toxicol\u00f3gica pela UFSM. Bolsista produtividade 1D.<\/span><\/p>\n<h6><strong><a href=\"http:\/\/buscatextual.cnpq.br\/buscatextual\/visualizacv.do?id=K4795127P7\" target=\"_blank\" rel=\"noopener noreferrer\">LATTES<\/a><\/strong><\/h6>\n<\/td>\n<\/tr>\n<\/tbody>\n<\/table>\n<table width=\"680\">\n<tbody>\n<tr>\n<td valign=\"top\" width=\"250px\"><img loading=\"lazy\" decoding=\"async\" class=\"aligncenter wp-image-3158 size-full\" src=\"https:\/\/www.ufsm.br\/comunicacao\/arco\/wp-content\/uploads\/sites\/601\/2018\/03\/rosani-2.jpg\" alt=\"\" width=\"251\" height=\"434\" srcset=\"https:\/\/www.ufsm.br\/app\/uploads\/sites\/601\/2018\/03\/rosani-2.jpg 251w, https:\/\/www.ufsm.br\/app\/uploads\/sites\/601\/2018\/03\/rosani-2-174x300.jpg 174w\" sizes=\"(max-width: 251px) 100vw, 251px\" \/><\/td>\n<td width=\"15px\"><\/td>\n<td valign=\"top\">\n<h4><span style=\"color: #3a378c;\"><b>ROSANI \u00daRSULA KETZER UMBACH <\/b><\/span><\/h4>\n<p>As pesquisas de Rosani s\u00e3o desenvolvidas na \u00e1rea das Letras, com \u00eanfase em Literatura Comparada e atua\u00e7\u00e3o principalmente nos temas: fic\u00e7\u00e3o e hist\u00f3ria, cultura, mem\u00f3ria e identidade, autoritarismo e repress\u00e3o, narrativas (auto) biogr\u00e1ficas. Rosani tem graduada em Comunica\u00e7\u00e3o Social e Letras pela UFSM, mestrado em Letras tamb\u00e9m pela UFSM, doutorado e p\u00f3s-doutorado\u00a0 pela Universidade de T\u00fcbingen, na Alemanha. <span style=\"font-weight: 400;\">Bolsista produtividade 1D.<\/span><\/p>\n<h6><strong><a href=\"http:\/\/buscatextual.cnpq.br\/buscatextual\/visualizacv.do?id=K4766005J9\" target=\"_blank\" rel=\"noopener noreferrer\">LATTES<\/a><\/strong><\/h6>\n<\/td>\n<\/tr>\n<\/tbody>\n<\/table>\n<table width=\"680\">\n<tbody>\n<tr>\n<td valign=\"top\" width=\"250px\"><img loading=\"lazy\" decoding=\"async\" class=\"aligncenter wp-image-3068 size-full\" src=\"https:\/\/www.ufsm.br\/comunicacao\/arco\/wp-content\/uploads\/sites\/601\/2018\/03\/UFSM.2018.005.021.RA-1.jpg\" alt=\"\" width=\"250\" height=\"444\" srcset=\"https:\/\/www.ufsm.br\/app\/uploads\/sites\/601\/2018\/03\/UFSM.2018.005.021.RA-1.jpg 250w, https:\/\/www.ufsm.br\/app\/uploads\/sites\/601\/2018\/03\/UFSM.2018.005.021.RA-1-169x300.jpg 169w\" sizes=\"(max-width: 250px) 100vw, 250px\" \/><\/td>\n<td width=\"15px\"><\/td>\n<td valign=\"top\">\n<h4><span style=\"color: #3a378c;\"><b>SILVIA GONZALEZ MONTEIRO<\/b><\/span><\/h4>\n<p><span style=\"font-weight: 400;\">Silvia possui gradua\u00e7\u00e3o em Medicina Veterin\u00e1ria pela <\/span><span style=\"font-weight: 400;\">Pontif\u00edcia Universidade Cat\u00f3lica do Rio Grande do Sul, mestrado em Medicina Veterin\u00e1ria e doutorado em Ci\u00eancias Veterin\u00e1rias pela Universidade Federal Rural do Rio de Janeiro. Atualmente, atua nos programas de p\u00f3s-gradua\u00e7\u00e3o em Medicina Veterin\u00e1ria Preventiva e Farmacologia da UFSM. Em 2017, Silvia recebeu o Pr\u00eamio Pesquisador Ga\u00facho pela Funda\u00e7\u00e3o de Amparo \u00e0 Pesquisa do Estado do Rio Grande do Sul. Estuda controle biol\u00f3gico, protozo\u00e1rios, ectoparasitos e helmintos. Em 2019, Silvia obteve o n\u00edvel 1A de produtividade do CNPq.<\/span><\/p>\n<h6><strong><a href=\"http:\/\/buscatextual.cnpq.br\/buscatextual\/visualizacv.do?id=K4700451Z9\" target=\"_blank\" rel=\"noopener noreferrer\">LATTES<\/a><\/strong><\/h6>\n<\/td>\n<\/tr>\n<\/tbody>\n<\/table>\n<table width=\"680\">\n<tbody>\n<tr>\n<td valign=\"top\" width=\"250px\"><img loading=\"lazy\" decoding=\"async\" class=\"aligncenter wp-image-3108 size-full\" src=\"https:\/\/www.ufsm.br\/comunicacao\/arco\/wp-content\/uploads\/sites\/601\/2018\/03\/UFSM.2018.008.005.RA_.jpg\" alt=\"\" width=\"250\" height=\"444\" srcset=\"https:\/\/www.ufsm.br\/app\/uploads\/sites\/601\/2018\/03\/UFSM.2018.008.005.RA_.jpg 250w, https:\/\/www.ufsm.br\/app\/uploads\/sites\/601\/2018\/03\/UFSM.2018.008.005.RA_-169x300.jpg 169w\" sizes=\"(max-width: 250px) 100vw, 250px\" \/><\/td>\n<td width=\"15px\"><\/td>\n<td valign=\"top\">\n<h4><span style=\"color: #3a378c;\"><b>STELA MARIS DE MELLO PADOIN<\/b><\/span><\/h4>\n<p><span style=\"font-weight: 400;\">Stela Maris atua na gradua\u00e7\u00e3o e p\u00f3s-gradua\u00e7\u00e3o do departamento de Enfermagem, tendo experi\u00eancia na \u00e1rea de sa\u00fade das mulheres e de doen\u00e7as como a AIDS e o HIV. Stela \u00e9 graduada em Enfermagem e Obstetr\u00edcia pela UFSM, possui mestrado em Assi<\/span><span style=\"font-weight: 400;\">st\u00eancia em Enfermagem pela Universidade Federal de Santa Catarina, doutorado e p\u00f3s-doutorado em Enfermagem pela Escola de Enfermagem Anna Nery da Universidade Federal do Rio de Janeiro. Bolsista produtividade 1D.<\/span><\/p>\n<h6><strong><a href=\"http:\/\/buscatextual.cnpq.br\/buscatextual\/visualizacv.do?id=K4762908D7\" target=\"_blank\" rel=\"noopener noreferrer\">LATTES<\/a><\/strong><\/h6>\n<\/td>\n<\/tr>\n<\/tbody>\n<\/table>\n<table style=\"height: 274px;\" width=\"680\">\n<tbody>\n<tr>\n<td valign=\"top\" width=\"250px\"><img loading=\"lazy\" decoding=\"async\" class=\"aligncenter wp-image-3153 size-full\" src=\"https:\/\/www.ufsm.br\/comunicacao\/arco\/wp-content\/uploads\/sites\/601\/2018\/03\/vera-morsch-1.jpg\" alt=\"\" width=\"250\" height=\"444\" srcset=\"https:\/\/www.ufsm.br\/app\/uploads\/sites\/601\/2018\/03\/vera-morsch-1.jpg 250w, https:\/\/www.ufsm.br\/app\/uploads\/sites\/601\/2018\/03\/vera-morsch-1-169x300.jpg 169w\" sizes=\"(max-width: 250px) 100vw, 250px\" \/><\/td>\n<td width=\"15px\"><\/td>\n<td valign=\"top\">\n<h4><span style=\"color: #3a378c;\"><b>VERA MARIA MELCHIORS MORSCH <\/b><\/span><\/h4>\n<p>Professora do Departamento de Bioqu\u00edmica e Biologia Molecular, Vera Maria \u00e9 graduada em Qu\u00edmica Industrial e mestra em Qu\u00edmica pela UFSM e Doutora em Engenharia de Minas pela UFRGS. Tem experi\u00eancia na \u00e1rea de Farmacologia, com \u00eanfase em Toxicologia, atuando principalmente nos seguintes temas: NTPDase, 5&#8242;-nucleotidase, acetylcholinesterase. Bolsista produtividade 1D.<\/p>\n<h6><strong><a href=\"http:\/\/buscatextual.cnpq.br\/buscatextual\/visualizacv.do?id=K4784273E6\" target=\"_blank\" rel=\"noopener noreferrer\">LATTES<\/a><\/strong><\/h6>\n<\/td>\n<\/tr>\n<\/tbody>\n<\/table>\n<p><em><strong>Rep\u00f3rteres<\/strong>: Tainara Liesenfeld e Mariana Machado<\/em><\/p>\n<p><em><strong>Fotografias<\/strong>: Rafael Happke e arquivo pessoal\/redes sociais das pesquisadoras<\/em><\/p>\n","protected":false},"excerpt":{"rendered":"<p>Conhe\u00e7a as dezenove pesquisadoras da Universidade com n\u00edvel 1 de Produtividade em Pesquisa de acordo com o CNPq<\/p>\n","protected":false},"author":32,"featured_media":3165,"comment_status":"open","ping_status":"open","sticky":false,"template":"","format":"standard","meta":{"footnotes":""},"categories":[1536],"tags":[524,348,740],"class_list":["post-3019","post","type-post","status-publish","format-standard","has-post-thumbnail","hentry","category-dossie-mulheres-na-ciencia","tag-lista","tag-mulheres","tag-mulheres-na-ciencia"],"acf":[],"_links":{"self":[{"href":"https:\/\/www.ufsm.br\/midias\/arco\/wp-json\/wp\/v2\/posts\/3019","targetHints":{"allow":["GET"]}}],"collection":[{"href":"https:\/\/www.ufsm.br\/midias\/arco\/wp-json\/wp\/v2\/posts"}],"about":[{"href":"https:\/\/www.ufsm.br\/midias\/arco\/wp-json\/wp\/v2\/types\/post"}],"author":[{"embeddable":true,"href":"https:\/\/www.ufsm.br\/midias\/arco\/wp-json\/wp\/v2\/users\/32"}],"replies":[{"embeddable":true,"href":"https:\/\/www.ufsm.br\/midias\/arco\/wp-json\/wp\/v2\/comments?post=3019"}],"version-history":[{"count":0,"href":"https:\/\/www.ufsm.br\/midias\/arco\/wp-json\/wp\/v2\/posts\/3019\/revisions"}],"wp:featuredmedia":[{"embeddable":true,"href":"https:\/\/www.ufsm.br\/midias\/arco\/wp-json\/wp\/v2\/media\/3165"}],"wp:attachment":[{"href":"https:\/\/www.ufsm.br\/midias\/arco\/wp-json\/wp\/v2\/media?parent=3019"}],"wp:term":[{"taxonomy":"category","embeddable":true,"href":"https:\/\/www.ufsm.br\/midias\/arco\/wp-json\/wp\/v2\/categories?post=3019"},{"taxonomy":"post_tag","embeddable":true,"href":"https:\/\/www.ufsm.br\/midias\/arco\/wp-json\/wp\/v2\/tags?post=3019"}],"curies":[{"name":"wp","href":"https:\/\/api.w.org\/{rel}","templated":true}]}}