{"id":3469,"date":"2018-04-25T11:34:42","date_gmt":"2018-04-25T14:34:42","guid":{"rendered":"http:\/\/coral.ufsm.br\/arco\/sitenovo\/?p=3469"},"modified":"2018-04-25T11:34:42","modified_gmt":"2018-04-25T14:34:42","slug":"3-cineclubes-que-proporcionam-espacos-de-convivio-lazer-e-cultura-em-santa-maria","status":"publish","type":"post","link":"https:\/\/www.ufsm.br\/midias\/arco\/3-cineclubes-que-proporcionam-espacos-de-convivio-lazer-e-cultura-em-santa-maria","title":{"rendered":"Cultura e lazer em 3 CINECLUBES de Santa Maria"},"content":{"rendered":"<p><span style=\"font-weight: 400;\">Democratizar o acesso ao cinema ao criar um espa\u00e7o de constru\u00e7\u00e3o coletiva e comunit\u00e1ria. Essa \u00e9 a proposta dos cineclubes, um modelo alternativo de cinema que faz parte da hist\u00f3ria cultural de Santa Maria. Desde o Clube de Cinema, fundado por Edmundo Cardoso em 1951, at\u00e9 o presente Cineclube Lanterninha Aur\u00e9lio &#8211; realizado pela Cooperativa de Estudantes de Santa Maria (Cesma) e citado como um dos mais antigos no Brasil &#8211; a atividade cineclubista mant\u00e9m-se viva na cidade.<\/span><\/p>\n<p>&nbsp;<\/p>\n<p><span style=\"font-weight: 400;\">De acordo com o professor respons\u00e1vel pelo Cineclube da Boca, Gilvan Dockhorn, o cineclubismo gera um<\/span><span style=\"font-weight: 400;\"> ambie<\/span><span style=\"font-weight: 400;\">nte democr\u00e1tico de apropria\u00e7\u00e3o e cr\u00edtica de bens culturais e trabalha com a ideia do p\u00fablico como agente central da atividade. \u201cO cineblube se constr\u00f3i a partir de uma reuni\u00e3o de indiv\u00edduos que, al\u00e9m de assistirem \u00e0s produ\u00e7\u00f5es audiovisuais, criam um espa\u00e7o de cr\u00edtica e reflex\u00e3o n\u00e3o s\u00f3 sobre o cinema, mas sobre a sociedade e a cultura, seus modos de produ\u00e7\u00e3o, difus\u00e3o, acesso e apropria\u00e7\u00e3o\u201d complementa Silvia Cheron, participante do Cineclube da Boca.<\/span><\/p>\n<p>&nbsp;<\/p>\n<p><span style=\"font-weight: 400;\">Conhecida como \u201ccidade cultura\u201d pela grande quantidade de institui\u00e7\u00f5es de ensino e pelas diversidade \u00e9tnica da popula\u00e7\u00e3o, Santa Maria j\u00e1 teve mais de oito cineclubes ao longo de sua hist\u00f3ria. Atualmente, tr\u00eas est\u00e3o ativos. Confira mais informa\u00e7\u00f5es sobre cada um deles na lista que a Arco preparou:<\/span><\/p>\n<p>&nbsp;<\/p>\n<p>&nbsp;<\/p>\n<p><b>Cineclube da Boca<\/b><\/p>\n<p>&nbsp;<\/p>\n<p><b><img fetchpriority=\"high\" decoding=\"async\" class=\"wp-image-3470 alignleft\" src=\"https:\/\/www.ufsm.br\/comunicacao\/arco\/wp-content\/uploads\/sites\/601\/2018\/04\/Cineclube_da_Boca-1024x585.jpeg\" alt=\"\" width=\"359\" height=\"205\" srcset=\"https:\/\/www.ufsm.br\/app\/uploads\/sites\/601\/2018\/04\/Cineclube_da_Boca-1024x585.jpeg 1024w, https:\/\/www.ufsm.br\/app\/uploads\/sites\/601\/2018\/04\/Cineclube_da_Boca-300x171.jpeg 300w, https:\/\/www.ufsm.br\/app\/uploads\/sites\/601\/2018\/04\/Cineclube_da_Boca-768x439.jpeg 768w, https:\/\/www.ufsm.br\/app\/uploads\/sites\/601\/2018\/04\/Cineclube_da_Boca.jpeg 1120w\" sizes=\"(max-width: 359px) 100vw, 359px\" \/><br \/>\n<\/b><\/p>\n<p><span style=\"font-weight: 400;\">O Cineclube da Boca tem na sua realiza\u00e7\u00e3o a ess\u00eancia do cineclubismo: promover a sociabiliza\u00e7\u00e3o, viabilizar o acesso ao conte\u00fado audiovisual e de cinema, garantir livre manifesta\u00e7\u00e3o pol\u00edtica-cultural, criar um espa\u00e7o de conviv\u00eancia entre os apreciadores de cinema e propor intera\u00e7\u00e3o e debates entre os cineclubistas no final das sess\u00f5es. Realizado desde dezembro de 2016, o cineclube recebe esse nome como forma de homenagem \u00e0 cidade, apelidada carinhosamente pela popula\u00e7\u00e3o como Santa Maria da Boca do Monte. <\/span><\/p>\n<p><span style=\"font-weight: 400;\">Um dos idealizadores do projeto \u00e9 o professor Gilvan Dockhorn, do Curso de Gest\u00e3o de Turismo da UFSM. Da Boca \u00e9 realizado por professores, t\u00e9cnicos e estudantes da Universidade, al\u00e9m de pessoas sem liga\u00e7\u00e3o direta com a institui\u00e7\u00e3o.<\/span><\/p>\n<p>&nbsp;<\/p>\n<p><b>Realiza\u00e7\u00e3o:<\/b><span style=\"font-weight: 400;\"> Projeto de extens\u00e3o do Curso de Gest\u00e3o de Turismo, com apoio do Centro de Artes e Letras, da TV OVO, da Cesma e da Pr\u00f3-Reitoria de Extens\u00e3o<\/span><\/p>\n<p><b>Local:<\/b><span style=\"font-weight: 400;\"> Audit\u00f3rio do pr\u00e9dio 67, Campus Sede da UFSM<\/span><\/p>\n<p><b>Quando: <\/b><span style=\"font-weight: 400;\">Nas quintas-feiras, \u00e0s 19h (sess\u00f5es semanais)<\/span><\/p>\n<p><b>Entrada:<\/b><span style=\"font-weight: 400;\"> Gratuita<\/span><\/p>\n<p><span style=\"font-weight: 400;\"><b>A programa\u00e7\u00e3o pode ser conferida na\u00a0<\/b><a href=\"http:\/\/www.facebook.com\/cineclubedaboca\">p\u00e1gina do Facebook.<br \/>\n<\/a><br \/>\n<\/span><\/p>\n<p>&nbsp;<\/p>\n<p><b>CineMental<\/b><\/p>\n<p>&nbsp;<\/p>\n<p><img decoding=\"async\" class=\"wp-image-3472 alignleft\" src=\"https:\/\/www.ufsm.br\/comunicacao\/arco\/wp-content\/uploads\/sites\/601\/2018\/04\/logo_2-1024x1024.jpg\" alt=\"\" width=\"307\" height=\"307\" srcset=\"https:\/\/www.ufsm.br\/app\/uploads\/sites\/601\/2018\/04\/logo_2-1024x1024.jpg 1024w, https:\/\/www.ufsm.br\/app\/uploads\/sites\/601\/2018\/04\/logo_2-150x150.jpg 150w, https:\/\/www.ufsm.br\/app\/uploads\/sites\/601\/2018\/04\/logo_2-300x300.jpg 300w, https:\/\/www.ufsm.br\/app\/uploads\/sites\/601\/2018\/04\/logo_2-768x768.jpg 768w, https:\/\/www.ufsm.br\/app\/uploads\/sites\/601\/2018\/04\/logo_2.jpg 1182w\" sizes=\"(max-width: 307px) 100vw, 307px\" \/><\/p>\n<p><span style=\"font-weight: 400;\">Espa\u00e7o de aprecia\u00e7\u00e3o cinematogr\u00e1fica que promove debate e reflex\u00e3o sobre temas ligados \u00e0 sa\u00fade mental, criado em junho de 2016 e realizado pela Associa\u00e7\u00e3o de Familiares, Amigos e Bipolares de Santa Maria (AFAB) e pelo Espa\u00e7o Nis<\/span><span style=\"font-weight: 400;\">e da Silveira.\u00a0 <\/span><span style=\"font-weight: 400;\">Com um total de quase 500 participantes desde a sua cria\u00e7\u00e3o, j\u00e1 foram exibidos mais de vinte filmes &#8211; todos ligados \u00e0 tem\u00e1tica da sa\u00fade mental &#8211; com o objetivo de levar \u00e0 reflex\u00e3o e \u00e0 amplia\u00e7\u00e3o da vis\u00e3o de mundo dos participantes. De acordo com a psiquiatra e integrante da AFAB<\/span> <span style=\"font-weight: 400;\">Martha Noal<\/span><span style=\"font-weight: 400;\">, o cineclube tamb\u00e9m e<\/span><span style=\"font-weight: 400;\">xerce um papel de inclus\u00e3o e reinser\u00e7\u00e3o social de pessoas em reabilita\u00e7\u00e3o.<\/span><\/p>\n<p>&nbsp;<\/p>\n<p><b>Realiza\u00e7\u00e3o<\/b><span style=\"font-weight: 400;\">: Espa\u00e7o Nise da Silveira &amp; AFAB.<\/span><\/p>\n<p><b>Local<\/b><span style=\"font-weight: 400;\">: Rua Floriano Peixoto, 1750 sala 315. Pr\u00e9dio de Apoio (Antigo Hospital Universit\u00e1rio)<\/span><\/p>\n<p><b>Quando<\/b><span style=\"font-weight: 400;\">: \u00daltima quinta-feira do m\u00eas (exceto dezembro), \u00e0s 14:30h<\/span><\/p>\n<p><b>Entrada:<\/b><span style=\"font-weight: 400;\"> Gratuita<\/span><\/p>\n<p><span style=\"font-weight: 400;\"><b>A programa\u00e7\u00e3o pode ser conferida na<\/b>\u00a0<\/span><a href=\"https:\/\/www.facebook.com\/AFABSM\/\"><span style=\"font-weight: 400;\">p\u00e1gina do Facebook<\/span><\/a><span style=\"font-weight: 400;\">.\u00a0<\/span><\/p>\n<p>&nbsp;<\/p>\n<p>&nbsp;<\/p>\n<p><b> Cineclube Lanterninha Aur\u00e9lio<\/b><\/p>\n<p>&nbsp;<\/p>\n<p><img decoding=\"async\" class=\"size-large wp-image-3471 alignleft\" src=\"https:\/\/www.ufsm.br\/comunicacao\/arco\/wp-content\/uploads\/sites\/601\/2018\/04\/cineclube_lanterninha_aurelio.jpg\" alt=\"\" width=\"400\" height=\"150\" srcset=\"https:\/\/www.ufsm.br\/app\/uploads\/sites\/601\/2018\/04\/cineclube_lanterninha_aurelio.jpg 400w, https:\/\/www.ufsm.br\/app\/uploads\/sites\/601\/2018\/04\/cineclube_lanterninha_aurelio-300x113.jpg 300w\" sizes=\"(max-width: 400px) 100vw, 400px\" \/><\/p>\n<p><span style=\"font-weight: 400;\">O Lanterninha Aur\u00e9lio \u00e9 um dos cineclubes mais antigos do Brasil, completando 40 anos em junho. A Cooperativa dos Estudantes de Santa Maria Ltda \u2013 Cesma fundou o cineclube em 1978 com o objetivo de popularizar e facilitar aos santa-marienses o acesso ao cinema, \u00e0 informa\u00e7\u00e3o e \u00e0 cultura em geral.<\/span><\/p>\n<p><span style=\"font-weight: 400;\">O cineclube foi criado como divulga\u00e7\u00e3o da arte do cinema e como uma forma de possibilitar ao p\u00fablico ver e debater filmes que, por interesse comercial ou de ordem pol\u00edtica e sociol\u00f3gica, n\u00e3o s\u00e3o exibidos no cinema.<\/span><\/p>\n<p><span style=\"font-weight: 400;\">Os filmes s\u00e3o escolhidos de acordo com datas comemorativas, apoios e eventos paralelos. Sempre que poss\u00edvel, no final de cada exibi\u00e7\u00e3o acontece um debate tendo como mediador algum profissional que tenha pesquisado sobre o filme ou sua tem\u00e1tica. Os idealizadores do projeto esperam que o p\u00fablico leve alguma mensagem positiva ou cr\u00edtica em rela\u00e7\u00e3o ao que assistiu.<\/span><\/p>\n<p>&nbsp;<\/p>\n<p><b>Realiza\u00e7\u00e3o:<\/b> <span style=\"font-weight: 400;\">Cooperativa dos Estudantes de Santa Maria Ltda \u2013 CESMA<\/span><\/p>\n<p><b>Local:<\/b><span style=\"font-weight: 400;\"> Audit\u00f3rio da CESMA, Rua Professor Braga, 55<\/span><\/p>\n<p><b>Quando: <\/b><span style=\"font-weight: 400;\">Nas segundas-feiras, \u00e0s 18h (sess\u00f5es semanais)<\/span><\/p>\n<p><b>Entrada:<\/b><span style=\"font-weight: 400;\"> Gratuita<\/span><\/p>\n<p><span style=\"font-weight: 400;\"><b>A programa\u00e7\u00e3o pode ser conferida no<\/b>\u00a0<\/span><a href=\"http:\/\/www.cesma.com.br\/\"><span style=\"font-weight: 400;\">site.<\/span><\/a><\/p>\n<p>&nbsp;<\/p>\n<p>&nbsp;<\/p>\n<p><span style=\"font-weight: 400;\">Texto: Maria Helena da Silva e Martina Irigoyen<\/span><\/p>\n<p>Fotografia: Rafael Happke<\/p>\n","protected":false},"excerpt":{"rendered":"<p>Saiba quais s\u00e3o os locais alternativos de exibi\u00e7\u00e3o de filmes na cidade<\/p>\n","protected":false},"author":0,"featured_media":3474,"comment_status":"open","ping_status":"open","sticky":false,"template":"","format":"standard","meta":{"footnotes":""},"categories":[1524],"tags":[822,824,826,482,828,830,398],"class_list":["post-3469","post","type-post","status-publish","format-standard","has-post-thumbnail","hentry","category-cultura","tag-cine-clube-da-boca","tag-cineclube","tag-cinemental","tag-cultura","tag-filme","tag-lanterninha-aurelio","tag-santa-maria"],"acf":[],"_links":{"self":[{"href":"https:\/\/www.ufsm.br\/midias\/arco\/wp-json\/wp\/v2\/posts\/3469","targetHints":{"allow":["GET"]}}],"collection":[{"href":"https:\/\/www.ufsm.br\/midias\/arco\/wp-json\/wp\/v2\/posts"}],"about":[{"href":"https:\/\/www.ufsm.br\/midias\/arco\/wp-json\/wp\/v2\/types\/post"}],"replies":[{"embeddable":true,"href":"https:\/\/www.ufsm.br\/midias\/arco\/wp-json\/wp\/v2\/comments?post=3469"}],"version-history":[{"count":0,"href":"https:\/\/www.ufsm.br\/midias\/arco\/wp-json\/wp\/v2\/posts\/3469\/revisions"}],"wp:featuredmedia":[{"embeddable":true,"href":"https:\/\/www.ufsm.br\/midias\/arco\/wp-json\/wp\/v2\/media\/3474"}],"wp:attachment":[{"href":"https:\/\/www.ufsm.br\/midias\/arco\/wp-json\/wp\/v2\/media?parent=3469"}],"wp:term":[{"taxonomy":"category","embeddable":true,"href":"https:\/\/www.ufsm.br\/midias\/arco\/wp-json\/wp\/v2\/categories?post=3469"},{"taxonomy":"post_tag","embeddable":true,"href":"https:\/\/www.ufsm.br\/midias\/arco\/wp-json\/wp\/v2\/tags?post=3469"}],"curies":[{"name":"wp","href":"https:\/\/api.w.org\/{rel}","templated":true}]}}