{"id":357,"date":"2016-10-21T16:05:03","date_gmt":"2016-10-21T18:05:03","guid":{"rendered":"https:\/\/www.ufsm.br\/comunicacao\/arco\/2016\/10\/21\/post357\/"},"modified":"2016-10-21T16:05:03","modified_gmt":"2016-10-21T18:05:03","slug":"post357","status":"publish","type":"post","link":"https:\/\/www.ufsm.br\/midias\/arco\/post357","title":{"rendered":"Tradi\u00e7\u00e3o e sexualidade"},"content":{"rendered":"<p>\u201cPor mais conservador, machista e repressivo que possa ser o tradicionalismo, continuam os gays fazendo parte do Movimento\u201d. A frase \u00e9 de \u00c9dipo G\u00f6ergen, mestrando em Geografia pela Universidade Federal de Santa Maria. Ele se interessou pela tem\u00e1tica LGBT ainda no final da gradua\u00e7\u00e3o em Hist\u00f3ria e decidiu continuar a pesquisa na sua p\u00f3s-gradua\u00e7\u00e3o.<\/p>\n<p>&nbsp;<\/p>\n<p><span style=\"font-weight: 400;\">Diversas motiva\u00e7\u00f5es guiaram o pesquisador durante o estudo sobre identidades homossexuais no movimento tradicionalista. A vontade de se inteirar sobre o papel dos homossexuais dentro dos Centros de Tradi\u00e7\u00f5es Ga\u00fachas (CTG), de acordo com \u00c9dipo, era uma delas.<\/span><\/p>\n<p>&nbsp;<\/p>\n<p><span style=\"font-weight: 400;\">Primeiro, o mestrando pretendia escrever sobre espa\u00e7os gays da cidade onde residia, Santo \u00c2ngelo, mas <\/span><span style=\"font-weight: 400;\">o evento do <a href=\"http:\/\/zh.clicrbs.com.br\/rs\/noticias\/noticia\/2014\/09\/casal-gay-celebra-uniao-no-forum-de-livramento-apos-incendio-em-ctg-4597939.html\" target=\"_blank\" rel=\"noopener noreferrer\">casamento homossexual coletivo<\/a><\/span><span style=\"font-weight: 400;\">\u00a0&#8211; que iria acontecer em um CTG de Santana do Livramento e foi muito abordado pela m\u00eddia &#8211; fez com que G\u00f6ergen mudasse o foco do trabalho. Al\u00e9m disso, por ser homossexual e por ter feito parte do Movimento Tradicionalista Ga\u00facho (MTG), \u00c9dipo sentiu o dever de mudar o cen\u00e1rio de preconceito que existe nesse meio. <\/span><\/p>\n<p>&nbsp;<\/p>\n<p><span style=\"font-weight: 400;\">\u201cMe senti respons\u00e1vel em ajudar a dar visibilidade \u00e0 essa realidade, j\u00e1 que muitas pessoas, principalmente as que se mantinham contr\u00e1rias ao referido casamento, acreditavam n\u00e3o existir gays nos CTGs, ou at\u00e9 mesmo, que o MTG n\u00e3o seria lugar para os gays\u201d, relatou o pesquisador.<\/span><\/p>\n<p>&nbsp;<\/p>\n<p><span style=\"font-weight: 400;\"><img fetchpriority=\"high\" decoding=\"async\" style=\"margin: 15px auto; display: block;\" src=\"https:\/\/www.ufsm.br\/midias\/arco\/wp-content\/uploads\/sites\/601\/2021\/05\/24897019690_8e4be06ac1_o.jpg\" alt=\"\" width=\"700\" height=\"465\" \/><\/span><\/p>\n<p>&nbsp;<\/p>\n<p><span style=\"font-weight: 400;\">As quest\u00f5es de g\u00eanero e sexualidade s\u00e3o assuntos complicados para a ci\u00eancia e, segundo \u00c9dipo, mais ainda, para o campo da Geografia. A rela\u00e7\u00e3o da pesquisa com o campo tem a ver com o conceito de territorialidade, uma das cinco categorias de an\u00e1lise do globo terrestre. \u201cCompreendo o Movimento Tradicionalista Ga\u00facho, ou ent\u00e3o o tradicionalismo, como uma territorialidade, ou seja, para alguns autores da Geografia, a parte simb\u00f3lica de um territ\u00f3rio. Da mesma forma, os n\u00facleos de encontro dos tradicionalistas, como os Centros de Tradi\u00e7\u00f5es Ga\u00fachas e os eventos promovidos pelo MTG, como territ\u00f3rios\u201d, disse \u00c9dipo.<\/span><\/p>\n<p>&nbsp;<\/p>\n<p><span style=\"font-weight: 400;\">O pesquisador baseia-se no territ\u00f3rio aliado \u00e0 ideia de identidade. Os dois conceitos conversam, porque a identidade significa a uni\u00e3o de um grupo de pessoas que representam os mesmos ideais e, consequentemente, o mesmo territ\u00f3rio. Assim, o MTG se caracteriza como um espa\u00e7o onde os indiv\u00edduos expressam uma identidade e um territ\u00f3rio. \u201cA quest\u00e3o \u00e9: como um mesmo indiv\u00edduo lida com identidades t\u00e3o paradoxais, a tradicionalista e a homossexual? J\u00e1 que, levando em conta os \u00faltimos estudos, cada indiv\u00edduo pode portar in\u00fameras identidades, dependendo da circunst\u00e2ncia em que se encontra\u201d, comenta o pesquisador.<\/span><\/p>\n<p>&nbsp;<\/p>\n<p><span style=\"font-weight: 400;\">A disserta\u00e7\u00e3o ter\u00e1 outras fases para atingir os objetivos do autor. Uma delas, vai ser a realiza\u00e7\u00e3o de entrevistas com membros homossexuais do MTG, para que ele entenda como ocorre a rela\u00e7\u00e3o entre identidade e territorialidade. O pesquisador apresenta a disserta\u00e7\u00e3o do mestrado no final desse ano.<\/span><\/p>\n<p>Reportagem: Laura Lis Boessio e Marina Fortes<\/p>\n<p>Fotografia de capa: Facebook do \u00c9dipo<br \/>\nFotografia: Camila Mildner<\/p>\n","protected":false},"excerpt":{"rendered":"<p>Mestrando da UFSM realiza pesquisa sobre identidade homossexual no movimento tradicionalista <\/p>\n","protected":false},"author":0,"featured_media":799,"comment_status":"open","ping_status":"open","sticky":false,"template":"","format":"standard","meta":{"footnotes":""},"categories":[1530],"tags":[],"class_list":["post-357","post","type-post","status-publish","format-standard","has-post-thumbnail","hentry","category-dossie-diversidade"],"acf":[],"_links":{"self":[{"href":"https:\/\/www.ufsm.br\/midias\/arco\/wp-json\/wp\/v2\/posts\/357","targetHints":{"allow":["GET"]}}],"collection":[{"href":"https:\/\/www.ufsm.br\/midias\/arco\/wp-json\/wp\/v2\/posts"}],"about":[{"href":"https:\/\/www.ufsm.br\/midias\/arco\/wp-json\/wp\/v2\/types\/post"}],"replies":[{"embeddable":true,"href":"https:\/\/www.ufsm.br\/midias\/arco\/wp-json\/wp\/v2\/comments?post=357"}],"version-history":[{"count":0,"href":"https:\/\/www.ufsm.br\/midias\/arco\/wp-json\/wp\/v2\/posts\/357\/revisions"}],"wp:featuredmedia":[{"embeddable":true,"href":"https:\/\/www.ufsm.br\/midias\/arco\/wp-json\/wp\/v2\/media\/799"}],"wp:attachment":[{"href":"https:\/\/www.ufsm.br\/midias\/arco\/wp-json\/wp\/v2\/media?parent=357"}],"wp:term":[{"taxonomy":"category","embeddable":true,"href":"https:\/\/www.ufsm.br\/midias\/arco\/wp-json\/wp\/v2\/categories?post=357"},{"taxonomy":"post_tag","embeddable":true,"href":"https:\/\/www.ufsm.br\/midias\/arco\/wp-json\/wp\/v2\/tags?post=357"}],"curies":[{"name":"wp","href":"https:\/\/api.w.org\/{rel}","templated":true}]}}