{"id":4209,"date":"2018-08-08T17:38:10","date_gmt":"2018-08-08T20:38:10","guid":{"rendered":"http:\/\/coral.ufsm.br\/arco\/sitenovo\/?p=4209"},"modified":"2021-02-11T20:27:09","modified_gmt":"2021-02-11T23:27:09","slug":"expediente-9","status":"publish","type":"post","link":"https:\/\/www.ufsm.br\/midias\/arco\/expediente-9","title":{"rendered":"Expediente"},"content":{"rendered":"<p><span style=\"font-weight: 400\">9\u00aa EDI\u00c7\u00c3O<\/span><\/p>\n<p><em><span style=\"font-weight: 400\"><strong>Editora-chefe<\/strong>:\u00a0<\/span><span style=\"font-weight: 400\">Luciane Treulieb<\/span><\/em><\/p>\n<p><em><span style=\"font-weight: 400\"><strong>Dire\u00e7\u00e3o de Arte<\/strong>:\u00a0<\/span><span style=\"font-weight: 400\">Juliana Krupahtz<\/span><\/em><\/p>\n<p><em><span style=\"font-weight: 400\"><strong>Rela\u00e7\u00f5es P\u00fablicas e Redes Sociais<\/strong>:\u00a0<\/span><span style=\"font-weight: 400\">Carla Isa Costa<\/span><\/em><\/p>\n<p><em><span style=\"font-weight: 400\"><strong>Fotografias<\/strong>:\u00a0<\/span><span style=\"font-weight: 400\">Juliana Krupahtz e Rafael Happke<\/span><\/em><\/p>\n<p><em><span style=\"font-weight: 400\"><strong>Rep\u00f3rteres<\/strong>:\u00a0<\/span><span style=\"font-weight: 400\">Andressa Canova Motter, Claudine Freiberger Friedrich, Gabriela Pagel, Germano Rama Molardi, Maria Helena da Silva, Mariana da Silva Machado, Sabrina Rodrigues C\u00e1ceres, Tainara Lu\u00edsa Liesenfeld, Vitor Rodrigues de Almeida (acad\u00eamicos de Jornalismo), Laura Strelow Storch e Jo\u00e3o Ricardo Gazzaneo<\/span><\/em><\/p>\n<p><em><span style=\"font-weight: 400\"><strong>Cria\u00e7\u00e3o e Diagrama\u00e7\u00e3o<\/strong>:\u00a0<\/span><span style=\"font-weight: 400\">Deirdre Holanda, Giana Bonilla, Juliana Krupahtz e Pollyana Santoro<\/span><\/em><\/p>\n<p><em><span style=\"font-weight: 400\"><strong>Acad\u00eamicas de Rela\u00e7\u00f5es P\u00fablicas<\/strong>:\u00a0<\/span><span style=\"font-weight: 400\">Andressa Cocco, Marlucy Goulart e Sandrine M\u00fcller <\/span><\/em><\/p>\n<p><em><span style=\"font-weight: 400\"><strong>Colaboradores<\/strong>:\u00a0<\/span><span style=\"font-weight: 400\">Darci Roberto Trevisan Fidler, Helio Jo\u00e3o Bellinaso\u00a0<\/span><span style=\"font-weight: 400\">e Henrique Ribeiro<\/span><\/em><\/p>\n<p><em><span style=\"font-weight: 400\"><strong>Revis\u00e3o<\/strong>:\u00a0<\/span><span style=\"font-weight: 400\">Alcione Manzoni Bidinoto<\/span><\/em><\/p>\n<p><em><span style=\"font-weight: 400\">Apoio:\u00a0<\/span><span style=\"font-weight: 400\">Laborat\u00f3rio de Experimenta\u00e7\u00e3o em Jornalismo<\/span><\/em><\/p>\n","protected":false},"excerpt":{"rendered":"<p>9\u00aa EDI\u00c7\u00c3O \u2013 JUN\/2018<\/p>\n","protected":false},"author":32,"featured_media":4315,"comment_status":"open","ping_status":"open","sticky":false,"template":"","format":"standard","meta":{"footnotes":""},"categories":[1870],"tags":[1028,1048],"class_list":["post-4209","post","type-post","status-publish","format-standard","has-post-thumbnail","hentry","category-expediente-9a-edicao","tag-9a-edicao","tag-expediente"],"acf":[],"_links":{"self":[{"href":"https:\/\/www.ufsm.br\/midias\/arco\/wp-json\/wp\/v2\/posts\/4209","targetHints":{"allow":["GET"]}}],"collection":[{"href":"https:\/\/www.ufsm.br\/midias\/arco\/wp-json\/wp\/v2\/posts"}],"about":[{"href":"https:\/\/www.ufsm.br\/midias\/arco\/wp-json\/wp\/v2\/types\/post"}],"author":[{"embeddable":true,"href":"https:\/\/www.ufsm.br\/midias\/arco\/wp-json\/wp\/v2\/users\/32"}],"replies":[{"embeddable":true,"href":"https:\/\/www.ufsm.br\/midias\/arco\/wp-json\/wp\/v2\/comments?post=4209"}],"version-history":[{"count":0,"href":"https:\/\/www.ufsm.br\/midias\/arco\/wp-json\/wp\/v2\/posts\/4209\/revisions"}],"wp:featuredmedia":[{"embeddable":true,"href":"https:\/\/www.ufsm.br\/midias\/arco\/wp-json\/wp\/v2\/media\/4315"}],"wp:attachment":[{"href":"https:\/\/www.ufsm.br\/midias\/arco\/wp-json\/wp\/v2\/media?parent=4209"}],"wp:term":[{"taxonomy":"category","embeddable":true,"href":"https:\/\/www.ufsm.br\/midias\/arco\/wp-json\/wp\/v2\/categories?post=4209"},{"taxonomy":"post_tag","embeddable":true,"href":"https:\/\/www.ufsm.br\/midias\/arco\/wp-json\/wp\/v2\/tags?post=4209"}],"curies":[{"name":"wp","href":"https:\/\/api.w.org\/{rel}","templated":true}]}}