{"id":4462,"date":"2018-09-10T09:06:28","date_gmt":"2018-09-10T12:06:28","guid":{"rendered":"http:\/\/coral.ufsm.br\/arco\/sitenovo\/?p=4462"},"modified":"2018-09-10T09:06:28","modified_gmt":"2018-09-10T12:06:28","slug":"o-espaco-e-o-limite","status":"publish","type":"post","link":"https:\/\/www.ufsm.br\/midias\/arco\/o-espaco-e-o-limite","title":{"rendered":"O Espa\u00e7o \u00e9 o limite"},"content":{"rendered":"<p><span style=\"font-weight: 400;\">N\u00e3o \u00e9 somente em \u00e9poca de Copa do Mundo que brasileiros viajam \u00e0 R\u00fassia. O pa\u00eds, que tamb\u00e9m \u00e9 uma da grandes pot\u00eancias\u00a0mundiais no setor tecnol\u00f3gico, avivou, desde a eclos\u00e3o da Guerra Fria, seu interesse pelo setor aeroespacial. A partir das compet\u00eancias e conhecimentos adquiridos ao longo dos anos, as institui\u00e7\u00f5es de ensino superior da R\u00fassia aproveitam para oportunizar a outras na\u00e7\u00f5es o acesso a informa\u00e7\u00f5es mais amplas em rela\u00e7\u00e3o \u00e0s <\/span><span style=\"font-weight: 400;\">Tecnologias Espaciais.<\/span><span style=\"font-weight: 400;\">\u00a0Um exemplo \u00e9 o curso\u00a0ofertado na escola de ver\u00e3o da Universidade Aeroespacial de Samara (SGAU), chamado <em>Tecnologias Espaciais do Futuro e Experimentos no Espa\u00e7o,<\/em>\u00a0para a qual, neste ano, foram classificados os acad\u00eamicos do curso de Engenharia Aeroespacial da UFSM Wilcker Neuwald Schinestzki, Jos\u00e9 Carlos Ignacio Gon\u00e7alves Zart e Lorenzzo Quevedo Mantovani.<\/span><\/p>\n<p>&nbsp;<\/p>\n<p><span style=\"font-weight: 400;\">\u00a0<\/span><\/p>\n<p><span style=\"font-weight: 400;\">O curso \u00e9 coorganizado pelo Centro Espacial, pelo Rocket <\/span><i><span style=\"font-weight: 400;\">TsSKB-Progress<\/span><\/i><span style=\"font-weight: 400;\">\u00a0e pela Academia Russa de Ci\u00eancias Espaciais. As aulas s\u00e3o ministradas em ingl\u00eas, contando com a participa\u00e7\u00e3o de estudantes de gradua\u00e7\u00e3o e p\u00f3s-gradua\u00e7\u00e3o pertencentes a diferentes \u00e1reas, como engenharia aeron\u00e1utica, tecnologia da informa\u00e7\u00e3o, telecomunica\u00e7\u00f5es, eletr\u00f4nica, astrof\u00edsica, engenharia aeroespacial e mecatr\u00f4nica. No local, as abordagens de estudo s\u00e3o diversas, indo da gera\u00e7\u00e3o de nanossat\u00e9lites ao movimento relacionado no espa\u00e7o (voo de forma\u00e7\u00e3o). <\/span><\/p>\n<p><span style=\"font-weight: 400;\">\u00a0<\/span><\/p>\n<p><span style=\"font-weight: 400;\">Antes de irem para Samara, os acad\u00eamicos da UFSM passaram por uma sele\u00e7\u00e3o, que consistiu, primeiramente, na an\u00e1lise dos curr\u00edculos, com intermedia\u00e7\u00e3o da Alar &#8211; Faculdades Russas, organiza\u00e7\u00e3o mediadora da ida dos educandos para o territ\u00f3rio eur\u00e1sico. J\u00e1 no curso, na R\u00fassia, os participantes foram divididos em quatro grupos e tiveram que desenvolver um nanossat\u00e9lite para uma poss\u00edvel miss\u00e3o de resgate de um astronauta. <\/span><span style=\"font-weight: 400;\">Wilcker conta que ele e seus colegas, Jos\u00e9 e Lorenzzo, voluntariaram-se par<\/span><span style=\"font-weight: 400;\">a participarem do grupo 1. \u201c<\/span><span style=\"font-weight: 400;\">A m<\/span><span style=\"font-weight: 400;\">iss\u00e3o nos chamou a aten\u00e7\u00e3o por ser bastante desafiadora, visto que \u00e9 algo que, at\u00e9 onde sabemos, nunca foi colocado em pr\u00e1tica. Ao final do projeto, cada grupo teve que apresentar e defender o seu projeto para uma banca de professores e profissionais, respondendo \u00e0s perguntas realizadas no final da apresenta\u00e7\u00e3o\u201d, explica o aluno.\u00a0<\/span><span style=\"font-weight: 400;\">No local, os jovens participaram de palestras sobre tecnologias avan\u00e7adas de nanossat\u00e9lites, design, navega\u00e7\u00e3o e controle. Al\u00e9m disso, eles receberam\u00a0 treinamentos referentes ao emprego de alguns aplicativos, a partir dos quais s\u00e3o constru\u00eddos nanossat\u00e9lites e subsistemas eletr\u00f4nicos. <\/span><\/p>\n<p><span style=\"font-weight: 400;\">\u00a0<\/span><img fetchpriority=\"high\" decoding=\"async\" class=\"aligncenter size-full wp-image-4532\" src=\"https:\/\/www.ufsm.br\/comunicacao\/arco\/wp-content\/uploads\/sites\/601\/2018\/09\/Box02_Samara.png\" alt=\"\" width=\"782\" height=\"471\" srcset=\"https:\/\/www.ufsm.br\/app\/uploads\/sites\/601\/2018\/09\/Box02_Samara.png 782w, https:\/\/www.ufsm.br\/app\/uploads\/sites\/601\/2018\/09\/Box02_Samara-300x181.png 300w, https:\/\/www.ufsm.br\/app\/uploads\/sites\/601\/2018\/09\/Box02_Samara-768x463.png 768w\" sizes=\"(max-width: 782px) 100vw, 782px\" \/><\/p>\n<p>&nbsp;<\/p>\n<p><span style=\"font-weight: 400;\">No ano passado, o tamb\u00e9m acad\u00eamico do curso de Engenharia A<\/span><span style=\"font-weight: 400;\">eroespacial Gabriel de Jesus Coelho da Silva\u00a0<\/span><span style=\"font-weight: 400;\">foi cha<\/span><span style=\"font-weight: 400;\">mado para o mesmo curso, al\u00e9m de outros sete brasileiros. Na \u00e9poca, a forma\u00e7\u00e3o foi dedicada ao anivers\u00e1rio de 60 anos do lan\u00e7amento da Sputnik 1 <\/span><span style=\"font-weight: 400;\">&#8211;<\/span><span style=\"font-weight: 400;\"> miss\u00e3o que enviou o primeiro sat\u00e9lite artificial da Terra &#8211; e aos 75 anos da Universidade de Samara. \u00a0\u00a0<\/span><\/p>\n<p>&nbsp;<\/p>\n<p>&nbsp;<\/p>\n<p><img decoding=\"async\" class=\"aligncenter size-full wp-image-4531\" src=\"https:\/\/www.ufsm.br\/comunicacao\/arco\/wp-content\/uploads\/sites\/601\/2018\/09\/Box01_Samara.png\" alt=\"\" width=\"782\" height=\"409\" srcset=\"https:\/\/www.ufsm.br\/app\/uploads\/sites\/601\/2018\/09\/Box01_Samara.png 782w, https:\/\/www.ufsm.br\/app\/uploads\/sites\/601\/2018\/09\/Box01_Samara-300x157.png 300w, https:\/\/www.ufsm.br\/app\/uploads\/sites\/601\/2018\/09\/Box01_Samara-768x402.png 768w\" sizes=\"(max-width: 782px) 100vw, 782px\" \/><\/p>\n<p>&nbsp;<\/p>\n<p><b>Adapta\u00e7\u00e3o<\/b><\/p>\n<p><span style=\"font-weight: 400;\">\u00a0<\/span><\/p>\n<p><span style=\"font-weight: 400;\">Samara &#8211; conhecida como Kuibyshev de 1935 a 1991 &#8211; \u00e9 a 6\u00aa maior cidade russa, situada na parte sudeste da R\u00fassia Europeia, na liga\u00e7\u00e3o dos rios Volga e Samara. Seu territ\u00f3rio abrange 46.597 hectares, com popula\u00e7\u00e3o de <\/span><span style=\"font-weight: 400;\">1.164.685 habitantes, de acordo com o censo de 2010. Em 2018, o local foi sede da Copa do Mundo, com a Cosmos Arena. <\/span><\/p>\n<p><span style=\"font-weight: 400;\">\u00a0<\/span><\/p>\n<p><span style=\"font-weight: 400;\">Lorenzzo indica ter se adaptado bem \u00e0 cidade. \u201c<\/span><span style=\"font-weight: 400;\">Samara \u00e9 muito bonita, e tem grande hist\u00f3ria no setor Aeroespacial, ent\u00e3o est\u00e1 sendo uma \u00f3tima experi\u00eancia. A universidade possui uma boa infraestrutura e bons professores, al\u00e9m de museus, laborat\u00f3rios e salas de aula bem equipadas. Para se adaptar \u00e0 alimenta\u00e7\u00e3o que demora um pouco\u201d, lamenta.<\/span><\/p>\n<p>&nbsp;<\/p>\n<p><span style=\"font-weight: 400;\">\u00a0<\/span><\/p>\n<figure id=\"attachment_4463\" aria-describedby=\"caption-attachment-4463\" style=\"width: 592px\" class=\"wp-caption aligncenter\"><img decoding=\"async\" class=\"wp-image-4463\" src=\"https:\/\/www.ufsm.br\/comunicacao\/arco\/wp-content\/uploads\/sites\/601\/2018\/08\/meninos-samara-2-1024x768.jpeg\" alt=\"\" width=\"592\" height=\"444\" srcset=\"https:\/\/www.ufsm.br\/app\/uploads\/sites\/601\/2018\/08\/meninos-samara-2-1024x768.jpeg 1024w, https:\/\/www.ufsm.br\/app\/uploads\/sites\/601\/2018\/08\/meninos-samara-2-300x225.jpeg 300w, https:\/\/www.ufsm.br\/app\/uploads\/sites\/601\/2018\/08\/meninos-samara-2-768x576.jpeg 768w, https:\/\/www.ufsm.br\/app\/uploads\/sites\/601\/2018\/08\/meninos-samara-2.jpeg 1280w\" sizes=\"(max-width: 592px) 100vw, 592px\" \/><figcaption id=\"caption-attachment-4463\" class=\"wp-caption-text\">Wilcker Neuwald Schinestzki (E), Lorenzzo Quevedo Mantovani e Jos\u00e9 Carlos Ignacio Gon\u00e7alves Zart, junto ao aluno representante da\u00a0Universidade Federal do ABC (UFABC), de S\u00e3o Paulo, que tamb\u00e9m participa do curso, na R\u00fassia<\/figcaption><\/figure>\n<p><span style=\"font-weight: 400;\">Uma das dificuldades admitidas pelo estudante Jos\u00e9 \u00e9 o idioma. \u201c\u00c9 um pouco dif\u00edcil, pois n\u00e3o domino o idioma russo, por\u00e9m, com a internet, \u00e9 poss\u00edvel utilizar os tradutores para realizar a comunica\u00e7\u00e3o\u201d, admite. Na R\u00fassia, a maioria das pessoas n\u00e3o t\u00eam dom\u00ednio do idioma ingl\u00eas, o que se tornou uma dificuldade para os jovens de Santa Maria. Mas isso parece ser apenas um detalhe, como expressa Jos\u00e9, especialmente pelos pontos tur\u00edsticos que conheceram. \u201cExistem lugares muito bonitos aqui. Conhecemos um museu militar em Toliatti &#8211; cidade cerca de 20km de Samara &#8211; onde eles tinham v\u00e1rios modelos de avi\u00f5es de ca\u00e7a, bombardeiros, m\u00edsseis, blindados e um submarino gigantesco, todos utilizados nas duas guerras. Tamb\u00e9m visitamos um vilarejo pr\u00f3ximo \u00e0 Samara, onde conhecemos as montanhas Zhiguli, um lugar muito bonito\u201d, comenta.<\/span><\/p>\n<p>&nbsp;<\/p>\n<p><span style=\"font-weight: 400;\">A conclus\u00e3o do curso ocorreu no dia 31 de agosto.\u00a0\u00a0<\/span><\/p>\n<p>&nbsp;<\/p>\n<p>&nbsp;<\/p>\n<p><strong>Reportagem:<\/strong> Guilherme de Vargas,\u00a0acad\u00eamico de Jornalismo<\/p>\n<p><strong>Edi\u00e7\u00e3o:<\/strong> Andressa Motter, acad\u00eamica de Jornalismo<\/p>\n<p><strong>Ilustra\u00e7\u00e3o:<\/strong> Lidiane Castagna,\u00a0acad\u00eamica de Desenho Industrial<\/p>\n<p><strong>Fotografia:<\/strong> arquivo pessoal<\/p>\n","protected":false},"excerpt":{"rendered":"<p>Acad\u00eamicos do curso de engenharia aeroespacial da UFSM s\u00e3o selecionados para curso de Tecnologias Espaciais do Futuro e experimentos do Espa\u00e7o, em Samara, na R\u00fassia<\/p>\n","protected":false},"author":0,"featured_media":4533,"comment_status":"open","ping_status":"open","sticky":false,"template":"","format":"standard","meta":{"footnotes":""},"categories":[1523],"tags":[1174,1176,1178,496,1180],"class_list":["post-4462","post","type-post","status-publish","format-standard","has-post-thumbnail","hentry","category-ciencia","tag-engenharia-aeroespacial","tag-missao","tag-nanossatelite","tag-russia","tag-sgau"],"acf":[],"_links":{"self":[{"href":"https:\/\/www.ufsm.br\/midias\/arco\/wp-json\/wp\/v2\/posts\/4462","targetHints":{"allow":["GET"]}}],"collection":[{"href":"https:\/\/www.ufsm.br\/midias\/arco\/wp-json\/wp\/v2\/posts"}],"about":[{"href":"https:\/\/www.ufsm.br\/midias\/arco\/wp-json\/wp\/v2\/types\/post"}],"replies":[{"embeddable":true,"href":"https:\/\/www.ufsm.br\/midias\/arco\/wp-json\/wp\/v2\/comments?post=4462"}],"version-history":[{"count":0,"href":"https:\/\/www.ufsm.br\/midias\/arco\/wp-json\/wp\/v2\/posts\/4462\/revisions"}],"wp:featuredmedia":[{"embeddable":true,"href":"https:\/\/www.ufsm.br\/midias\/arco\/wp-json\/wp\/v2\/media\/4533"}],"wp:attachment":[{"href":"https:\/\/www.ufsm.br\/midias\/arco\/wp-json\/wp\/v2\/media?parent=4462"}],"wp:term":[{"taxonomy":"category","embeddable":true,"href":"https:\/\/www.ufsm.br\/midias\/arco\/wp-json\/wp\/v2\/categories?post=4462"},{"taxonomy":"post_tag","embeddable":true,"href":"https:\/\/www.ufsm.br\/midias\/arco\/wp-json\/wp\/v2\/tags?post=4462"}],"curies":[{"name":"wp","href":"https:\/\/api.w.org\/{rel}","templated":true}]}}