{"id":4484,"date":"2018-09-04T11:41:55","date_gmt":"2018-09-04T14:41:55","guid":{"rendered":"http:\/\/coral.ufsm.br\/arco\/sitenovo\/?p=4484"},"modified":"2021-05-27T12:58:29","modified_gmt":"2021-05-27T15:58:29","slug":"homem-com-h","status":"publish","type":"post","link":"https:\/\/www.ufsm.br\/midias\/arco\/homem-com-h","title":{"rendered":"Homem com H"},"content":{"rendered":"<p><span style=\"font-weight: 400;\">O professor do C<\/span><span style=\"font-weight: 400;\">entro de Educa\u00e7\u00e3o F\u00edsica e Desportos (CEFD) da UFSM Gustavo de Oliveira Duarte pesquisa sobre homens que dan\u00e7am e a rela\u00e7\u00e3o deles com a sexualidade e o processo do envelhecimento<\/span><span style=\"font-weight: 400;\">. Sua tese, defendida em 2013 pela Universidade Federal do Rio Grande do Sul (UFRGS), tem como t\u00edtulo\u00a0<\/span><i><span style=\"font-weight: 400;\">O Bloco das Irenes: articula\u00e7\u00f5es entre amizade, homossexualidade(s) e o processo de envelhecimento, e\u00a0<\/span><\/i><span style=\"font-weight: 400;\">faz uma par\u00e1frase a Caio Fernando de Abreu, uma vez que \u201c<\/span><i><span style=\"font-weight: 400;\">Irenes\u201d<\/span><\/i><span style=\"font-weight: 400;\"> era o termo que o escritor usava para se referir\u00a0 \u00e0 \u201cbicha velha\u201d. <\/span><\/p>\n<p><span style=\"font-weight: 400;\">J\u00e1 em 2017, no p\u00f3s-doutorado que Gustavo realizou na Universidade Federal da Bahia (UFBA), foram realizadas duas exposi\u00e7\u00f5es fotogr\u00e1ficas chamadas <em>Masculinidades dan\u00e7antes\u00a0<\/em>para apresentar os resultados de sua pesquisa.<i> <\/i>A abertura da mostra ocorreu no ano passado, na Escola de Dan\u00e7a da UFBA, e, no dia 13 de agosto de 2018, a exposi\u00e7\u00e3o foi exibida no hall do Centro de Artes e Letras (CAL) da UFSM.<\/span><\/p>\n<p><img fetchpriority=\"high\" decoding=\"async\" class=\"aligncenter size-large wp-image-4487\" src=\"https:\/\/www.ufsm.br\/comunicacao\/arco\/wp-content\/uploads\/sites\/601\/2018\/09\/UFSM.2018.038.024.RA_.jpg\" alt=\"\" width=\"1024\" height=\"683\" srcset=\"https:\/\/www.ufsm.br\/app\/uploads\/sites\/601\/2018\/09\/UFSM.2018.038.024.RA_.jpg 1920w, https:\/\/www.ufsm.br\/app\/uploads\/sites\/601\/2018\/09\/UFSM.2018.038.024.RA_-300x200.jpg 300w, https:\/\/www.ufsm.br\/app\/uploads\/sites\/601\/2018\/09\/UFSM.2018.038.024.RA_-768x512.jpg 768w, https:\/\/www.ufsm.br\/app\/uploads\/sites\/601\/2018\/09\/UFSM.2018.038.024.RA_-1024x683.jpg 1024w, https:\/\/www.ufsm.br\/app\/uploads\/sites\/601\/2018\/09\/UFSM.2018.038.024.RA_-272x182.jpg 272w\" sizes=\"(max-width: 1024px) 100vw, 1024px\" \/><\/p>\n<p><span style=\"font-weight: 400;\">\u201c\u00c0s vezes, na nossa sociedade, h\u00e1 um apagamento. Onde est\u00e3o os homossexuais mais velhos?\u201d, questiona o professor. Gustavo explica que as pessoas tendem a relacionar a velhice com uma fase da vida a partir dos 60 anos, mas o foco da sua pesquisa \u00e9 o processo do envelhecimento e quais s\u00e3o as transforma\u00e7\u00f5es que ocorrem com o corpo dos homens ao longo do tempo.\u00a0\u00a0<\/span><\/p>\n<p><img decoding=\"async\" class=\"aligncenter size-large wp-image-4489\" src=\"https:\/\/www.ufsm.br\/comunicacao\/arco\/wp-content\/uploads\/sites\/601\/2018\/09\/UFSM.2018.038.048.RA_.jpg\" alt=\"\" width=\"1024\" height=\"683\" srcset=\"https:\/\/www.ufsm.br\/app\/uploads\/sites\/601\/2018\/09\/UFSM.2018.038.048.RA_.jpg 1920w, https:\/\/www.ufsm.br\/app\/uploads\/sites\/601\/2018\/09\/UFSM.2018.038.048.RA_-300x200.jpg 300w, https:\/\/www.ufsm.br\/app\/uploads\/sites\/601\/2018\/09\/UFSM.2018.038.048.RA_-768x512.jpg 768w, https:\/\/www.ufsm.br\/app\/uploads\/sites\/601\/2018\/09\/UFSM.2018.038.048.RA_-1024x683.jpg 1024w, https:\/\/www.ufsm.br\/app\/uploads\/sites\/601\/2018\/09\/UFSM.2018.038.048.RA_-272x182.jpg 272w\" sizes=\"(max-width: 1024px) 100vw, 1024px\" \/><\/p>\n<p><span style=\"font-weight: 400;\">Durante a realiza\u00e7\u00e3o do p\u00f3s-doutorado, Gustavo esteve em Portugal, na Faculdade de Motricidade Humana da Universidade de Lisboa, onde come\u00e7ou a coleta de dados se baseando em dois grupos: a Companhia Maior de Artes C\u00eanicas e a Companhia Nacional de Bailados de Dan\u00e7a Cl\u00e1ssica. O professor acompanhou os bailarinos e deu aulas na gradua\u00e7\u00e3o e p\u00f3s-gradua\u00e7\u00e3o da universidade portuguesa, buscando conhecer a realidade no exterior e apresentar sua pesquisa feita em Salvador.<\/span><\/p>\n<p><img decoding=\"async\" class=\"aligncenter size-large wp-image-4491\" src=\"https:\/\/www.ufsm.br\/comunicacao\/arco\/wp-content\/uploads\/sites\/601\/2018\/09\/UFSM.2018.038.062.RA_.jpg\" alt=\"\" width=\"1024\" height=\"683\" srcset=\"https:\/\/www.ufsm.br\/app\/uploads\/sites\/601\/2018\/09\/UFSM.2018.038.062.RA_.jpg 1920w, https:\/\/www.ufsm.br\/app\/uploads\/sites\/601\/2018\/09\/UFSM.2018.038.062.RA_-300x200.jpg 300w, https:\/\/www.ufsm.br\/app\/uploads\/sites\/601\/2018\/09\/UFSM.2018.038.062.RA_-768x512.jpg 768w, https:\/\/www.ufsm.br\/app\/uploads\/sites\/601\/2018\/09\/UFSM.2018.038.062.RA_-1024x683.jpg 1024w, https:\/\/www.ufsm.br\/app\/uploads\/sites\/601\/2018\/09\/UFSM.2018.038.062.RA_-272x182.jpg 272w\" sizes=\"(max-width: 1024px) 100vw, 1024px\" \/><\/p>\n<p><span style=\"font-weight: 400;\">Grande parte da coleta de dados para o p\u00f3s-doutorado, contudo, foi realizada na Escola de Dan\u00e7a da UFBA, que \u00e9 a primeira gradua\u00e7\u00e3o de Dan\u00e7a do Brasil. As fotos que foram apresentadas na exposi\u00e7\u00e3o n\u00e3o s\u00e3o de autoria de Gustavo, mas sim dos bailarinos entrevistados por ele. O artista explica como foi o processo de escolha das imagens: \u201cPedi que eles [os bailarinos] selecionassem de tr\u00eas a cinco fotos mais significativas da sua trajet\u00f3ria art\u00edstica, ent\u00e3o \u00e9 um acervo riqu\u00edssimo. Dialoga com a hist\u00f3ria da dan\u00e7a da Bahia e do Brasil\u201d.<\/span><\/p>\n<p><span style=\"font-weight: 400;\">Juntamente com a exposi\u00e7\u00e3o de fotos, o professor apresentou,\u00a0no CAL da UFSM, uma coreografia de sua autoria. A dan\u00e7a tem o nome<\/span><i><span style=\"font-weight: 400;\"> 4222:DziOhno <\/span><\/i><span style=\"font-weight: 400;\">e foi inspirada no grupo DziCroquettes e no artista Kazuo Ohno. Em Salvador, Duarte dan\u00e7ou junto com seu aluno Bruno Parisotto. Na sua reprodu\u00e7\u00e3o realizada na UFSM, o professor dan\u00e7ou sozinho ao som de <\/span><i><span style=\"font-weight: 400;\">Homem com H, <\/span><\/i><span style=\"font-weight: 400;\">m\u00fasica gravada por Ney Matogrosso: \u201ca recep\u00e7\u00e3o foi bem afetiva, ainda que com um certo estranhamento pela tem\u00e1tica\u201d. Ele afirma que vai fazer a exibi\u00e7\u00e3o novamente em diferentes centros, como o CEFD e o Centro de Educa\u00e7\u00e3o, e pretende levar a apresenta\u00e7\u00e3o para as escolas.<\/span><\/p>\n<p><img loading=\"lazy\" decoding=\"async\" class=\"aligncenter size-large wp-image-4488\" src=\"https:\/\/www.ufsm.br\/comunicacao\/arco\/wp-content\/uploads\/sites\/601\/2018\/09\/UFSM.2018.038.045.RA_.jpg\" alt=\"\" width=\"1024\" height=\"683\" srcset=\"https:\/\/www.ufsm.br\/app\/uploads\/sites\/601\/2018\/09\/UFSM.2018.038.045.RA_.jpg 1920w, https:\/\/www.ufsm.br\/app\/uploads\/sites\/601\/2018\/09\/UFSM.2018.038.045.RA_-300x200.jpg 300w, https:\/\/www.ufsm.br\/app\/uploads\/sites\/601\/2018\/09\/UFSM.2018.038.045.RA_-768x512.jpg 768w, https:\/\/www.ufsm.br\/app\/uploads\/sites\/601\/2018\/09\/UFSM.2018.038.045.RA_-1024x683.jpg 1024w, https:\/\/www.ufsm.br\/app\/uploads\/sites\/601\/2018\/09\/UFSM.2018.038.045.RA_-272x182.jpg 272w\" sizes=\"(max-width: 1024px) 100vw, 1024px\" \/><\/p>\n<p>A ideia \u00e9 expandir os conhecimentos tamb\u00e9m para fora da UFSM, ao oferecer oficinas sobre dan\u00e7a, sexual<span style=\"font-weight: 400;\">idade e g\u00eanero em escolas.<\/span><span style=\"font-weight: 400;\"> O professor<\/span><span style=\"font-weight: 400;\"> comenta sobre a import\u00e2ncia da tem\u00e1tica apresentada: \u201cA gente come\u00e7a a trabalhar essa perspectiva e paradigma da inclus\u00e3o e diversidade &#8211; que \u00e9 um ganho do g\u00eanero, sexualidade, negritude, defici\u00eancia &#8211; desde a gradua\u00e7\u00e3o. Se o professor artista n\u00e3o tocar nisso, quem vai tocar? A quest\u00e3o de reflex\u00e3o cr\u00edtica sobre corpo, sociedade e mundo, de certa forma, \u00e9 uma fun\u00e7\u00e3o do artista\u201d.<\/span><\/p>\n<p><img loading=\"lazy\" decoding=\"async\" class=\"aligncenter size-large wp-image-4490\" src=\"https:\/\/www.ufsm.br\/comunicacao\/arco\/wp-content\/uploads\/sites\/601\/2018\/09\/UFSM.2018.038.056.RA_.jpg\" alt=\"\" width=\"1024\" height=\"683\" srcset=\"https:\/\/www.ufsm.br\/app\/uploads\/sites\/601\/2018\/09\/UFSM.2018.038.056.RA_.jpg 1920w, https:\/\/www.ufsm.br\/app\/uploads\/sites\/601\/2018\/09\/UFSM.2018.038.056.RA_-300x200.jpg 300w, https:\/\/www.ufsm.br\/app\/uploads\/sites\/601\/2018\/09\/UFSM.2018.038.056.RA_-768x512.jpg 768w, https:\/\/www.ufsm.br\/app\/uploads\/sites\/601\/2018\/09\/UFSM.2018.038.056.RA_-1024x683.jpg 1024w, https:\/\/www.ufsm.br\/app\/uploads\/sites\/601\/2018\/09\/UFSM.2018.038.056.RA_-272x182.jpg 272w\" sizes=\"(max-width: 1024px) 100vw, 1024px\" \/><\/p>\n<p><img loading=\"lazy\" decoding=\"async\" class=\"aligncenter size-large wp-image-4492\" src=\"https:\/\/www.ufsm.br\/comunicacao\/arco\/wp-content\/uploads\/sites\/601\/2018\/09\/UFSM.2018.038.073.RA_.jpg\" alt=\"\" width=\"683\" height=\"1024\" srcset=\"https:\/\/www.ufsm.br\/app\/uploads\/sites\/601\/2018\/09\/UFSM.2018.038.073.RA_.jpg 1280w, https:\/\/www.ufsm.br\/app\/uploads\/sites\/601\/2018\/09\/UFSM.2018.038.073.RA_-200x300.jpg 200w, https:\/\/www.ufsm.br\/app\/uploads\/sites\/601\/2018\/09\/UFSM.2018.038.073.RA_-768x1152.jpg 768w, https:\/\/www.ufsm.br\/app\/uploads\/sites\/601\/2018\/09\/UFSM.2018.038.073.RA_-683x1024.jpg 683w\" sizes=\"(max-width: 683px) 100vw, 683px\" \/><\/p>\n<p><b>Reportagem: <\/b><span style=\"font-weight: 400;\">Martina Irigoyen. acad\u00eamica de Jornalismo<\/span><span style=\"font-weight: 400;\"><br \/>\n<\/span><b>Edi\u00e7\u00e3o<\/b><span style=\"font-weight: 400;\">: Tainara Liesenfeld, acad\u00eamica de Jornalismo<\/span><\/p>\n<p><b>Fotografia:<\/b><span style=\"font-weight: 400;\"> Rafael Happke<\/span><\/p>\n","protected":false},"excerpt":{"rendered":"<p>Exposi\u00e7\u00e3o realizada no Centro de Artes e Letras provoca reflex\u00e3o sobre masculinidade, sexualidade e envelhecimento<\/p>\n","protected":false},"author":26,"featured_media":4486,"comment_status":"open","ping_status":"open","sticky":false,"template":"","format":"standard","meta":{"footnotes":""},"categories":[1524],"tags":[484,482,48,344,1202,1204,1108,1206],"class_list":["post-4484","post","type-post","status-publish","format-standard","has-post-thumbnail","hentry","category-cultura","tag-centro-de-artes-e-letras","tag-cultura","tag-danca","tag-exposicao","tag-fotos","tag-masculinidades","tag-sexualidade","tag-tese"],"acf":[],"_links":{"self":[{"href":"https:\/\/www.ufsm.br\/midias\/arco\/wp-json\/wp\/v2\/posts\/4484","targetHints":{"allow":["GET"]}}],"collection":[{"href":"https:\/\/www.ufsm.br\/midias\/arco\/wp-json\/wp\/v2\/posts"}],"about":[{"href":"https:\/\/www.ufsm.br\/midias\/arco\/wp-json\/wp\/v2\/types\/post"}],"author":[{"embeddable":true,"href":"https:\/\/www.ufsm.br\/midias\/arco\/wp-json\/wp\/v2\/users\/26"}],"replies":[{"embeddable":true,"href":"https:\/\/www.ufsm.br\/midias\/arco\/wp-json\/wp\/v2\/comments?post=4484"}],"version-history":[{"count":0,"href":"https:\/\/www.ufsm.br\/midias\/arco\/wp-json\/wp\/v2\/posts\/4484\/revisions"}],"wp:featuredmedia":[{"embeddable":true,"href":"https:\/\/www.ufsm.br\/midias\/arco\/wp-json\/wp\/v2\/media\/4486"}],"wp:attachment":[{"href":"https:\/\/www.ufsm.br\/midias\/arco\/wp-json\/wp\/v2\/media?parent=4484"}],"wp:term":[{"taxonomy":"category","embeddable":true,"href":"https:\/\/www.ufsm.br\/midias\/arco\/wp-json\/wp\/v2\/categories?post=4484"},{"taxonomy":"post_tag","embeddable":true,"href":"https:\/\/www.ufsm.br\/midias\/arco\/wp-json\/wp\/v2\/tags?post=4484"}],"curies":[{"name":"wp","href":"https:\/\/api.w.org\/{rel}","templated":true}]}}