{"id":4700,"date":"2018-10-16T15:15:06","date_gmt":"2018-10-16T18:15:06","guid":{"rendered":"http:\/\/coral.ufsm.br\/arco\/sitenovo\/?p=4700"},"modified":"2018-10-16T15:15:06","modified_gmt":"2018-10-16T18:15:06","slug":"o-que-bate-dentro-de-nos","status":"publish","type":"post","link":"https:\/\/www.ufsm.br\/midias\/arco\/o-que-bate-dentro-de-nos","title":{"rendered":"O que bate dentro de n\u00f3s"},"content":{"rendered":"<p><span style=\"font-weight: 500;\">Do dia 26 ao dia 30 de setembro deste ano, Santa Maria recebeu o Programa de Extens\u00e3o em Percuss\u00e3o da Universidade Federal de Pelotas (UFPel), o <\/span><a href=\"https:\/\/www.facebook.com\/pepeu.ufpel.5\" target=\"_blank\" rel=\"noopener noreferrer\"><span style=\"font-weight: 500;\">Pepeu<\/span><\/a><span style=\"font-weight: 500;\">. Criado em 2013 pelo percussionista Jos\u00e9 Everton Rozzini, o projeto busca relacionar os conhecimentos obtidos dentro da universidade com os saberes populares. O espet\u00e1culo <\/span><i><span style=\"font-weight: 500;\">O Tambor Que Habita Meu Peito<\/span><\/i><span style=\"font-weight: 500;\">, criado por alunos de M\u00fasica &#8211; Licenciatura e outros cursos da UFPel, passou em escolas de educa\u00e7\u00e3o p\u00fablic<\/span>a, pelo campus central da UFSM e por outros locais de Santa Maria.<\/p>\n<p><img fetchpriority=\"high\" decoding=\"async\" class=\"aligncenter size-large wp-image-4706\" src=\"https:\/\/www.ufsm.br\/comunicacao\/arco\/wp-content\/uploads\/sites\/601\/2018\/10\/UFSM.2018.043.099-1024x683.jpg\" alt=\"\" width=\"1024\" height=\"683\" srcset=\"https:\/\/www.ufsm.br\/app\/uploads\/sites\/601\/2018\/10\/UFSM.2018.043.099-1024x683.jpg 1024w, https:\/\/www.ufsm.br\/app\/uploads\/sites\/601\/2018\/10\/UFSM.2018.043.099-300x200.jpg 300w, https:\/\/www.ufsm.br\/app\/uploads\/sites\/601\/2018\/10\/UFSM.2018.043.099-768x512.jpg 768w, https:\/\/www.ufsm.br\/app\/uploads\/sites\/601\/2018\/10\/UFSM.2018.043.099-272x182.jpg 272w, https:\/\/www.ufsm.br\/app\/uploads\/sites\/601\/2018\/10\/UFSM.2018.043.099.jpg 1920w\" sizes=\"(max-width: 1024px) 100vw, 1024px\" \/><\/p>\n<p><img decoding=\"async\" class=\"aligncenter size-large wp-image-4704\" src=\"https:\/\/www.ufsm.br\/comunicacao\/arco\/wp-content\/uploads\/sites\/601\/2018\/10\/UFSM.2018.043.050-1024x683.jpg\" alt=\"\" width=\"1024\" height=\"683\" srcset=\"https:\/\/www.ufsm.br\/app\/uploads\/sites\/601\/2018\/10\/UFSM.2018.043.050-1024x683.jpg 1024w, https:\/\/www.ufsm.br\/app\/uploads\/sites\/601\/2018\/10\/UFSM.2018.043.050-300x200.jpg 300w, https:\/\/www.ufsm.br\/app\/uploads\/sites\/601\/2018\/10\/UFSM.2018.043.050-768x512.jpg 768w, https:\/\/www.ufsm.br\/app\/uploads\/sites\/601\/2018\/10\/UFSM.2018.043.050-272x182.jpg 272w, https:\/\/www.ufsm.br\/app\/uploads\/sites\/601\/2018\/10\/UFSM.2018.043.050.jpg 1920w\" sizes=\"(max-width: 1024px) 100vw, 1024px\" \/><\/p>\n<p><span style=\"font-weight: 500;\">Como regente do espet\u00e1culo, Jos\u00e9 Everton conta que a ideia era realizar a\u00e7\u00f5es e cortejos em salas de aula e locais p\u00fablicos que envolvessem diretamente a comunidade. Para ele, uma das partes mais importantes da iniciativa \u00e9 \u201ca possibilidade de os alunos da UFPel terem seu desenvolvimento acontecendo de forma que eles possam ser os protagonistas dos processos\u201d. O nome do projeto faz uma analogia ao cora\u00e7\u00e3o humano e, neste sentido, os alunos tocam para mostrar o tambor que bate dentro de cada pessoa, estabelecendo uma conex\u00e3o musical, \u00a0humana e social com o p\u00fablico.<\/span><\/p>\n<p><img decoding=\"async\" class=\"aligncenter size-large wp-image-4707\" src=\"https:\/\/www.ufsm.br\/comunicacao\/arco\/wp-content\/uploads\/sites\/601\/2018\/10\/UFSM.2018.043.105-1024x683.jpg\" alt=\"\" width=\"1024\" height=\"683\" srcset=\"https:\/\/www.ufsm.br\/app\/uploads\/sites\/601\/2018\/10\/UFSM.2018.043.105-1024x683.jpg 1024w, https:\/\/www.ufsm.br\/app\/uploads\/sites\/601\/2018\/10\/UFSM.2018.043.105-300x200.jpg 300w, https:\/\/www.ufsm.br\/app\/uploads\/sites\/601\/2018\/10\/UFSM.2018.043.105-768x512.jpg 768w, https:\/\/www.ufsm.br\/app\/uploads\/sites\/601\/2018\/10\/UFSM.2018.043.105-272x182.jpg 272w, https:\/\/www.ufsm.br\/app\/uploads\/sites\/601\/2018\/10\/UFSM.2018.043.105.jpg 1920w\" sizes=\"(max-width: 1024px) 100vw, 1024px\" \/><\/p>\n<p><img loading=\"lazy\" decoding=\"async\" class=\"aligncenter size-large wp-image-4703\" src=\"https:\/\/www.ufsm.br\/comunicacao\/arco\/wp-content\/uploads\/sites\/601\/2018\/10\/UFSM.2018.043.036-1024x683.jpg\" alt=\"\" width=\"1024\" height=\"683\" srcset=\"https:\/\/www.ufsm.br\/app\/uploads\/sites\/601\/2018\/10\/UFSM.2018.043.036-1024x683.jpg 1024w, https:\/\/www.ufsm.br\/app\/uploads\/sites\/601\/2018\/10\/UFSM.2018.043.036-300x200.jpg 300w, https:\/\/www.ufsm.br\/app\/uploads\/sites\/601\/2018\/10\/UFSM.2018.043.036-768x512.jpg 768w, https:\/\/www.ufsm.br\/app\/uploads\/sites\/601\/2018\/10\/UFSM.2018.043.036-272x182.jpg 272w, https:\/\/www.ufsm.br\/app\/uploads\/sites\/601\/2018\/10\/UFSM.2018.043.036.jpg 1920w\" sizes=\"(max-width: 1024px) 100vw, 1024px\" \/><\/p>\n<p><span style=\"font-weight: 500;\">Entre os dias de espet\u00e1culo, se destacaram os realizados no Theatro Treze de Maio (27) e no Centro de Conven\u00e7\u00f5es da UFSM (30). Atrav\u00e9s de uma parceria com a Pr\u00f3-Reitoria de Extens\u00e3o da UFSM, os alunos da UFPel puderam preparar uma pr\u00e1tica musical coletiva na qual mostravam seu repert\u00f3rio para a comunidade. Al\u00e9m disso, no dia 30, os participantes do Pepeu tamb\u00e9m receberam o percussionista Sandro Cartier e o grupo <\/span><a href=\"https:\/\/www.facebook.com\/confrariadebateras\/\" target=\"_blank\" rel=\"noopener noreferrer\"><span style=\"font-weight: 500;\">Confraria dos Bateras<\/span><\/a><span style=\"font-weight: 500;\">. J\u00e1 no Theatro, al\u00e9m das m\u00fasicas apresentadas, os percussionistas contaram com a presen\u00e7a do grupo santa-mariense Cuica (Cultura, Inclus\u00e3o, Cidadania e Artes).<br \/>\n<\/span><\/p>\n<p><img loading=\"lazy\" decoding=\"async\" class=\"aligncenter size-large wp-image-4710\" src=\"https:\/\/www.ufsm.br\/comunicacao\/arco\/wp-content\/uploads\/sites\/601\/2018\/10\/UFSM.2018.043.136-1024x683.jpg\" alt=\"\" width=\"1024\" height=\"683\" srcset=\"https:\/\/www.ufsm.br\/app\/uploads\/sites\/601\/2018\/10\/UFSM.2018.043.136-1024x683.jpg 1024w, https:\/\/www.ufsm.br\/app\/uploads\/sites\/601\/2018\/10\/UFSM.2018.043.136-300x200.jpg 300w, https:\/\/www.ufsm.br\/app\/uploads\/sites\/601\/2018\/10\/UFSM.2018.043.136-768x512.jpg 768w, https:\/\/www.ufsm.br\/app\/uploads\/sites\/601\/2018\/10\/UFSM.2018.043.136-272x182.jpg 272w, https:\/\/www.ufsm.br\/app\/uploads\/sites\/601\/2018\/10\/UFSM.2018.043.136.jpg 1920w\" sizes=\"(max-width: 1024px) 100vw, 1024px\" \/><\/p>\n<p><span style=\"font-weight: 500;\"><img loading=\"lazy\" decoding=\"async\" class=\"aligncenter size-large wp-image-4705\" src=\"https:\/\/www.ufsm.br\/comunicacao\/arco\/wp-content\/uploads\/sites\/601\/2018\/10\/UFSM.2018.043.084-1024x683.jpg\" alt=\"\" width=\"1024\" height=\"683\" srcset=\"https:\/\/www.ufsm.br\/app\/uploads\/sites\/601\/2018\/10\/UFSM.2018.043.084-1024x683.jpg 1024w, https:\/\/www.ufsm.br\/app\/uploads\/sites\/601\/2018\/10\/UFSM.2018.043.084-300x200.jpg 300w, https:\/\/www.ufsm.br\/app\/uploads\/sites\/601\/2018\/10\/UFSM.2018.043.084-768x512.jpg 768w, https:\/\/www.ufsm.br\/app\/uploads\/sites\/601\/2018\/10\/UFSM.2018.043.084-272x182.jpg 272w, https:\/\/www.ufsm.br\/app\/uploads\/sites\/601\/2018\/10\/UFSM.2018.043.084.jpg 1920w\" sizes=\"(max-width: 1024px) 100vw, 1024px\" \/><\/span><\/p>\n<p><b>Reportagem: <\/b>Paulo C\u00e9sar Ferraz, acad\u00eamico de Jornalismo<b><br \/>\nEdi\u00e7\u00e3o: <\/b><span style=\"font-weight: 500;\">Tainara Liesenfeld, acad\u00eamica de Jornalismo<\/span><\/p>\n<p><b>Fotografia: <\/b><span style=\"font-weight: 500;\">Rafael Happke<\/span><\/p>\n","protected":false},"excerpt":{"rendered":"<p>UFPel e UFSM fazem parceria para apresentar o espet\u00e1culo &#8220;O tambor que habita meu peito&#8221; em Santa Maria<\/p>\n","protected":false},"author":0,"featured_media":4708,"comment_status":"open","ping_status":"open","sticky":false,"template":"","format":"standard","meta":{"footnotes":""},"categories":[1524],"tags":[1270,482,624,456,1272,1274,1276,1278,88],"class_list":["post-4700","post","type-post","status-publish","format-standard","has-post-thumbnail","hentry","category-cultura","tag-cuica","tag-cultura","tag-espetaculo","tag-musica","tag-pepeu","tag-percussao","tag-tambor","tag-ufpel","tag-ufsm"],"acf":[],"_links":{"self":[{"href":"https:\/\/www.ufsm.br\/midias\/arco\/wp-json\/wp\/v2\/posts\/4700","targetHints":{"allow":["GET"]}}],"collection":[{"href":"https:\/\/www.ufsm.br\/midias\/arco\/wp-json\/wp\/v2\/posts"}],"about":[{"href":"https:\/\/www.ufsm.br\/midias\/arco\/wp-json\/wp\/v2\/types\/post"}],"replies":[{"embeddable":true,"href":"https:\/\/www.ufsm.br\/midias\/arco\/wp-json\/wp\/v2\/comments?post=4700"}],"version-history":[{"count":0,"href":"https:\/\/www.ufsm.br\/midias\/arco\/wp-json\/wp\/v2\/posts\/4700\/revisions"}],"wp:featuredmedia":[{"embeddable":true,"href":"https:\/\/www.ufsm.br\/midias\/arco\/wp-json\/wp\/v2\/media\/4708"}],"wp:attachment":[{"href":"https:\/\/www.ufsm.br\/midias\/arco\/wp-json\/wp\/v2\/media?parent=4700"}],"wp:term":[{"taxonomy":"category","embeddable":true,"href":"https:\/\/www.ufsm.br\/midias\/arco\/wp-json\/wp\/v2\/categories?post=4700"},{"taxonomy":"post_tag","embeddable":true,"href":"https:\/\/www.ufsm.br\/midias\/arco\/wp-json\/wp\/v2\/tags?post=4700"}],"curies":[{"name":"wp","href":"https:\/\/api.w.org\/{rel}","templated":true}]}}