{"id":4782,"date":"2018-10-31T17:58:57","date_gmt":"2018-10-31T20:58:57","guid":{"rendered":"http:\/\/coral.ufsm.br\/arco\/sitenovo\/?p=4782"},"modified":"2018-10-31T17:58:57","modified_gmt":"2018-10-31T20:58:57","slug":"movimentos-da-singularidade","status":"publish","type":"post","link":"https:\/\/www.ufsm.br\/midias\/arco\/movimentos-da-singularidade","title":{"rendered":"Movimentos da singularidade"},"content":{"rendered":"<p><span style=\"font-weight: 400;\">As express\u00f5es corporais art\u00edsticas s\u00e3o capazes de contar hist\u00f3rias atrav\u00e9s das lembran\u00e7as e emo\u00e7\u00f5es, tanto dos artistas quanto do p\u00fablico. Na UFSM, essa intera\u00e7\u00e3o entre artistas e plateia \u00e9 colocada em pr\u00e1tica em cursos como o de Dan\u00e7a-Bacharelado, no qual uma das etapas necess\u00e1rias para a conclus\u00e3o \u00e9 a apresenta\u00e7\u00e3o de um espet\u00e1culo. Nas noites dos dias 9, 10 e 11 de outubro foi levado ao p\u00fablico o resultado do processo de cria\u00e7\u00e3o chamado <\/span><i><span style=\"font-weight: 400;\">COISAS VELADAS que abrem BRECHAS para o ENCONTRO dos CAMINHOS QUE HABITO<\/span><\/i><span style=\"font-weight: 400;\"> com orienta\u00e7\u00e3o e dire\u00e7\u00e3o do professor Fl\u00e1vio Campos e performance pelas bailarinas e formandas Joana Fernandes, Let\u00edcia Nascimento Gomes, Mylena Moreira e Sariana Lima.<\/span><\/p>\n<p><img fetchpriority=\"high\" decoding=\"async\" class=\"aligncenter size-large wp-image-4787\" src=\"https:\/\/www.ufsm.br\/comunicacao\/arco\/wp-content\/uploads\/sites\/601\/2018\/10\/002-1024x683.jpg\" alt=\"\" width=\"1024\" height=\"683\" srcset=\"https:\/\/www.ufsm.br\/app\/uploads\/sites\/601\/2018\/10\/002-1024x683.jpg 1024w, https:\/\/www.ufsm.br\/app\/uploads\/sites\/601\/2018\/10\/002-300x200.jpg 300w, https:\/\/www.ufsm.br\/app\/uploads\/sites\/601\/2018\/10\/002-768x512.jpg 768w, https:\/\/www.ufsm.br\/app\/uploads\/sites\/601\/2018\/10\/002-272x182.jpg 272w, https:\/\/www.ufsm.br\/app\/uploads\/sites\/601\/2018\/10\/002.jpg 1920w\" sizes=\"(max-width: 1024px) 100vw, 1024px\" \/><\/p>\n<p><span style=\"font-weight: 400;\">As palavras em mai\u00fasculo do nome do espet\u00e1culo fazem refer\u00eancia ao solo (dan\u00e7a individual) de cada dan\u00e7arina. As c\u00e9lulas, como s\u00e3o chamadas a cria\u00e7\u00e3o dos solos, foram pensadas durante o Trabalho de Conclus\u00e3o de Curso 1. Entre as provoca\u00e7\u00f5es que moveram esse projeto estava o questionamento feito pelo professor Fl\u00e1vio: \u00a0\u201c<\/span><i><span style=\"font-weight: 400;\">qual era o corpo que ocupava, ou ainda, que entrava e saia deste antes, durante e depois da gradua\u00e7\u00e3o em dan\u00e7a?\u201d. <\/span><\/i><span style=\"font-weight: 400;\">No meio do ano, o solo culminou em um projeto individual que foi chamado de \u201cpretexto de estudo\u201d e apresentado ao p\u00fablico.<\/span><\/p>\n<p><img decoding=\"async\" class=\"aligncenter size-large wp-image-4789\" src=\"https:\/\/www.ufsm.br\/comunicacao\/arco\/wp-content\/uploads\/sites\/601\/2018\/10\/005-1024x683.jpg\" alt=\"\" width=\"1024\" height=\"683\" srcset=\"https:\/\/www.ufsm.br\/app\/uploads\/sites\/601\/2018\/10\/005-1024x683.jpg 1024w, https:\/\/www.ufsm.br\/app\/uploads\/sites\/601\/2018\/10\/005-300x200.jpg 300w, https:\/\/www.ufsm.br\/app\/uploads\/sites\/601\/2018\/10\/005-768x512.jpg 768w, https:\/\/www.ufsm.br\/app\/uploads\/sites\/601\/2018\/10\/005-272x182.jpg 272w, https:\/\/www.ufsm.br\/app\/uploads\/sites\/601\/2018\/10\/005.jpg 1920w\" sizes=\"(max-width: 1024px) 100vw, 1024px\" \/><\/p>\n<p><span style=\"font-weight: 400;\">Segundo o professor, o objetivo principal do processo \u00e9 que cada dan\u00e7arina entre em contato com aquilo que \u00e9 mais significativo em rela\u00e7\u00e3o \u00e0 expressividade e aos sentidos individuais. As bailarinas s\u00e3o incentivadas a pensar sobre aspectos do corpo antes, durante e depois dessa experi\u00eancia em forma\u00e7\u00e3o de dan\u00e7a. Esse processo possui uma trajet\u00f3ria muito al\u00e9m da execu\u00e7\u00e3o, pois possui uma abordagem integrativa que associa conte\u00fados e aspectos sociais, culturais, emocionais, pol\u00edticos e hist\u00f3ricos, al\u00e9m de viv\u00eancias fora e dentro da Universidade.<\/span><\/p>\n<p><img decoding=\"async\" class=\"aligncenter size-large wp-image-4786\" src=\"https:\/\/www.ufsm.br\/comunicacao\/arco\/wp-content\/uploads\/sites\/601\/2018\/10\/001-1024x683.jpg\" alt=\"\" width=\"1024\" height=\"683\" srcset=\"https:\/\/www.ufsm.br\/app\/uploads\/sites\/601\/2018\/10\/001-1024x683.jpg 1024w, https:\/\/www.ufsm.br\/app\/uploads\/sites\/601\/2018\/10\/001-300x200.jpg 300w, https:\/\/www.ufsm.br\/app\/uploads\/sites\/601\/2018\/10\/001-768x512.jpg 768w, https:\/\/www.ufsm.br\/app\/uploads\/sites\/601\/2018\/10\/001-272x182.jpg 272w, https:\/\/www.ufsm.br\/app\/uploads\/sites\/601\/2018\/10\/001.jpg 1920w\" sizes=\"(max-width: 1024px) 100vw, 1024px\" \/><\/p>\n<p><span style=\"font-weight: 400;\">Com a afirma\u00e7\u00e3o de que \u201cn\u00e3o se faz arte sozinho\u201d, o professor Fl\u00e1vio ressalta a import\u00e2ncia e o feitio da integra\u00e7\u00e3o entre os cursos. Para criar a apresenta\u00e7\u00e3o, colaboraram acad\u00eamicos de Terapia Ocupacional, M\u00fasica, Artes Visuais, Licenciatura em Dan\u00e7a, colegas do Laborat\u00f3rio Espa\u00e7oCorpo, entre outros acad\u00eamicos de dan\u00e7a. O figurino, o cen\u00e1rio e a m\u00fasica foram pensados no processo de cria\u00e7\u00e3o e surgiram a partir disso com a colabora\u00e7\u00e3o do coletivo, nada foi trazido de fora da institui\u00e7\u00e3o.<\/span><\/p>\n<p><img loading=\"lazy\" decoding=\"async\" class=\"aligncenter size-large wp-image-4785\" src=\"https:\/\/www.ufsm.br\/comunicacao\/arco\/wp-content\/uploads\/sites\/601\/2018\/10\/000-1024x683.jpg\" alt=\"\" width=\"1024\" height=\"683\" srcset=\"https:\/\/www.ufsm.br\/app\/uploads\/sites\/601\/2018\/10\/000-1024x683.jpg 1024w, https:\/\/www.ufsm.br\/app\/uploads\/sites\/601\/2018\/10\/000-300x200.jpg 300w, https:\/\/www.ufsm.br\/app\/uploads\/sites\/601\/2018\/10\/000-768x512.jpg 768w, https:\/\/www.ufsm.br\/app\/uploads\/sites\/601\/2018\/10\/000-272x182.jpg 272w, https:\/\/www.ufsm.br\/app\/uploads\/sites\/601\/2018\/10\/000.jpg 1920w\" sizes=\"(max-width: 1024px) 100vw, 1024px\" \/><\/p>\n<p><i><span style=\"font-weight: 400;\">COISAS VELADAS que abrem BRECHAS para o ENCONTRO dos CAMINHOS QUE HABITO<\/span><\/i><span style=\"font-weight: 400;\"> fala sobre o universo de quatro mulheres e o momento em que esses universos se cruzam, se afastam e se conectam. A apresenta\u00e7\u00e3o \u00e9 organizada por momentos distintos na estrutura c\u00eanica e no clima da trilha. Para a dan\u00e7arina Let\u00edcia Nascimento Gomes, a realiza\u00e7\u00e3o do espet\u00e1culo e a produ\u00e7\u00e3o foi muito intensa: \u201cTrabalhamos numa perspectiva de dan\u00e7a que acolhe as singularidades, circunst\u00e2ncias cotidianas, emocionais, sensoriais e experi\u00eancias de cada indiv\u00edduo, sendo isso tudo material para trabalho\u201d.<\/span><\/p>\n<p><img loading=\"lazy\" decoding=\"async\" class=\"aligncenter size-large wp-image-4788\" src=\"https:\/\/www.ufsm.br\/comunicacao\/arco\/wp-content\/uploads\/sites\/601\/2018\/10\/003-1024x683.jpg\" alt=\"\" width=\"1024\" height=\"683\" srcset=\"https:\/\/www.ufsm.br\/app\/uploads\/sites\/601\/2018\/10\/003-1024x683.jpg 1024w, https:\/\/www.ufsm.br\/app\/uploads\/sites\/601\/2018\/10\/003-300x200.jpg 300w, https:\/\/www.ufsm.br\/app\/uploads\/sites\/601\/2018\/10\/003-768x512.jpg 768w, https:\/\/www.ufsm.br\/app\/uploads\/sites\/601\/2018\/10\/003-272x182.jpg 272w, https:\/\/www.ufsm.br\/app\/uploads\/sites\/601\/2018\/10\/003.jpg 1920w\" sizes=\"(max-width: 1024px) 100vw, 1024px\" \/><\/p>\n<p><span style=\"font-weight: 400;\">Para o diretor da apresenta\u00e7\u00e3o, \u201cA dan\u00e7a pode ser um encontro consigo mesmo, e por isso faz o outro se sentir junto, afetando este outro, seja na empatia ou na rejei\u00e7\u00e3o\u201d, o que, segundo ele, enriquece a trajet\u00f3ria das dan\u00e7arinas e do p\u00fablico. Nesse sentido, Mylena Moreira, uma das formandas, revela que, a partir do espet\u00e1culo, teve a certeza de estar no caminho certo: \u201ccada dia de apresenta\u00e7\u00e3o uma sensa\u00e7\u00e3o diferente tomava conta de mim. Cada uma na sua particularidade, me contemplava e afirmava dentro de mim o porqu\u00ea de eu estar aqui, fazendo isso e dan\u00e7ando isso\u201d. <\/span><\/p>\n<p><img loading=\"lazy\" decoding=\"async\" class=\"aligncenter size-large wp-image-4790\" src=\"https:\/\/www.ufsm.br\/comunicacao\/arco\/wp-content\/uploads\/sites\/601\/2018\/10\/007-1024x683.jpg\" alt=\"\" width=\"1024\" height=\"683\" srcset=\"https:\/\/www.ufsm.br\/app\/uploads\/sites\/601\/2018\/10\/007-1024x683.jpg 1024w, https:\/\/www.ufsm.br\/app\/uploads\/sites\/601\/2018\/10\/007-300x200.jpg 300w, https:\/\/www.ufsm.br\/app\/uploads\/sites\/601\/2018\/10\/007-768x512.jpg 768w, https:\/\/www.ufsm.br\/app\/uploads\/sites\/601\/2018\/10\/007-272x182.jpg 272w, https:\/\/www.ufsm.br\/app\/uploads\/sites\/601\/2018\/10\/007.jpg 1920w\" sizes=\"(max-width: 1024px) 100vw, 1024px\" \/><b>Reportagem:<\/b><span style=\"font-weight: 400;\"> Mirella Joels, acad\u00eamica de Jornalismo<\/span><\/p>\n<p><b>Edi\u00e7\u00e3o: <\/b><span style=\"font-weight: 400;\">Luciane Treulieb<\/span><\/p>\n<p><b>Fotografia: <\/b><span style=\"font-weight: 400;\">Rafael Happke<\/span><\/p>\n","protected":false},"excerpt":{"rendered":"<p>Formandas do curso de Dan\u00e7a Bacharelado repensam o corpo como forma de express\u00e3o<\/p>\n","protected":false},"author":0,"featured_media":4792,"comment_status":"open","ping_status":"open","sticky":false,"template":"","format":"standard","meta":{"footnotes":""},"categories":[1524],"tags":[102,482,48,624],"class_list":["post-4782","post","type-post","status-publish","format-standard","has-post-thumbnail","hentry","category-cultura","tag-arte","tag-cultura","tag-danca","tag-espetaculo"],"acf":[],"_links":{"self":[{"href":"https:\/\/www.ufsm.br\/midias\/arco\/wp-json\/wp\/v2\/posts\/4782","targetHints":{"allow":["GET"]}}],"collection":[{"href":"https:\/\/www.ufsm.br\/midias\/arco\/wp-json\/wp\/v2\/posts"}],"about":[{"href":"https:\/\/www.ufsm.br\/midias\/arco\/wp-json\/wp\/v2\/types\/post"}],"replies":[{"embeddable":true,"href":"https:\/\/www.ufsm.br\/midias\/arco\/wp-json\/wp\/v2\/comments?post=4782"}],"version-history":[{"count":0,"href":"https:\/\/www.ufsm.br\/midias\/arco\/wp-json\/wp\/v2\/posts\/4782\/revisions"}],"wp:featuredmedia":[{"embeddable":true,"href":"https:\/\/www.ufsm.br\/midias\/arco\/wp-json\/wp\/v2\/media\/4792"}],"wp:attachment":[{"href":"https:\/\/www.ufsm.br\/midias\/arco\/wp-json\/wp\/v2\/media?parent=4782"}],"wp:term":[{"taxonomy":"category","embeddable":true,"href":"https:\/\/www.ufsm.br\/midias\/arco\/wp-json\/wp\/v2\/categories?post=4782"},{"taxonomy":"post_tag","embeddable":true,"href":"https:\/\/www.ufsm.br\/midias\/arco\/wp-json\/wp\/v2\/tags?post=4782"}],"curies":[{"name":"wp","href":"https:\/\/api.w.org\/{rel}","templated":true}]}}