{"id":484,"date":"2017-05-09T15:38:21","date_gmt":"2017-05-09T18:38:21","guid":{"rendered":"http:\/\/coral.ufsm.br\/arco\/sitenovo\/?p=484"},"modified":"2021-02-11T16:40:52","modified_gmt":"2021-02-11T19:40:52","slug":"7a-edicao","status":"publish","type":"post","link":"https:\/\/www.ufsm.br\/midias\/arco\/7a-edicao","title":{"rendered":"7\u00aa edi\u00e7\u00e3o"},"content":{"rendered":"\t\t<div data-elementor-type=\"wp-post\" data-elementor-id=\"484\" class=\"elementor elementor-484\">\n\t\t\t\t\t\t<section class=\"elementor-section elementor-top-section elementor-element elementor-element-c288e45 elementor-section-boxed elementor-section-height-default elementor-section-height-default\" data-id=\"c288e45\" data-element_type=\"section\" data-settings=\"{&quot;background_background&quot;:&quot;classic&quot;}\">\n\t\t\t\t\t\t<div class=\"elementor-container elementor-column-gap-default\">\n\t\t\t\t\t<div class=\"elementor-column elementor-col-50 elementor-top-column elementor-element elementor-element-392da00\" data-id=\"392da00\" data-element_type=\"column\" data-settings=\"{&quot;background_background&quot;:&quot;classic&quot;}\">\n\t\t\t<div class=\"elementor-widget-wrap elementor-element-populated\">\n\t\t\t\t\t\t<div class=\"elementor-element elementor-element-a64e08b elementor-widget elementor-widget-spacer\" data-id=\"a64e08b\" data-element_type=\"widget\" data-widget_type=\"spacer.default\">\n\t\t\t\t<div class=\"elementor-widget-container\">\n\t\t\t\t\t<div class=\"elementor-spacer\">\n\t\t\t<div class=\"elementor-spacer-inner\"><\/div>\n\t\t<\/div>\n\t\t\t\t<\/div>\n\t\t\t\t<\/div>\n\t\t\t\t\t<\/div>\n\t\t<\/div>\n\t\t\t\t<div class=\"elementor-column elementor-col-50 elementor-top-column elementor-element elementor-element-dc29b48\" data-id=\"dc29b48\" data-element_type=\"column\">\n\t\t\t<div class=\"elementor-widget-wrap elementor-element-populated\">\n\t\t\t\t\t\t<div class=\"elementor-element elementor-element-d41d1b5 elementor-widget elementor-widget-text-editor\" data-id=\"d41d1b5\" data-element_type=\"widget\" data-widget_type=\"text-editor.default\">\n\t\t\t\t<div class=\"elementor-widget-container\">\n\t\t\t\t\t\t\t<p><img fetchpriority=\"high\" decoding=\"async\" class=\"alignnone size-medium wp-image-485\" src=\"https:\/\/www.ufsm.br\/app\/uploads\/sites\/601\/2017\/07\/capa-ed-7-222x300.jpg\" alt=\"\" width=\"222\" height=\"300\" srcset=\"https:\/\/www.ufsm.br\/app\/uploads\/sites\/601\/2017\/07\/capa-ed-7-222x300.jpg 222w, https:\/\/www.ufsm.br\/app\/uploads\/sites\/601\/2017\/07\/capa-ed-7.jpg 578w\" sizes=\"(max-width: 222px) 100vw, 222px\" \/><\/p>\n<p><span style=\"font-size: 24px\"><b>Dinossauros de Santa Maria<\/b><\/span><\/p>\n<p>Edi\u00e7\u00e3o com Dossi\u00ea sobre Paleontologia. Reunimos estudos que ajudam a entender as origens da vida no mundo.<\/p>\n<p style=\"width: 915px\"><a href=\"https:\/\/www.ufsm.br\/midias\/arco\/expediente-7\/\">EXPEDIENTE<\/a><\/p>\n<p style=\"width: 915px\"><a href=\"https:\/\/www.ufsm.br\/midias\/arco\/carta-da-editora\/\">CARTA DA EDITORA<\/a><\/p>\n<p style=\"width: 915px\"><a href=\"https:\/\/www.ufsm.br\/midias\/arco\/1365\/\">CARTA DO LEITOR<\/a><\/p>\n<p style=\"width: 915px\"><a href=\"https:\/\/issuu.com\/revistaarco\/docs\/arco_7ed_issuu\" target=\"_blank\" rel=\"noopener noreferrer\">LEIA NO ISSUU<\/a><\/p>\t\t\t\t\t\t<\/div>\n\t\t\t\t<\/div>\n\t\t\t\t\t<\/div>\n\t\t<\/div>\n\t\t\t\t\t<\/div>\n\t\t<\/section>\n\t\t\t\t<section class=\"elementor-section elementor-top-section elementor-element elementor-element-bebc88d elementor-section-boxed elementor-section-height-default elementor-section-height-default\" data-id=\"bebc88d\" data-element_type=\"section\">\n\t\t\t\t\t\t<div class=\"elementor-container elementor-column-gap-default\">\n\t\t\t\t\t<div class=\"elementor-column elementor-col-100 elementor-top-column elementor-element elementor-element-c28b02f\" data-id=\"c28b02f\" data-element_type=\"column\">\n\t\t\t<div class=\"elementor-widget-wrap elementor-element-populated\">\n\t\t\t\t\t\t<div class=\"elementor-element elementor-element-f7c3f91 elementor-widget elementor-widget-wp-widget-ufsm_noticias_widget\" data-id=\"f7c3f91\" data-element_type=\"widget\" data-widget_type=\"wp-widget-ufsm_noticias_widget.default\">\n\t\t\t\t<div class=\"elementor-widget-container\">\n\t\t\t<div class='widget-noticias-inside'>\n                        <div class=\"row\">\n                                    <div class=\"col-12 col-lg-4 pb-4\">\n                                            <div class=\"noticias-widget-wrap\" style=\"height: 180px; overflow: hidden;\">\n                            <a title=\"\" href=\"https:\/\/www.ufsm.br\/midias\/arco\/o-anel-de-formatura\">\n                                <span class=\"visually-hidden\">\n                                    O anel de formatura                                <\/span>\n                                <div class=\"noticias-widget-thumbs h-100\">\n                                    <img decoding=\"async\" class=\"object-fit-cover h-100 w-100\" alt=\"\" srcset=\"https:\/\/www.ufsm.br\/app\/uploads\/sites\/601\/2021\/01\/Recordacoes_anel_de_formatura-2-300x196.jpg 300w, https:\/\/www.ufsm.br\/app\/uploads\/sites\/601\/2021\/01\/Recordacoes_anel_de_formatura-2-1024x669.jpg 1024w, https:\/\/www.ufsm.br\/app\/uploads\/sites\/601\/2021\/01\/Recordacoes_anel_de_formatura-2-768x502.jpg 768w, https:\/\/www.ufsm.br\/app\/uploads\/sites\/601\/2021\/01\/Recordacoes_anel_de_formatura-2-1536x1004.jpg 1536w, https:\/\/www.ufsm.br\/app\/uploads\/sites\/601\/2021\/01\/Recordacoes_anel_de_formatura-2.jpg 1683w\" src=\"https:\/\/www.ufsm.br\/app\/uploads\/sites\/601\/2021\/01\/Recordacoes_anel_de_formatura-2-1024x669.jpg\"><\/img>\n                                <\/div>\n                            <\/a>\n                        <\/div>\n                                        \n                                            <span class='categoria-publicacao-widget'>\n                            Recorda\u00e7\u00f5es                        <\/span>\n                        <br>\n                                        \n                    \n                    <a class=\"noticias-widget-title d-block  m-0 \"  title=\"O anel de formatura\" href=\"https:\/\/www.ufsm.br\/midias\/arco\/o-anel-de-formatura\">\n                                                O anel de formatura                    <\/a>\n                    \n                    \n                                        \n                                        \n                                        <\/div>\n                                    <div class=\"col-12 col-lg-4 pb-4\">\n                                            <div class=\"noticias-widget-wrap\" style=\"height: 180px; overflow: hidden;\">\n                            <a title=\"\" href=\"https:\/\/www.ufsm.br\/midias\/arco\/post463\">\n                                <span class=\"visually-hidden\">\n                                    N\u00e3o era dos dinossauros                                <\/span>\n                                <div class=\"noticias-widget-thumbs h-100\">\n                                    <img decoding=\"async\" class=\"object-fit-cover h-100 w-100\" alt=\"\" srcset=\"https:\/\/www.ufsm.br\/app\/uploads\/sites\/601\/2017\/07\/Na\u0303o-era-dos-dinossauros-e1500317189904-300x207.jpg 300w, https:\/\/www.ufsm.br\/app\/uploads\/sites\/601\/2017\/07\/Na\u0303o-era-dos-dinossauros-e1500317189904-768x529.jpg 768w, https:\/\/www.ufsm.br\/app\/uploads\/sites\/601\/2017\/07\/Na\u0303o-era-dos-dinossauros-e1500317189904.jpg 822w\" src=\"https:\/\/www.ufsm.br\/app\/uploads\/sites\/601\/2017\/07\/Na\u0303o-era-dos-dinossauros-e1500317189904.jpg\"><\/img>\n                                <\/div>\n                            <\/a>\n                        <\/div>\n                                        \n                                            <span class='categoria-publicacao-widget'>\n                            Dossi\u00ea Paleontologia, Dossi\u00ea Paleontologia                        <\/span>\n                        <br>\n                                        \n                    \n                    <a class=\"noticias-widget-title d-block  m-0 \"  title=\"N\u00e3o era dos dinossauros\" href=\"https:\/\/www.ufsm.br\/midias\/arco\/post463\">\n                                                N\u00e3o era dos dinossauros                    <\/a>\n                    \n                    \n                                        \n                                        \n                                        <\/div>\n                                    <div class=\"col-12 col-lg-4 pb-4\">\n                                            <div class=\"noticias-widget-wrap\" style=\"height: 180px; overflow: hidden;\">\n                            <a title=\"\" href=\"https:\/\/www.ufsm.br\/midias\/arco\/paleontologia-e-o-desenvolvimento-do-potencial-turistico\">\n                                <span class=\"visually-hidden\">\n                                    Paleontologia e o desenvolvimento do potencial tur\u00edstico                                <\/span>\n                                <div class=\"noticias-widget-thumbs h-100\">\n                                    <img decoding=\"async\" class=\"object-fit-cover h-100 w-100\" alt=\"\" srcset=\"https:\/\/www.ufsm.br\/app\/uploads\/sites\/601\/2017\/08\/7-Edicao_DOSSIE2_Turismo-300x201.jpg 300w, https:\/\/www.ufsm.br\/app\/uploads\/sites\/601\/2017\/08\/7-Edicao_DOSSIE2_Turismo-768x516.jpg 768w, https:\/\/www.ufsm.br\/app\/uploads\/sites\/601\/2017\/08\/7-Edicao_DOSSIE2_Turismo-1024x688.jpg 1024w, https:\/\/www.ufsm.br\/app\/uploads\/sites\/601\/2017\/08\/7-Edicao_DOSSIE2_Turismo-272x182.jpg 272w, https:\/\/www.ufsm.br\/app\/uploads\/sites\/601\/2017\/08\/7-Edicao_DOSSIE2_Turismo.jpg 1400w\" src=\"https:\/\/www.ufsm.br\/app\/uploads\/sites\/601\/2017\/08\/7-Edicao_DOSSIE2_Turismo-1024x688.jpg\"><\/img>\n                                <\/div>\n                            <\/a>\n                        <\/div>\n                                        \n                                            <span class='categoria-publicacao-widget'>\n                            Dossi\u00ea Paleontologia, Dossi\u00ea Paleontologia                        <\/span>\n                        <br>\n                                        \n                    \n                    <a class=\"noticias-widget-title d-block  m-0 \"  title=\"Paleontologia e o desenvolvimento do potencial tur\u00edstico\" href=\"https:\/\/www.ufsm.br\/midias\/arco\/paleontologia-e-o-desenvolvimento-do-potencial-turistico\">\n                                                Paleontologia e o desenvolvimento do potencial tur\u00edstico                    <\/a>\n                    \n                    \n                                        \n                                        \n                                        <\/div>\n                            <\/div>\n                    <div class=\"row\">\n                                    <div class=\"col-12 col-lg-4 pb-4\">\n                                            <div class=\"noticias-widget-wrap\" style=\"height: 180px; overflow: hidden;\">\n                            <a title=\"\" href=\"https:\/\/www.ufsm.br\/midias\/arco\/o-caminho-das-descobertas\">\n                                <span class=\"visually-hidden\">\n                                    O caminho das descobertas                                <\/span>\n                                <div class=\"noticias-widget-thumbs h-100\">\n                                    <img decoding=\"async\" class=\"object-fit-cover h-100 w-100\" alt=\"\" srcset=\"https:\/\/www.ufsm.br\/app\/uploads\/sites\/601\/2017\/08\/7-Edicao_DOSSIE1_Caminho-das-Descobertas-300x201.jpg 300w, https:\/\/www.ufsm.br\/app\/uploads\/sites\/601\/2017\/08\/7-Edicao_DOSSIE1_Caminho-das-Descobertas-768x516.jpg 768w, https:\/\/www.ufsm.br\/app\/uploads\/sites\/601\/2017\/08\/7-Edicao_DOSSIE1_Caminho-das-Descobertas-1024x688.jpg 1024w, https:\/\/www.ufsm.br\/app\/uploads\/sites\/601\/2017\/08\/7-Edicao_DOSSIE1_Caminho-das-Descobertas-272x182.jpg 272w, https:\/\/www.ufsm.br\/app\/uploads\/sites\/601\/2017\/08\/7-Edicao_DOSSIE1_Caminho-das-Descobertas.jpg 1400w\" src=\"https:\/\/www.ufsm.br\/app\/uploads\/sites\/601\/2017\/08\/7-Edicao_DOSSIE1_Caminho-das-Descobertas-1024x688.jpg\"><\/img>\n                                <\/div>\n                            <\/a>\n                        <\/div>\n                                        \n                                            <span class='categoria-publicacao-widget'>\n                            Dossi\u00ea Paleontologia, Dossi\u00ea Paleontologia                        <\/span>\n                        <br>\n                                        \n                    \n                    <a class=\"noticias-widget-title d-block  m-0 \"  title=\"O caminho das descobertas\" href=\"https:\/\/www.ufsm.br\/midias\/arco\/o-caminho-das-descobertas\">\n                                                O caminho das descobertas                    <\/a>\n                    \n                    \n                                        \n                                        \n                                        <\/div>\n                                    <div class=\"col-12 col-lg-4 pb-4\">\n                                            <div class=\"noticias-widget-wrap\" style=\"height: 180px; overflow: hidden;\">\n                            <a title=\"\" href=\"https:\/\/www.ufsm.br\/midias\/arco\/entre-a-preservacao-historica-e-o-desenvolvimento-urbano\">\n                                <span class=\"visually-hidden\">\n                                    Entre a preserva\u00e7\u00e3o hist\u00f3rica e o desenvolvimento urbano                                <\/span>\n                                <div class=\"noticias-widget-thumbs h-100\">\n                                    <img decoding=\"async\" class=\"object-fit-cover h-100 w-100\" alt=\"\" srcset=\"https:\/\/www.ufsm.br\/app\/uploads\/sites\/601\/2017\/08\/7-Edicao_DOSSIE3_Preservacao-300x201.jpg 300w, https:\/\/www.ufsm.br\/app\/uploads\/sites\/601\/2017\/08\/7-Edicao_DOSSIE3_Preservacao-768x516.jpg 768w, https:\/\/www.ufsm.br\/app\/uploads\/sites\/601\/2017\/08\/7-Edicao_DOSSIE3_Preservacao-1024x688.jpg 1024w, https:\/\/www.ufsm.br\/app\/uploads\/sites\/601\/2017\/08\/7-Edicao_DOSSIE3_Preservacao-272x182.jpg 272w, https:\/\/www.ufsm.br\/app\/uploads\/sites\/601\/2017\/08\/7-Edicao_DOSSIE3_Preservacao.jpg 1400w\" src=\"https:\/\/www.ufsm.br\/app\/uploads\/sites\/601\/2017\/08\/7-Edicao_DOSSIE3_Preservacao-1024x688.jpg\"><\/img>\n                                <\/div>\n                            <\/a>\n                        <\/div>\n                                        \n                                            <span class='categoria-publicacao-widget'>\n                            Dossi\u00ea Paleontologia, Dossi\u00ea Paleontologia                        <\/span>\n                        <br>\n                                        \n                    \n                    <a class=\"noticias-widget-title d-block  m-0 \"  title=\"Entre a preserva\u00e7\u00e3o hist\u00f3rica e o desenvolvimento urbano\" href=\"https:\/\/www.ufsm.br\/midias\/arco\/entre-a-preservacao-historica-e-o-desenvolvimento-urbano\">\n                                                Entre a preserva\u00e7\u00e3o hist\u00f3rica e o desenvolvimento urbano                    <\/a>\n                    \n                    \n                                        \n                                        \n                                        <\/div>\n                                    <div class=\"col-12 col-lg-4 pb-4\">\n                                            <div class=\"noticias-widget-wrap\" style=\"height: 180px; overflow: hidden;\">\n                            <a title=\"\" href=\"https:\/\/www.ufsm.br\/midias\/arco\/a-periferia-toca-mozart\">\n                                <span class=\"visually-hidden\">\n                                    A periferia toca Mozart                                <\/span>\n                                <div class=\"noticias-widget-thumbs h-100\">\n                                    <img decoding=\"async\" class=\"object-fit-cover h-100 w-100\" alt=\"\" srcset=\"https:\/\/www.ufsm.br\/app\/uploads\/sites\/601\/2017\/08\/7-Edicao_SOCIEDADE_Periferia-Toca-Mozart-300x201.jpg 300w, https:\/\/www.ufsm.br\/app\/uploads\/sites\/601\/2017\/08\/7-Edicao_SOCIEDADE_Periferia-Toca-Mozart-768x516.jpg 768w, https:\/\/www.ufsm.br\/app\/uploads\/sites\/601\/2017\/08\/7-Edicao_SOCIEDADE_Periferia-Toca-Mozart-1024x688.jpg 1024w, https:\/\/www.ufsm.br\/app\/uploads\/sites\/601\/2017\/08\/7-Edicao_SOCIEDADE_Periferia-Toca-Mozart-272x182.jpg 272w, https:\/\/www.ufsm.br\/app\/uploads\/sites\/601\/2017\/08\/7-Edicao_SOCIEDADE_Periferia-Toca-Mozart.jpg 1400w\" src=\"https:\/\/www.ufsm.br\/app\/uploads\/sites\/601\/2017\/08\/7-Edicao_SOCIEDADE_Periferia-Toca-Mozart-1024x688.jpg\"><\/img>\n                                <\/div>\n                            <\/a>\n                        <\/div>\n                                        \n                                            <span class='categoria-publicacao-widget'>\n                            7\u00b0 Edi\u00e7\u00e3o, Extenda, Sociedade                        <\/span>\n                        <br>\n                                        \n                    \n                    <a class=\"noticias-widget-title d-block  m-0 \"  title=\"A periferia toca Mozart\" href=\"https:\/\/www.ufsm.br\/midias\/arco\/a-periferia-toca-mozart\">\n                                                A periferia toca Mozart                    <\/a>\n                    \n                    \n                                        \n                                        \n                                        <\/div>\n                            <\/div>\n                    <div class=\"row\">\n                                    <div class=\"col-12 col-lg-4 pb-4\">\n                                            <div class=\"noticias-widget-wrap\" style=\"height: 180px; overflow: hidden;\">\n                            <a title=\"\" href=\"https:\/\/www.ufsm.br\/midias\/arco\/para-manter-viva-a-historia-negra-local\">\n                                <span class=\"visually-hidden\">\n                                    Para manter viva a hist\u00f3ria negra local                                <\/span>\n                                <div class=\"noticias-widget-thumbs h-100\">\n                                    <img decoding=\"async\" class=\"object-fit-cover h-100 w-100\" alt=\"\" srcset=\"https:\/\/www.ufsm.br\/app\/uploads\/sites\/601\/2017\/08\/7-Edicao_HISTORIA_Historia-Negra-300x201.jpg 300w, https:\/\/www.ufsm.br\/app\/uploads\/sites\/601\/2017\/08\/7-Edicao_HISTORIA_Historia-Negra-768x516.jpg 768w, https:\/\/www.ufsm.br\/app\/uploads\/sites\/601\/2017\/08\/7-Edicao_HISTORIA_Historia-Negra-1024x688.jpg 1024w, https:\/\/www.ufsm.br\/app\/uploads\/sites\/601\/2017\/08\/7-Edicao_HISTORIA_Historia-Negra-272x182.jpg 272w, https:\/\/www.ufsm.br\/app\/uploads\/sites\/601\/2017\/08\/7-Edicao_HISTORIA_Historia-Negra.jpg 1400w\" src=\"https:\/\/www.ufsm.br\/app\/uploads\/sites\/601\/2017\/08\/7-Edicao_HISTORIA_Historia-Negra-1024x688.jpg\"><\/img>\n                                <\/div>\n                            <\/a>\n                        <\/div>\n                                        \n                                            <span class='categoria-publicacao-widget'>\n                            Hist\u00f3ria                        <\/span>\n                        <br>\n                                        \n                    \n                    <a class=\"noticias-widget-title d-block  m-0 \"  title=\"Para manter viva a hist\u00f3ria negra local\" href=\"https:\/\/www.ufsm.br\/midias\/arco\/para-manter-viva-a-historia-negra-local\">\n                                                Para manter viva a hist\u00f3ria negra local                    <\/a>\n                    \n                    \n                                        \n                                        \n                                        <\/div>\n                                    <div class=\"col-12 col-lg-4 pb-4\">\n                                            <div class=\"noticias-widget-wrap\" style=\"height: 180px; overflow: hidden;\">\n                            <a title=\"\" href=\"https:\/\/www.ufsm.br\/midias\/arco\/inteligencia-artificial-para-exportacao\">\n                                <span class=\"visually-hidden\">\n                                    Intelig\u00eancia artificial para exporta\u00e7\u00e3o                                <\/span>\n                                <div class=\"noticias-widget-thumbs h-100\">\n                                    <img decoding=\"async\" class=\"object-fit-cover h-100 w-100\" alt=\"\" srcset=\"https:\/\/www.ufsm.br\/app\/uploads\/sites\/601\/2017\/08\/7-Edicao_NINVENCOES_Inteligencia-Artificial-300x201.jpg 300w, https:\/\/www.ufsm.br\/app\/uploads\/sites\/601\/2017\/08\/7-Edicao_NINVENCOES_Inteligencia-Artificial-768x516.jpg 768w, https:\/\/www.ufsm.br\/app\/uploads\/sites\/601\/2017\/08\/7-Edicao_NINVENCOES_Inteligencia-Artificial-1024x688.jpg 1024w, https:\/\/www.ufsm.br\/app\/uploads\/sites\/601\/2017\/08\/7-Edicao_NINVENCOES_Inteligencia-Artificial-272x182.jpg 272w, https:\/\/www.ufsm.br\/app\/uploads\/sites\/601\/2017\/08\/7-Edicao_NINVENCOES_Inteligencia-Artificial.jpg 1400w\" src=\"https:\/\/www.ufsm.br\/app\/uploads\/sites\/601\/2017\/08\/7-Edicao_NINVENCOES_Inteligencia-Artificial-1024x688.jpg\"><\/img>\n                                <\/div>\n                            <\/a>\n                        <\/div>\n                                        \n                                            <span class='categoria-publicacao-widget'>\n                            Nossas inven\u00e7\u00f5es                        <\/span>\n                        <br>\n                                        \n                    \n                    <a class=\"noticias-widget-title d-block  m-0 \"  title=\"Intelig\u00eancia artificial para exporta\u00e7\u00e3o\" href=\"https:\/\/www.ufsm.br\/midias\/arco\/inteligencia-artificial-para-exportacao\">\n                                                Intelig\u00eancia artificial para exporta\u00e7\u00e3o                    <\/a>\n                    \n                    \n                                        \n                                        \n                                        <\/div>\n                                    <div class=\"col-12 col-lg-4 pb-4\">\n                                            <div class=\"noticias-widget-wrap\" style=\"height: 180px; overflow: hidden;\">\n                            <a title=\"\" href=\"https:\/\/www.ufsm.br\/midias\/arco\/pelo-avanco-da-ciencia\">\n                                <span class=\"visually-hidden\">\n                                    Pelo avan\u00e7o da ci\u00eancia                                <\/span>\n                                <div class=\"noticias-widget-thumbs h-100\">\n                                    <img decoding=\"async\" class=\"object-fit-cover h-100 w-100\" alt=\"\" srcset=\"https:\/\/www.ufsm.br\/app\/uploads\/sites\/601\/2017\/08\/7-Edicao_ENTREVISTA_Pelo-Avanco-da-Ciencia-300x201.jpg 300w, https:\/\/www.ufsm.br\/app\/uploads\/sites\/601\/2017\/08\/7-Edicao_ENTREVISTA_Pelo-Avanco-da-Ciencia-768x516.jpg 768w, https:\/\/www.ufsm.br\/app\/uploads\/sites\/601\/2017\/08\/7-Edicao_ENTREVISTA_Pelo-Avanco-da-Ciencia-1024x688.jpg 1024w, https:\/\/www.ufsm.br\/app\/uploads\/sites\/601\/2017\/08\/7-Edicao_ENTREVISTA_Pelo-Avanco-da-Ciencia-272x182.jpg 272w, https:\/\/www.ufsm.br\/app\/uploads\/sites\/601\/2017\/08\/7-Edicao_ENTREVISTA_Pelo-Avanco-da-Ciencia.jpg 1400w\" src=\"https:\/\/www.ufsm.br\/app\/uploads\/sites\/601\/2017\/08\/7-Edicao_ENTREVISTA_Pelo-Avanco-da-Ciencia-1024x688.jpg\"><\/img>\n                                <\/div>\n                            <\/a>\n                        <\/div>\n                                        \n                                            <span class='categoria-publicacao-widget'>\n                            Entrevista                        <\/span>\n                        <br>\n                                        \n                    \n                    <a class=\"noticias-widget-title d-block  m-0 \"  title=\"Pelo avan\u00e7o da ci\u00eancia\" href=\"https:\/\/www.ufsm.br\/midias\/arco\/pelo-avanco-da-ciencia\">\n                                                Pelo avan\u00e7o da ci\u00eancia                    <\/a>\n                    \n                    \n                                        \n                                        \n                                        <\/div>\n                            <\/div>\n                    <div class=\"row\">\n                                    <div class=\"col-12 col-lg-4 pb-4\">\n                                            <div class=\"noticias-widget-wrap\" style=\"height: 180px; overflow: hidden;\">\n                            <a title=\"\" href=\"https:\/\/www.ufsm.br\/midias\/arco\/historia-preservada-em-negativos\">\n                                <span class=\"visually-hidden\">\n                                    Hist\u00f3ria preservada em negativos                                <\/span>\n                                <div class=\"noticias-widget-thumbs h-100\">\n                                    <img decoding=\"async\" class=\"object-fit-cover h-100 w-100\" alt=\"\" srcset=\"https:\/\/www.ufsm.br\/app\/uploads\/sites\/601\/2017\/08\/7-Edicao_ENSAIO-300x201.jpg 300w, https:\/\/www.ufsm.br\/app\/uploads\/sites\/601\/2017\/08\/7-Edicao_ENSAIO-768x516.jpg 768w, https:\/\/www.ufsm.br\/app\/uploads\/sites\/601\/2017\/08\/7-Edicao_ENSAIO-1024x688.jpg 1024w, https:\/\/www.ufsm.br\/app\/uploads\/sites\/601\/2017\/08\/7-Edicao_ENSAIO-272x182.jpg 272w, https:\/\/www.ufsm.br\/app\/uploads\/sites\/601\/2017\/08\/7-Edicao_ENSAIO.jpg 1400w\" src=\"https:\/\/www.ufsm.br\/app\/uploads\/sites\/601\/2017\/08\/7-Edicao_ENSAIO-1024x688.jpg\"><\/img>\n                                <\/div>\n                            <\/a>\n                        <\/div>\n                                        \n                                            <span class='categoria-publicacao-widget'>\n                            Ensaio, Sem categoria                        <\/span>\n                        <br>\n                                        \n                    \n                    <a class=\"noticias-widget-title d-block  m-0 \"  title=\"Hist\u00f3ria preservada em negativos\" href=\"https:\/\/www.ufsm.br\/midias\/arco\/historia-preservada-em-negativos\">\n                                                Hist\u00f3ria preservada em negativos                    <\/a>\n                    \n                    \n                                        \n                                        \n                                        <\/div>\n                                    <div class=\"col-12 col-lg-4 pb-4\">\n                                            <div class=\"noticias-widget-wrap\" style=\"height: 180px; overflow: hidden;\">\n                            <a title=\"\" href=\"https:\/\/www.ufsm.br\/midias\/arco\/a-ciencia-do-reflorestamento-pelo-eucalipto\">\n                                <span class=\"visually-hidden\">\n                                    A ci\u00eancia do reflorestamento pelo eucalipto                                <\/span>\n                                <div class=\"noticias-widget-thumbs h-100\">\n                                    <img decoding=\"async\" class=\"object-fit-cover h-100 w-100\" alt=\"\" srcset=\"https:\/\/www.ufsm.br\/app\/uploads\/sites\/601\/2017\/08\/7-Edicao_EDITORA_Eucalipto-300x201.jpg 300w, https:\/\/www.ufsm.br\/app\/uploads\/sites\/601\/2017\/08\/7-Edicao_EDITORA_Eucalipto-768x516.jpg 768w, https:\/\/www.ufsm.br\/app\/uploads\/sites\/601\/2017\/08\/7-Edicao_EDITORA_Eucalipto-1024x688.jpg 1024w, https:\/\/www.ufsm.br\/app\/uploads\/sites\/601\/2017\/08\/7-Edicao_EDITORA_Eucalipto-272x182.jpg 272w, https:\/\/www.ufsm.br\/app\/uploads\/sites\/601\/2017\/08\/7-Edicao_EDITORA_Eucalipto.jpg 1400w\" src=\"https:\/\/www.ufsm.br\/app\/uploads\/sites\/601\/2017\/08\/7-Edicao_EDITORA_Eucalipto-1024x688.jpg\"><\/img>\n                                <\/div>\n                            <\/a>\n                        <\/div>\n                                        \n                                            <span class='categoria-publicacao-widget'>\n                            Editora UFSM                        <\/span>\n                        <br>\n                                        \n                    \n                    <a class=\"noticias-widget-title d-block  m-0 \"  title=\"A ci\u00eancia do reflorestamento pelo eucalipto\" href=\"https:\/\/www.ufsm.br\/midias\/arco\/a-ciencia-do-reflorestamento-pelo-eucalipto\">\n                                                A ci\u00eancia do reflorestamento pelo eucalipto                    <\/a>\n                    \n                    \n                                        \n                                        \n                                        <\/div>\n                                    <div class=\"col-12 col-lg-4 pb-4\">\n                                            <div class=\"noticias-widget-wrap\" style=\"height: 180px; overflow: hidden;\">\n                            <a title=\"\" href=\"https:\/\/www.ufsm.br\/midias\/arco\/cicatrizes-da-exclusao\">\n                                <span class=\"visually-hidden\">\n                                    Cicatrizes da exclus\u00e3o                                <\/span>\n                                <div class=\"noticias-widget-thumbs h-100\">\n                                    <img decoding=\"async\" class=\"object-fit-cover h-100 w-100\" alt=\"\" srcset=\"https:\/\/www.ufsm.br\/app\/uploads\/sites\/601\/2017\/08\/7-Edicao_DIARIO_Crack-300x201.jpg 300w, https:\/\/www.ufsm.br\/app\/uploads\/sites\/601\/2017\/08\/7-Edicao_DIARIO_Crack-768x516.jpg 768w, https:\/\/www.ufsm.br\/app\/uploads\/sites\/601\/2017\/08\/7-Edicao_DIARIO_Crack-1024x688.jpg 1024w, https:\/\/www.ufsm.br\/app\/uploads\/sites\/601\/2017\/08\/7-Edicao_DIARIO_Crack-272x182.jpg 272w, https:\/\/www.ufsm.br\/app\/uploads\/sites\/601\/2017\/08\/7-Edicao_DIARIO_Crack.jpg 1400w\" src=\"https:\/\/www.ufsm.br\/app\/uploads\/sites\/601\/2017\/08\/7-Edicao_DIARIO_Crack-1024x688.jpg\"><\/img>\n                                <\/div>\n                            <\/a>\n                        <\/div>\n                                        \n                                            <span class='categoria-publicacao-widget'>\n                            Di\u00e1rio de Campo                        <\/span>\n                        <br>\n                                        \n                    \n                    <a class=\"noticias-widget-title d-block  m-0 \"  title=\"Cicatrizes da exclus\u00e3o\" href=\"https:\/\/www.ufsm.br\/midias\/arco\/cicatrizes-da-exclusao\">\n                                                Cicatrizes da exclus\u00e3o                    <\/a>\n                    \n                    \n                                        \n                                        \n                                        <\/div>\n                            <\/div>\n                    <div class=\"row\">\n                                    <div class=\"col-12 col-lg-4 pb-4\">\n                                            <div class=\"noticias-widget-wrap\" style=\"height: 180px; overflow: hidden;\">\n                            <a title=\"\" href=\"https:\/\/www.ufsm.br\/midias\/arco\/voce-sabe-por-que-o-principal-acesso-ao-campus-sede-da-ufsm-se-chama-avenida-roraima\">\n                                <span class=\"visually-hidden\">\n                                    Voc\u00ea sabe por que o principal acesso ao campus sede da UFSM se chama avenida Roraima?                                <\/span>\n                                <div class=\"noticias-widget-thumbs h-100\">\n                                    <img decoding=\"async\" class=\"object-fit-cover h-100 w-100\" alt=\"\" srcset=\"https:\/\/www.ufsm.br\/app\/uploads\/sites\/601\/2017\/08\/7-Edicao_CURIOSIDADES2_Roraima-300x201.jpg 300w, https:\/\/www.ufsm.br\/app\/uploads\/sites\/601\/2017\/08\/7-Edicao_CURIOSIDADES2_Roraima-768x516.jpg 768w, https:\/\/www.ufsm.br\/app\/uploads\/sites\/601\/2017\/08\/7-Edicao_CURIOSIDADES2_Roraima-1024x688.jpg 1024w, https:\/\/www.ufsm.br\/app\/uploads\/sites\/601\/2017\/08\/7-Edicao_CURIOSIDADES2_Roraima-272x182.jpg 272w, https:\/\/www.ufsm.br\/app\/uploads\/sites\/601\/2017\/08\/7-Edicao_CURIOSIDADES2_Roraima.jpg 1400w\" src=\"https:\/\/www.ufsm.br\/app\/uploads\/sites\/601\/2017\/08\/7-Edicao_CURIOSIDADES2_Roraima-1024x688.jpg\"><\/img>\n                                <\/div>\n                            <\/a>\n                        <\/div>\n                                        \n                                            <span class='categoria-publicacao-widget'>\n                            Curiosidades                        <\/span>\n                        <br>\n                                        \n                    \n                    <a class=\"noticias-widget-title d-block  m-0 \"  title=\"Voc\u00ea sabe por que o principal acesso ao campus sede da UFSM se chama avenida Roraima?\" href=\"https:\/\/www.ufsm.br\/midias\/arco\/voce-sabe-por-que-o-principal-acesso-ao-campus-sede-da-ufsm-se-chama-avenida-roraima\">\n                                                Voc\u00ea sabe por que o principal acesso ao campus sede da UFSM se chama avenida Roraima?                    <\/a>\n                    \n                    \n                                        \n                                        \n                                        <\/div>\n                                    <div class=\"col-12 col-lg-4 pb-4\">\n                                            <div class=\"noticias-widget-wrap\" style=\"height: 180px; overflow: hidden;\">\n                            <a title=\"\" href=\"https:\/\/www.ufsm.br\/midias\/arco\/voce-sabia-que-as-portas-corta-fogo-suportam-temperaturas-superiores-a-1000c\">\n                                <span class=\"visually-hidden\">\n                                    Voc\u00ea sabia que as portas corta-fogo suportam temperaturas superiores a 1000\u00b0C?                                <\/span>\n                                <div class=\"noticias-widget-thumbs h-100\">\n                                    <img decoding=\"async\" class=\"object-fit-cover h-100 w-100\" alt=\"\" srcset=\"https:\/\/www.ufsm.br\/app\/uploads\/sites\/601\/2017\/08\/7-Edicao_CURIOSIDADES3_Porta-Corta-fogo-300x201.jpg 300w, https:\/\/www.ufsm.br\/app\/uploads\/sites\/601\/2017\/08\/7-Edicao_CURIOSIDADES3_Porta-Corta-fogo-768x516.jpg 768w, https:\/\/www.ufsm.br\/app\/uploads\/sites\/601\/2017\/08\/7-Edicao_CURIOSIDADES3_Porta-Corta-fogo-1024x688.jpg 1024w, https:\/\/www.ufsm.br\/app\/uploads\/sites\/601\/2017\/08\/7-Edicao_CURIOSIDADES3_Porta-Corta-fogo-272x182.jpg 272w, https:\/\/www.ufsm.br\/app\/uploads\/sites\/601\/2017\/08\/7-Edicao_CURIOSIDADES3_Porta-Corta-fogo.jpg 1400w\" src=\"https:\/\/www.ufsm.br\/app\/uploads\/sites\/601\/2017\/08\/7-Edicao_CURIOSIDADES3_Porta-Corta-fogo-1024x688.jpg\"><\/img>\n                                <\/div>\n                            <\/a>\n                        <\/div>\n                                        \n                                            <span class='categoria-publicacao-widget'>\n                            Curiosidades                        <\/span>\n                        <br>\n                                        \n                    \n                    <a class=\"noticias-widget-title d-block  m-0 \"  title=\"Voc\u00ea sabia que as portas corta-fogo suportam temperaturas superiores a 1000\u00b0C?\" href=\"https:\/\/www.ufsm.br\/midias\/arco\/voce-sabia-que-as-portas-corta-fogo-suportam-temperaturas-superiores-a-1000c\">\n                                                Voc\u00ea sabia que as portas corta-fogo suportam temperaturas superiores a 1000\u00b0C?                    <\/a>\n                    \n                    \n                                        \n                                        \n                                        <\/div>\n                                    <div class=\"col-12 col-lg-4 pb-4\">\n                                            <div class=\"noticias-widget-wrap\" style=\"height: 180px; overflow: hidden;\">\n                            <a title=\"\" href=\"https:\/\/www.ufsm.br\/midias\/arco\/voce-sabe-de-onde-veio-a-ideia-do-traje-cerimonial-usado-pelo-reitor\">\n                                <span class=\"visually-hidden\">\n                                    Voc\u00ea sabe de onde veio a ideia do traje cerimonial usado pelo reitor?                                <\/span>\n                                <div class=\"noticias-widget-thumbs h-100\">\n                                    <img decoding=\"async\" class=\"object-fit-cover h-100 w-100\" alt=\"\" srcset=\"https:\/\/www.ufsm.br\/app\/uploads\/sites\/601\/2017\/08\/7-Edicao_CURIOSIDADES1_Roupa-do-Reitor-300x201.jpg 300w, https:\/\/www.ufsm.br\/app\/uploads\/sites\/601\/2017\/08\/7-Edicao_CURIOSIDADES1_Roupa-do-Reitor-768x516.jpg 768w, https:\/\/www.ufsm.br\/app\/uploads\/sites\/601\/2017\/08\/7-Edicao_CURIOSIDADES1_Roupa-do-Reitor-1024x688.jpg 1024w, https:\/\/www.ufsm.br\/app\/uploads\/sites\/601\/2017\/08\/7-Edicao_CURIOSIDADES1_Roupa-do-Reitor-272x182.jpg 272w, https:\/\/www.ufsm.br\/app\/uploads\/sites\/601\/2017\/08\/7-Edicao_CURIOSIDADES1_Roupa-do-Reitor.jpg 1400w\" src=\"https:\/\/www.ufsm.br\/app\/uploads\/sites\/601\/2017\/08\/7-Edicao_CURIOSIDADES1_Roupa-do-Reitor-1024x688.jpg\"><\/img>\n                                <\/div>\n                            <\/a>\n                        <\/div>\n                                        \n                                            <span class='categoria-publicacao-widget'>\n                            Curiosidades                        <\/span>\n                        <br>\n                                        \n                    \n                    <a class=\"noticias-widget-title d-block  m-0 \"  title=\"Voc\u00ea sabe de onde veio a ideia do traje cerimonial usado pelo reitor?\" href=\"https:\/\/www.ufsm.br\/midias\/arco\/voce-sabe-de-onde-veio-a-ideia-do-traje-cerimonial-usado-pelo-reitor\">\n                                                Voc\u00ea sabe de onde veio a ideia do traje cerimonial usado pelo reitor?                    <\/a>\n                    \n                    \n                                        \n                                        \n                                        <\/div>\n                            <\/div>\n                    <div class=\"row\">\n                                    <div class=\"col-12 col-lg-4 pb-4\">\n                                            <div class=\"noticias-widget-wrap\" style=\"height: 180px; overflow: hidden;\">\n                            <a title=\"\" href=\"https:\/\/www.ufsm.br\/midias\/arco\/subindo-e-descendo\">\n                                <span class=\"visually-hidden\">\n                                    Subindo e descendo                                <\/span>\n                                <div class=\"noticias-widget-thumbs h-100\">\n                                    <img decoding=\"async\" class=\"object-fit-cover h-100 w-100\" alt=\"\" srcset=\"https:\/\/www.ufsm.br\/app\/uploads\/sites\/601\/2017\/08\/7-Edicao_COMO-SURGIU_Elevador-300x201.jpg 300w, https:\/\/www.ufsm.br\/app\/uploads\/sites\/601\/2017\/08\/7-Edicao_COMO-SURGIU_Elevador-768x516.jpg 768w, https:\/\/www.ufsm.br\/app\/uploads\/sites\/601\/2017\/08\/7-Edicao_COMO-SURGIU_Elevador-1024x688.jpg 1024w, https:\/\/www.ufsm.br\/app\/uploads\/sites\/601\/2017\/08\/7-Edicao_COMO-SURGIU_Elevador-272x182.jpg 272w, https:\/\/www.ufsm.br\/app\/uploads\/sites\/601\/2017\/08\/7-Edicao_COMO-SURGIU_Elevador.jpg 1400w\" src=\"https:\/\/www.ufsm.br\/app\/uploads\/sites\/601\/2017\/08\/7-Edicao_COMO-SURGIU_Elevador-1024x688.jpg\"><\/img>\n                                <\/div>\n                            <\/a>\n                        <\/div>\n                                        \n                                            <span class='categoria-publicacao-widget'>\n                            Como Surgiu                        <\/span>\n                        <br>\n                                        \n                    \n                    <a class=\"noticias-widget-title d-block  m-0 \"  title=\"Subindo e descendo\" href=\"https:\/\/www.ufsm.br\/midias\/arco\/subindo-e-descendo\">\n                                                Subindo e descendo                    <\/a>\n                    \n                    \n                                        \n                                        \n                                        <\/div>\n                                    <div class=\"col-12 col-lg-4 pb-4\">\n                                            <div class=\"noticias-widget-wrap\" style=\"height: 180px; overflow: hidden;\">\n                            <a title=\"\" href=\"https:\/\/www.ufsm.br\/midias\/arco\/1365\">\n                                <span class=\"visually-hidden\">\n                                    Carta do Leitor                                <\/span>\n                                <div class=\"noticias-widget-thumbs h-100\">\n                                    <img decoding=\"async\" class=\"object-fit-cover h-100 w-100\" alt=\"\" srcset=\"https:\/\/www.ufsm.br\/app\/uploads\/sites\/601\/2017\/08\/7-Edicao_CARTA-DO-LEITOR-300x201.jpg 300w, https:\/\/www.ufsm.br\/app\/uploads\/sites\/601\/2017\/08\/7-Edicao_CARTA-DO-LEITOR-768x516.jpg 768w, https:\/\/www.ufsm.br\/app\/uploads\/sites\/601\/2017\/08\/7-Edicao_CARTA-DO-LEITOR-1024x688.jpg 1024w, https:\/\/www.ufsm.br\/app\/uploads\/sites\/601\/2017\/08\/7-Edicao_CARTA-DO-LEITOR-272x182.jpg 272w, https:\/\/www.ufsm.br\/app\/uploads\/sites\/601\/2017\/08\/7-Edicao_CARTA-DO-LEITOR.jpg 1400w\" src=\"https:\/\/www.ufsm.br\/app\/uploads\/sites\/601\/2017\/08\/7-Edicao_CARTA-DO-LEITOR-1024x688.jpg\"><\/img>\n                                <\/div>\n                            <\/a>\n                        <\/div>\n                                        \n                                            <span class='categoria-publicacao-widget'>\n                            Carta do Leitor                        <\/span>\n                        <br>\n                                        \n                    \n                    <a class=\"noticias-widget-title d-block  m-0 \"  title=\"Carta do Leitor\" href=\"https:\/\/www.ufsm.br\/midias\/arco\/1365\">\n                                                Carta do Leitor                    <\/a>\n                    \n                    \n                                        \n                                        \n                                        <\/div>\n                                    <div class=\"col-12 col-lg-4 pb-4\">\n                                            <div class=\"noticias-widget-wrap\" style=\"height: 180px; overflow: hidden;\">\n                            <a title=\"\" href=\"https:\/\/www.ufsm.br\/midias\/arco\/carta-da-editora\">\n                                <span class=\"visually-hidden\">\n                                    Carta da Editora                                <\/span>\n                                <div class=\"noticias-widget-thumbs h-100\">\n                                    <img decoding=\"async\" class=\"object-fit-cover h-100 w-100\" alt=\"\" srcset=\"https:\/\/www.ufsm.br\/app\/uploads\/sites\/601\/2017\/08\/7-Edicao_CARTA-DA-EDITORA-300x201.jpg 300w, https:\/\/www.ufsm.br\/app\/uploads\/sites\/601\/2017\/08\/7-Edicao_CARTA-DA-EDITORA-768x516.jpg 768w, https:\/\/www.ufsm.br\/app\/uploads\/sites\/601\/2017\/08\/7-Edicao_CARTA-DA-EDITORA-1024x688.jpg 1024w, https:\/\/www.ufsm.br\/app\/uploads\/sites\/601\/2017\/08\/7-Edicao_CARTA-DA-EDITORA-272x182.jpg 272w, https:\/\/www.ufsm.br\/app\/uploads\/sites\/601\/2017\/08\/7-Edicao_CARTA-DA-EDITORA.jpg 1400w\" src=\"https:\/\/www.ufsm.br\/app\/uploads\/sites\/601\/2017\/08\/7-Edicao_CARTA-DA-EDITORA-1024x688.jpg\"><\/img>\n                                <\/div>\n                            <\/a>\n                        <\/div>\n                                        \n                                            <span class='categoria-publicacao-widget'>\n                            Carta da Editora                        <\/span>\n                        <br>\n                                        \n                    \n                    <a class=\"noticias-widget-title d-block  m-0 \"  title=\"Carta da Editora\" href=\"https:\/\/www.ufsm.br\/midias\/arco\/carta-da-editora\">\n                                                Carta da Editora                    <\/a>\n                    \n                    \n                                        \n                                        \n                                        <\/div>\n                            <\/div>\n                    <div class=\"row\">\n                                    <div class=\"col-12 col-lg-4 pb-4\">\n                                            <div class=\"noticias-widget-wrap\" style=\"height: 180px; overflow: hidden;\">\n                            <a title=\"\" href=\"https:\/\/www.ufsm.br\/midias\/arco\/expediente-7\">\n                                <span class=\"visually-hidden\">\n                                    Expediente                                <\/span>\n                                <div class=\"noticias-widget-thumbs h-100\">\n                                    <img decoding=\"async\" class=\"object-fit-cover h-100 w-100\" alt=\"\" srcset=\"https:\/\/www.ufsm.br\/app\/uploads\/sites\/601\/2017\/08\/7-EDICAO-300x202.jpg 300w, https:\/\/www.ufsm.br\/app\/uploads\/sites\/601\/2017\/08\/7-EDICAO-768x518.jpg 768w, https:\/\/www.ufsm.br\/app\/uploads\/sites\/601\/2017\/08\/7-EDICAO-1024x690.jpg 1024w, https:\/\/www.ufsm.br\/app\/uploads\/sites\/601\/2017\/08\/7-EDICAO-272x182.jpg 272w, https:\/\/www.ufsm.br\/app\/uploads\/sites\/601\/2017\/08\/7-EDICAO.jpg 2040w\" src=\"https:\/\/www.ufsm.br\/app\/uploads\/sites\/601\/2017\/08\/7-EDICAO-1024x690.jpg\"><\/img>\n                                <\/div>\n                            <\/a>\n                        <\/div>\n                                        \n                                            <span class='categoria-publicacao-widget'>\n                            Expediente                        <\/span>\n                        <br>\n                                        \n                    \n                    <a class=\"noticias-widget-title d-block  m-0 \"  title=\"Expediente\" href=\"https:\/\/www.ufsm.br\/midias\/arco\/expediente-7\">\n                                                Expediente                    <\/a>\n                    \n                    \n                                        \n                                        \n                                        <\/div>\n                                    <div class=\"col-12 col-lg-4 pb-4\">\n                                            <div class=\"noticias-widget-wrap\" style=\"height: 180px; overflow: hidden;\">\n                            <a title=\"\" href=\"https:\/\/www.ufsm.br\/midias\/arco\/7a-edicao\">\n                                <span class=\"visually-hidden\">\n                                    7\u00aa edi\u00e7\u00e3o                                <\/span>\n                                <div class=\"noticias-widget-thumbs h-100\">\n                                    <img decoding=\"async\" class=\"object-fit-cover h-100 w-100\" alt=\"\" srcset=\"https:\/\/www.ufsm.br\/app\/uploads\/sites\/601\/2017\/07\/capa-ed-7-222x300.jpg 222w, https:\/\/www.ufsm.br\/app\/uploads\/sites\/601\/2017\/07\/capa-ed-7.jpg 578w\" src=\"https:\/\/www.ufsm.br\/app\/uploads\/sites\/601\/2017\/07\/capa-ed-7.jpg\"><\/img>\n                                <\/div>\n                            <\/a>\n                        <\/div>\n                                        \n                                            <span class='categoria-publicacao-widget'>\n                            7\u00b0 Edi\u00e7\u00e3o, Arco afora                        <\/span>\n                        <br>\n                                        \n                    \n                    <a class=\"noticias-widget-title d-block  m-0 \"  title=\"7\u00aa edi\u00e7\u00e3o\" href=\"https:\/\/www.ufsm.br\/midias\/arco\/7a-edicao\">\n                                                7\u00aa edi\u00e7\u00e3o                    <\/a>\n                    \n                    \n                                        \n                                        \n                                        <\/div>\n                            <\/div>\n            <\/div>\n\t\t<\/div>\n\t\t\t\t<\/div>\n\t\t\t\t\t<\/div>\n\t\t<\/div>\n\t\t\t\t\t<\/div>\n\t\t<\/section>\n\t\t\t\t<\/div>\n\t\t","protected":false},"excerpt":{"rendered":"<p>Abril\/Julho de 2017<\/p>\n","protected":false},"author":26,"featured_media":485,"comment_status":"open","ping_status":"open","sticky":false,"template":"","format":"aside","meta":{"footnotes":""},"categories":[1557,1890],"tags":[],"class_list":["post-484","post","type-post","status-publish","format-aside","has-post-thumbnail","hentry","category-7-edicao","category-arco-afora","post_format-post-format-aside"],"acf":[],"_links":{"self":[{"href":"https:\/\/www.ufsm.br\/midias\/arco\/wp-json\/wp\/v2\/posts\/484","targetHints":{"allow":["GET"]}}],"collection":[{"href":"https:\/\/www.ufsm.br\/midias\/arco\/wp-json\/wp\/v2\/posts"}],"about":[{"href":"https:\/\/www.ufsm.br\/midias\/arco\/wp-json\/wp\/v2\/types\/post"}],"author":[{"embeddable":true,"href":"https:\/\/www.ufsm.br\/midias\/arco\/wp-json\/wp\/v2\/users\/26"}],"replies":[{"embeddable":true,"href":"https:\/\/www.ufsm.br\/midias\/arco\/wp-json\/wp\/v2\/comments?post=484"}],"version-history":[{"count":0,"href":"https:\/\/www.ufsm.br\/midias\/arco\/wp-json\/wp\/v2\/posts\/484\/revisions"}],"wp:featuredmedia":[{"embeddable":true,"href":"https:\/\/www.ufsm.br\/midias\/arco\/wp-json\/wp\/v2\/media\/485"}],"wp:attachment":[{"href":"https:\/\/www.ufsm.br\/midias\/arco\/wp-json\/wp\/v2\/media?parent=484"}],"wp:term":[{"taxonomy":"category","embeddable":true,"href":"https:\/\/www.ufsm.br\/midias\/arco\/wp-json\/wp\/v2\/categories?post=484"},{"taxonomy":"post_tag","embeddable":true,"href":"https:\/\/www.ufsm.br\/midias\/arco\/wp-json\/wp\/v2\/tags?post=484"}],"curies":[{"name":"wp","href":"https:\/\/api.w.org\/{rel}","templated":true}]}}