{"id":6137,"date":"2020-01-08T12:00:40","date_gmt":"2020-01-08T15:00:40","guid":{"rendered":"https:\/\/www.ufsm.br\/midias\/arco\/?p=6137"},"modified":"2021-02-04T19:57:13","modified_gmt":"2021-02-04T22:57:13","slug":"projecao-mapeada","status":"publish","type":"post","link":"https:\/\/www.ufsm.br\/midias\/arco\/projecao-mapeada","title":{"rendered":"Ilus\u00e3o de \u00f3ptica ao ar livre no campus"},"content":{"rendered":"\t\t<div data-elementor-type=\"wp-post\" data-elementor-id=\"6137\" class=\"elementor elementor-6137\">\n\t\t\t\t\t\t<section class=\"elementor-section elementor-top-section elementor-element elementor-element-0e98a59 elementor-section-boxed elementor-section-height-default elementor-section-height-default\" data-id=\"0e98a59\" data-element_type=\"section\">\n\t\t\t\t\t\t<div class=\"elementor-container elementor-column-gap-default\">\n\t\t\t\t\t<div class=\"elementor-column elementor-col-100 elementor-top-column elementor-element elementor-element-e054378\" data-id=\"e054378\" data-element_type=\"column\">\n\t\t\t<div class=\"elementor-widget-wrap elementor-element-populated\">\n\t\t\t\t\t\t<div class=\"elementor-element elementor-element-c6cbe65 elementor-widget elementor-widget-text-editor\" data-id=\"c6cbe65\" data-element_type=\"widget\" data-widget_type=\"text-editor.default\">\n\t\t\t\t<div class=\"elementor-widget-container\">\n\t\t\t\t\t\t\t<p><span style=\"font-weight: bold;color: #000000;font-size: 16px\">Grupo AVx utiliza patrim\u00f4nio arquitet\u00f4nico para experi\u00eancias audiovisuais<\/span><\/p>\t\t\t\t\t\t<\/div>\n\t\t\t\t<\/div>\n\t\t\t\t\t<\/div>\n\t\t<\/div>\n\t\t\t\t\t<\/div>\n\t\t<\/section>\n\t\t\t\t<section class=\"elementor-section elementor-top-section elementor-element elementor-element-5a081af elementor-section-boxed elementor-section-height-default elementor-section-height-default\" data-id=\"5a081af\" data-element_type=\"section\">\n\t\t\t\t\t\t<div class=\"elementor-container elementor-column-gap-default\">\n\t\t\t\t\t<div class=\"elementor-column elementor-col-100 elementor-top-column elementor-element elementor-element-3751dd5\" data-id=\"3751dd5\" data-element_type=\"column\">\n\t\t\t<div class=\"elementor-widget-wrap elementor-element-populated\">\n\t\t\t\t\t\t<div class=\"elementor-element elementor-element-32eabeb elementor-widget elementor-widget-image\" data-id=\"32eabeb\" data-element_type=\"widget\" data-widget_type=\"image.default\">\n\t\t\t\t<div class=\"elementor-widget-container\">\n\t\t\t\t\t\t\t\t\t\t<figure class=\"wp-caption\">\n\t\t\t\t\t\t\t\t\t\t\t<a href=\"https:\/\/www.ufsm.br\/midias\/arco\/wp-content\/uploads\/sites\/601\/2020\/01\/campus_open_mapping_2.jpg\" data-elementor-open-lightbox=\"yes\" data-elementor-lightbox-title=\"campus_open_mapping_2\" data-elementor-lightbox-description=\"Foto da fachada da Biblioteca Central com proje\u00e7\u00e3o do texto &quot;Campus Open Mapping&quot;. \" data-e-action-hash=\"#elementor-action%3Aaction%3Dlightbox%26settings%3DeyJpZCI6IjYxMzgiLCJ1cmwiOiJodHRwczpcL1wvd3d3LnVmc20uYnJcL2FwcFwvdXBsb2Fkc1wvc2l0ZXNcLzYwMVwvMjAyMFwvMDFcL2NhbXB1c19vcGVuX21hcHBpbmdfMi5qcGcifQ%3D%3D\">\n\t\t\t\t\t\t\t<img fetchpriority=\"high\" decoding=\"async\" width=\"1024\" height=\"683\" src=\"https:\/\/www.ufsm.br\/app\/uploads\/sites\/601\/2020\/01\/campus_open_mapping_2-1024x683.jpg\" class=\"attachment-large size-large wp-image-6138\" alt=\"\" srcset=\"https:\/\/www.ufsm.br\/app\/uploads\/sites\/601\/2020\/01\/campus_open_mapping_2-1024x683.jpg 1024w, https:\/\/www.ufsm.br\/app\/uploads\/sites\/601\/2020\/01\/campus_open_mapping_2-300x200.jpg 300w, https:\/\/www.ufsm.br\/app\/uploads\/sites\/601\/2020\/01\/campus_open_mapping_2-768x512.jpg 768w, https:\/\/www.ufsm.br\/app\/uploads\/sites\/601\/2020\/01\/campus_open_mapping_2-1536x1024.jpg 1536w, https:\/\/www.ufsm.br\/app\/uploads\/sites\/601\/2020\/01\/campus_open_mapping_2-272x182.jpg 272w, https:\/\/www.ufsm.br\/app\/uploads\/sites\/601\/2020\/01\/campus_open_mapping_2.jpg 1920w\" sizes=\"(max-width: 1024px) 100vw, 1024px\" \/>\t\t\t\t\t\t\t\t<\/a>\n\t\t\t\t\t\t\t\t\t\t\t<figcaption class=\"widget-image-caption wp-caption-text\">Fachada da Biblioteca Central foi tela de proje\u00e7\u00e3o de imagens (Foto: AVx\/Especial)<\/figcaption>\n\t\t\t\t\t\t\t\t\t\t<\/figure>\n\t\t\t\t\t\t\t<\/div>\n\t\t\t\t<\/div>\n\t\t\t\t\t<\/div>\n\t\t<\/div>\n\t\t\t\t\t<\/div>\n\t\t<\/section>\n\t\t\t\t<section class=\"elementor-section elementor-top-section elementor-element elementor-element-4768d88 elementor-section-boxed elementor-section-height-default elementor-section-height-default\" data-id=\"4768d88\" data-element_type=\"section\">\n\t\t\t\t\t\t<div class=\"elementor-container elementor-column-gap-default\">\n\t\t\t\t\t<div class=\"elementor-column elementor-col-100 elementor-top-column elementor-element elementor-element-c8200b7\" data-id=\"c8200b7\" data-element_type=\"column\">\n\t\t\t<div class=\"elementor-widget-wrap elementor-element-populated\">\n\t\t\t\t\t\t<div class=\"elementor-element elementor-element-0e5e610 elementor-widget elementor-widget-text-editor\" data-id=\"0e5e610\" data-element_type=\"widget\" data-widget_type=\"text-editor.default\">\n\t\t\t\t<div class=\"elementor-widget-container\">\n\t\t\t\t\t\t\t<p><span style=\"font-weight: 400\">Voc\u00ea j\u00e1 ouviu falar em proje\u00e7\u00e3o mapeada? Pois bem, o <\/span><i><span style=\"font-weight: 400\">video mapping, <\/span><\/i><span style=\"font-weight: 400\">como \u00e9 mundialmente conhecido, <\/span><span style=\"font-weight: 400\">\u00e9 uma t\u00e9cnica com uso de proje\u00e7\u00f5es multim\u00eddia em fachadas de pr\u00e9dios e de casas, grandes estruturas arquitet\u00f4nicas e at\u00e9 mesmo est\u00e1tuas. Com isso, modificam-se as formas das edifica\u00e7\u00f5es a partir das imagens projetadas, e criam-se ilus\u00f5es de \u00f3ptica e de perspectivas imposs\u00edveis.<\/span><\/p><p><span style=\"font-weight: 400\">Em Santa Maria, tal t\u00e9cnica j\u00e1 p\u00f4de ser vista, pela primeira vez, em maio de 2012, na sede da TV Ovo, o <\/span><a href=\"https:\/\/www.santamaria.rs.gov.br\/noticias\/17089-prefeitura-de-santa-maria-torna-a-sede-da-tv-ovo-patrimonio-historico-e-cultural-do-municipio\"><span style=\"font-weight: 400\">sobrado<\/span><\/a><span style=\"font-weight: 400\"> localizado na rua Floriano Peixoto, 267. J\u00e1 a UFSM recebeu essa proje\u00e7\u00e3o, em seu campus sede, pela primeira vez no dia <a href=\"https:\/\/www.ufsm.br\/2019\/12\/12\/estudantes-de-artes-visuais-farao-video-mapping-no-predio-da-biblioteca-central-nesta-sexta-feira\/\">13 de dezembro<\/a> de 2019. Naquela oportunidade, a fachada da Biblioteca Central se transformou em um imenso tel\u00e3o para exibir trabalhos do <\/span><a href=\"https:\/\/www.instagram.com\/avxufsm\/\"><span style=\"font-weight: 400\">grupo AVx<\/span><\/a><span style=\"font-weight: 400\">, criado em maio deste ano, no Centro de Artes e Letras, com o objetivo de estudar e produzir audiovisual contempor\u00e2neo.<\/span><\/p>\t\t\t\t\t\t<\/div>\n\t\t\t\t<\/div>\n\t\t\t\t\t<\/div>\n\t\t<\/div>\n\t\t\t\t\t<\/div>\n\t\t<\/section>\n\t\t\t\t<section class=\"elementor-section elementor-top-section elementor-element elementor-element-b610b6e elementor-section-boxed elementor-section-height-default elementor-section-height-default\" data-id=\"b610b6e\" data-element_type=\"section\">\n\t\t\t\t\t\t<div class=\"elementor-container elementor-column-gap-default\">\n\t\t\t\t\t<div class=\"elementor-column elementor-col-100 elementor-top-column elementor-element elementor-element-43a7edf\" data-id=\"43a7edf\" data-element_type=\"column\">\n\t\t\t<div class=\"elementor-widget-wrap elementor-element-populated\">\n\t\t\t\t\t\t<div class=\"elementor-element elementor-element-9747f2c elementor-widget elementor-widget-image\" data-id=\"9747f2c\" data-element_type=\"widget\" data-widget_type=\"image.default\">\n\t\t\t\t<div class=\"elementor-widget-container\">\n\t\t\t\t\t\t\t\t\t\t<figure class=\"wp-caption\">\n\t\t\t\t\t\t\t\t\t\t\t<a href=\"https:\/\/www.ufsm.br\/midias\/arco\/wp-content\/uploads\/sites\/601\/2020\/01\/campus_open_mapping_-Calixto_Bento_1.jpg\" data-elementor-open-lightbox=\"yes\" data-elementor-lightbox-title=\"campus_open_mapping_-Calixto_Bento_1\" data-elementor-lightbox-description=\"Foto do Pr\u00e9dio da Biblioteca com proje\u00e7\u00e3o em v\u00eddeo\" data-e-action-hash=\"#elementor-action%3Aaction%3Dlightbox%26settings%3DeyJpZCI6IjYxMzkiLCJ1cmwiOiJodHRwczpcL1wvd3d3LnVmc20uYnJcL2FwcFwvdXBsb2Fkc1wvc2l0ZXNcLzYwMVwvMjAyMFwvMDFcL2NhbXB1c19vcGVuX21hcHBpbmdfLUNhbGl4dG9fQmVudG9fMS5qcGcifQ%3D%3D\">\n\t\t\t\t\t\t\t<img decoding=\"async\" width=\"1024\" height=\"683\" src=\"https:\/\/www.ufsm.br\/app\/uploads\/sites\/601\/2020\/01\/campus_open_mapping_-Calixto_Bento_1-1024x683.jpg\" class=\"attachment-large size-large wp-image-6139\" alt=\"\" srcset=\"https:\/\/www.ufsm.br\/app\/uploads\/sites\/601\/2020\/01\/campus_open_mapping_-Calixto_Bento_1-1024x683.jpg 1024w, https:\/\/www.ufsm.br\/app\/uploads\/sites\/601\/2020\/01\/campus_open_mapping_-Calixto_Bento_1-300x200.jpg 300w, https:\/\/www.ufsm.br\/app\/uploads\/sites\/601\/2020\/01\/campus_open_mapping_-Calixto_Bento_1-768x512.jpg 768w, https:\/\/www.ufsm.br\/app\/uploads\/sites\/601\/2020\/01\/campus_open_mapping_-Calixto_Bento_1-1536x1024.jpg 1536w, https:\/\/www.ufsm.br\/app\/uploads\/sites\/601\/2020\/01\/campus_open_mapping_-Calixto_Bento_1-272x182.jpg 272w, https:\/\/www.ufsm.br\/app\/uploads\/sites\/601\/2020\/01\/campus_open_mapping_-Calixto_Bento_1.jpg 1920w\" sizes=\"(max-width: 1024px) 100vw, 1024px\" \/>\t\t\t\t\t\t\t\t<\/a>\n\t\t\t\t\t\t\t\t\t\t\t<figcaption class=\"widget-image-caption wp-caption-text\">Experi\u00eancia permite diferentes percep\u00e7\u00f5es da arte e da arquitetura (Foto: Calixto Bento)<\/figcaption>\n\t\t\t\t\t\t\t\t\t\t<\/figure>\n\t\t\t\t\t\t\t<\/div>\n\t\t\t\t<\/div>\n\t\t\t\t\t<\/div>\n\t\t<\/div>\n\t\t\t\t\t<\/div>\n\t\t<\/section>\n\t\t\t\t<section class=\"elementor-section elementor-top-section elementor-element elementor-element-336ca7c elementor-section-boxed elementor-section-height-default elementor-section-height-default\" data-id=\"336ca7c\" data-element_type=\"section\">\n\t\t\t\t\t\t<div class=\"elementor-container elementor-column-gap-default\">\n\t\t\t\t\t<div class=\"elementor-column elementor-col-100 elementor-top-column elementor-element elementor-element-fdb5d6b\" data-id=\"fdb5d6b\" data-element_type=\"column\">\n\t\t\t<div class=\"elementor-widget-wrap elementor-element-populated\">\n\t\t\t\t\t\t<div class=\"elementor-element elementor-element-ce69240 elementor-widget elementor-widget-text-editor\" data-id=\"ce69240\" data-element_type=\"widget\" data-widget_type=\"text-editor.default\">\n\t\t\t\t<div class=\"elementor-widget-container\">\n\t\t\t\t\t\t\t<h2>Proje\u00e7\u00e3o em superf\u00edcies irregulares<\/h2><p><span style=\"font-weight: 400\">O \u201c<\/span><i><span style=\"font-weight: 400\">Campus Open Mapping\u201d<\/span><\/i><span style=\"font-weight: 400\"> foi uma improvisa\u00e7\u00e3o audiovisual sobre uma superf\u00edcie diferente das habituais. Os trabalhos <\/span><span style=\"font-weight: 400\">apresentaram diversas linguagens, como anima\u00e7\u00e3o, performance, dan\u00e7a e v\u00eddeo.<\/span><span style=\"font-weight: 400\"> \u201cO <\/span><i><span style=\"font-weight: 400\">video mapping<\/span><\/i><span style=\"font-weight: 400\"> dialoga com as superf\u00edcies projetadas de modo geral. O mais popular talvez seja a arquitet\u00f4nica. No entanto, essa ideia surgiu motivada por duas aulas de <\/span><i><span style=\"font-weight: 400\">video mapping<\/span><\/i><span style=\"font-weight: 400\"> que ministrei na gradua\u00e7\u00e3o\u201d, explica o artista visual e integrante do grupo, Calixto Bento.<\/span><\/p><p><span style=\"font-weight: 400\">Conforme os membros do AVx, a escolha da\u00a0<\/span><a href=\"https:\/\/www.ufsm.br\/midias\/arco\/12-curiosidades-sobre-a-numeracao-dos-predios-da-ufsm\/\" target=\"_blank\" rel=\"noopener\">Biblioteca Central<\/a><span style=\"font-weight: 400\">\u00a0se deu devido \u00e0 posi\u00e7\u00e3o e \u00e0 extens\u00e3o da fachada, o f\u00e1cil acesso e, principalmente, ao fluxo de p\u00fablico que transita em dire\u00e7\u00e3o ao Restaurante Universit\u00e1rio, \u00e0 Casa do Estudante, ao Hospital Universit\u00e1rio e aos demais pontos da UFSM. \u201cAcredito que o <\/span><i><span style=\"font-weight: 400\">video mapping<\/span><\/i><span style=\"font-weight: 400\"> seja feito principalmente para quem est\u00e1 em tr\u00e2nsito, surpreendendo o olhar cotidiano de quem passa por essa arquitetura ressignificada, remodelando a rigidez dos tra\u00e7os urbanos atrav\u00e9s da fluidez audiovisual\u201d, pontua Calixto.<\/span><\/p><p><span style=\"font-weight: 400\">Como a t\u00e9cnica se utiliza de espa\u00e7os p\u00fablicos, a experi\u00eancia, conforme os integrantes do grupo, ajuda a valorizar o patrim\u00f4nio p\u00fablico. \u201cAcredito que o edif\u00edcio da Biblioteca Central, que foi a \u2018menina dos olhos\u2019 dos arquitetos que a desenvolveram, devido a sua simplicidade e beleza da sua constitui\u00e7\u00e3o, em alguns momentos destes 47 anos de hist\u00f3ria, com a expans\u00e3o do campus, fique condenada a ser um pr\u00e9dio como outro qualquer\u201d, complementa o artista.\u00a0<\/span><\/p>\t\t\t\t\t\t<\/div>\n\t\t\t\t<\/div>\n\t\t\t\t\t<\/div>\n\t\t<\/div>\n\t\t\t\t\t<\/div>\n\t\t<\/section>\n\t\t\t\t<section class=\"elementor-section elementor-top-section elementor-element elementor-element-f54b778 elementor-section-boxed elementor-section-height-default elementor-section-height-default\" data-id=\"f54b778\" data-element_type=\"section\">\n\t\t\t\t\t\t<div class=\"elementor-container elementor-column-gap-default\">\n\t\t\t\t\t<div class=\"elementor-column elementor-col-100 elementor-top-column elementor-element elementor-element-32a0461\" data-id=\"32a0461\" data-element_type=\"column\">\n\t\t\t<div class=\"elementor-widget-wrap elementor-element-populated\">\n\t\t\t\t\t\t<div class=\"elementor-element elementor-element-18de97b elementor-widget elementor-widget-image\" data-id=\"18de97b\" data-element_type=\"widget\" data-widget_type=\"image.default\">\n\t\t\t\t<div class=\"elementor-widget-container\">\n\t\t\t\t\t\t\t\t\t\t<figure class=\"wp-caption\">\n\t\t\t\t\t\t\t\t\t\t\t<a href=\"https:\/\/www.ufsm.br\/midias\/arco\/wp-content\/uploads\/sites\/601\/2020\/01\/campus_open_mapping_-Karyn_Fr\u00f6hlich_1.jpg\" data-elementor-open-lightbox=\"yes\" data-elementor-lightbox-title=\"campus_open_mapping_-Karyn_Fr\u00f6hlich_1\" data-e-action-hash=\"#elementor-action%3Aaction%3Dlightbox%26settings%3DeyJpZCI6IjYxNDAiLCJ1cmwiOiJodHRwczpcL1wvd3d3LnVmc20uYnJcL2FwcFwvdXBsb2Fkc1wvc2l0ZXNcLzYwMVwvMjAyMFwvMDFcL2NhbXB1c19vcGVuX21hcHBpbmdfLUthcnluX0ZyXHUwMGY2aGxpY2hfMS5qcGcifQ%3D%3D\">\n\t\t\t\t\t\t\t<img decoding=\"async\" width=\"1024\" height=\"683\" src=\"https:\/\/www.ufsm.br\/app\/uploads\/sites\/601\/2020\/01\/campus_open_mapping_-Karyn_Fr\u00f6hlich_1-1024x683.jpg\" class=\"attachment-large size-large wp-image-6140\" alt=\"\" srcset=\"https:\/\/www.ufsm.br\/app\/uploads\/sites\/601\/2020\/01\/campus_open_mapping_-Karyn_Fr\u00f6hlich_1-1024x683.jpg 1024w, https:\/\/www.ufsm.br\/app\/uploads\/sites\/601\/2020\/01\/campus_open_mapping_-Karyn_Fr\u00f6hlich_1-300x200.jpg 300w, https:\/\/www.ufsm.br\/app\/uploads\/sites\/601\/2020\/01\/campus_open_mapping_-Karyn_Fr\u00f6hlich_1-768x512.jpg 768w, https:\/\/www.ufsm.br\/app\/uploads\/sites\/601\/2020\/01\/campus_open_mapping_-Karyn_Fr\u00f6hlich_1-1536x1024.jpg 1536w, https:\/\/www.ufsm.br\/app\/uploads\/sites\/601\/2020\/01\/campus_open_mapping_-Karyn_Fr\u00f6hlich_1-272x182.jpg 272w, https:\/\/www.ufsm.br\/app\/uploads\/sites\/601\/2020\/01\/campus_open_mapping_-Karyn_Fr\u00f6hlich_1.jpg 1920w\" sizes=\"(max-width: 1024px) 100vw, 1024px\" \/>\t\t\t\t\t\t\t\t<\/a>\n\t\t\t\t\t\t\t\t\t\t\t<figcaption class=\"widget-image-caption wp-caption-text\">Frequentadores do campus puderam assistir a diferentes conte\u00fados audiovisuais (Foto: Karyn Fr\u00f6hlich)<\/figcaption>\n\t\t\t\t\t\t\t\t\t\t<\/figure>\n\t\t\t\t\t\t\t<\/div>\n\t\t\t\t<\/div>\n\t\t\t\t\t<\/div>\n\t\t<\/div>\n\t\t\t\t\t<\/div>\n\t\t<\/section>\n\t\t\t\t<section class=\"elementor-section elementor-top-section elementor-element elementor-element-69f47e8 elementor-section-boxed elementor-section-height-default elementor-section-height-default\" data-id=\"69f47e8\" data-element_type=\"section\">\n\t\t\t\t\t\t<div class=\"elementor-container elementor-column-gap-default\">\n\t\t\t\t\t<div class=\"elementor-column elementor-col-100 elementor-top-column elementor-element elementor-element-6a3e0c3\" data-id=\"6a3e0c3\" data-element_type=\"column\">\n\t\t\t<div class=\"elementor-widget-wrap elementor-element-populated\">\n\t\t\t\t\t\t<div class=\"elementor-element elementor-element-7f0606f elementor-widget elementor-widget-text-editor\" data-id=\"7f0606f\" data-element_type=\"widget\" data-widget_type=\"text-editor.default\">\n\t\t\t\t<div class=\"elementor-widget-container\">\n\t\t\t\t\t\t\t<h2><span style=\"color: black;font-size: 1rem\">Um projetor, um computador e um software<\/span><\/h2>\n<p><span style=\"color: black;font-size: 1rem\">Para realizar um <\/span><i style=\"color: black;font-size: 1rem\">video mapping, <\/i><span style=\"color: black;font-size: 1rem\">\u00e9 mais simples do que se imagina. Bastam um projetor e um computador. O diferencial est\u00e1 no emprego de softwares espec\u00edficos de proje\u00e7\u00f5es mapeadas. Outra quest\u00e3o diz respeito ao contexto da proje\u00e7\u00e3o, dist\u00e2ncia da superf\u00edcie e ilumina\u00e7\u00e3o.<\/span><\/p>\n<p><span style=\"font-weight: 400\">O AVx\u00a0 pretende organizar uma exibi\u00e7\u00e3o semestral em lugares diferentes. Em fevereiro, o grupo volta a se reunir e planeja uma proje\u00e7\u00e3o no bairro Camobi, fora da Universidade. Sugest\u00f5es podem ser encaminhadas pelo e-mail <\/span><a href=\"mailto:avxufsm@gmail.com\"><span style=\"font-weight: 400\">avxufsm@gmail.com<\/span><\/a><span style=\"font-weight: 400\">.<\/span><span style=\"color: black;font-size: 1rem\">\u00a0<\/span><\/p>\t\t\t\t\t\t<\/div>\n\t\t\t\t<\/div>\n\t\t\t\t\t<\/div>\n\t\t<\/div>\n\t\t\t\t\t<\/div>\n\t\t<\/section>\n\t\t\t\t<section class=\"elementor-section elementor-top-section elementor-element elementor-element-c92f7bb elementor-section-boxed elementor-section-height-default elementor-section-height-default\" data-id=\"c92f7bb\" data-element_type=\"section\">\n\t\t\t\t\t\t<div class=\"elementor-container elementor-column-gap-default\">\n\t\t\t\t\t<div class=\"elementor-column elementor-col-100 elementor-top-column elementor-element elementor-element-f2649e8\" data-id=\"f2649e8\" data-element_type=\"column\">\n\t\t\t<div class=\"elementor-widget-wrap elementor-element-populated\">\n\t\t\t\t\t\t<div class=\"elementor-element elementor-element-30e1421 elementor-widget elementor-widget-text-editor\" data-id=\"30e1421\" data-element_type=\"widget\" data-widget_type=\"text-editor.default\">\n\t\t\t\t<div class=\"elementor-widget-container\">\n\t\t\t\t\t\t\t<p><em><span style=\"font-weight: 400\"><strong>Rep\u00f3rter<\/strong>: Pablo Iglesias, acad\u00eamico de Jornalismo<\/span><\/em><\/p>\n<p><em><span style=\"font-weight: 400\"><strong>Editora de Produ\u00e7\u00e3o<\/strong>: Melissa Konzen, acad\u00eamica de Jornalismo<\/span><\/em><\/p>\n<p><em><span style=\"font-weight: 400\"><strong>Editor Chefe<\/strong>: Maur\u00edcio Dias, jornalista<\/span><\/em><\/p>\n<p><em><span style=\"font-weight: 400\"><strong>Fotos<\/strong>: AVx,\u00a0<\/span><\/em><em style=\"color: black;font-size: 1rem\">Calixto Bento e\u00a0<\/em><i>Karyn Fr\u00f6hlich<\/i><em style=\"color: black;font-size: 1rem\">\/Especial<\/em><\/p>\t\t\t\t\t\t<\/div>\n\t\t\t\t<\/div>\n\t\t\t\t\t<\/div>\n\t\t<\/div>\n\t\t\t\t\t<\/div>\n\t\t<\/section>\n\t\t\t\t<\/div>\n\t\t","protected":false},"excerpt":{"rendered":"<p>Grupo AVx utiliza patrim\u00f4nio arquitet\u00f4nico para experi\u00eancias audiovisuais<\/p>\n","protected":false},"author":32,"featured_media":6139,"comment_status":"closed","ping_status":"closed","sticky":false,"template":"","format":"standard","meta":{"footnotes":""},"categories":[1524],"tags":[798,1152,482,4158,4159,4160],"class_list":["post-6137","post","type-post","status-publish","format-standard","has-post-thumbnail","hentry","category-cultura","tag-artes-visuais","tag-audiovisual","tag-cultura","tag-grupo-avx","tag-projecao-mapeada","tag-video-mapping"],"acf":[],"_links":{"self":[{"href":"https:\/\/www.ufsm.br\/midias\/arco\/wp-json\/wp\/v2\/posts\/6137","targetHints":{"allow":["GET"]}}],"collection":[{"href":"https:\/\/www.ufsm.br\/midias\/arco\/wp-json\/wp\/v2\/posts"}],"about":[{"href":"https:\/\/www.ufsm.br\/midias\/arco\/wp-json\/wp\/v2\/types\/post"}],"author":[{"embeddable":true,"href":"https:\/\/www.ufsm.br\/midias\/arco\/wp-json\/wp\/v2\/users\/32"}],"replies":[{"embeddable":true,"href":"https:\/\/www.ufsm.br\/midias\/arco\/wp-json\/wp\/v2\/comments?post=6137"}],"version-history":[{"count":0,"href":"https:\/\/www.ufsm.br\/midias\/arco\/wp-json\/wp\/v2\/posts\/6137\/revisions"}],"wp:featuredmedia":[{"embeddable":true,"href":"https:\/\/www.ufsm.br\/midias\/arco\/wp-json\/wp\/v2\/media\/6139"}],"wp:attachment":[{"href":"https:\/\/www.ufsm.br\/midias\/arco\/wp-json\/wp\/v2\/media?parent=6137"}],"wp:term":[{"taxonomy":"category","embeddable":true,"href":"https:\/\/www.ufsm.br\/midias\/arco\/wp-json\/wp\/v2\/categories?post=6137"},{"taxonomy":"post_tag","embeddable":true,"href":"https:\/\/www.ufsm.br\/midias\/arco\/wp-json\/wp\/v2\/tags?post=6137"}],"curies":[{"name":"wp","href":"https:\/\/api.w.org\/{rel}","templated":true}]}}