{"id":6198,"date":"2020-03-30T12:29:02","date_gmt":"2020-03-30T15:29:02","guid":{"rendered":"https:\/\/www.ufsm.br\/midias\/arco\/?p=6198"},"modified":"2021-02-02T17:55:45","modified_gmt":"2021-02-02T20:55:45","slug":"hidroxicloroquina","status":"publish","type":"post","link":"https:\/\/www.ufsm.br\/midias\/arco\/hidroxicloroquina","title":{"rendered":"Drogas que combatem a mal\u00e1ria podem ser a cura para a Covid-19?"},"content":{"rendered":"\t\t<div data-elementor-type=\"wp-post\" data-elementor-id=\"6198\" class=\"elementor elementor-6198\">\n\t\t\t\t\t\t<section class=\"elementor-section elementor-top-section elementor-element elementor-element-8c50311 elementor-section-boxed elementor-section-height-default elementor-section-height-default\" data-id=\"8c50311\" data-element_type=\"section\">\n\t\t\t\t\t\t<div class=\"elementor-container elementor-column-gap-default\">\n\t\t\t\t\t<div class=\"elementor-column elementor-col-100 elementor-top-column elementor-element elementor-element-8032423\" data-id=\"8032423\" data-element_type=\"column\">\n\t\t\t<div class=\"elementor-widget-wrap elementor-element-populated\">\n\t\t\t\t\t\t<div class=\"elementor-element elementor-element-593ab34 elementor-widget elementor-widget-text-editor\" data-id=\"593ab34\" data-element_type=\"widget\" data-widget_type=\"text-editor.default\">\n\t\t\t\t<div class=\"elementor-widget-container\">\n\t\t\t\t\t\t\t<p dir=\"ltr\" style=\"line-height: 1.38;text-align: justify;margin-top: 0pt;margin-bottom: 0pt\"><span style=\"font-size: 12pt;font-family: Arial;color: #000000;background-color: #ffffff;font-weight: 400;font-style: normal;font-variant: normal;text-decoration: none;vertical-align: baseline\">A hidroxicloroquina foi apontada em estudos chineses como poss\u00edvel tratamento para o novo coronav\u00edrus. At\u00e9 o momento, O uso combinado da droga apenas inibiu a a\u00e7\u00e3o do v\u00edrus no corpo humano. Ainda h\u00e1, portanto, questionamentos sobre sua efic\u00e1cia. N\u00e3o se sabe ao certo a dosagem adequada, nem em que momento o rem\u00e9dio deve ser aplicado no tratamento.<\/span><\/p><p dir=\"ltr\" style=\"line-height: 1.38;text-align: justify;margin-top: 0pt;margin-bottom: 0pt\"><span style=\"color: #000000;font-size: 1rem;text-align: left\"><span style=\"font-size: 12pt;font-family: Arial;vertical-align: baseline\">\u00a0<\/span><\/span><\/p><p dir=\"ltr\" style=\"line-height: 1.38;text-align: justify;margin-top: 0pt;margin-bottom: 0pt\"><span style=\"color: #000000;font-size: 1rem;text-align: left\"><span style=\"font-size: 12pt;font-family: Arial;vertical-align: baseline\">Mesmo assim, o <\/span><a style=\"color: #000000\" href=\"https:\/\/www.saude.gov.br\/noticias\/agencia-saude\/46601-cloroquina-podera-ser-usada-em-casos-graves-do-coronavirus\"><span style=\"font-size: 12pt;font-family: Arial;vertical-align: baseline\">Minist\u00e9rio da Sa\u00fade<\/span><\/a><span style=\"font-size: 12pt;font-family: Arial;vertical-align: baseline\"> aposta no uso da droga em casos graves de <\/span><a style=\"color: #000000\" href=\"https:\/\/www.ufsm.br\/midias\/arco\/mitometro-coronavirus-foi-criado-em-laboratorio-por-chineses\/\"><span style=\"font-size: 12pt;font-family: Arial;vertical-align: baseline\">pacientes infectados pelo\u00a0SARS-CoV-2<\/span><\/a><\/span><span style=\"font-family: Arial;color: #ff9900;font-size: 12pt;text-align: left;vertical-align: baseline\"><span style=\"color: #000000\"> e que estejam hospitalizados. A recomenda\u00e7\u00e3o seria para tratamento por cinco dias.<\/span> <\/span><\/p>\t\t\t\t\t\t<\/div>\n\t\t\t\t<\/div>\n\t\t\t\t\t<\/div>\n\t\t<\/div>\n\t\t\t\t\t<\/div>\n\t\t<\/section>\n\t\t\t\t<section class=\"elementor-section elementor-top-section elementor-element elementor-element-5accf2a elementor-section-boxed elementor-section-height-default elementor-section-height-default\" data-id=\"5accf2a\" data-element_type=\"section\">\n\t\t\t\t\t\t<div class=\"elementor-container elementor-column-gap-default\">\n\t\t\t\t\t<div class=\"elementor-column elementor-col-100 elementor-top-column elementor-element elementor-element-da6d50f\" data-id=\"da6d50f\" data-element_type=\"column\">\n\t\t\t<div class=\"elementor-widget-wrap elementor-element-populated\">\n\t\t\t\t\t\t<div class=\"elementor-element elementor-element-b37450f elementor-widget elementor-widget-text-editor\" data-id=\"b37450f\" data-element_type=\"widget\" data-widget_type=\"text-editor.default\">\n\t\t\t\t<div class=\"elementor-widget-container\">\n\t\t\t\t\t\t\t<h3><strong>Pesquisas chinesas<\/strong><\/h3>\t\t\t\t\t\t<\/div>\n\t\t\t\t<\/div>\n\t\t\t\t\t<\/div>\n\t\t<\/div>\n\t\t\t\t\t<\/div>\n\t\t<\/section>\n\t\t\t\t<section class=\"elementor-section elementor-top-section elementor-element elementor-element-802d446 elementor-section-boxed elementor-section-height-default elementor-section-height-default\" data-id=\"802d446\" data-element_type=\"section\">\n\t\t\t\t\t\t<div class=\"elementor-container elementor-column-gap-default\">\n\t\t\t\t\t<div class=\"elementor-column elementor-col-50 elementor-top-column elementor-element elementor-element-4c6df45\" data-id=\"4c6df45\" data-element_type=\"column\">\n\t\t\t<div class=\"elementor-widget-wrap elementor-element-populated\">\n\t\t\t\t\t\t<div class=\"elementor-element elementor-element-51f386c elementor-widget elementor-widget-text-editor\" data-id=\"51f386c\" data-element_type=\"widget\" data-widget_type=\"text-editor.default\">\n\t\t\t\t<div class=\"elementor-widget-container\">\n\t\t\t\t\t\t\t<p dir=\"ltr\" style=\"line-height: 1.38;text-align: justify;margin-top: 0pt;margin-bottom: 0pt\"><span style=\"font-size: 12pt;font-family: Arial;color: #000000;background-color: #ffffff;font-weight: 400;font-style: normal;font-variant: normal;text-decoration: none;vertical-align: baseline\">A hidroxicloroquina, medicamento derivado da cloroquina e conhecido pelo nome comercial de Reuquinol, \u00e9 utilizada como combate ao parasita causador da mal\u00e1ria. Por ter a\u00e7\u00e3o anti-inflamat\u00f3ria, tamb\u00e9m \u00e9 usada para l\u00fapus e artrite reumat\u00f3ide. A droga tem sido utilizada em estudos sobre o novo coronav\u00edrus.\u00a0<\/span><\/p><p><span style=\"color: #000000\"><b style=\"font-weight: normal\">\u00a0<\/b><\/span><\/p><p dir=\"ltr\" style=\"line-height: 1.38;text-align: justify;margin-top: 0pt;margin-bottom: 0pt\"><span style=\"color: #000000\"><span style=\"font-size: 12pt;font-family: Arial;background-color: #ffffff;font-weight: 400;font-style: normal;font-variant: normal;text-decoration: none;vertical-align: baseline\">Uma das primeiras pesquisas sobre a efic\u00e1cia da hidroxicloroquina para combater o novo coronav\u00edrus foi publicada na <\/span><a style=\"text-decoration: none;color: #000000\" href=\"https:\/\/www.nature.com\/articles\/s41421-020-0156-0\"><span style=\"font-size: 12pt;font-family: Arial;background-color: #ffffff;font-weight: 400;font-style: normal;font-variant: normal;text-decoration: underline;vertical-align: baseline\">revista Nature<\/span><\/a><span style=\"font-size: 12pt;font-family: Arial;background-color: #ffffff;font-weight: 400;font-style: normal;font-variant: normal;text-decoration: none;vertical-align: baseline\">. O estudo de cientistas de Wuhan e Pequim, na China, \u00e9 baseado apenas em testes in vitro, ou seja, sem testes em humanos. Os resultados para a inibi\u00e7\u00e3o da <\/span><a style=\"text-decoration: none;color: #000000\" href=\"https:\/\/www.ufsm.br\/midias\/arco\/mitometro-coronavirus-foi-criado-em-laboratorio-por-chineses\/\"><span style=\"font-size: 12pt;font-family: Arial;background-color: #ffffff;font-weight: 400;font-style: normal;font-variant: normal;text-decoration: underline;vertical-align: baseline\">SARS-CoV-2<\/span><\/a><span style=\"font-size: 12pt;font-family: Arial;background-color: #ffffff;font-weight: 400;font-style: normal;font-variant: normal;text-decoration: none;vertical-align: baseline\"> foram positivos. Al\u00e9m disso, houve combina\u00e7\u00e3o com outra droga, o antiviral remdesivir, utilizado para tratar o ebola.\u00a0<\/span><\/span><\/p><p><span style=\"color: #000000\"><b style=\"font-weight: normal\">\u00a0<\/b><\/span><\/p><p dir=\"ltr\" style=\"line-height: 1.38;text-align: justify;margin-top: 0pt;margin-bottom: 0pt\"><span style=\"color: #000000\"><span style=\"font-size: 12pt;font-family: Arial;background-color: #ffffff;font-weight: 400;font-style: normal;font-variant: normal;text-decoration: none;vertical-align: baseline\">Outro estudo de pesquisadores da Universidade de Qingdao, China, publicado na <\/span><a style=\"text-decoration: none;color: #000000\" href=\"https:\/\/www.jstage.jst.go.jp\/article\/bst\/14\/1\/14_2020.01047\/_article\"><span style=\"font-size: 12pt;font-family: Arial;background-color: #ffffff;font-weight: 400;font-style: normal;font-variant: normal;text-decoration: underline;vertical-align: baseline\">BioScience Trends<\/span><\/a><span style=\"font-size: 12pt;font-family: Arial;background-color: #ffffff;font-weight: 400;font-style: normal;font-variant: normal;text-decoration: none;vertical-align: baseline\">, observa, a partir da an\u00e1lise de cem pacientes, que a cloroquina e a <\/span><\/span><span style=\"color: #000000;font-size: 16px\">hidroxicloroquina<\/span><span style=\"color: #000000\"><span style=\"font-size: 12pt;font-family: Arial;background-color: #ffffff;font-weight: 400;font-style: normal;font-variant: normal;text-decoration: none;vertical-align: baseline\"> podem ser eficientes para o controle da pneumonia em quadros do novo coronav\u00edrus. Dada a pandemia, os pesquisadores chegaram a recomendar o uso da droga por ser barata e utilizada h\u00e1 mais de 70 anos.<\/span><\/span><\/p><p dir=\"ltr\" style=\"line-height: 1.38;text-align: justify;margin-top: 0pt;margin-bottom: 0pt\"><span style=\"color: #000000;font-family: Arial;font-size: 12pt\">\u00a0<\/span><\/p><p dir=\"ltr\" style=\"line-height: 1.38;text-align: justify;margin-top: 0pt;margin-bottom: 0pt\"><span style=\"color: #000000;font-family: Arial;font-size: 12pt\">Apesar dos resultados iniciais, pesquisas do Centro Cl\u00ednico de Xangai questionam a efic\u00e1cia da hidroxicloroquina no tratamento do novo coronav\u00edrus. Os cientistas testaram dois grupos de 15 pacientes internados na China sem abandonar os outros cuidados. O primeiro recebeu hidroxicloroquina e o segundo n\u00e3o. Ap\u00f3s cinco dias de tratamento, todos os pacientes foram submetidos \u00e0 tomografia computadorizada. N\u00e3o foi notada nas imagens nenhuma diferen\u00e7a significativa entre os dois grupos.<\/span><\/p>\t\t\t\t\t\t<\/div>\n\t\t\t\t<\/div>\n\t\t\t\t\t<\/div>\n\t\t<\/div>\n\t\t\t\t<div class=\"elementor-column elementor-col-50 elementor-top-column elementor-element elementor-element-0daa318\" data-id=\"0daa318\" data-element_type=\"column\">\n\t\t\t<div class=\"elementor-widget-wrap elementor-element-populated\">\n\t\t\t\t\t\t<div class=\"elementor-element elementor-element-3e2804f elementor-widget elementor-widget-image\" data-id=\"3e2804f\" data-element_type=\"widget\" data-widget_type=\"image.default\">\n\t\t\t\t<div class=\"elementor-widget-container\">\n\t\t\t\t\t\t\t\t\t\t\t\t\t<img fetchpriority=\"high\" decoding=\"async\" width=\"658\" height=\"1024\" src=\"https:\/\/www.ufsm.br\/app\/uploads\/sites\/601\/2020\/02\/depende-658x1024.png\" class=\"attachment-large size-large wp-image-6175\" alt=\"\" srcset=\"https:\/\/www.ufsm.br\/app\/uploads\/sites\/601\/2020\/02\/depende-658x1024.png 658w, https:\/\/www.ufsm.br\/app\/uploads\/sites\/601\/2020\/02\/depende-193x300.png 193w, https:\/\/www.ufsm.br\/app\/uploads\/sites\/601\/2020\/02\/depende-768x1195.png 768w, https:\/\/www.ufsm.br\/app\/uploads\/sites\/601\/2020\/02\/depende-988x1536.png 988w, https:\/\/www.ufsm.br\/app\/uploads\/sites\/601\/2020\/02\/depende.png 1030w\" sizes=\"(max-width: 658px) 100vw, 658px\" \/>\t\t\t\t\t\t\t\t\t\t\t\t\t<\/div>\n\t\t\t\t<\/div>\n\t\t\t\t\t<\/div>\n\t\t<\/div>\n\t\t\t\t\t<\/div>\n\t\t<\/section>\n\t\t\t\t<section class=\"elementor-section elementor-top-section elementor-element elementor-element-9ab90ab elementor-section-boxed elementor-section-height-default elementor-section-height-default\" data-id=\"9ab90ab\" data-element_type=\"section\">\n\t\t\t\t\t\t<div class=\"elementor-container elementor-column-gap-default\">\n\t\t\t\t\t<div class=\"elementor-column elementor-col-100 elementor-top-column elementor-element elementor-element-cfece86\" data-id=\"cfece86\" data-element_type=\"column\">\n\t\t\t<div class=\"elementor-widget-wrap elementor-element-populated\">\n\t\t\t\t\t\t<div class=\"elementor-element elementor-element-c99cce4 elementor-widget elementor-widget-text-editor\" data-id=\"c99cce4\" data-element_type=\"widget\" data-widget_type=\"text-editor.default\">\n\t\t\t\t<div class=\"elementor-widget-container\">\n\t\t\t\t\t\t\t<h3><b>Tratamento auxiliar<\/b><\/h3>\t\t\t\t\t\t<\/div>\n\t\t\t\t<\/div>\n\t\t\t\t\t<\/div>\n\t\t<\/div>\n\t\t\t\t\t<\/div>\n\t\t<\/section>\n\t\t\t\t<section class=\"elementor-section elementor-top-section elementor-element elementor-element-f1b2976 elementor-section-boxed elementor-section-height-default elementor-section-height-default\" data-id=\"f1b2976\" data-element_type=\"section\">\n\t\t\t\t\t\t<div class=\"elementor-container elementor-column-gap-default\">\n\t\t\t\t\t<div class=\"elementor-column elementor-col-100 elementor-top-column elementor-element elementor-element-e19a77a\" data-id=\"e19a77a\" data-element_type=\"column\">\n\t\t\t<div class=\"elementor-widget-wrap elementor-element-populated\">\n\t\t\t\t\t\t<div class=\"elementor-element elementor-element-8d23532 elementor-widget elementor-widget-text-editor\" data-id=\"8d23532\" data-element_type=\"widget\" data-widget_type=\"text-editor.default\">\n\t\t\t\t<div class=\"elementor-widget-container\">\n\t\t\t\t\t\t\t<p dir=\"ltr\" style=\"line-height: 1.38;text-align: justify;margin-top: 0pt;margin-bottom: 0pt\"><span style=\"font-family: Arial;font-size: 12pt;vertical-align: baseline\">O Minist\u00e9rio da Sa\u00fade divulgou <\/span><a style=\"background-color: #ffffff\" href=\"https:\/\/www.saude.gov.br\/noticias\/agencia-saude\/46601-cloroquina-podera-ser-usada-em-casos-graves-do-coronavirus\"><span style=\"font-size: 12pt;font-family: Arial;vertical-align: baseline\">nota<\/span><\/a><span style=\"font-family: Arial;font-size: 12pt;vertical-align: baseline\">, na semana anterior, para anunciar que a cloroquina e a hidroxicloroquina podem ser usadas por pacientes internados com casos graves do novo coronav\u00edrus. A recomenda\u00e7\u00e3o \u00e9 para uso complementar aos demais procedimentos, como a assist\u00eancia ventilat\u00f3ria. O protocolo \u00e9 para at\u00e9 cinco dias de tratamento.\u00a0<\/span><\/p><p><span id=\"docs-internal-guid-1c19032c-7fff-31b9-3c1b-20d004c3df1c\">\u00a0<\/span><\/p><p dir=\"ltr\" style=\"line-height: 1.38;text-align: justify;margin-top: 0pt;margin-bottom: 0pt\"><span style=\"font-size: 12pt;font-family: Arial;background-color: #ffffff;font-weight: 400;font-style: normal;font-variant: normal;text-decoration: none;vertical-align: baseline\">O texto, publicado no site do Minist\u00e9rio, informa a distribui\u00e7\u00e3o de 3,4 milh\u00f5es de unidades dos rem\u00e9dios para os estados e, ainda, alerta \u201ctanto a cloroquina e a hidroxicloroquina n\u00e3o s\u00e3o indicadas para prevenir a doen\u00e7a e nem tratar casos leves\u201d.<\/span><\/p>\t\t\t\t\t\t<\/div>\n\t\t\t\t<\/div>\n\t\t\t\t\t<\/div>\n\t\t<\/div>\n\t\t\t\t\t<\/div>\n\t\t<\/section>\n\t\t\t\t<section class=\"elementor-section elementor-top-section elementor-element elementor-element-87954e9 elementor-section-boxed elementor-section-height-default elementor-section-height-default\" data-id=\"87954e9\" data-element_type=\"section\">\n\t\t\t\t\t\t<div class=\"elementor-container elementor-column-gap-default\">\n\t\t\t\t\t<div class=\"elementor-column elementor-col-100 elementor-top-column elementor-element elementor-element-f41d466\" data-id=\"f41d466\" data-element_type=\"column\">\n\t\t\t<div class=\"elementor-widget-wrap elementor-element-populated\">\n\t\t\t\t\t\t<div class=\"elementor-element elementor-element-0619ae2 elementor-widget elementor-widget-text-editor\" data-id=\"0619ae2\" data-element_type=\"widget\" data-widget_type=\"text-editor.default\">\n\t\t\t\t<div class=\"elementor-widget-container\">\n\t\t\t\t\t\t\t<h3><b>Medicamentos especiais<\/b><\/h3>\t\t\t\t\t\t<\/div>\n\t\t\t\t<\/div>\n\t\t\t\t\t<\/div>\n\t\t<\/div>\n\t\t\t\t\t<\/div>\n\t\t<\/section>\n\t\t\t\t<section class=\"elementor-section elementor-top-section elementor-element elementor-element-5fe500a elementor-section-boxed elementor-section-height-default elementor-section-height-default\" data-id=\"5fe500a\" data-element_type=\"section\">\n\t\t\t\t\t\t<div class=\"elementor-container elementor-column-gap-default\">\n\t\t\t\t\t<div class=\"elementor-column elementor-col-100 elementor-top-column elementor-element elementor-element-717ec58\" data-id=\"717ec58\" data-element_type=\"column\">\n\t\t\t<div class=\"elementor-widget-wrap elementor-element-populated\">\n\t\t\t\t\t\t<div class=\"elementor-element elementor-element-3ffd847 elementor-widget elementor-widget-text-editor\" data-id=\"3ffd847\" data-element_type=\"widget\" data-widget_type=\"text-editor.default\">\n\t\t\t\t<div class=\"elementor-widget-container\">\n\t\t\t\t\t\t\t<p dir=\"ltr\" style=\"line-height: 1.38;text-align: justify;margin-top: 0pt;margin-bottom: 0pt\"><span style=\"font-size: 11pt;font-family: Arial;color: #000000;background-color: #ffffff;font-weight: 400;font-style: normal;font-variant: normal;text-decoration: none;vertical-align: baseline\">Em fun\u00e7\u00e3o da busca desenfreada pela cloroquina e pela hidroxicloroquina nas farm\u00e1cias brasileiras, a <\/span><a style=\"text-decoration: none\" href=\"http:\/\/portal.anvisa.gov.br\/noticias\/-\/asset_publisher\/FXrpx9qY7FbU\/content\/hidroxicloroquina-vira-produto-controlado\/219201?inheritRedirect=false\"><span style=\"font-size: 11pt;font-family: Arial;color: #000000;background-color: #ffffff;font-weight: 400;font-style: normal;font-variant: normal;text-decoration: underline;vertical-align: baseline\">Ag\u00eancia Nacional de Vigil\u00e2ncia Sanit\u00e1ria (Anvisa)<\/span><\/a><span style=\"font-size: 11pt;font-family: Arial;color: #000000;background-color: #ffffff;font-weight: 400;font-style: normal;font-variant: normal;text-decoration: none;vertical-align: baseline\"> incluiu os dois medicamentos na categoria de controle especial. A medida objetiva garantir o tratamento de pacientes com mal\u00e1ria, l\u00fapus e artrite reumat\u00f3ide.\u00a0<\/span><\/p><p dir=\"ltr\" style=\"line-height: 1.38;text-align: justify;margin-top: 0pt;margin-bottom: 0pt\"><span style=\"color: #000000;font-family: Arial;font-size: 11pt\">\u00a0<\/span><\/p><p dir=\"ltr\" style=\"line-height: 1.38;text-align: justify;margin-top: 0pt;margin-bottom: 0pt\"><span style=\"color: #000000;font-family: Arial;font-size: 11pt\">A Anvisa ainda faz dois alertas, um para as farm\u00e1cias e outro para os pacientes. Para as farm\u00e1cias, a Ag\u00eancia refor\u00e7a que a venda irregular passa a ser considerada infra\u00e7\u00e3o grave. J\u00e1 para os pacientes, o \u00f3rg\u00e3o destaca que o uso sem supervis\u00e3o \u201cpode representar um alto risco \u00e0s pessoas\u201d. Entre os efeitos colaterais que a hidroxicloroquina pode causar est\u00e3o: convuls\u00f5es, arritmia card\u00edaca, erup\u00e7\u00f5es na pele e vis\u00e3o borrada.\u00a0<\/span><\/p>\t\t\t\t\t\t<\/div>\n\t\t\t\t<\/div>\n\t\t\t\t\t<\/div>\n\t\t<\/div>\n\t\t\t\t\t<\/div>\n\t\t<\/section>\n\t\t\t\t<section class=\"elementor-section elementor-top-section elementor-element elementor-element-2f04ef7 elementor-section-boxed elementor-section-height-default elementor-section-height-default\" data-id=\"2f04ef7\" data-element_type=\"section\">\n\t\t\t\t\t\t<div class=\"elementor-container elementor-column-gap-default\">\n\t\t\t\t\t<div class=\"elementor-column elementor-col-100 elementor-top-column elementor-element elementor-element-cab12a5\" data-id=\"cab12a5\" data-element_type=\"column\">\n\t\t\t<div class=\"elementor-widget-wrap\">\n\t\t\t\t\t\t\t<\/div>\n\t\t<\/div>\n\t\t\t\t\t<\/div>\n\t\t<\/section>\n\t\t\t\t<\/div>\n\t\t","protected":false},"excerpt":{"rendered":"<p>A hidroxicloroquina foi apontada em estudos chineses como poss\u00edvel tratamento para o novo coronav\u00edrus. At\u00e9 o momento, O uso combinado da droga apenas inibiu a a\u00e7\u00e3o do v\u00edrus no corpo humano. Ainda h\u00e1, portanto, questionamentos sobre sua efic\u00e1cia. N\u00e3o se sabe ao certo a dosagem adequada, nem em que momento o rem\u00e9dio deve ser aplicado [&hellip;]<\/p>\n","protected":false},"author":32,"featured_media":6185,"comment_status":"closed","ping_status":"closed","sticky":false,"template":"","format":"standard","meta":{"footnotes":""},"categories":[1846],"tags":[4211,4223,4209,4219,4227,2162,4221,4225,540,4235,4213],"class_list":["post-6198","post","type-post","status-publish","format-standard","has-post-thumbnail","hentry","category-mitometro","tag-china","tag-cloroquina","tag-coronavirus","tag-covid-19","tag-cura-covid-19","tag-destaque-ufsm","tag-hidroxicloroquina","tag-malaria","tag-mitometro","tag-pandemia","tag-sars-cov-2"],"acf":[],"_links":{"self":[{"href":"https:\/\/www.ufsm.br\/midias\/arco\/wp-json\/wp\/v2\/posts\/6198","targetHints":{"allow":["GET"]}}],"collection":[{"href":"https:\/\/www.ufsm.br\/midias\/arco\/wp-json\/wp\/v2\/posts"}],"about":[{"href":"https:\/\/www.ufsm.br\/midias\/arco\/wp-json\/wp\/v2\/types\/post"}],"author":[{"embeddable":true,"href":"https:\/\/www.ufsm.br\/midias\/arco\/wp-json\/wp\/v2\/users\/32"}],"replies":[{"embeddable":true,"href":"https:\/\/www.ufsm.br\/midias\/arco\/wp-json\/wp\/v2\/comments?post=6198"}],"version-history":[{"count":0,"href":"https:\/\/www.ufsm.br\/midias\/arco\/wp-json\/wp\/v2\/posts\/6198\/revisions"}],"wp:featuredmedia":[{"embeddable":true,"href":"https:\/\/www.ufsm.br\/midias\/arco\/wp-json\/wp\/v2\/media\/6185"}],"wp:attachment":[{"href":"https:\/\/www.ufsm.br\/midias\/arco\/wp-json\/wp\/v2\/media?parent=6198"}],"wp:term":[{"taxonomy":"category","embeddable":true,"href":"https:\/\/www.ufsm.br\/midias\/arco\/wp-json\/wp\/v2\/categories?post=6198"},{"taxonomy":"post_tag","embeddable":true,"href":"https:\/\/www.ufsm.br\/midias\/arco\/wp-json\/wp\/v2\/tags?post=6198"}],"curies":[{"name":"wp","href":"https:\/\/api.w.org\/{rel}","templated":true}]}}