{"id":6275,"date":"2020-10-15T16:42:43","date_gmt":"2020-10-15T19:42:43","guid":{"rendered":"https:\/\/www.ufsm.br\/midias\/arco\/?p=6275"},"modified":"2020-10-27T16:44:38","modified_gmt":"2020-10-27T19:44:38","slug":"conheca-a-sindrome-do-comer-noturno","status":"publish","type":"post","link":"https:\/\/www.ufsm.br\/midias\/arco\/conheca-a-sindrome-do-comer-noturno","title":{"rendered":"Conhe\u00e7a a S\u00edndrome do Comer Noturno"},"content":{"rendered":"\t\t<div data-elementor-type=\"wp-post\" data-elementor-id=\"6275\" class=\"elementor elementor-6275\">\n\t\t\t\t\t\t<section class=\"elementor-section elementor-top-section elementor-element elementor-element-6fcc845 elementor-section-boxed elementor-section-height-default elementor-section-height-default\" data-id=\"6fcc845\" data-element_type=\"section\">\n\t\t\t\t\t\t<div class=\"elementor-container elementor-column-gap-default\">\n\t\t\t\t\t<div class=\"elementor-column elementor-col-100 elementor-top-column elementor-element elementor-element-249cab4\" data-id=\"249cab4\" data-element_type=\"column\">\n\t\t\t<div class=\"elementor-widget-wrap elementor-element-populated\">\n\t\t\t\t\t\t<div class=\"elementor-element elementor-element-0ce82c8 elementor-widget elementor-widget-text-editor\" data-id=\"0ce82c8\" data-element_type=\"widget\" data-widget_type=\"text-editor.default\">\n\t\t\t\t<div class=\"elementor-widget-container\">\n\t\t\t\t\t\t\t<h2><b>Voc\u00ea costuma atacar a geladeira de madrugada?<\/b><\/h2>\t\t\t\t\t\t<\/div>\n\t\t\t\t<\/div>\n\t\t\t\t\t<\/div>\n\t\t<\/div>\n\t\t\t\t\t<\/div>\n\t\t<\/section>\n\t\t\t\t<section class=\"elementor-section elementor-top-section elementor-element elementor-element-7587a8b elementor-section-boxed elementor-section-height-default elementor-section-height-default\" data-id=\"7587a8b\" data-element_type=\"section\">\n\t\t\t\t\t\t<div class=\"elementor-container elementor-column-gap-default\">\n\t\t\t\t\t<div class=\"elementor-column elementor-col-100 elementor-top-column elementor-element elementor-element-c1eeb77\" data-id=\"c1eeb77\" data-element_type=\"column\">\n\t\t\t<div class=\"elementor-widget-wrap elementor-element-populated\">\n\t\t\t\t\t\t<div class=\"elementor-element elementor-element-b290540 elementor-widget elementor-widget-text-editor\" data-id=\"b290540\" data-element_type=\"widget\" data-widget_type=\"text-editor.default\">\n\t\t\t\t<div class=\"elementor-widget-container\">\n\t\t\t\t\t\t\t<p><span style=\"color: black;font-size: 1rem\">A m\u00e1 rela\u00e7\u00e3o com a comida \u00e9 uma realidade para at\u00e9 4,7% dos brasileiros, que t\u00eam algum tipo de transtorno alimentar, conforme a&nbsp;<\/span><span style=\"font-size: 16px\">Organiza\u00e7\u00e3o Mundial da Sa\u00fade (OMS). O<\/span><span style=\"color: black;font-size: 1rem\">&nbsp;isolamento f\u00edsico, medida de controle da pandemia da Covid-19, podem agravar esses e outros problemas, como a s\u00edndrome do comer noturno.&nbsp;<\/span><br><\/p>\t\t\t\t\t\t<\/div>\n\t\t\t\t<\/div>\n\t\t\t\t\t<\/div>\n\t\t<\/div>\n\t\t\t\t\t<\/div>\n\t\t<\/section>\n\t\t\t\t<section class=\"elementor-section elementor-top-section elementor-element elementor-element-54f3a03 elementor-section-boxed elementor-section-height-default elementor-section-height-default\" data-id=\"54f3a03\" data-element_type=\"section\">\n\t\t\t\t\t\t<div class=\"elementor-container elementor-column-gap-default\">\n\t\t\t\t\t<div class=\"elementor-column elementor-col-100 elementor-top-column elementor-element elementor-element-ac2b95d\" data-id=\"ac2b95d\" data-element_type=\"column\">\n\t\t\t<div class=\"elementor-widget-wrap elementor-element-populated\">\n\t\t\t\t\t\t<div class=\"elementor-element elementor-element-eb65882 elementor-widget elementor-widget-image\" data-id=\"eb65882\" data-element_type=\"widget\" data-widget_type=\"image.default\">\n\t\t\t\t<div class=\"elementor-widget-container\">\n\t\t\t\t\t\t\t\t\t\t\t\t\t<img fetchpriority=\"high\" decoding=\"async\" width=\"1024\" height=\"668\" src=\"https:\/\/www.ufsm.br\/app\/uploads\/sites\/601\/2020\/10\/CAPA_geladeira-1024x668.jpg\" class=\"attachment-large size-large wp-image-6276\" alt=\"\" srcset=\"https:\/\/www.ufsm.br\/app\/uploads\/sites\/601\/2020\/10\/CAPA_geladeira-1024x668.jpg 1024w, https:\/\/www.ufsm.br\/app\/uploads\/sites\/601\/2020\/10\/CAPA_geladeira-300x196.jpg 300w, https:\/\/www.ufsm.br\/app\/uploads\/sites\/601\/2020\/10\/CAPA_geladeira-768x501.jpg 768w, https:\/\/www.ufsm.br\/app\/uploads\/sites\/601\/2020\/10\/CAPA_geladeira.jpg 1440w\" sizes=\"(max-width: 1024px) 100vw, 1024px\" \/>\t\t\t\t\t\t\t\t\t\t\t\t\t<\/div>\n\t\t\t\t<\/div>\n\t\t\t\t\t<\/div>\n\t\t<\/div>\n\t\t\t\t\t<\/div>\n\t\t<\/section>\n\t\t\t\t<section class=\"elementor-section elementor-top-section elementor-element elementor-element-baa3654 elementor-section-boxed elementor-section-height-default elementor-section-height-default\" data-id=\"baa3654\" data-element_type=\"section\">\n\t\t\t\t\t\t<div class=\"elementor-container elementor-column-gap-default\">\n\t\t\t\t\t<div class=\"elementor-column elementor-col-100 elementor-top-column elementor-element elementor-element-7355c96\" data-id=\"7355c96\" data-element_type=\"column\">\n\t\t\t<div class=\"elementor-widget-wrap elementor-element-populated\">\n\t\t\t\t\t\t<div class=\"elementor-element elementor-element-61a7bca elementor-widget elementor-widget-text-editor\" data-id=\"61a7bca\" data-element_type=\"widget\" data-widget_type=\"text-editor.default\">\n\t\t\t\t<div class=\"elementor-widget-container\">\n\t\t\t\t\t\t\t<h3><b>Fazer uma \u2018boquinha\u2019 no meio da noite<\/b><\/h3>\t\t\t\t\t\t<\/div>\n\t\t\t\t<\/div>\n\t\t\t\t\t<\/div>\n\t\t<\/div>\n\t\t\t\t\t<\/div>\n\t\t<\/section>\n\t\t\t\t<section class=\"elementor-section elementor-top-section elementor-element elementor-element-b9413a8 elementor-section-boxed elementor-section-height-default elementor-section-height-default\" data-id=\"b9413a8\" data-element_type=\"section\">\n\t\t\t\t\t\t<div class=\"elementor-container elementor-column-gap-default\">\n\t\t\t\t\t<div class=\"elementor-column elementor-col-100 elementor-top-column elementor-element elementor-element-a689c5a\" data-id=\"a689c5a\" data-element_type=\"column\">\n\t\t\t<div class=\"elementor-widget-wrap elementor-element-populated\">\n\t\t\t\t\t\t<div class=\"elementor-element elementor-element-8b2570e elementor-widget elementor-widget-text-editor\" data-id=\"8b2570e\" data-element_type=\"widget\" data-widget_type=\"text-editor.default\">\n\t\t\t\t<div class=\"elementor-widget-container\">\n\t\t\t\t\t\t\t<p><span style=\"font-weight: 400\">A s\u00edndrome do comer noturno (SCN) foi inclu\u00edda na 5\u00aa edi\u00e7\u00e3o do Manual Estat\u00edstico e Diagn\u00f3stico dos Transtornos Mentais (DSM-5) como um padr\u00e3o alimentar anormal na se\u00e7\u00e3o de \u201cOutros transtornos da Alimenta\u00e7\u00e3o Especificados\u201d. A s\u00edndrome ainda n\u00e3o tem crit\u00e9rios diagn\u00f3sticos bem definidos. Assim, permanecem em aberto as defini\u00e7\u00f5es quanto ao tempo m\u00ednimo de sintomas e a frequ\u00eancia com que deveriam ocorrer, explica a nutricionista e professora do Departamento de Alimentos e Nutri\u00e7\u00e3o da UFSM Palmeira das Miss\u00f5es, Greisse Viero da Silva Leal.<\/span><\/p><p><span style=\"font-weight: 400\">Segundo o DSM-5, a s\u00edndrome tem os seguinte caracter\u00edsticas: epis\u00f3dios recorrentes de comer \u00e0 noite, manifestados por fome ap\u00f3s despertares noturnos ou exagerado consumo de comida ap\u00f3s o jantar. Esse comportamento n\u00e3o ocorre por influ\u00eancias externas &#8211; como mudan\u00e7as no ciclo de sono ou h\u00e1bitos sociais -, como em outros problemas relacionadas \u00e0 alimenta\u00e7\u00e3o. O problema est\u00e1 associado ao estresse e, apesar de apresentar um padr\u00e3o desorganizado, diferencia-se do transtorno da compuls\u00e3o alimentar (TCA) por ocorrer exclusivamente \u00e0 noite, com epis\u00f3dios de urg\u00eancia alimentar e o condicionamento do sono com o ato de comer. A SCN n\u00e3o pode ser considerada um h\u00e1bito, pois se trata de um transtorno, conforme refor\u00e7a a professora Greisse Viero.\u00a0<\/span><\/p><p><span style=\"font-weight: 400\">A estudante Fernanda Vargas, do curso de Odontologia, desconhece a s\u00edndrome, mas revela que, muitas vezes, acorda de madrugada com fome e acaba \u201cjantando de novo\u201d ou at\u00e9 comendo outras coisas, incluindo doces. Fernanda sabe que pode prejudicar sua sa\u00fade por n\u00e3o comer nos hor\u00e1rios corretos.<\/span><\/p>\t\t\t\t\t\t<\/div>\n\t\t\t\t<\/div>\n\t\t\t\t\t<\/div>\n\t\t<\/div>\n\t\t\t\t\t<\/div>\n\t\t<\/section>\n\t\t\t\t<section class=\"elementor-section elementor-top-section elementor-element elementor-element-a0a9d58 elementor-section-boxed elementor-section-height-default elementor-section-height-default\" data-id=\"a0a9d58\" data-element_type=\"section\">\n\t\t\t\t\t\t<div class=\"elementor-container elementor-column-gap-default\">\n\t\t\t\t\t<div class=\"elementor-column elementor-col-100 elementor-top-column elementor-element elementor-element-a37b00c\" data-id=\"a37b00c\" data-element_type=\"column\">\n\t\t\t<div class=\"elementor-widget-wrap elementor-element-populated\">\n\t\t\t\t\t\t<div class=\"elementor-element elementor-element-980f22a elementor-widget elementor-widget-text-editor\" data-id=\"980f22a\" data-element_type=\"widget\" data-widget_type=\"text-editor.default\">\n\t\t\t\t<div class=\"elementor-widget-container\">\n\t\t\t\t\t\t\t<h3><b>Estudos sobre transtornos alimentares<\/b><\/h3>\t\t\t\t\t\t<\/div>\n\t\t\t\t<\/div>\n\t\t\t\t\t<\/div>\n\t\t<\/div>\n\t\t\t\t\t<\/div>\n\t\t<\/section>\n\t\t\t\t<section class=\"elementor-section elementor-top-section elementor-element elementor-element-39fd877 elementor-section-boxed elementor-section-height-default elementor-section-height-default\" data-id=\"39fd877\" data-element_type=\"section\">\n\t\t\t\t\t\t<div class=\"elementor-container elementor-column-gap-default\">\n\t\t\t\t\t<div class=\"elementor-column elementor-col-100 elementor-top-column elementor-element elementor-element-f3e2a0c\" data-id=\"f3e2a0c\" data-element_type=\"column\">\n\t\t\t<div class=\"elementor-widget-wrap elementor-element-populated\">\n\t\t\t\t\t\t<div class=\"elementor-element elementor-element-67a2142 elementor-widget elementor-widget-text-editor\" data-id=\"67a2142\" data-element_type=\"widget\" data-widget_type=\"text-editor.default\">\n\t\t\t\t<div class=\"elementor-widget-container\">\n\t\t\t\t\t\t\t<p><span style=\"font-weight: 400\">O psiquiatra estadunidense Albert Stunkard foi um dos\u00a0 pioneiros no estudo de transtornos alimentares. Em 1955, o m\u00e9dico descreveu, em um artigo, um padr\u00e3o alimentar caracter\u00edstico de certos pacientes obesos em cl\u00ednica especializada no New York Hospital. Stunkard apresentou, em 1959, a s\u00edndrome do comer noturno e a s\u00edndrome da compuls\u00e3o alimentar &#8211; denominada, posteriormente, <\/span><span style=\"font-weight: 400\">transtorno de compuls\u00e3o alimentar.\u00a0<\/span><\/p><p><span style=\"font-weight: 400\">Os dois males est\u00e3o associados ao sobrepeso e \u00e0 obesidade, por\u00e9m se diferenciam pelo hor\u00e1rio da ingest\u00e3o de comida. Enquanto a compuls\u00e3o compreende epis\u00f3dios de alimenta\u00e7\u00e3o excessiva descontrolada sem comportamentos compensat\u00f3rios inapropriados, a s\u00edndrome do comer noturno tem como crit\u00e9rio definidor o \u2018assalto \u00e0 geladeira de madrugada\u2019<\/span><span style=\"font-weight: 400\">. <\/span><\/p>\t\t\t\t\t\t<\/div>\n\t\t\t\t<\/div>\n\t\t\t\t\t<\/div>\n\t\t<\/div>\n\t\t\t\t\t<\/div>\n\t\t<\/section>\n\t\t\t\t<section class=\"elementor-section elementor-top-section elementor-element elementor-element-4c586fd elementor-section-boxed elementor-section-height-default elementor-section-height-default\" data-id=\"4c586fd\" data-element_type=\"section\">\n\t\t\t\t\t\t<div class=\"elementor-container elementor-column-gap-default\">\n\t\t\t\t\t<div class=\"elementor-column elementor-col-100 elementor-top-column elementor-element elementor-element-f1db75b\" data-id=\"f1db75b\" data-element_type=\"column\">\n\t\t\t<div class=\"elementor-widget-wrap elementor-element-populated\">\n\t\t\t\t\t\t<div class=\"elementor-element elementor-element-2004c4e elementor-widget elementor-widget-text-editor\" data-id=\"2004c4e\" data-element_type=\"widget\" data-widget_type=\"text-editor.default\">\n\t\t\t\t<div class=\"elementor-widget-container\">\n\t\t\t\t\t\t\t<h2><b>Urg\u00eancia em comer<\/b><\/h2>\t\t\t\t\t\t<\/div>\n\t\t\t\t<\/div>\n\t\t\t\t\t<\/div>\n\t\t<\/div>\n\t\t\t\t\t<\/div>\n\t\t<\/section>\n\t\t\t\t<section class=\"elementor-section elementor-top-section elementor-element elementor-element-d2d77bf elementor-section-boxed elementor-section-height-default elementor-section-height-default\" data-id=\"d2d77bf\" data-element_type=\"section\">\n\t\t\t\t\t\t<div class=\"elementor-container elementor-column-gap-default\">\n\t\t\t\t\t<div class=\"elementor-column elementor-col-100 elementor-top-column elementor-element elementor-element-11474d0\" data-id=\"11474d0\" data-element_type=\"column\">\n\t\t\t<div class=\"elementor-widget-wrap elementor-element-populated\">\n\t\t\t\t\t\t<div class=\"elementor-element elementor-element-30be03a elementor-widget elementor-widget-text-editor\" data-id=\"30be03a\" data-element_type=\"widget\" data-widget_type=\"text-editor.default\">\n\t\t\t\t<div class=\"elementor-widget-container\">\n\t\t\t\t\t\t\t<p><span style=\"font-weight: 400\">A rela\u00e7\u00e3o com a comida simboliza um dos primeiros v\u00ednculos do sujeito com o meio externo, como evidenciado desde a amamenta\u00e7\u00e3o<\/span><span style=\"font-weight: 400\">.<\/span><span style=\"font-weight: 400\"> \u201cO ato de se alimentar passa a ser interligado, al\u00e9m de uma necessidade f\u00edsica, ao afeto, como se elucida em muitos indiv\u00edduos que, quando perpassados por momentos de estresse e ang\u00fastia, passam a ter uma rela\u00e7\u00e3o diferente com a alimenta\u00e7\u00e3o, com uma ingest\u00e3o em excesso ou reduzida\u201d, <\/span><span style=\"font-weight: 400\">afirma a psic\u00f3loga e doutoranda em Psicologia pela UFSM, Luisa da Rosa.\u00a0<\/span><span style=\"color: black;font-size: 1rem\">Dessa maneira, o comportamento alimentar se associa \u00e0 ordem ps\u00edquica e relacional, e pode acarretar preju\u00edzos \u00e0 sa\u00fade integral, quando n\u00e3o h\u00e1 controle ou <\/span><span style=\"color: black;font-size: 1rem\">traz sofrimento, caracter\u00edsticas dos transtornos alimentares.\u00a0<\/span><\/p><p><span style=\"font-weight: 400\">Na s\u00edndrome do comer noturno existe uma urg\u00eancia em comer geralmente lanches ou o que estiver dispon\u00edvel. A pessoa busca a sensa\u00e7\u00e3o de conforto para poder dormir ou voltar a dormir. Nesses casos, o nutricionista pode orientar o paciente quanto aos tipos de alimentos que ele tem dispon\u00edveis em casa, para que possa fazer escolhas melhores.\u00a0<\/span><\/p><p><span style=\"font-weight: 400\">A din\u00e2mica de s\u00edndrome pode significar a necessidade de preencher um vazio e encaminhar tens\u00f5es emocionais que o sujeito sente por meio do alimento. \u201cTal aspecto pode nos fazer refletir at\u00e9 que ponto a necessidade de suprir tal vazio e ang\u00fastia \u00e9 de ordem de uma necessidade f\u00edsica e\/ou emocional advinda pela ingesta alimentar constante no turno referido. As pesquisas ainda exigem aprofundamentos para inferir se os fatores emocionais podem causar a s\u00edndrome e\/ou se a s\u00edndrome pode acarretar repercuss\u00f5es emocionais\u201d, explica a psic\u00f3loga.<\/span><\/p>\t\t\t\t\t\t<\/div>\n\t\t\t\t<\/div>\n\t\t\t\t\t<\/div>\n\t\t<\/div>\n\t\t\t\t\t<\/div>\n\t\t<\/section>\n\t\t\t\t<section class=\"elementor-section elementor-top-section elementor-element elementor-element-39f76ba elementor-section-boxed elementor-section-height-default elementor-section-height-default\" data-id=\"39f76ba\" data-element_type=\"section\">\n\t\t\t\t\t\t<div class=\"elementor-container elementor-column-gap-default\">\n\t\t\t\t\t<div class=\"elementor-column elementor-col-100 elementor-top-column elementor-element elementor-element-039846a\" data-id=\"039846a\" data-element_type=\"column\">\n\t\t\t<div class=\"elementor-widget-wrap elementor-element-populated\">\n\t\t\t\t\t\t<div class=\"elementor-element elementor-element-b337431 elementor-widget elementor-widget-text-editor\" data-id=\"b337431\" data-element_type=\"widget\" data-widget_type=\"text-editor.default\">\n\t\t\t\t<div class=\"elementor-widget-container\">\n\t\t\t\t\t\t\t<h2><strong>Tratamento multidisciplinar<\/strong><\/h2>\t\t\t\t\t\t<\/div>\n\t\t\t\t<\/div>\n\t\t\t\t\t<\/div>\n\t\t<\/div>\n\t\t\t\t\t<\/div>\n\t\t<\/section>\n\t\t\t\t<section class=\"elementor-section elementor-top-section elementor-element elementor-element-4b9a4c2 elementor-section-boxed elementor-section-height-default elementor-section-height-default\" data-id=\"4b9a4c2\" data-element_type=\"section\">\n\t\t\t\t\t\t<div class=\"elementor-container elementor-column-gap-default\">\n\t\t\t\t\t<div class=\"elementor-column elementor-col-100 elementor-top-column elementor-element elementor-element-83f7af4\" data-id=\"83f7af4\" data-element_type=\"column\">\n\t\t\t<div class=\"elementor-widget-wrap elementor-element-populated\">\n\t\t\t\t\t\t<div class=\"elementor-element elementor-element-4918a8e elementor-widget elementor-widget-text-editor\" data-id=\"4918a8e\" data-element_type=\"widget\" data-widget_type=\"text-editor.default\">\n\t\t\t\t<div class=\"elementor-widget-container\">\n\t\t\t\t\t\t\t<p><span style=\"font-weight: 400\">O enfrentamento deve ser interdisciplinar. O m\u00e9dico possibilita o diagn\u00f3stico preciso e, se necess\u00e1rio, a prescri\u00e7\u00e3o de medicamento. O acompanhamento psicol\u00f3gico ajuda na elabora\u00e7\u00e3o das ang\u00fastias, da compreens\u00e3o e da atribui\u00e7\u00e3o de significados da rela\u00e7\u00e3o com a alimenta\u00e7\u00e3o. O nutricionista apoia a reeduca\u00e7\u00e3o alimentar de acordo com a realidade e a necessidade do paciente.\u00a0<\/span><\/p><p><span style=\"font-weight: 400\">Em decorr\u00eancia das interfer\u00eancias que a din\u00e2mica da s\u00edndrome do comer noturno exp\u00f5e na rotina, quadros de ansiedade e depress\u00e3o podem surgir ou se agravar. Ainda <\/span><a href=\"https:\/\/revistapesquisa.fapesp.br\/uma-conexao-entre-o-sono-e-a-fome\/\"><span style=\"font-weight: 400\">estudos referem<\/span><\/a><span style=\"font-weight: 400\"> que h\u00e1 a interfer\u00eancia da quest\u00e3o neuroqu\u00edmica neste quadro cl\u00ednico, que desregula os horm\u00f4nios relacionados ao sono, \u00e0 fome e ao estresse.<\/span><\/p>\t\t\t\t\t\t<\/div>\n\t\t\t\t<\/div>\n\t\t\t\t\t<\/div>\n\t\t<\/div>\n\t\t\t\t\t<\/div>\n\t\t<\/section>\n\t\t\t\t<section class=\"elementor-section elementor-top-section elementor-element elementor-element-3f1341b elementor-section-boxed elementor-section-height-default elementor-section-height-default\" data-id=\"3f1341b\" data-element_type=\"section\">\n\t\t\t\t\t\t<div class=\"elementor-container elementor-column-gap-default\">\n\t\t\t\t\t<div class=\"elementor-column elementor-col-100 elementor-top-column elementor-element elementor-element-6385b80\" data-id=\"6385b80\" data-element_type=\"column\">\n\t\t\t<div class=\"elementor-widget-wrap elementor-element-populated\">\n\t\t\t\t\t\t<div class=\"elementor-element elementor-element-6163f9d elementor-widget elementor-widget-text-editor\" data-id=\"6163f9d\" data-element_type=\"widget\" data-widget_type=\"text-editor.default\">\n\t\t\t\t<div class=\"elementor-widget-container\">\n\t\t\t\t\t\t\t<h2><strong>Descontrole das refei\u00e7\u00f5es na quarentena<\/strong><\/h2>\t\t\t\t\t\t<\/div>\n\t\t\t\t<\/div>\n\t\t\t\t\t<\/div>\n\t\t<\/div>\n\t\t\t\t\t<\/div>\n\t\t<\/section>\n\t\t\t\t<section class=\"elementor-section elementor-top-section elementor-element elementor-element-ee7c096 elementor-section-boxed elementor-section-height-default elementor-section-height-default\" data-id=\"ee7c096\" data-element_type=\"section\">\n\t\t\t\t\t\t<div class=\"elementor-container elementor-column-gap-default\">\n\t\t\t\t\t<div class=\"elementor-column elementor-col-100 elementor-top-column elementor-element elementor-element-2d3b723\" data-id=\"2d3b723\" data-element_type=\"column\">\n\t\t\t<div class=\"elementor-widget-wrap elementor-element-populated\">\n\t\t\t\t\t\t<div class=\"elementor-element elementor-element-c4debfa elementor-widget elementor-widget-text-editor\" data-id=\"c4debfa\" data-element_type=\"widget\" data-widget_type=\"text-editor.default\">\n\t\t\t\t<div class=\"elementor-widget-container\">\n\t\t\t\t\t\t\t<p><span style=\"font-weight: 400\">Com a pandemia, a professora Greisse realiza atendimentos online e, tamb\u00e9m, um perfil no Instagram, o <\/span><a href=\"https:\/\/www.instagram.com\/pconscientiza\/\"><span style=\"font-weight: 400\">@pconscientiza<\/span><\/a><span style=\"font-weight: 400\">, em que s\u00e3o feitas postagens sobre alimenta\u00e7\u00e3o. Nos atendimentos ao p\u00fablico adulto, ela conta que recebe queixas em rela\u00e7\u00e3o \u00e0 mudan\u00e7a de rotina provocada pela pandemia, que ocorreu de forma repentina e com expectativa de retorno breve. No entanto, o tempo de isolamento e distanciamento social foi estendido e as pessoas n\u00e3o souberam como se comportar. Ap\u00f3s quase sete meses, um novo cotidiano pode ser estabelecido e, dessa forma, retomados alguns h\u00e1bitos alimentares &#8211; com hor\u00e1rios regulares para comer, ao respeitar a fome e a saciedade, e identificar se h\u00e1 um comer emocional em fun\u00e7\u00e3o de sentimentos e pensamentos provocados pelo momento.\u00a0<\/span><\/p><p><span style=\"font-weight: 400\">Em muitos casos, a pandemia exigiu reorganiza\u00e7\u00e3o da vida e\u00a0 exp\u00f4s as pessoas a diversos desafios e a fatores de estresse. Como observa a psic\u00f3loga, se n\u00e3o encaminhados de forma adaptativa, os estressores podem intensificar os h\u00e1bito alimentar. Algumas pessoas relatam sentir mais fome \u00e0 tardinha ou \u00e0 noite, explica a nutricionista, e isso pode ocorrer em fun\u00e7\u00e3o de um consumo alimentar mais restritivo ao longo do dia. Muitos chegam a dizer que comem \u201ccertinho\u201d pela manh\u00e3 e que terminam o dia com exageros. Aquilo que parece certo pode ser \u00e9 restritivo demais: quando se nega a fome com medo de excesso, ao final do dia pode-se sentir ainda mais fome.\u00a0 Quando as pessoas negam o consumo de alimentos mais energ\u00e9ticos, \u00e0 base de carboidratos, podem sentir maior necessidade ao final do dia.<\/span><\/p>\t\t\t\t\t\t<\/div>\n\t\t\t\t<\/div>\n\t\t\t\t\t<\/div>\n\t\t<\/div>\n\t\t\t\t\t<\/div>\n\t\t<\/section>\n\t\t\t\t<section class=\"elementor-section elementor-top-section elementor-element elementor-element-6530b9a elementor-section-boxed elementor-section-height-default elementor-section-height-default\" data-id=\"6530b9a\" data-element_type=\"section\">\n\t\t\t\t\t\t<div class=\"elementor-container elementor-column-gap-default\">\n\t\t\t\t\t<div class=\"elementor-column elementor-col-100 elementor-top-column elementor-element elementor-element-ebd179a\" data-id=\"ebd179a\" data-element_type=\"column\">\n\t\t\t<div class=\"elementor-widget-wrap elementor-element-populated\">\n\t\t\t\t\t\t<div class=\"elementor-element elementor-element-a985ab5 elementor-widget elementor-widget-text-editor\" data-id=\"a985ab5\" data-element_type=\"widget\" data-widget_type=\"text-editor.default\">\n\t\t\t\t<div class=\"elementor-widget-container\">\n\t\t\t\t\t\t\t<h2><b>Afinal, faz mal comer \u00e0 noite?<\/b><\/h2>\t\t\t\t\t\t<\/div>\n\t\t\t\t<\/div>\n\t\t\t\t\t<\/div>\n\t\t<\/div>\n\t\t\t\t\t<\/div>\n\t\t<\/section>\n\t\t\t\t<section class=\"elementor-section elementor-top-section elementor-element elementor-element-77ba3bf elementor-section-boxed elementor-section-height-default elementor-section-height-default\" data-id=\"77ba3bf\" data-element_type=\"section\">\n\t\t\t\t\t\t<div class=\"elementor-container elementor-column-gap-default\">\n\t\t\t\t\t<div class=\"elementor-column elementor-col-100 elementor-top-column elementor-element elementor-element-d729a32\" data-id=\"d729a32\" data-element_type=\"column\">\n\t\t\t<div class=\"elementor-widget-wrap elementor-element-populated\">\n\t\t\t\t\t\t<div class=\"elementor-element elementor-element-a218b57 elementor-widget elementor-widget-text-editor\" data-id=\"a218b57\" data-element_type=\"widget\" data-widget_type=\"text-editor.default\">\n\t\t\t\t<div class=\"elementor-widget-container\">\n\t\t\t\t\t\t\t<p><span style=\"font-weight: 400\">Existe o mito que comer \u00e0 noite faz mal ou leva ao ganho de peso. Na realidade, o que leva ao ganho de peso \u00e9 o total cal\u00f3rico ingerido no dia inteiro &#8211; se este for superior ao gasto energ\u00e9tico.\u00a0<\/span><\/p><p><span style=\"font-weight: 400\">O consumo alimentar \u00e0 noite depende de v\u00e1rios fatores, como hor\u00e1rios de trabalho e de estudo, do sono e da realiza\u00e7\u00e3o das demais refei\u00e7\u00f5es. A nutricionista Greisse sugere que se a pessoa tem o h\u00e1bito de dormir tarde, nada impede que fa\u00e7a uma refei\u00e7\u00e3o como o jantar equilibrado \u00e0 noite, de prefer\u00eancia, preparado em casa &#8211; com base em alimentos naturais e minimamente processados (carnes ou ovos, arroz, massa ou batata; feij\u00e3o ou lentilha; verduras e legumes). O jantar \u00e9 mais nutritivo e geralmente menos cal\u00f3rico do que lanches \u00e0 base de p\u00e3es, gorduras (maionese, margarina, manteiga) e embutidos.\u00a0\u00a0<\/span><\/p><p><span style=\"font-weight: 400\">O ideal \u00e9 comer de acordo com a fome. Para isso, \u00e9 importante prestar aten\u00e7\u00e3o aos sinais de fome e aprender a identific\u00e1-los logo no come\u00e7o &#8211; para que se possa comer at\u00e9 a saciedade, sem exageros. Para que se consiga identificar fome e saciedade, \u00e9 necess\u00e1rio treino e, principalmente, prestar aten\u00e7\u00e3o na comida no momento da refei\u00e7\u00e3o, ou seja: ao comer, apenas coma. Desligar a televis\u00e3o e largar o celular \u00e9 essencial para que se consiga se conectar com os sinais do corpo. Portanto, n\u00e3o h\u00e1 problema em se alimentar \u00e0 noite, desde que se programe para preparar uma refei\u00e7\u00e3o completa, com verduras e legumes, e que seja consumida com aten\u00e7\u00e3o, respeito \u00e0 fome e \u00e0 saciedade.<\/span><\/p>\t\t\t\t\t\t<\/div>\n\t\t\t\t<\/div>\n\t\t\t\t\t<\/div>\n\t\t<\/div>\n\t\t\t\t\t<\/div>\n\t\t<\/section>\n\t\t\t\t<section class=\"elementor-section elementor-top-section elementor-element elementor-element-018629b elementor-section-boxed elementor-section-height-default elementor-section-height-default\" data-id=\"018629b\" data-element_type=\"section\">\n\t\t\t\t\t\t<div class=\"elementor-container elementor-column-gap-default\">\n\t\t\t\t\t<div class=\"elementor-column elementor-col-100 elementor-top-column elementor-element elementor-element-bfd8333\" data-id=\"bfd8333\" data-element_type=\"column\">\n\t\t\t<div class=\"elementor-widget-wrap elementor-element-populated\">\n\t\t\t\t\t\t<div class=\"elementor-element elementor-element-fb778b5 elementor-widget elementor-widget-text-editor\" data-id=\"fb778b5\" data-element_type=\"widget\" data-widget_type=\"text-editor.default\">\n\t\t\t\t<div class=\"elementor-widget-container\">\n\t\t\t\t\t\t\t<p><b><i>Expediente<\/i><\/b><\/p>\n<p><i><b>Rep\u00f3rter<\/b><span style=\"font-weight: 400\">: Milena Bittencourt, acad\u00eamica de Jornalismo da UFN, estagi\u00e1ria<\/span><\/i><\/p>\n<p><i><b>Ilustradora<\/b><span style=\"font-weight: 400\">: Marcele Reis, acad\u00eamica de Publicidade e Propaganda da UFSM, bolsista<\/span><\/i><\/p>\n<p><i><b>M\u00eddia Social<\/b><span style=\"font-weight: 400\">: Nathalia Pitol, acad\u00eamica de Rela\u00e7\u00f5es P\u00fablicas da UFSM, bolsista<\/span><\/i><\/p>\n<p><i><b>Editora de Produ\u00e7\u00e3o<\/b><span style=\"font-weight: 400\">: Esther Klein, acad\u00eamica de Jornalismo da UFSM, bolsista<\/span><\/i><\/p>\n<p><i><b>Editor Chefe<\/b><span style=\"font-weight: 400\">: Maur\u00edcio Dias, jornalista<\/span><\/i><\/p>\t\t\t\t\t\t<\/div>\n\t\t\t\t<\/div>\n\t\t\t\t\t<\/div>\n\t\t<\/div>\n\t\t\t\t\t<\/div>\n\t\t<\/section>\n\t\t\t\t<\/div>\n\t\t","protected":false},"excerpt":{"rendered":"<p>Voc\u00ea costuma atacar a geladeira de madrugada?<\/p>\n","protected":false},"author":32,"featured_media":6276,"comment_status":"closed","ping_status":"closed","sticky":false,"template":"","format":"standard","meta":{"footnotes":""},"categories":[1895],"tags":[2162,3888,146,4313,4312],"class_list":["post-6275","post","type-post","status-publish","format-standard","has-post-thumbnail","hentry","category-saude","tag-destaque-ufsm","tag-destaque_ufsm","tag-saude","tag-sindrome-do-comer-noturno","tag-transtorno-alimentar"],"acf":[],"_links":{"self":[{"href":"https:\/\/www.ufsm.br\/midias\/arco\/wp-json\/wp\/v2\/posts\/6275","targetHints":{"allow":["GET"]}}],"collection":[{"href":"https:\/\/www.ufsm.br\/midias\/arco\/wp-json\/wp\/v2\/posts"}],"about":[{"href":"https:\/\/www.ufsm.br\/midias\/arco\/wp-json\/wp\/v2\/types\/post"}],"author":[{"embeddable":true,"href":"https:\/\/www.ufsm.br\/midias\/arco\/wp-json\/wp\/v2\/users\/32"}],"replies":[{"embeddable":true,"href":"https:\/\/www.ufsm.br\/midias\/arco\/wp-json\/wp\/v2\/comments?post=6275"}],"version-history":[{"count":0,"href":"https:\/\/www.ufsm.br\/midias\/arco\/wp-json\/wp\/v2\/posts\/6275\/revisions"}],"wp:featuredmedia":[{"embeddable":true,"href":"https:\/\/www.ufsm.br\/midias\/arco\/wp-json\/wp\/v2\/media\/6276"}],"wp:attachment":[{"href":"https:\/\/www.ufsm.br\/midias\/arco\/wp-json\/wp\/v2\/media?parent=6275"}],"wp:term":[{"taxonomy":"category","embeddable":true,"href":"https:\/\/www.ufsm.br\/midias\/arco\/wp-json\/wp\/v2\/categories?post=6275"},{"taxonomy":"post_tag","embeddable":true,"href":"https:\/\/www.ufsm.br\/midias\/arco\/wp-json\/wp\/v2\/tags?post=6275"}],"curies":[{"name":"wp","href":"https:\/\/api.w.org\/{rel}","templated":true}]}}