{"id":6277,"date":"2020-10-22T17:09:35","date_gmt":"2020-10-22T20:09:35","guid":{"rendered":"https:\/\/www.ufsm.br\/midias\/arco\/?p=6277"},"modified":"2021-02-22T11:48:50","modified_gmt":"2021-02-22T14:48:50","slug":"ciencia-inspiradora","status":"publish","type":"post","link":"https:\/\/www.ufsm.br\/midias\/arco\/ciencia-inspiradora","title":{"rendered":"Ci\u00eancia inspiradora"},"content":{"rendered":"\t\t<div data-elementor-type=\"wp-post\" data-elementor-id=\"6277\" class=\"elementor elementor-6277\">\n\t\t\t\t\t\t<section class=\"elementor-section elementor-top-section elementor-element elementor-element-5ac8c63 elementor-section-boxed elementor-section-height-default elementor-section-height-default\" data-id=\"5ac8c63\" data-element_type=\"section\">\n\t\t\t\t\t\t<div class=\"elementor-container elementor-column-gap-default\">\n\t\t\t\t\t<div class=\"elementor-column elementor-col-100 elementor-top-column elementor-element elementor-element-a84d84e\" data-id=\"a84d84e\" data-element_type=\"column\">\n\t\t\t<div class=\"elementor-widget-wrap elementor-element-populated\">\n\t\t\t\t\t\t<div class=\"elementor-element elementor-element-0c1c49f elementor-widget elementor-widget-text-editor\" data-id=\"0c1c49f\" data-element_type=\"widget\" data-widget_type=\"text-editor.default\">\n\t\t\t\t<div class=\"elementor-widget-container\">\n\t\t\t\t\t\t\t<h2><b>Estudantes do CTISM resgatam contribui\u00e7\u00f5es e imagens de cientistas <\/b><\/h2>\t\t\t\t\t\t<\/div>\n\t\t\t\t<\/div>\n\t\t\t\t\t<\/div>\n\t\t<\/div>\n\t\t\t\t\t<\/div>\n\t\t<\/section>\n\t\t\t\t<section class=\"elementor-section elementor-top-section elementor-element elementor-element-8be7925 elementor-section-boxed elementor-section-height-default elementor-section-height-default\" data-id=\"8be7925\" data-element_type=\"section\">\n\t\t\t\t\t\t<div class=\"elementor-container elementor-column-gap-default\">\n\t\t\t\t\t<div class=\"elementor-column elementor-col-100 elementor-top-column elementor-element elementor-element-c4d8256\" data-id=\"c4d8256\" data-element_type=\"column\">\n\t\t\t<div class=\"elementor-widget-wrap elementor-element-populated\">\n\t\t\t\t\t\t<div class=\"elementor-element elementor-element-84cacb9 elementor-widget elementor-widget-image\" data-id=\"84cacb9\" data-element_type=\"widget\" data-widget_type=\"image.default\">\n\t\t\t\t<div class=\"elementor-widget-container\">\n\t\t\t\t\t\t\t\t\t\t\t\t\t<img fetchpriority=\"high\" decoding=\"async\" width=\"1024\" height=\"668\" src=\"https:\/\/www.ufsm.br\/app\/uploads\/sites\/601\/2020\/10\/cientistas_CTISM-1024x668.jpg\" class=\"attachment-large size-large wp-image-6278\" alt=\"\" srcset=\"https:\/\/www.ufsm.br\/app\/uploads\/sites\/601\/2020\/10\/cientistas_CTISM-1024x668.jpg 1024w, https:\/\/www.ufsm.br\/app\/uploads\/sites\/601\/2020\/10\/cientistas_CTISM-300x196.jpg 300w, https:\/\/www.ufsm.br\/app\/uploads\/sites\/601\/2020\/10\/cientistas_CTISM-768x501.jpg 768w, https:\/\/www.ufsm.br\/app\/uploads\/sites\/601\/2020\/10\/cientistas_CTISM.jpg 1440w\" sizes=\"(max-width: 1024px) 100vw, 1024px\" \/>\t\t\t\t\t\t\t\t\t\t\t\t\t<\/div>\n\t\t\t\t<\/div>\n\t\t\t\t\t<\/div>\n\t\t<\/div>\n\t\t\t\t\t<\/div>\n\t\t<\/section>\n\t\t\t\t<section class=\"elementor-section elementor-top-section elementor-element elementor-element-e0ee4c8 elementor-section-boxed elementor-section-height-default elementor-section-height-default\" data-id=\"e0ee4c8\" data-element_type=\"section\">\n\t\t\t\t\t\t<div class=\"elementor-container elementor-column-gap-default\">\n\t\t\t\t\t<div class=\"elementor-column elementor-col-100 elementor-top-column elementor-element elementor-element-e8ed960\" data-id=\"e8ed960\" data-element_type=\"column\">\n\t\t\t<div class=\"elementor-widget-wrap elementor-element-populated\">\n\t\t\t\t\t\t<div class=\"elementor-element elementor-element-2075f45 elementor-widget elementor-widget-text-editor\" data-id=\"2075f45\" data-element_type=\"widget\" data-widget_type=\"text-editor.default\">\n\t\t\t\t<div class=\"elementor-widget-container\">\n\t\t\t\t\t\t\t<p><span style=\"font-weight: 400\">A ci\u00eancia, por meio de suas descobertas, \u00e9 respons\u00e1vel por inven\u00e7\u00f5es que aumentaram a qualidade de vida da esp\u00e9cie humana. Mesmo pautada em metodologias, ela \u00e9 desacreditada pelo movimento negacionista, que se apoia em convic\u00e7\u00f5es infundadas. Com o objetivo de estimular a reflex\u00e3o sobre a import\u00e2ncia da ci\u00eancia, a professora Josiane Menezes, que leciona Biologia no Col\u00e9gio T\u00e9cnico Industrial de Santa Maria (CTISM), desafiou seus alunos com uma atividade diferente. Os estudantes dos primeiros e segundos anos dos cursos t\u00e9cnicos integrados tiveram de <\/span><span style=\"font-weight: 400\">elaborar um infogr\u00e1fico sobre uma personalidade da ci\u00eancia que os inspirasse.\u00a0<\/span><\/p><p><span style=\"font-weight: 400\">De in\u00edcio, alguns alunos estranharam a ideia de resgatar a hist\u00f3ria, os desafios e o legado de cientistas em um infogr\u00e1fico, formato de m\u00eddia que combina imagens e textos. Al\u00e9m disso, tinham que posar para uma foto que representasse o cientista escolhido.\u00a0<\/span><span style=\"color: black;font-size: 1rem\">\u201cFoi tirando a foto que comecei a me sentir interessado pelo trabalho\u201d, conta Bruno Barchet, aluno do primeiro ano de Inform\u00e1tica para Internet.\u00a0<\/span><span style=\"color: black;font-size: 1rem\">J\u00e1 o\u00a0<\/span><span style=\"color: black;font-size: 1rem\">estudante Victor Machado, do curso de Eletrot\u00e9cnica, conta que sua fam\u00edlia o ajudou na recria\u00e7\u00e3o da fotografia. \u201cAcabou sendo um momento muito legal. Nos divertimos e aprendemos juntos\u201d, recorda.<\/span><\/p>\t\t\t\t\t\t<\/div>\n\t\t\t\t<\/div>\n\t\t\t\t\t<\/div>\n\t\t<\/div>\n\t\t\t\t\t<\/div>\n\t\t<\/section>\n\t\t\t\t<section class=\"elementor-section elementor-top-section elementor-element elementor-element-25f4fee elementor-section-boxed elementor-section-height-default elementor-section-height-default\" data-id=\"25f4fee\" data-element_type=\"section\">\n\t\t\t\t\t\t<div class=\"elementor-container elementor-column-gap-default\">\n\t\t\t\t\t<div class=\"elementor-column elementor-col-100 elementor-top-column elementor-element elementor-element-a4d8391\" data-id=\"a4d8391\" data-element_type=\"column\">\n\t\t\t<div class=\"elementor-widget-wrap elementor-element-populated\">\n\t\t\t\t\t\t<div class=\"elementor-element elementor-element-753843a elementor-widget elementor-widget-text-editor\" data-id=\"753843a\" data-element_type=\"widget\" data-widget_type=\"text-editor.default\">\n\t\t\t\t<div class=\"elementor-widget-container\">\n\t\t\t\t\t\t\t<h3><b>Novas perspectivas para pensar o cotidiano<\/b><\/h3>\t\t\t\t\t\t<\/div>\n\t\t\t\t<\/div>\n\t\t\t\t\t<\/div>\n\t\t<\/div>\n\t\t\t\t\t<\/div>\n\t\t<\/section>\n\t\t\t\t<section class=\"elementor-section elementor-top-section elementor-element elementor-element-7f4eac2 elementor-section-boxed elementor-section-height-default elementor-section-height-default\" data-id=\"7f4eac2\" data-element_type=\"section\">\n\t\t\t\t\t\t<div class=\"elementor-container elementor-column-gap-default\">\n\t\t\t\t\t<div class=\"elementor-column elementor-col-100 elementor-top-column elementor-element elementor-element-3207057\" data-id=\"3207057\" data-element_type=\"column\">\n\t\t\t<div class=\"elementor-widget-wrap elementor-element-populated\">\n\t\t\t\t\t\t<div class=\"elementor-element elementor-element-b313f2a elementor-widget elementor-widget-text-editor\" data-id=\"b313f2a\" data-element_type=\"widget\" data-widget_type=\"text-editor.default\">\n\t\t\t\t<div class=\"elementor-widget-container\">\n\t\t\t\t\t\t\t<p dir=\"ltr\" style=\"line-height: 1.3800000000000001;text-align: justify;margin-top: 0pt;margin-bottom: 7pt\"><span style=\"font-size: 12pt;font-family: 'Liberation Serif';color: #000000;background-color: transparent;font-weight: 400;font-style: normal;font-variant: normal;text-decoration: none;vertical-align: baseline\">O infogr\u00e1fico proposto pela professora Josiane trouxe personalidades n\u00e3o t\u00e3o conhecidas. \u201cV\u00e1rios trabalhos de outros colegas me apresentaram diferentes cientistas que eu nunca tinha ouvido falar sobre\u201d, conta a estudante J\u00falia Firmiano.\u00a0<\/span><\/p><p dir=\"ltr\" style=\"line-height: 1.3800000000000001;text-align: justify;margin-top: 0pt;margin-bottom: 7pt\"><span style=\"background-color: transparent;color: #000000;font-family: 'Liberation Serif';font-size: 12pt\">Luiza Iensen conhecia Hedy Lamarr apenas por sua carreira como atriz. \u201cN\u00e3o fazia ideia que foi ela quem inventou a base do Wi-fi\u201d, afirma. A estudante reflete sobre o fato de que, apesar de estarmos familiarizados com a tecnologia, n\u00e3o pensamos com ela surgiu. Gabriela Bisso compartilha do mesmo ponto de vista: \u201cN\u00e3o sabemos quem fez muitas das realiza\u00e7\u00f5es cient\u00edficas com as quais convivemos. \u00c9 muito legal saber quem inventou aquilo e pensar no contexto no qual foi inventado\u201d.<\/span><\/p><p dir=\"ltr\" style=\"line-height: 1.3800000000000001;text-align: justify;margin-top: 0pt;margin-bottom: 7pt\"><span style=\"background-color: transparent;color: #000000;font-family: 'Liberation Serif';font-size: 12pt;text-align: left\">Apesar de desafiadora, a tarefa foi bastante divertida para os alunos e fez com que eles se envolvessem. \u201cCom o trabalho, fui mais a fundo na hist\u00f3ria da cientista e pude conhecer um pouco mais sobre ela. Algo que, sem a atividade, n\u00e3o teria tanto interesse\u201d, afirma Thiaine Padilha. <\/span><\/p>\t\t\t\t\t\t<\/div>\n\t\t\t\t<\/div>\n\t\t\t\t\t<\/div>\n\t\t<\/div>\n\t\t\t\t\t<\/div>\n\t\t<\/section>\n\t\t\t\t<section class=\"elementor-section elementor-top-section elementor-element elementor-element-c88507c elementor-section-boxed elementor-section-height-default elementor-section-height-default\" data-id=\"c88507c\" data-element_type=\"section\">\n\t\t\t\t\t\t<div class=\"elementor-container elementor-column-gap-default\">\n\t\t\t\t\t<div class=\"elementor-column elementor-col-100 elementor-top-column elementor-element elementor-element-4187b8f\" data-id=\"4187b8f\" data-element_type=\"column\">\n\t\t\t<div class=\"elementor-widget-wrap elementor-element-populated\">\n\t\t\t\t\t\t<div class=\"elementor-element elementor-element-f0a9257 elementor-widget elementor-widget-text-editor\" data-id=\"f0a9257\" data-element_type=\"widget\" data-widget_type=\"text-editor.default\">\n\t\t\t\t<div class=\"elementor-widget-container\">\n\t\t\t\t\t\t\t<h3><b>Mulheres que mudaram o mundo<\/b><\/h3>\t\t\t\t\t\t<\/div>\n\t\t\t\t<\/div>\n\t\t\t\t\t<\/div>\n\t\t<\/div>\n\t\t\t\t\t<\/div>\n\t\t<\/section>\n\t\t\t\t<section class=\"elementor-section elementor-top-section elementor-element elementor-element-94f956c elementor-section-boxed elementor-section-height-default elementor-section-height-default\" data-id=\"94f956c\" data-element_type=\"section\">\n\t\t\t\t\t\t<div class=\"elementor-container elementor-column-gap-default\">\n\t\t\t\t\t<div class=\"elementor-column elementor-col-100 elementor-top-column elementor-element elementor-element-7b68491\" data-id=\"7b68491\" data-element_type=\"column\">\n\t\t\t<div class=\"elementor-widget-wrap elementor-element-populated\">\n\t\t\t\t\t\t<div class=\"elementor-element elementor-element-2483090 elementor-widget elementor-widget-text-editor\" data-id=\"2483090\" data-element_type=\"widget\" data-widget_type=\"text-editor.default\">\n\t\t\t\t<div class=\"elementor-widget-container\">\n\t\t\t\t\t\t\t<p><span style=\"font-weight: 400\">A professora Josiane conta que a avalia\u00e7\u00e3o foi inspirada no livro \u201cAs cientistas \u2013 50 mulheres que mudaram o mundo\u201d, que ganhou de sua filha e aluna, a estudante de Inform\u00e1tica para Internet, Gabrielli Menezes Pedron. A obra, ilustrada pela pr\u00f3pria autora, Rachel Ignotofsky, conta os desafios enfrentados por mulheres que marcaram a ci\u00eancia ao longo da hist\u00f3ria.\u00a0<\/span><\/p><p>O formato l\u00fadico tornou a tarefa mais interessante de ser realizada. Colocar as fotos dos alunos ao lado das de personalidades transmitiu a mensagem de que qualquer um pode se tornar um cientista. A experi\u00eancia foi bastante enriquecedora para Luiza Iensen, que se sentiu muito inspirada por Rita Lobato Velho Lopes, refer\u00eancia na medicina, \u00e1rea que a pretende seguir.\u00a0\u00a0<\/p><p>Nascida no Rio Grande do Sul, Rita Lobato estudou medicina na Universidade Federal da Bahia. Ela foi a primeira mulher a ser formar em medicina no Brasil e a segunda na Am\u00e9rica Latina &#8211; a universidade inclusive teve que criar um banheiro feminino. Ap\u00f3s se formar em metade do tempo previsto do curso, Rita revolucionou a forma de se realizar cesarianas, salvando at\u00e9 hoje in\u00fameras vidas. \u201cSua hist\u00f3ria de vida e seus feitos me inspiram muito. Me fazem ter ainda mais certeza sobre meu futuro e o que desejo fazer pelo mundo. A descoberta dessa personalidade, gra\u00e7as ao trabalho da professora Josiane, vai ser algo que nunca vou esquecer!\u201d<\/p>\t\t\t\t\t\t<\/div>\n\t\t\t\t<\/div>\n\t\t\t\t\t<\/div>\n\t\t<\/div>\n\t\t\t\t\t<\/div>\n\t\t<\/section>\n\t\t\t\t<section class=\"elementor-section elementor-top-section elementor-element elementor-element-0d4b2a1 elementor-section-boxed elementor-section-height-default elementor-section-height-default\" data-id=\"0d4b2a1\" data-element_type=\"section\">\n\t\t\t\t\t\t<div class=\"elementor-container elementor-column-gap-default\">\n\t\t\t\t\t<div class=\"elementor-column elementor-col-100 elementor-top-column elementor-element elementor-element-ce038ad\" data-id=\"ce038ad\" data-element_type=\"column\">\n\t\t\t<div class=\"elementor-widget-wrap elementor-element-populated\">\n\t\t\t\t\t\t<div class=\"elementor-element elementor-element-727f521 elementor-widget elementor-widget-text-editor\" data-id=\"727f521\" data-element_type=\"widget\" data-widget_type=\"text-editor.default\">\n\t\t\t\t<div class=\"elementor-widget-container\">\n\t\t\t\t\t\t\t<h3><span id=\"docs-internal-guid-25f17423-7fff-8ce3-1e3d-e84c6c6430b3\"><span style=\"font-size: 12pt;font-family: 'Liberation Serif';color: #000000;background-color: transparent;font-weight: bold;vertical-align: baseline\">Tarefa despertou interesse pela contribui\u00e7\u00e3o cient\u00edfica<\/span><\/span><\/h3>\t\t\t\t\t\t<\/div>\n\t\t\t\t<\/div>\n\t\t\t\t\t<\/div>\n\t\t<\/div>\n\t\t\t\t\t<\/div>\n\t\t<\/section>\n\t\t\t\t<section class=\"elementor-section elementor-top-section elementor-element elementor-element-ce13711 elementor-section-boxed elementor-section-height-default elementor-section-height-default\" data-id=\"ce13711\" data-element_type=\"section\">\n\t\t\t\t\t\t<div class=\"elementor-container elementor-column-gap-default\">\n\t\t\t\t\t<div class=\"elementor-column elementor-col-100 elementor-top-column elementor-element elementor-element-cabbe2c\" data-id=\"cabbe2c\" data-element_type=\"column\">\n\t\t\t<div class=\"elementor-widget-wrap elementor-element-populated\">\n\t\t\t\t\t\t<div class=\"elementor-element elementor-element-35786fa elementor-widget elementor-widget-image\" data-id=\"35786fa\" data-element_type=\"widget\" data-widget_type=\"image.default\">\n\t\t\t\t<div class=\"elementor-widget-container\">\n\t\t\t\t\t\t\t\t\t\t<figure class=\"wp-caption\">\n\t\t\t\t\t\t\t\t\t\t\t<a href=\"https:\/\/www.ufsm.br\/app\/uploads\/sites\/601\/2020\/10\/Neil_DeGrasse_Tyson.jpg\" data-elementor-open-lightbox=\"yes\" data-elementor-lightbox-title=\"Neil_DeGrasse_Tyson\" data-elementor-lightbox-description=\"Foto de cientista e estudante na mesma pose\" data-e-action-hash=\"#elementor-action%3Aaction%3Dlightbox%26settings%3DeyJpZCI6IjYyODIiLCJ1cmwiOiJodHRwczpcL1wvd3d3LnVmc20uYnJcL2FwcFwvdXBsb2Fkc1wvc2l0ZXNcLzYwMVwvMjAyMFwvMTBcL05laWxfRGVHcmFzc2VfVHlzb24uanBnIn0%3D\">\n\t\t\t\t\t\t\t<img decoding=\"async\" width=\"1024\" height=\"668\" src=\"https:\/\/www.ufsm.br\/app\/uploads\/sites\/601\/2020\/10\/Neil_DeGrasse_Tyson-1024x668.jpg\" class=\"attachment-large size-large wp-image-6282\" alt=\"\" srcset=\"https:\/\/www.ufsm.br\/app\/uploads\/sites\/601\/2020\/10\/Neil_DeGrasse_Tyson-1024x668.jpg 1024w, https:\/\/www.ufsm.br\/app\/uploads\/sites\/601\/2020\/10\/Neil_DeGrasse_Tyson-300x196.jpg 300w, https:\/\/www.ufsm.br\/app\/uploads\/sites\/601\/2020\/10\/Neil_DeGrasse_Tyson-768x501.jpg 768w, https:\/\/www.ufsm.br\/app\/uploads\/sites\/601\/2020\/10\/Neil_DeGrasse_Tyson.jpg 1440w\" sizes=\"(max-width: 1024px) 100vw, 1024px\" \/>\t\t\t\t\t\t\t\t<\/a>\n\t\t\t\t\t\t\t\t\t\t\t<figcaption class=\"widget-image-caption wp-caption-text\">O astrof\u00edsico Neil DeGrasse Tyson e o estudante Ricardo Vi\u00e7osa<\/figcaption>\n\t\t\t\t\t\t\t\t\t\t<\/figure>\n\t\t\t\t\t\t\t<\/div>\n\t\t\t\t<\/div>\n\t\t\t\t\t<\/div>\n\t\t<\/div>\n\t\t\t\t\t<\/div>\n\t\t<\/section>\n\t\t\t\t<section class=\"elementor-section elementor-top-section elementor-element elementor-element-f8d063b elementor-section-boxed elementor-section-height-default elementor-section-height-default\" data-id=\"f8d063b\" data-element_type=\"section\">\n\t\t\t\t\t\t<div class=\"elementor-container elementor-column-gap-default\">\n\t\t\t\t\t<div class=\"elementor-column elementor-col-100 elementor-top-column elementor-element elementor-element-bccadf4\" data-id=\"bccadf4\" data-element_type=\"column\">\n\t\t\t<div class=\"elementor-widget-wrap elementor-element-populated\">\n\t\t\t\t\t\t<div class=\"elementor-element elementor-element-88e334f elementor-widget elementor-widget-text-editor\" data-id=\"88e334f\" data-element_type=\"widget\" data-widget_type=\"text-editor.default\">\n\t\t\t\t<div class=\"elementor-widget-container\">\n\t\t\t\t\t\t\t<p><span style=\"font-weight: 400\">A avalia\u00e7\u00e3o de Biologia<\/span> <span style=\"font-weight: 400\">despertou o interesse de alunos de fora do CTISM. \u201cQuando contei para os meus amigos que estudam em outras escolas, todos ficaram interessados e quiseram ver como ficou o meu trabalho, tamb\u00e9m ficaram curiosos sobre qual era o cientista escolhido e quais foram as contribui\u00e7\u00f5es dele\u201d, relata Daniel Ros. Ap\u00f3s a publica\u00e7\u00e3o no Facebook e no Instagram, os infogr\u00e1ficos somaram mais de 3 mil visualiza\u00e7\u00f5es.\u00a0<\/span><\/p><p><span style=\"font-weight: 400\">O estudante Ricardo Vi\u00e7osa<\/span> <span style=\"font-weight: 400\">completa: \u201cEssa atividade s\u00f3 incentivou o interesse que tenho pela ci\u00eancia, porque mostra como a gente pode aprender e se divertir ao mesmo tempo. Mesmo a quest\u00e3o da foto sendo um pouco diferente para mim, foi muito divertido, ainda mais compartilhar e ver o trabalho dos colegas\u201d.<\/span><\/p><p><span style=\"font-weight: 400\">A professora Josiane lembra que discutir ci\u00eancia sempre foi importante e, com a pandemia do novo coronav\u00edrus, tornou-se uma quest\u00e3o de sobreviv\u00eancia. No entanto, ela reconhece que essa tarefa \u00e9 bastante \u00e1rdua e complexa, pois a ci\u00eancia n\u00e3o det\u00e9m grande prest\u00edgio junto \u00e0 popula\u00e7\u00e3o. Em pesquisa realizada no ano passado pelo Minist\u00e9rio da Ci\u00eancia, Tecnologia, Inova\u00e7\u00f5es e Comunica\u00e7\u00f5es, os cientistas n\u00e3o apareceram entre as fontes mais confi\u00e1veis de informa\u00e7\u00e3o &#8211; lembrados por apenas 12% dos entrevistados, atr\u00e1s de l\u00edderes religiosos, com 15%, m\u00e9dicos e jornalistas com 26% ambos.\u00a0<\/span><\/p><p><span style=\"font-weight: 400\">Os estudantes t\u00eam uma vis\u00e3o bastante semelhante \u00e0 da professora. Eles acreditam que, apesar de a ci\u00eancia proporcionar progressos nos mais diversos \u00e2mbitos e nos tornar capazes de entender e interagir com o mundo, a figura do cientista \u00e9 pouco valorizada no Brasil. Gabrielli Pedron argumenta que o descr\u00e9dito se deve ao descaso do governo com a educa\u00e7\u00e3o. J\u00e1 Daniel Ros acredita que a pandemia trouxe mais visibilidade e valoriza\u00e7\u00e3o ao trabalho do cientista.<\/span><\/p><p><span style=\"color: black;font-size: 1rem\">Os alunos do CTISM, como Luiza Iensen, ressaltam que a dissemina\u00e7\u00e3o de\u00a0<\/span><a href=\"https:\/\/www.ufsm.br\/midias\/arco\/isso-e-fake-news\/\" target=\"_blank\" rel=\"noopener\">not\u00edcias falsas<\/a><span style=\"color: black;font-size: 1rem\">\u00a0\u00e9 outro fator que aumenta a import\u00e2ncia de se falar sobre ci\u00eancia. A professora lembra do movimento antivacina e o negacionismo sobre mudan\u00e7as clim\u00e1ticas. Mas o exemplo em maior evid\u00eancia \u00e9 o negacionismo em rela\u00e7\u00e3o ao coronav\u00edrus. O v\u00edrus, que j\u00e1 vitimou mais de 1 milh\u00e3o de pessoas no mundo, ainda \u00e9 subestimado por figuras pol\u00edticas, em especial nos Estados Unidos e Brasil &#8211; que, n\u00e3o por coincid\u00eancia, s\u00e3o os dois pa\u00edses com o maior n\u00famero de v\u00edtimas fatais, representando juntos um ter\u00e7o do n\u00famero total de\u00a0 mortos.\u00a0<\/span><\/p>\t\t\t\t\t\t<\/div>\n\t\t\t\t<\/div>\n\t\t\t\t\t<\/div>\n\t\t<\/div>\n\t\t\t\t\t<\/div>\n\t\t<\/section>\n\t\t\t\t<section class=\"elementor-section elementor-top-section elementor-element elementor-element-c1c021e elementor-section-boxed elementor-section-height-default elementor-section-height-default\" data-id=\"c1c021e\" data-element_type=\"section\">\n\t\t\t\t\t\t<div class=\"elementor-container elementor-column-gap-default\">\n\t\t\t\t\t<div class=\"elementor-column elementor-col-100 elementor-top-column elementor-element elementor-element-4ce12ca\" data-id=\"4ce12ca\" data-element_type=\"column\">\n\t\t\t<div class=\"elementor-widget-wrap elementor-element-populated\">\n\t\t\t\t\t\t<div class=\"elementor-element elementor-element-3075f10 elementor-widget elementor-widget-text-editor\" data-id=\"3075f10\" data-element_type=\"widget\" data-widget_type=\"text-editor.default\">\n\t\t\t\t<div class=\"elementor-widget-container\">\n\t\t\t\t\t\t\t<h3><strong>Destaques nacionais na ci\u00eancia<\/strong><\/h3>\t\t\t\t\t\t<\/div>\n\t\t\t\t<\/div>\n\t\t\t\t\t<\/div>\n\t\t<\/div>\n\t\t\t\t\t<\/div>\n\t\t<\/section>\n\t\t\t\t<section class=\"elementor-section elementor-top-section elementor-element elementor-element-21b7fc8 elementor-section-boxed elementor-section-height-default elementor-section-height-default\" data-id=\"21b7fc8\" data-element_type=\"section\">\n\t\t\t\t\t\t<div class=\"elementor-container elementor-column-gap-default\">\n\t\t\t\t\t<div class=\"elementor-column elementor-col-100 elementor-top-column elementor-element elementor-element-1557b91\" data-id=\"1557b91\" data-element_type=\"column\">\n\t\t\t<div class=\"elementor-widget-wrap elementor-element-populated\">\n\t\t\t\t\t\t<div class=\"elementor-element elementor-element-bb7ca39 elementor-widget elementor-widget-text-editor\" data-id=\"bb7ca39\" data-element_type=\"widget\" data-widget_type=\"text-editor.default\">\n\t\t\t\t<div class=\"elementor-widget-container\">\n\t\t\t\t\t\t\t<p><span style=\"font-weight: 400\">Apesar da dificuldade, a ci\u00eancia brasileira rendeu e rende frutos. Ao falarem sobre cientistas que admiram e que at\u00e9 os inspiram, os alunos do CTISM citaram tanto figuras hist\u00f3ricas como atuais. Oswaldo Cruz, foi um dos respons\u00e1veis pelo fim da febre amarela, da var\u00edola e da peste bub\u00f4nica no Brasil. Nise da Silveira se tornou refer\u00eancia na psicologia por sua luta antimanicomial e pela reinser\u00e7\u00e3o de pessoas deficientes mentais na sociedade. Ester Sabino e Jaqueline Goes de Jesus, foram respons\u00e1veis por decodificar o RNA do coronav\u00edrus menos de 48 horas ap\u00f3s o primeiro caso no Brasil. Suzana Herculano-Houzel descobriu um m\u00e9todo para contar o n\u00famero de neur\u00f4nios em humanos. Tamb\u00e9m foram lembrados os m\u00e9dicos cearenses respons\u00e1veis por desenvolver tratamento para queimaduras graves com pele de Til\u00e1pia, considerado revolucion\u00e1rio por acelerar o processo de cicatriza\u00e7\u00e3o e diminuir a dor do paciente.<\/span><\/p><p><span style=\"font-weight: 400\">Victor Machado considera inspiradores os jovens cientistas que conseguem transpor as dificuldades para realizar seus objetivos. Seu grande exemplo \u00e9 a sua m\u00e3e, que voltou a estudar, ingressou na UFSM e foi selecionada para uma bolsa de inicia\u00e7\u00e3o cient\u00edfica. A universit\u00e1ria j\u00e1 conseguiu publicar um cap\u00edtulo em um livro.\u00a0<\/span><\/p><p><span style=\"font-weight: 400\">A tarefa estimulou ainda a reflex\u00e3o sobre as desigualdades sociais. Como a professora Josiane lembra: \u201ctodos os cientistas t\u00eam a mesma sede de conhecimento, mas nem todos t\u00eam as mesmas oportunidades de explorar as respostas\u201d. Por quest\u00f5es como g\u00eanero, ra\u00e7a e orienta\u00e7\u00e3o sexual, muitos cientistas sofreram discrimina\u00e7\u00e3o, que trouxeram muitas dificuldades e, infelizmente, isso n\u00e3o ficou completamente no passado. Mesmo assim, algumas pessoas superaram essas barreiras para colocar seu nome na hist\u00f3ria da humanidade e servir de exemplo para as futuras gera\u00e7\u00f5es.\u00a0 <\/span><\/p>\t\t\t\t\t\t<\/div>\n\t\t\t\t<\/div>\n\t\t\t\t\t<\/div>\n\t\t<\/div>\n\t\t\t\t\t<\/div>\n\t\t<\/section>\n\t\t\t\t<section class=\"elementor-section elementor-top-section elementor-element elementor-element-ad8f2a8 elementor-section-boxed elementor-section-height-default elementor-section-height-default\" data-id=\"ad8f2a8\" data-element_type=\"section\">\n\t\t\t\t\t\t<div class=\"elementor-container elementor-column-gap-default\">\n\t\t\t\t\t<div class=\"elementor-column elementor-col-100 elementor-top-column elementor-element elementor-element-b80480f\" data-id=\"b80480f\" data-element_type=\"column\">\n\t\t\t<div class=\"elementor-widget-wrap elementor-element-populated\">\n\t\t\t\t\t\t<div class=\"elementor-element elementor-element-293c9e9 elementor-widget elementor-widget-text-editor\" data-id=\"293c9e9\" data-element_type=\"widget\" data-widget_type=\"text-editor.default\">\n\t\t\t\t<div class=\"elementor-widget-container\">\n\t\t\t\t\t\t\t<h3><strong>Brilhantismo contra o preconceito<\/strong><\/h3>\t\t\t\t\t\t<\/div>\n\t\t\t\t<\/div>\n\t\t\t\t\t<\/div>\n\t\t<\/div>\n\t\t\t\t\t<\/div>\n\t\t<\/section>\n\t\t\t\t<section class=\"elementor-section elementor-top-section elementor-element elementor-element-3c5bf7e elementor-section-boxed elementor-section-height-default elementor-section-height-default\" data-id=\"3c5bf7e\" data-element_type=\"section\">\n\t\t\t\t\t\t<div class=\"elementor-container elementor-column-gap-default\">\n\t\t\t\t\t<div class=\"elementor-column elementor-col-100 elementor-top-column elementor-element elementor-element-796f553\" data-id=\"796f553\" data-element_type=\"column\">\n\t\t\t<div class=\"elementor-widget-wrap elementor-element-populated\">\n\t\t\t\t\t\t<div class=\"elementor-element elementor-element-ee5f6e1 elementor-widget elementor-widget-image\" data-id=\"ee5f6e1\" data-element_type=\"widget\" data-widget_type=\"image.default\">\n\t\t\t\t<div class=\"elementor-widget-container\">\n\t\t\t\t\t\t\t\t\t\t<figure class=\"wp-caption\">\n\t\t\t\t\t\t\t\t\t\t\t<a href=\"https:\/\/www.ufsm.br\/app\/uploads\/sites\/601\/2020\/10\/Annie_Easley.jpg\" data-elementor-open-lightbox=\"yes\" data-elementor-lightbox-title=\"Annie_Easley\" data-elementor-lightbox-description=\"Foto de cientista e de estudantes com a mesma pose\" data-e-action-hash=\"#elementor-action%3Aaction%3Dlightbox%26settings%3DeyJpZCI6IjYyODEiLCJ1cmwiOiJodHRwczpcL1wvd3d3LnVmc20uYnJcL2FwcFwvdXBsb2Fkc1wvc2l0ZXNcLzYwMVwvMjAyMFwvMTBcL0FubmllX0Vhc2xleS5qcGcifQ%3D%3D\">\n\t\t\t\t\t\t\t<img decoding=\"async\" width=\"1024\" height=\"668\" src=\"https:\/\/www.ufsm.br\/app\/uploads\/sites\/601\/2020\/10\/Annie_Easley-1024x668.jpg\" class=\"attachment-large size-large wp-image-6281\" alt=\"\" srcset=\"https:\/\/www.ufsm.br\/app\/uploads\/sites\/601\/2020\/10\/Annie_Easley-1024x668.jpg 1024w, https:\/\/www.ufsm.br\/app\/uploads\/sites\/601\/2020\/10\/Annie_Easley-300x196.jpg 300w, https:\/\/www.ufsm.br\/app\/uploads\/sites\/601\/2020\/10\/Annie_Easley-768x501.jpg 768w, https:\/\/www.ufsm.br\/app\/uploads\/sites\/601\/2020\/10\/Annie_Easley.jpg 1440w\" sizes=\"(max-width: 1024px) 100vw, 1024px\" \/>\t\t\t\t\t\t\t\t<\/a>\n\t\t\t\t\t\t\t\t\t\t\t<figcaption class=\"widget-image-caption wp-caption-text\">A matem\u00e1tica Annie Easley e a estudante Andressa Schons<\/figcaption>\n\t\t\t\t\t\t\t\t\t\t<\/figure>\n\t\t\t\t\t\t\t<\/div>\n\t\t\t\t<\/div>\n\t\t\t\t\t<\/div>\n\t\t<\/div>\n\t\t\t\t\t<\/div>\n\t\t<\/section>\n\t\t\t\t<section class=\"elementor-section elementor-top-section elementor-element elementor-element-69d24e8 elementor-section-boxed elementor-section-height-default elementor-section-height-default\" data-id=\"69d24e8\" data-element_type=\"section\">\n\t\t\t\t\t\t<div class=\"elementor-container elementor-column-gap-default\">\n\t\t\t\t\t<div class=\"elementor-column elementor-col-100 elementor-top-column elementor-element elementor-element-8ab2652\" data-id=\"8ab2652\" data-element_type=\"column\">\n\t\t\t<div class=\"elementor-widget-wrap elementor-element-populated\">\n\t\t\t\t\t\t<div class=\"elementor-element elementor-element-e71822b elementor-widget elementor-widget-text-editor\" data-id=\"e71822b\" data-element_type=\"widget\" data-widget_type=\"text-editor.default\">\n\t\t\t\t<div class=\"elementor-widget-container\">\n\t\t\t\t\t\t\t<p dir=\"ltr\" style=\"line-height: 1.3800000000000001;text-align: justify;margin-top: 0pt;margin-bottom: 7pt\"><span style=\"font-size: 12pt;font-family: 'Liberation Serif';color: #000000;background-color: transparent;font-weight: 400;font-style: normal;font-variant: normal;text-decoration: none;vertical-align: baseline\">Na d\u00e9cada de 1960, nos Estados Unidos, homens e mulheres lutavam para conquistar o espa\u00e7o<\/span><span style=\"font-size: 12pt;font-family: 'Liberation Serif';color: #38761d;background-color: transparent;font-weight: 400;font-style: normal;font-variant: normal;text-decoration: none;vertical-align: baseline\">:<\/span><span style=\"font-size: 12pt;font-family: 'Liberation Serif';color: #000000;background-color: transparent;font-weight: 400;font-style: normal;font-variant: normal;text-decoration: none;vertical-align: baseline\"> os homens, o espa\u00e7o sideral; e as mulheres &#8211; em especial as negras &#8211; seu espa\u00e7o no mercado de trabalho. Katherine Johnson e Annie Easley s\u00e3o exemplos dessa luta e deram contribui\u00e7\u00f5es importantes \u00e0 engenharia espacial.\u00a0<\/span><\/p><p dir=\"ltr\" style=\"line-height: 1.3800000000000001;text-align: justify;margin-top: 0pt;margin-bottom: 7pt\"><span style=\"font-size: 12pt;font-family: 'Liberation Serif';color: #000000;background-color: transparent;font-weight: 400;font-style: normal;font-variant: normal;text-decoration: none;vertical-align: baseline\">Katherine Johnson trabalhou para a NASA como \u201ccomputador humano\u201d. A partir dos seus c\u00e1lculos, foi poss\u00edvel que se orbitasse a Terra pela primeira vez no ano de 1962 e o homem fosse a lua em 1969.<\/span> <span style=\"font-size: 12pt;font-family: 'Liberation Serif';color: #000000;background-color: transparent;font-weight: 400;font-style: normal;font-variant: normal;text-decoration: none;vertical-align: baseline\">A estudante Gabriela Bisso conheceu sua hist\u00f3ria atrav\u00e9s do filme <\/span><a style=\"text-decoration: none\" href=\"https:\/\/www.youtube.com\/watch?v=wx3PVtrU-Os\"><span style=\"font-size: 12pt;font-family: 'Liberation Serif';color: #1155cc;background-color: transparent;font-weight: 400;font-style: normal;font-variant: normal;text-decoration: underline;vertical-align: baseline\">Estrelas Al\u00e9m do Tempo<\/span><\/a><span style=\"font-size: 12pt;font-family: 'Liberation Serif';color: #000000;background-color: transparent;font-weight: 400;font-style: normal;font-variant: normal;text-decoration: none;vertical-align: baseline\"> e achou muito interessante como<\/span><span style=\"font-size: 12pt;font-family: 'Liberation Serif';color: #38761d;background-color: transparent;font-weight: 400;font-style: normal;font-variant: normal;text-decoration: none;vertical-align: baseline\">,<\/span><span style=\"font-size: 12pt;font-family: 'Liberation Serif';color: #000000;background-color: transparent;font-weight: 400;font-style: normal;font-variant: normal;text-decoration: none;vertical-align: baseline\"> apesar das oportunidades limitadas pelo machismo, o racismo e a segrega\u00e7\u00e3o racial, Katherine conseguiu se tornar uma grande cientista. \u201cEu escolhi falar de uma cientista negra justamente pelo fato de que ela pode servir de inspira\u00e7\u00e3o para muitos outros jovens negros, que, infelizmente, sofrem diariamente com o racismo\u201d, afirma.<\/span><\/p><p dir=\"ltr\" style=\"line-height: 1.3800000000000001;text-align: justify;margin-top: 0pt;margin-bottom: 7pt\"><span style=\"font-size: 12pt;font-family: 'Liberation Serif';color: #000000;background-color: transparent;font-weight: 400;font-style: normal;font-variant: normal;text-decoration: none;vertical-align: baseline\">A matem\u00e1tica e cientista da computa\u00e7\u00e3o da NASA, Annie Easley foi uma das respons\u00e1veis pelo primeiro lan\u00e7amento bem sucedido de um foguete, em 1963. A partir da d\u00e9cada de 1970, ela participou de projetos sobre energias renov\u00e1veis, implementando programas que auxiliaram na produ\u00e7\u00e3o de energia solar e e\u00f3lica.\u00a0<\/span><\/p><p dir=\"ltr\" style=\"line-height: 1.3800000000000001;text-align: justify;margin-top: 0pt;margin-bottom: 7pt\"><span style=\"color: #1155cc;font-family: 'Liberation Serif';font-size: 12pt;background-color: transparent;vertical-align: baseline\">Apesar<\/span><span style=\"color: #000000;font-family: 'Liberation Serif';font-size: 12pt;background-color: transparent;vertical-align: baseline\"> de suas contribui\u00e7\u00f5es para a ci\u00eancia espacial, Easley foi cortada de praticamente todas as fotos dos projetos que participou por ser negra. A estudante de Inform\u00e1tica para Internet, Andressa Schons desde o in\u00edcio queria dar visibilidade a uma mulher cientista pois \u00e9 not\u00e1vel que ao longo da hist\u00f3ria elas n\u00e3o recebem os cr\u00e9ditos por seus feitos. Al\u00e9m de encontrar um perfeito exemplo da invisibilidade das mulheres cientistas em Annie Easley, Andressa encontrou um exemplo, j\u00e1 que pensa em atuar na \u00e1rea da ci\u00eancia da computa\u00e7\u00e3o. \u201cA hist\u00f3ria dela me inspirou ainda mais a seguir na carreira e usar os conhecimentos adquiridos no curso para, como ela, estudar maneiras de melhorar as tecnologias atuais tentando diminuir a emiss\u00e3o de gases poluentes\u201d, afirma.<\/span><\/p>\t\t\t\t\t\t<\/div>\n\t\t\t\t<\/div>\n\t\t\t\t\t<\/div>\n\t\t<\/div>\n\t\t\t\t\t<\/div>\n\t\t<\/section>\n\t\t\t\t<section class=\"elementor-section elementor-top-section elementor-element elementor-element-5f91550 elementor-section-boxed elementor-section-height-default elementor-section-height-default\" data-id=\"5f91550\" data-element_type=\"section\">\n\t\t\t\t\t\t<div class=\"elementor-container elementor-column-gap-default\">\n\t\t\t\t\t<div class=\"elementor-column elementor-col-100 elementor-top-column elementor-element elementor-element-e237efb\" data-id=\"e237efb\" data-element_type=\"column\">\n\t\t\t<div class=\"elementor-widget-wrap elementor-element-populated\">\n\t\t\t\t\t\t<div class=\"elementor-element elementor-element-6c1792a elementor-widget elementor-widget-text-editor\" data-id=\"6c1792a\" data-element_type=\"widget\" data-widget_type=\"text-editor.default\">\n\t\t\t\t<div class=\"elementor-widget-container\">\n\t\t\t\t\t\t\t<h3><b>Uma m\u00e3ozinha hollywoodiana<\/b><\/h3>\t\t\t\t\t\t<\/div>\n\t\t\t\t<\/div>\n\t\t\t\t\t<\/div>\n\t\t<\/div>\n\t\t\t\t\t<\/div>\n\t\t<\/section>\n\t\t\t\t<section class=\"elementor-section elementor-top-section elementor-element elementor-element-89fd83c elementor-section-boxed elementor-section-height-default elementor-section-height-default\" data-id=\"89fd83c\" data-element_type=\"section\">\n\t\t\t\t\t\t<div class=\"elementor-container elementor-column-gap-default\">\n\t\t\t\t\t<div class=\"elementor-column elementor-col-100 elementor-top-column elementor-element elementor-element-acb2d60\" data-id=\"acb2d60\" data-element_type=\"column\">\n\t\t\t<div class=\"elementor-widget-wrap elementor-element-populated\">\n\t\t\t\t\t\t<div class=\"elementor-element elementor-element-e695822 elementor-widget elementor-widget-image\" data-id=\"e695822\" data-element_type=\"widget\" data-widget_type=\"image.default\">\n\t\t\t\t<div class=\"elementor-widget-container\">\n\t\t\t\t\t\t\t\t\t\t<figure class=\"wp-caption\">\n\t\t\t\t\t\t\t\t\t\t<img loading=\"lazy\" decoding=\"async\" width=\"1024\" height=\"668\" src=\"https:\/\/www.ufsm.br\/app\/uploads\/sites\/601\/2020\/10\/Hedy_Lamarr-1024x668.jpg\" class=\"attachment-large size-large wp-image-6280\" alt=\"\" srcset=\"https:\/\/www.ufsm.br\/app\/uploads\/sites\/601\/2020\/10\/Hedy_Lamarr-1024x668.jpg 1024w, https:\/\/www.ufsm.br\/app\/uploads\/sites\/601\/2020\/10\/Hedy_Lamarr-300x196.jpg 300w, https:\/\/www.ufsm.br\/app\/uploads\/sites\/601\/2020\/10\/Hedy_Lamarr-768x501.jpg 768w, https:\/\/www.ufsm.br\/app\/uploads\/sites\/601\/2020\/10\/Hedy_Lamarr.jpg 1440w\" sizes=\"(max-width: 1024px) 100vw, 1024px\" \/>\t\t\t\t\t\t\t\t\t\t\t<figcaption class=\"widget-image-caption wp-caption-text\">A inventora Hedy Lamarr e a aluna Gabrielli Menezes<\/figcaption>\n\t\t\t\t\t\t\t\t\t\t<\/figure>\n\t\t\t\t\t\t\t<\/div>\n\t\t\t\t<\/div>\n\t\t\t\t\t<\/div>\n\t\t<\/div>\n\t\t\t\t\t<\/div>\n\t\t<\/section>\n\t\t\t\t<section class=\"elementor-section elementor-top-section elementor-element elementor-element-1fabd4e elementor-section-boxed elementor-section-height-default elementor-section-height-default\" data-id=\"1fabd4e\" data-element_type=\"section\">\n\t\t\t\t\t\t<div class=\"elementor-container elementor-column-gap-default\">\n\t\t\t\t\t<div class=\"elementor-column elementor-col-100 elementor-top-column elementor-element elementor-element-dc11a27\" data-id=\"dc11a27\" data-element_type=\"column\">\n\t\t\t<div class=\"elementor-widget-wrap elementor-element-populated\">\n\t\t\t\t\t\t<div class=\"elementor-element elementor-element-9d9af42 elementor-widget elementor-widget-text-editor\" data-id=\"9d9af42\" data-element_type=\"widget\" data-widget_type=\"text-editor.default\">\n\t\t\t\t<div class=\"elementor-widget-container\">\n\t\t\t\t\t\t\t<p><span style=\"font-weight: 400\">Na \u00e9poca da Segunda Guerra Mundial, uma estrela de Hollywood deixou sua marca na ci\u00eancia: Hedy Lamarr usou seu tempo livre fora dos sets para revolucionar a telecomunica\u00e7\u00e3o. Lamarr, junto com o m\u00fasico George Antheil, criou um sistema de comunica\u00e7\u00e3o extremamente seguro, incapaz de ser detectado pelos radares nazistas. A inven\u00e7\u00e3o n\u00e3o foi aceita pela marinha norte-americana na \u00e9poca, mas posteriormente a tecnologia possibilitou o surgimento de celulares, do Wi-fi, bluetooth e GPS.<\/span><\/p>\t\t\t\t\t\t<\/div>\n\t\t\t\t<\/div>\n\t\t\t\t\t<\/div>\n\t\t<\/div>\n\t\t\t\t\t<\/div>\n\t\t<\/section>\n\t\t\t\t<section class=\"elementor-section elementor-top-section elementor-element elementor-element-9256ce2 elementor-section-boxed elementor-section-height-default elementor-section-height-default\" data-id=\"9256ce2\" data-element_type=\"section\">\n\t\t\t\t\t\t<div class=\"elementor-container elementor-column-gap-default\">\n\t\t\t\t\t<div class=\"elementor-column elementor-col-100 elementor-top-column elementor-element elementor-element-c6229d4\" data-id=\"c6229d4\" data-element_type=\"column\">\n\t\t\t<div class=\"elementor-widget-wrap elementor-element-populated\">\n\t\t\t\t\t\t<div class=\"elementor-element elementor-element-f07e5e8 elementor-widget elementor-widget-text-editor\" data-id=\"f07e5e8\" data-element_type=\"widget\" data-widget_type=\"text-editor.default\">\n\t\t\t\t<div class=\"elementor-widget-container\">\n\t\t\t\t\t\t\t<h3><b>Precursora em uma \u00e1rea ainda masculina<\/b><\/h3>\t\t\t\t\t\t<\/div>\n\t\t\t\t<\/div>\n\t\t\t\t\t<\/div>\n\t\t<\/div>\n\t\t\t\t\t<\/div>\n\t\t<\/section>\n\t\t\t\t<section class=\"elementor-section elementor-top-section elementor-element elementor-element-5362a5c elementor-section-boxed elementor-section-height-default elementor-section-height-default\" data-id=\"5362a5c\" data-element_type=\"section\">\n\t\t\t\t\t\t<div class=\"elementor-container elementor-column-gap-default\">\n\t\t\t\t\t<div class=\"elementor-column elementor-col-100 elementor-top-column elementor-element elementor-element-b89f362\" data-id=\"b89f362\" data-element_type=\"column\">\n\t\t\t<div class=\"elementor-widget-wrap elementor-element-populated\">\n\t\t\t\t\t\t<div class=\"elementor-element elementor-element-4d56df3 elementor-widget elementor-widget-text-editor\" data-id=\"4d56df3\" data-element_type=\"widget\" data-widget_type=\"text-editor.default\">\n\t\t\t\t<div class=\"elementor-widget-container\">\n\t\t\t\t\t\t\t<p><span id=\"docs-internal-guid-4ba0590b-7fff-10cb-1b67-23a4d73c3750\"><span style=\"font-size: 12pt;font-family: 'Liberation Serif';color: #000000;background-color: transparent;vertical-align: baseline\">A matem\u00e1tica inglesa Ada Lovelace \u00e9 considerada a primeira programadora da hist\u00f3ria, gra\u00e7as ao algoritmo que escreveu em <\/span><span style=\"font-size: 12pt;font-family: 'Liberation Serif';color: #000000;vertical-align: baseline\">1843<\/span><span style=\"font-size: 12pt;font-family: 'Liberation Serif';color: #000000;background-color: transparent;vertical-align: baseline\">.<\/span> <span style=\"font-size: 12pt;font-family: 'Liberation Serif';color: #000000;background-color: transparent;vertical-align: baseline\">Ada \u00e9 um exemplo por ser pioneira em uma \u00e1rea que era &#8211; e ainda \u00e9 &#8211; em sua maioria masculina. Thaiaine Padilha, estudante de Inform\u00e1tica para Internet, diz: \u201cUma mulher na computa\u00e7\u00e3o no s\u00e9culo XIX \u00e9 algo para se admirar muito e que pode inspirar mais mulheres a seguirem na \u00e1rea\u201d e conta que se sentiu muito parecida com Ada durante o desenvolvimento da fotografia por ela ser uma refer\u00eancia na sua \u00e1rea de estudo.<\/span><\/span><\/p>\t\t\t\t\t\t<\/div>\n\t\t\t\t<\/div>\n\t\t\t\t\t<\/div>\n\t\t<\/div>\n\t\t\t\t\t<\/div>\n\t\t<\/section>\n\t\t\t\t<section class=\"elementor-section elementor-top-section elementor-element elementor-element-c983bba elementor-section-boxed elementor-section-height-default elementor-section-height-default\" data-id=\"c983bba\" data-element_type=\"section\">\n\t\t\t\t\t\t<div class=\"elementor-container elementor-column-gap-default\">\n\t\t\t\t\t<div class=\"elementor-column elementor-col-100 elementor-top-column elementor-element elementor-element-04e0e0a\" data-id=\"04e0e0a\" data-element_type=\"column\">\n\t\t\t<div class=\"elementor-widget-wrap elementor-element-populated\">\n\t\t\t\t\t\t<div class=\"elementor-element elementor-element-3b49292 elementor-widget elementor-widget-text-editor\" data-id=\"3b49292\" data-element_type=\"widget\" data-widget_type=\"text-editor.default\">\n\t\t\t\t<div class=\"elementor-widget-container\">\n\t\t\t\t\t\t\t<h3><strong>G\u00eanio da matem\u00e1tica sem ensino formal<\/strong><\/h3>\t\t\t\t\t\t<\/div>\n\t\t\t\t<\/div>\n\t\t\t\t\t<\/div>\n\t\t<\/div>\n\t\t\t\t\t<\/div>\n\t\t<\/section>\n\t\t\t\t<section class=\"elementor-section elementor-top-section elementor-element elementor-element-03a500e elementor-section-boxed elementor-section-height-default elementor-section-height-default\" data-id=\"03a500e\" data-element_type=\"section\">\n\t\t\t\t\t\t<div class=\"elementor-container elementor-column-gap-default\">\n\t\t\t\t\t<div class=\"elementor-column elementor-col-100 elementor-top-column elementor-element elementor-element-c7b8364\" data-id=\"c7b8364\" data-element_type=\"column\">\n\t\t\t<div class=\"elementor-widget-wrap elementor-element-populated\">\n\t\t\t\t\t\t<div class=\"elementor-element elementor-element-a5aa04e elementor-widget elementor-widget-text-editor\" data-id=\"a5aa04e\" data-element_type=\"widget\" data-widget_type=\"text-editor.default\">\n\t\t\t\t<div class=\"elementor-widget-container\">\n\t\t\t\t\t\t\t<p><span style=\"font-weight: 400\">Outro destaque da matem\u00e1tica \u00e9 o indiano Srinivasa Ramanujan. Ap\u00f3s enfrentar a extrema pobreza durante toda a sua vida e mesmo sem um ensino acad\u00eamico formal, Ramanujan trouxe contribui\u00e7\u00f5es que abriram \u00e1reas completamente novas para a matem\u00e1tica e inspiraram vastos campos de pesquisa &#8211; como a an\u00e1lise matem\u00e1tica, teoria dos n\u00fameros, s\u00e9ries infinitas, fra\u00e7\u00f5es continuadas e outras, onde ele resolveu problemas que eram considerados insol\u00faveis. Seu esfor\u00e7o e talento o fizeram ser considerado o maior matem\u00e1tico indiano de todos os tempos e at\u00e9 ser equiparado a grandes nomes da hist\u00f3ria da matem\u00e1tica.<\/span><\/p>\t\t\t\t\t\t<\/div>\n\t\t\t\t<\/div>\n\t\t\t\t\t<\/div>\n\t\t<\/div>\n\t\t\t\t\t<\/div>\n\t\t<\/section>\n\t\t\t\t<section class=\"elementor-section elementor-top-section elementor-element elementor-element-34c793c elementor-section-boxed elementor-section-height-default elementor-section-height-default\" data-id=\"34c793c\" data-element_type=\"section\">\n\t\t\t\t\t\t<div class=\"elementor-container elementor-column-gap-default\">\n\t\t\t\t\t<div class=\"elementor-column elementor-col-100 elementor-top-column elementor-element elementor-element-31b8703\" data-id=\"31b8703\" data-element_type=\"column\">\n\t\t\t<div class=\"elementor-widget-wrap elementor-element-populated\">\n\t\t\t\t\t\t<div class=\"elementor-element elementor-element-c4521a8 elementor-widget elementor-widget-text-editor\" data-id=\"c4521a8\" data-element_type=\"widget\" data-widget_type=\"text-editor.default\">\n\t\t\t\t<div class=\"elementor-widget-container\">\n\t\t\t\t\t\t\t<h3><strong>Persist\u00eancia como maior legado<\/strong><\/h3>\t\t\t\t\t\t<\/div>\n\t\t\t\t<\/div>\n\t\t\t\t\t<\/div>\n\t\t<\/div>\n\t\t\t\t\t<\/div>\n\t\t<\/section>\n\t\t\t\t<section class=\"elementor-section elementor-top-section elementor-element elementor-element-de5a8bf elementor-section-boxed elementor-section-height-default elementor-section-height-default\" data-id=\"de5a8bf\" data-element_type=\"section\">\n\t\t\t\t\t\t<div class=\"elementor-container elementor-column-gap-default\">\n\t\t\t\t\t<div class=\"elementor-column elementor-col-100 elementor-top-column elementor-element elementor-element-b60ec10\" data-id=\"b60ec10\" data-element_type=\"column\">\n\t\t\t<div class=\"elementor-widget-wrap elementor-element-populated\">\n\t\t\t\t\t\t<div class=\"elementor-element elementor-element-af7ceb8 elementor-widget elementor-widget-text-editor\" data-id=\"af7ceb8\" data-element_type=\"widget\" data-widget_type=\"text-editor.default\">\n\t\t\t\t<div class=\"elementor-widget-container\">\n\t\t\t\t\t\t\t<p><span style=\"font-weight: 400\">Outra cientista premiada com o Nobel de Medicina foi Gertrude Elion. Por ser mulher, a bioqu\u00edmica estadunidense enfrentou dificuldades para conseguir um emprego e nunca conseguiu realizar um doutorado. Mesmo assim desenvolveu diversos medicamentos, entre eles, para tratamentos de leucemia, de mal\u00e1ria, e para combater a rejei\u00e7\u00e3o de \u00f3rg\u00e3os transplantados. Gertrude \u00e9 uma figura inspiradora para a estudante J\u00falia Firmino porque ela se recusou a desistir: \u201cMesmo com todas as dificuldades que a \u00e9poca apresentava para uma mulher na ci\u00eancia, ela prosseguiu e conseguiu realizar grandes coisas\u201d, afirma.<\/span><\/p>\t\t\t\t\t\t<\/div>\n\t\t\t\t<\/div>\n\t\t\t\t\t<\/div>\n\t\t<\/div>\n\t\t\t\t\t<\/div>\n\t\t<\/section>\n\t\t\t\t<section class=\"elementor-section elementor-top-section elementor-element elementor-element-e7c544d elementor-section-boxed elementor-section-height-default elementor-section-height-default\" data-id=\"e7c544d\" data-element_type=\"section\">\n\t\t\t\t\t\t<div class=\"elementor-container elementor-column-gap-default\">\n\t\t\t\t\t<div class=\"elementor-column elementor-col-100 elementor-top-column elementor-element elementor-element-dfa3a4c\" data-id=\"dfa3a4c\" data-element_type=\"column\">\n\t\t\t<div class=\"elementor-widget-wrap elementor-element-populated\">\n\t\t\t\t\t\t<div class=\"elementor-element elementor-element-4e55f06 elementor-widget elementor-widget-text-editor\" data-id=\"4e55f06\" data-element_type=\"widget\" data-widget_type=\"text-editor.default\">\n\t\t\t\t<div class=\"elementor-widget-container\">\n\t\t\t\t\t\t\t<h3><strong>Pai das inven\u00e7\u00f5es<\/strong><\/h3>\t\t\t\t\t\t<\/div>\n\t\t\t\t<\/div>\n\t\t\t\t\t<\/div>\n\t\t<\/div>\n\t\t\t\t\t<\/div>\n\t\t<\/section>\n\t\t\t\t<section class=\"elementor-section elementor-top-section elementor-element elementor-element-2688440 elementor-section-boxed elementor-section-height-default elementor-section-height-default\" data-id=\"2688440\" data-element_type=\"section\">\n\t\t\t\t\t\t<div class=\"elementor-container elementor-column-gap-default\">\n\t\t\t\t\t<div class=\"elementor-column elementor-col-100 elementor-top-column elementor-element elementor-element-3f796c1\" data-id=\"3f796c1\" data-element_type=\"column\">\n\t\t\t<div class=\"elementor-widget-wrap elementor-element-populated\">\n\t\t\t\t\t\t<div class=\"elementor-element elementor-element-d47376c elementor-widget elementor-widget-text-editor\" data-id=\"d47376c\" data-element_type=\"widget\" data-widget_type=\"text-editor.default\">\n\t\t\t\t<div class=\"elementor-widget-container\">\n\t\t\t\t\t\t\t<p dir=\"ltr\" style=\"line-height: 1.3800000000000001;text-align: justify;margin-top: 0pt;margin-bottom: 7pt\"><span style=\"font-size: 12pt;font-family: 'Liberation Serif';color: #000000;background-color: transparent;font-weight: 400;font-style: normal;font-variant: normal;text-decoration: none;vertical-align: baseline\">A persist\u00eancia foi a caracter\u00edstica de Thomas Edison que mais chamou a aten\u00e7\u00e3o do estudante do curso de Eletrot\u00e9cnica, Daniel Ros. Segundo ele, assim que a proposta da atividade foi apresentada, Edison foi o primeiro nome a vir em sua cabe\u00e7a &#8211; devido \u00e0s contribui\u00e7\u00f5es do cientista para a sua \u00e1rea de estudo. Thomas Edison \u00e9 um dos grandes respons\u00e1veis pela revolu\u00e7\u00e3o tecnol\u00f3gica do s\u00e9culo XX. Ao longo de sua vida, registrou 2332 patentes de inventos, entre elas a l\u00e2mpada el\u00e9trica, a c\u00e2mera cinematogr\u00e1fica e o fon\u00f3grafo \u2013 o primeiro aparelho a gravar e reproduzir sons -, al\u00e9m de ter aperfei\u00e7oado outras cria\u00e7\u00f5es como o telefone e a m\u00e1quina de escrever. O estudante lembra de uma frase de Edison que ilustra bem a sua dedica\u00e7\u00e3o: \u201cNunca fiz nada dar certo por acidente; nenhuma das minhas inven\u00e7\u00f5es surgiu por acidente; elas vieram do meu trabalho.\u201d<\/span><\/p>\t\t\t\t\t\t<\/div>\n\t\t\t\t<\/div>\n\t\t\t\t\t<\/div>\n\t\t<\/div>\n\t\t\t\t\t<\/div>\n\t\t<\/section>\n\t\t\t\t<section class=\"elementor-section elementor-top-section elementor-element elementor-element-5b4096d elementor-section-boxed elementor-section-height-default elementor-section-height-default\" data-id=\"5b4096d\" data-element_type=\"section\">\n\t\t\t\t\t\t<div class=\"elementor-container elementor-column-gap-default\">\n\t\t\t\t\t<div class=\"elementor-column elementor-col-100 elementor-top-column elementor-element elementor-element-ae91b5a\" data-id=\"ae91b5a\" data-element_type=\"column\">\n\t\t\t<div class=\"elementor-widget-wrap elementor-element-populated\">\n\t\t\t\t\t\t<div class=\"elementor-element elementor-element-0f4b16e elementor-widget elementor-widget-text-editor\" data-id=\"0f4b16e\" data-element_type=\"widget\" data-widget_type=\"text-editor.default\">\n\t\t\t\t<div class=\"elementor-widget-container\">\n\t\t\t\t\t\t\t<h3><b>Um empurr\u00e3ozinho do destino<\/b><\/h3><p><\/p><\/div><\/div><\/div><\/div><\/div><\/section><\/div> <a href=\"https:\/\/www.ufsm.br\/midias\/arco\/ciencia-inspiradora#more-6277\" class=\"more-link elementor-more-link\"><span aria-label=\"Continue lendo Ci\u00eancia inspiradora\">(mais&hellip;)<\/span><\/a>","protected":false},"excerpt":{"rendered":"<p>Estudantes do CTISM resgatam contribui\u00e7\u00f5es e imagens de cientistas <\/p>\n","protected":false},"author":32,"featured_media":6278,"comment_status":"closed","ping_status":"closed","sticky":false,"template":"","format":"standard","meta":{"footnotes":""},"categories":[4314],"tags":[4161,4316,462,4309,740,4315],"class_list":["post-6277","post","type-post","status-publish","format-standard","has-post-thumbnail","hentry","category-educacao-2","tag-cientistas","tag-ctism","tag-educacao","tag-ensino-remoto","tag-mulheres-na-ciencia","tag-popularizacao-da-ciencia"],"acf":[],"_links":{"self":[{"href":"https:\/\/www.ufsm.br\/midias\/arco\/wp-json\/wp\/v2\/posts\/6277","targetHints":{"allow":["GET"]}}],"collection":[{"href":"https:\/\/www.ufsm.br\/midias\/arco\/wp-json\/wp\/v2\/posts"}],"about":[{"href":"https:\/\/www.ufsm.br\/midias\/arco\/wp-json\/wp\/v2\/types\/post"}],"author":[{"embeddable":true,"href":"https:\/\/www.ufsm.br\/midias\/arco\/wp-json\/wp\/v2\/users\/32"}],"replies":[{"embeddable":true,"href":"https:\/\/www.ufsm.br\/midias\/arco\/wp-json\/wp\/v2\/comments?post=6277"}],"version-history":[{"count":0,"href":"https:\/\/www.ufsm.br\/midias\/arco\/wp-json\/wp\/v2\/posts\/6277\/revisions"}],"wp:featuredmedia":[{"embeddable":true,"href":"https:\/\/www.ufsm.br\/midias\/arco\/wp-json\/wp\/v2\/media\/6278"}],"wp:attachment":[{"href":"https:\/\/www.ufsm.br\/midias\/arco\/wp-json\/wp\/v2\/media?parent=6277"}],"wp:term":[{"taxonomy":"category","embeddable":true,"href":"https:\/\/www.ufsm.br\/midias\/arco\/wp-json\/wp\/v2\/categories?post=6277"},{"taxonomy":"post_tag","embeddable":true,"href":"https:\/\/www.ufsm.br\/midias\/arco\/wp-json\/wp\/v2\/tags?post=6277"}],"curies":[{"name":"wp","href":"https:\/\/api.w.org\/{rel}","templated":true}]}}