{"id":6314,"date":"2020-12-03T15:51:11","date_gmt":"2020-12-03T18:51:11","guid":{"rendered":"https:\/\/www.ufsm.br\/midias\/arco\/?p=6314"},"modified":"2020-12-03T16:18:14","modified_gmt":"2020-12-03T19:18:14","slug":"uso-da-mascara-ainda-e-eficiente","status":"publish","type":"post","link":"https:\/\/www.ufsm.br\/midias\/arco\/uso-da-mascara-ainda-e-eficiente","title":{"rendered":"O uso da m\u00e1scara ainda \u00e9 eficiente para combater o coronav\u00edrus?"},"content":{"rendered":"\t\t<div data-elementor-type=\"wp-post\" data-elementor-id=\"6314\" class=\"elementor elementor-6314\">\n\t\t\t\t\t\t<section class=\"elementor-section elementor-top-section elementor-element elementor-element-97556d7 elementor-section-boxed elementor-section-height-default elementor-section-height-default\" data-id=\"97556d7\" data-element_type=\"section\">\n\t\t\t\t\t\t<div class=\"elementor-container elementor-column-gap-default\">\n\t\t\t\t\t<div class=\"elementor-column elementor-col-100 elementor-top-column elementor-element elementor-element-13a8eec\" data-id=\"13a8eec\" data-element_type=\"column\">\n\t\t\t<div class=\"elementor-widget-wrap elementor-element-populated\">\n\t\t\t\t\t\t<div class=\"elementor-element elementor-element-59e6a7b elementor-widget elementor-widget-text-editor\" data-id=\"59e6a7b\" data-element_type=\"widget\" data-widget_type=\"text-editor.default\">\n\t\t\t\t<div class=\"elementor-widget-container\">\n\t\t\t\t\t\t\t<h2><span id=\"docs-internal-guid-6eedf942-7fff-342b-6908-dab5100fe59f\"><span style=\"font-size: 12pt;font-family: 'Times New Roman';color: #000000;background-color: transparent;font-style: italic;vertical-align: baseline\">Postagens que questionam prote\u00e7\u00f5es artesanais e profissionais s\u00e3o falaciosas e prejudicam medidas de controle \u00e0 pandemia<\/span><\/span><\/h2>\t\t\t\t\t\t<\/div>\n\t\t\t\t<\/div>\n\t\t\t\t\t<\/div>\n\t\t<\/div>\n\t\t\t\t\t<\/div>\n\t\t<\/section>\n\t\t\t\t<section class=\"elementor-section elementor-top-section elementor-element elementor-element-6e90ca4 elementor-section-boxed elementor-section-height-default elementor-section-height-default\" data-id=\"6e90ca4\" data-element_type=\"section\">\n\t\t\t\t\t\t<div class=\"elementor-container elementor-column-gap-default\">\n\t\t\t\t\t<div class=\"elementor-column elementor-col-100 elementor-top-column elementor-element elementor-element-e7a93ba\" data-id=\"e7a93ba\" data-element_type=\"column\">\n\t\t\t<div class=\"elementor-widget-wrap elementor-element-populated\">\n\t\t\t\t\t\t<div class=\"elementor-element elementor-element-c79ad45 elementor-widget elementor-widget-image\" data-id=\"c79ad45\" data-element_type=\"widget\" data-widget_type=\"image.default\">\n\t\t\t\t<div class=\"elementor-widget-container\">\n\t\t\t\t\t\t\t\t\t\t\t\t\t<img fetchpriority=\"high\" decoding=\"async\" width=\"1024\" height=\"668\" src=\"https:\/\/www.ufsm.br\/app\/uploads\/sites\/601\/2020\/12\/Capa-1024x668.jpg\" class=\"attachment-large size-large wp-image-6315\" alt=\"\" srcset=\"https:\/\/www.ufsm.br\/app\/uploads\/sites\/601\/2020\/12\/Capa-1024x668.jpg 1024w, https:\/\/www.ufsm.br\/app\/uploads\/sites\/601\/2020\/12\/Capa-300x196.jpg 300w, https:\/\/www.ufsm.br\/app\/uploads\/sites\/601\/2020\/12\/Capa-768x501.jpg 768w, https:\/\/www.ufsm.br\/app\/uploads\/sites\/601\/2020\/12\/Capa.jpg 1440w\" sizes=\"(max-width: 1024px) 100vw, 1024px\" \/>\t\t\t\t\t\t\t\t\t\t\t\t\t<\/div>\n\t\t\t\t<\/div>\n\t\t\t\t<div class=\"elementor-element elementor-element-c8e2aa8 elementor-widget elementor-widget-text-editor\" data-id=\"c8e2aa8\" data-element_type=\"widget\" data-widget_type=\"text-editor.default\">\n\t\t\t\t<div class=\"elementor-widget-container\">\n\t\t\t\t\t\t\t<p><span style=\"font-weight: 400\">J\u00e1 ultrapassada a marca de oito meses desde que a pandemia do novo coronav\u00edrus foi <\/span><a href=\"https:\/\/www.paho.org\/bra\/index.php?option=com_content&amp;view=article&amp;id=6120:oms-afirma-que-covid-19-e-agora-caracterizada-como-pandemia&amp;Itemid=812\"><span style=\"font-weight: 400\">declarada pela Organiza\u00e7\u00e3o Mundial da Sa\u00fade<\/span><\/a><span style=\"font-weight: 400\"> (OMS), algumas publica\u00e7\u00f5es em redes sociais colocam em xeque<\/span> <span style=\"font-weight: 400\">a necessidade do uso de m\u00e1scaras no combate \u00e0 pandemia.\u00a0<\/span><\/p><p><span style=\"font-weight: 400\">Em 3 de novembro, a deputada federal Bia Kicis (Partido Social Liberal &#8211; PSL) <\/span><a href=\"https:\/\/www.facebook.com\/biakicisoficial\/posts\/1801211503378737\"><span style=\"font-weight: 400\">postou em seu perfil do Facebook<\/span><\/a><span style=\"font-weight: 400\"> um estudo em que, segundo ela, estavam comprovados uma s\u00e9rie de problemas relacionados ao uso da m\u00e1scara, <\/span><span style=\"font-weight: 400\">al\u00e9m de a classificar <\/span><span style=\"font-weight: 400\">como uma suposta prote\u00e7\u00e3o n\u00e3o\u00a0 comprovada. A publica\u00e7\u00e3o teve mais 22 mil intera\u00e7\u00f5es entre curtidas e rea\u00e7\u00f5es, 13 mil compartilhamentos e 1,7 mil coment\u00e1rios.\u00a0<\/span><span style=\"color: black;font-size: 1rem\">Um m\u00eas depois, os <\/span><a style=\"font-size: 1rem;background-color: #ffffff\" href=\"https:\/\/www.ufsm.br\/coronavirus\/observatorio\/\">n\u00fameros da pandemia<\/a><span style=\"color: black;font-size: 1rem\"> voltam a crescer no Brasil, atingindo a marca de 6.436.650 casos confirmados em todo pa\u00eds, 331.279 no Rio Grande do Sul e <\/span><span style=\"color: black;font-size: 1rem\">8.148 em Santa Maria.<\/span><\/p><p><span style=\"font-weight: 400\">Como atestado pela checagem do Projeto Comprova, a publica\u00e7\u00e3o da deputada mistura estudos distintos para chegar a uma conclus\u00e3o sem evid\u00eancias &#8211; que contraria resultados da pr\u00f3pria pesquisa citada. O primeiro estudo,<\/span> <span style=\"font-weight: 400\">relacionado ao <\/span><a href=\"https:\/\/www.ncbi.nlm.nih.gov\/pmc\/articles\/PMC7490318\/\"><span style=\"font-weight: 400\">uso prolongado da m\u00e1scara N95 por profissionais da sa\u00fade<\/span><\/a> <span style=\"font-weight: 400\">na linha de frente do combate <\/span><span style=\"font-weight: 400\">\u00e0<\/span><span style=\"font-weight: 400\"> covid-19, aponta poss\u00edveis efeitos <\/span><span style=\"font-weight: 400\">&#8211;<\/span><span style=\"font-weight: 400\"> como acne, coceira nasal, suor ao redor da boca e dificuldade para respirar em situa\u00e7\u00e3o de esfor\u00e7o f\u00edsico. Mesmo assim, a conclus\u00e3o dos pesquisadores do Instituto de Pesquisas Kattan Kolathur, na \u00cdndia, \u00e9 que a m\u00e1scara tem vital import\u00e2ncia para proteger a sa\u00fade dos trabalhadores na pandemia.<\/span><\/p><p><span style=\"font-weight: 400\">Outra informa\u00e7\u00e3o imprecisa \u00e9 a cita\u00e7\u00e3o feita pela deputada de que as pessoas respiram g\u00e1s carb\u00f4nico ao usarem m\u00e1scara, atribu\u00edda ao m\u00e9dico Alessandro Loiola, que n\u00e3o participou do estudo citado e j\u00e1 teve v\u00eddeos bloqueados no YouTube por contrariar, sem provas, dados da OMS. <\/span><span style=\"font-weight: 400\">A<\/span><span style=\"font-weight: 400\"> suposi\u00e7\u00e3o tem origem em um v\u00eddeo publicado nas redes sociais pelo m\u00e9dico Jo\u00e3o Vaz, em que alerta ainda sobre suposta acidez no sangue. Especialistas como o <\/span><a href=\"https:\/\/saude.abril.com.br\/blog\/e-verdade-ou-fake-news\/mascaras-sao-perigosas-por-deixarem-o-sangue-acido-e-fake\/\"><span style=\"font-weight: 400\">pneumologista Gustavo Prado<\/span><\/a><span style=\"font-weight: 400\"> contestam essas afirma\u00e7\u00f5es e insistem que as m\u00e1scaras recomendadas por autoridades de sa\u00fade permitem entrada e sa\u00edda de gases no ambiente, ajudam na preven\u00e7\u00e3o de cont\u00e1gio da covid-19 e n\u00e3o tornam o sangue \u00e1cido.<\/span><\/p>\t\t\t\t\t\t<\/div>\n\t\t\t\t<\/div>\n\t\t\t\t\t<\/div>\n\t\t<\/div>\n\t\t\t\t\t<\/div>\n\t\t<\/section>\n\t\t\t\t<section class=\"elementor-section elementor-top-section elementor-element elementor-element-7df46ca elementor-section-boxed elementor-section-height-default elementor-section-height-default\" data-id=\"7df46ca\" data-element_type=\"section\">\n\t\t\t\t\t\t<div class=\"elementor-container elementor-column-gap-default\">\n\t\t\t\t\t<div class=\"elementor-column elementor-col-100 elementor-top-column elementor-element elementor-element-966dc84\" data-id=\"966dc84\" data-element_type=\"column\">\n\t\t\t<div class=\"elementor-widget-wrap elementor-element-populated\">\n\t\t\t\t\t\t<div class=\"elementor-element elementor-element-5f5cdd2 elementor-widget elementor-widget-text-editor\" data-id=\"5f5cdd2\" data-element_type=\"widget\" data-widget_type=\"text-editor.default\">\n\t\t\t\t<div class=\"elementor-widget-container\">\n\t\t\t\t\t\t\t<h3><b>Combate \u00e0 propaga\u00e7\u00e3o do v\u00edrus<\/b><\/h3>\t\t\t\t\t\t<\/div>\n\t\t\t\t<\/div>\n\t\t\t\t\t<\/div>\n\t\t<\/div>\n\t\t\t\t\t<\/div>\n\t\t<\/section>\n\t\t\t\t<section class=\"elementor-section elementor-top-section elementor-element elementor-element-2fc8de9 elementor-section-boxed elementor-section-height-default elementor-section-height-default\" data-id=\"2fc8de9\" data-element_type=\"section\">\n\t\t\t\t\t\t<div class=\"elementor-container elementor-column-gap-default\">\n\t\t\t\t\t<div class=\"elementor-column elementor-col-100 elementor-top-column elementor-element elementor-element-df3f71f\" data-id=\"df3f71f\" data-element_type=\"column\">\n\t\t\t<div class=\"elementor-widget-wrap elementor-element-populated\">\n\t\t\t\t\t\t<div class=\"elementor-element elementor-element-0f510d7 elementor-widget elementor-widget-text-editor\" data-id=\"0f510d7\" data-element_type=\"widget\" data-widget_type=\"text-editor.default\">\n\t\t\t\t<div class=\"elementor-widget-container\">\n\t\t\t\t\t\t\t<p><span style=\"font-weight: 400\">Desde o in\u00edcio da pandemia, as m\u00e1scaras foram apresentadas como uma das melhores ferramentas para combater o v\u00edrus, uma vez que, devido \u00e0 sua caracter\u00edstica de transmiss\u00e3o por got\u00edculas pelo ar, elas diminuem as chances de uma pessoa infectada transmitir o novo coronav\u00edrus. Conforme novas pesquisas foram realizadas, descobriu-se que a m\u00e1scara tamb\u00e9m pode prevenir casos mais graves de SARS-CoV 2, uma vez que a prote\u00e7\u00e3o diminui a carga viral da transmiss\u00e3o. \u00c9 o caso do <\/span><a href=\"https:\/\/link.springer.com\/article\/10.1007\/s11606-020-06067-8\"><span style=\"font-weight: 400\">estudo<\/span><\/a><span style=\"font-weight: 400\"> realizado nos Estados Unidos, na Universidade Johns Hopkins e na Universidade da Calif\u00f3rnia.<\/span><\/p><p><span style=\"font-weight: 400\">Enquanto a vacina n\u00e3o chega \u00e0 popula\u00e7\u00e3o, o uso das m\u00e1scaras de pano funciona como uma barreira ao diminuir a quantidade de v\u00edrus que uma pessoa infectada expele. Bem como reduzir a carga viral que pessoas n\u00e3o contaminadas entram em contato. Outra evid\u00eancia dos benef\u00edcios do uso das m\u00e1scaras p\u00f4de ser vista em pa\u00edses e regi\u00f5es que j\u00e1 tinham o costume de us\u00e1-las para o controle de infec\u00e7\u00f5es &#8211; como a Cor\u00e9ia do Sul, Cingapura, Taiwan e Jap\u00e3o. Durante a pandemia, eles tiveram um n\u00famero menor de mortes e de casos graves.\u00a0<\/span><\/p>\t\t\t\t\t\t<\/div>\n\t\t\t\t<\/div>\n\t\t\t\t\t<\/div>\n\t\t<\/div>\n\t\t\t\t\t<\/div>\n\t\t<\/section>\n\t\t\t\t<section class=\"elementor-section elementor-top-section elementor-element elementor-element-c2ee5c0 elementor-section-boxed elementor-section-height-default elementor-section-height-default\" data-id=\"c2ee5c0\" data-element_type=\"section\">\n\t\t\t\t\t\t<div class=\"elementor-container elementor-column-gap-default\">\n\t\t\t\t\t<div class=\"elementor-column elementor-col-100 elementor-top-column elementor-element elementor-element-5db1505\" data-id=\"5db1505\" data-element_type=\"column\">\n\t\t\t<div class=\"elementor-widget-wrap elementor-element-populated\">\n\t\t\t\t\t\t<div class=\"elementor-element elementor-element-0fb5d95 elementor-widget elementor-widget-image\" data-id=\"0fb5d95\" data-element_type=\"widget\" data-widget_type=\"image.default\">\n\t\t\t\t<div class=\"elementor-widget-container\">\n\t\t\t\t\t\t\t\t\t\t\t\t\t<img decoding=\"async\" width=\"1024\" height=\"668\" src=\"https:\/\/www.ufsm.br\/app\/uploads\/sites\/601\/2020\/12\/infografico-1024x668.jpg\" class=\"attachment-large size-large wp-image-6316\" alt=\"\" srcset=\"https:\/\/www.ufsm.br\/app\/uploads\/sites\/601\/2020\/12\/infografico-1024x668.jpg 1024w, https:\/\/www.ufsm.br\/app\/uploads\/sites\/601\/2020\/12\/infografico-300x196.jpg 300w, https:\/\/www.ufsm.br\/app\/uploads\/sites\/601\/2020\/12\/infografico-768x501.jpg 768w, https:\/\/www.ufsm.br\/app\/uploads\/sites\/601\/2020\/12\/infografico.jpg 1440w\" sizes=\"(max-width: 1024px) 100vw, 1024px\" \/>\t\t\t\t\t\t\t\t\t\t\t\t\t<\/div>\n\t\t\t\t<\/div>\n\t\t\t\t\t<\/div>\n\t\t<\/div>\n\t\t\t\t\t<\/div>\n\t\t<\/section>\n\t\t\t\t<section class=\"elementor-section elementor-top-section elementor-element elementor-element-446ddae elementor-section-boxed elementor-section-height-default elementor-section-height-default\" data-id=\"446ddae\" data-element_type=\"section\">\n\t\t\t\t\t\t<div class=\"elementor-container elementor-column-gap-default\">\n\t\t\t\t\t<div class=\"elementor-column elementor-col-100 elementor-top-column elementor-element elementor-element-1e4d01e\" data-id=\"1e4d01e\" data-element_type=\"column\">\n\t\t\t<div class=\"elementor-widget-wrap elementor-element-populated\">\n\t\t\t\t\t\t<div class=\"elementor-element elementor-element-e2aab62 elementor-widget elementor-widget-text-editor\" data-id=\"e2aab62\" data-element_type=\"widget\" data-widget_type=\"text-editor.default\">\n\t\t\t\t<div class=\"elementor-widget-container\">\n\t\t\t\t\t\t\t<h3><b>Teoria do queijo su\u00ed\u00e7o<\/b><\/h3>\t\t\t\t\t\t<\/div>\n\t\t\t\t<\/div>\n\t\t\t\t\t<\/div>\n\t\t<\/div>\n\t\t\t\t\t<\/div>\n\t\t<\/section>\n\t\t\t\t<section class=\"elementor-section elementor-top-section elementor-element elementor-element-ed5b784 elementor-section-boxed elementor-section-height-default elementor-section-height-default\" data-id=\"ed5b784\" data-element_type=\"section\">\n\t\t\t\t\t\t<div class=\"elementor-container elementor-column-gap-default\">\n\t\t\t\t\t<div class=\"elementor-column elementor-col-100 elementor-top-column elementor-element elementor-element-28ee68d\" data-id=\"28ee68d\" data-element_type=\"column\">\n\t\t\t<div class=\"elementor-widget-wrap elementor-element-populated\">\n\t\t\t\t\t\t<div class=\"elementor-element elementor-element-351d63a elementor-widget elementor-widget-text-editor\" data-id=\"351d63a\" data-element_type=\"widget\" data-widget_type=\"text-editor.default\">\n\t\t\t\t<div class=\"elementor-widget-container\">\n\t\t\t\t\t\t\t<p><span style=\"font-weight: 400\">Para Liane Righi, professora do Departamento de Sa\u00fade Coletiva da UFSM e enfermeira sanitarista, aqueles poss\u00edveis 15 dias sem sintomas e com transmissibilidade tornam a doen\u00e7a mais complexa. Por isso, as pessoas precisam se comportar como se estivessem com o v\u00edrus, usando m\u00e1scara, j\u00e1 que podem estar contaminadas.<\/span><\/p><p><span style=\"font-weight: 400\">A professora reitera que o uso da m\u00e1scara n\u00e3o est\u00e1 associado a outros m\u00e9todos de prote\u00e7\u00e3o, o que chama de teoria do queijo sui\u00e7o para explicar: \u201ctem furo aqui, tem furo, tem furo, ent\u00e3o precisa ter v\u00e1rias camadas de prote\u00e7\u00e3o\u201d. A m\u00e1scara \u00e9 uma camada de prote\u00e7\u00e3o, lavar as m\u00e3os \u00e9 outra camada de prote\u00e7\u00e3o, evitar aglomera\u00e7\u00e3o \u00e9 outra, n\u00e3o fazer visitas \u00e9 outra. \u201cEnt\u00e3o voc\u00ea, com isso, consegue evitar que o furo v\u00e1 do in\u00edcio ao fim e cause a doen\u00e7a, alguma barreira dessas consegue segurar\u201d, afirma.<\/span><\/p><p><span style=\"font-weight: 400\">A m\u00e1scara a ser usada deve estar seca e limpa. Ela tem que ser confort\u00e1vel: nem muito grande nem pequena, para que n\u00e3o seja necess\u00e1rio arrumar com o tempo. Antes de retirar a m\u00e1scara \u00e9 importante lavar as m\u00e3os. Quando for tir\u00e1-la, pegue pelo el\u00e1stico e coloque em uma embalagem pl\u00e1stica caso n\u00e3o esteja\u00a0 em casa. Para mais informa\u00e7\u00f5es sobre como usar e higienizar sua m\u00e1scara, <\/span><a href=\"https:\/\/www.ufsm.br\/app\/uploads\/sites\/820\/2020\/12\/Mascaras-CDC-UFSM.pdf\"><span style=\"font-weight: 400\">clique aqui<\/span><\/a><span style=\"font-weight: 400\">.<\/span><\/p>\t\t\t\t\t\t<\/div>\n\t\t\t\t<\/div>\n\t\t\t\t\t<\/div>\n\t\t<\/div>\n\t\t\t\t\t<\/div>\n\t\t<\/section>\n\t\t\t\t<section class=\"elementor-section elementor-top-section elementor-element elementor-element-076b2a2 elementor-section-boxed elementor-section-height-default elementor-section-height-default\" data-id=\"076b2a2\" data-element_type=\"section\">\n\t\t\t\t\t\t<div class=\"elementor-container elementor-column-gap-default\">\n\t\t\t\t\t<div class=\"elementor-column elementor-col-50 elementor-top-column elementor-element elementor-element-befa182\" data-id=\"befa182\" data-element_type=\"column\">\n\t\t\t<div class=\"elementor-widget-wrap elementor-element-populated\">\n\t\t\t\t\t\t<div class=\"elementor-element elementor-element-c9e46f4 elementor-widget elementor-widget-image\" data-id=\"c9e46f4\" data-element_type=\"widget\" data-widget_type=\"image.default\">\n\t\t\t\t<div class=\"elementor-widget-container\">\n\t\t\t\t\t\t\t\t\t\t\t\t\t<img decoding=\"async\" width=\"658\" height=\"1024\" src=\"https:\/\/www.ufsm.br\/app\/uploads\/sites\/601\/2020\/12\/comprovado-658x1024.png\" class=\"attachment-large size-large wp-image-6317\" alt=\"\" srcset=\"https:\/\/www.ufsm.br\/app\/uploads\/sites\/601\/2020\/12\/comprovado-658x1024.png 658w, https:\/\/www.ufsm.br\/app\/uploads\/sites\/601\/2020\/12\/comprovado-193x300.png 193w, https:\/\/www.ufsm.br\/app\/uploads\/sites\/601\/2020\/12\/comprovado-768x1195.png 768w, https:\/\/www.ufsm.br\/app\/uploads\/sites\/601\/2020\/12\/comprovado-988x1536.png 988w, https:\/\/www.ufsm.br\/app\/uploads\/sites\/601\/2020\/12\/comprovado.png 1030w\" sizes=\"(max-width: 658px) 100vw, 658px\" \/>\t\t\t\t\t\t\t\t\t\t\t\t\t<\/div>\n\t\t\t\t<\/div>\n\t\t\t\t\t<\/div>\n\t\t<\/div>\n\t\t\t\t<div class=\"elementor-column elementor-col-50 elementor-top-column elementor-element elementor-element-3baa590\" data-id=\"3baa590\" data-element_type=\"column\">\n\t\t\t<div class=\"elementor-widget-wrap elementor-element-populated\">\n\t\t\t\t\t\t<div class=\"elementor-element elementor-element-57ec8fa elementor-widget elementor-widget-text-editor\" data-id=\"57ec8fa\" data-element_type=\"widget\" data-widget_type=\"text-editor.default\">\n\t\t\t\t<div class=\"elementor-widget-container\">\n\t\t\t\t\t\t\t<p><b><i>Veredito final: comprovado!<\/i><\/b><\/p><p><i>Desde que feita de forma adequada, como mostrado na ilustra\u00e7\u00e3o, usada de forma correta e combinada com outras barreiras, como \u00e1lcool gel e o distanciamento, a m\u00e1scara contribui para o combate \u00e0 pandemia.<\/i><\/p>\t\t\t\t\t\t<\/div>\n\t\t\t\t<\/div>\n\t\t\t\t\t<\/div>\n\t\t<\/div>\n\t\t\t\t\t<\/div>\n\t\t<\/section>\n\t\t\t\t<section class=\"elementor-section elementor-top-section elementor-element elementor-element-2dafd4e elementor-section-boxed elementor-section-height-default elementor-section-height-default\" data-id=\"2dafd4e\" data-element_type=\"section\">\n\t\t\t\t\t\t<div class=\"elementor-container elementor-column-gap-default\">\n\t\t\t\t\t<div class=\"elementor-column elementor-col-100 elementor-top-column elementor-element elementor-element-d65dab2\" data-id=\"d65dab2\" data-element_type=\"column\">\n\t\t\t<div class=\"elementor-widget-wrap elementor-element-populated\">\n\t\t\t\t\t\t<div class=\"elementor-element elementor-element-f9afb40 elementor-widget elementor-widget-text-editor\" data-id=\"f9afb40\" data-element_type=\"widget\" data-widget_type=\"text-editor.default\">\n\t\t\t\t<div class=\"elementor-widget-container\">\n\t\t\t\t\t\t\t<p><em><b>Expedient<\/b><strong>e<\/strong><\/em><\/p><p><em><span style=\"font-weight: 400\"><strong>Rep\u00f3rter<\/strong>: Lucas Felipe Silva, acad\u00eamico de Jornalismo e estagi\u00e1rio<\/span><\/em><\/p><p><em><span style=\"font-weight: 400\"><strong>Ilustradora<\/strong>: Renata Costa, acad\u00eamica de Produ\u00e7\u00e3o Editorial<\/span><\/em><\/p><p><em><span style=\"font-weight: 400\"><strong>M\u00eddia Social<\/strong>: Nathalia Pitol, acad\u00eamica de Rela\u00e7\u00f5es P\u00fablicas<\/span><\/em><\/p><p><em><span style=\"font-weight: 400\"><strong>Editora de Produ\u00e7\u00e3o<\/strong>: Esther Klein, acad\u00eamica de Jornalismo<\/span><\/em><\/p><p><em><span style=\"font-weight: 400\"><strong>Editor Chefe e supervisor do est\u00e1gio<\/strong>: Maur\u00edcio Dias, jornalista<\/span><\/em><\/p>\t\t\t\t\t\t<\/div>\n\t\t\t\t<\/div>\n\t\t\t\t\t<\/div>\n\t\t<\/div>\n\t\t\t\t\t<\/div>\n\t\t<\/section>\n\t\t\t\t<\/div>\n\t\t","protected":false},"excerpt":{"rendered":"<p>Postagens que questionam prote\u00e7\u00f5es artesanais e profissionais s\u00e3o falaciosas e prejudicam medidas de controle \u00e0 pandemia<\/p>\n","protected":false},"author":32,"featured_media":6315,"comment_status":"closed","ping_status":"closed","sticky":false,"template":"","format":"standard","meta":{"footnotes":""},"categories":[1846],"tags":[4209,2162,540,4235,4334],"class_list":["post-6314","post","type-post","status-publish","format-standard","has-post-thumbnail","hentry","category-mitometro","tag-coronavirus","tag-destaque-ufsm","tag-mitometro","tag-pandemia","tag-uso-da-mascara"],"acf":[],"_links":{"self":[{"href":"https:\/\/www.ufsm.br\/midias\/arco\/wp-json\/wp\/v2\/posts\/6314","targetHints":{"allow":["GET"]}}],"collection":[{"href":"https:\/\/www.ufsm.br\/midias\/arco\/wp-json\/wp\/v2\/posts"}],"about":[{"href":"https:\/\/www.ufsm.br\/midias\/arco\/wp-json\/wp\/v2\/types\/post"}],"author":[{"embeddable":true,"href":"https:\/\/www.ufsm.br\/midias\/arco\/wp-json\/wp\/v2\/users\/32"}],"replies":[{"embeddable":true,"href":"https:\/\/www.ufsm.br\/midias\/arco\/wp-json\/wp\/v2\/comments?post=6314"}],"version-history":[{"count":0,"href":"https:\/\/www.ufsm.br\/midias\/arco\/wp-json\/wp\/v2\/posts\/6314\/revisions"}],"wp:featuredmedia":[{"embeddable":true,"href":"https:\/\/www.ufsm.br\/midias\/arco\/wp-json\/wp\/v2\/media\/6315"}],"wp:attachment":[{"href":"https:\/\/www.ufsm.br\/midias\/arco\/wp-json\/wp\/v2\/media?parent=6314"}],"wp:term":[{"taxonomy":"category","embeddable":true,"href":"https:\/\/www.ufsm.br\/midias\/arco\/wp-json\/wp\/v2\/categories?post=6314"},{"taxonomy":"post_tag","embeddable":true,"href":"https:\/\/www.ufsm.br\/midias\/arco\/wp-json\/wp\/v2\/tags?post=6314"}],"curies":[{"name":"wp","href":"https:\/\/api.w.org\/{rel}","templated":true}]}}