{"id":6429,"date":"2021-09-06T10:41:57","date_gmt":"2021-09-06T13:41:57","guid":{"rendered":"https:\/\/www.ufsm.br\/midias\/arco\/?p=6429"},"modified":"2021-09-06T12:09:26","modified_gmt":"2021-09-06T15:09:26","slug":"volver-odonto","status":"publish","type":"post","link":"https:\/\/www.ufsm.br\/midias\/arco\/volver-odonto","title":{"rendered":"Um sorriso que emplaca teoria e pr\u00e1tica odontol\u00f3gica"},"content":{"rendered":"\t\t<div data-elementor-type=\"wp-post\" data-elementor-id=\"6429\" class=\"elementor elementor-6429\">\n\t\t\t\t\t\t<section class=\"elementor-section elementor-top-section elementor-element elementor-element-bad3978 elementor-section-boxed elementor-section-height-default elementor-section-height-default\" data-id=\"bad3978\" data-element_type=\"section\">\n\t\t\t\t\t\t<div class=\"elementor-container elementor-column-gap-default\">\n\t\t\t\t\t<div class=\"elementor-column elementor-col-100 elementor-top-column elementor-element elementor-element-943c414\" data-id=\"943c414\" data-element_type=\"column\">\n\t\t\t<div class=\"elementor-widget-wrap elementor-element-populated\">\n\t\t\t\t\t\t<div class=\"elementor-element elementor-element-94df6f7 elementor-widget elementor-widget-text-editor\" data-id=\"94df6f7\" data-element_type=\"widget\" data-widget_type=\"text-editor.default\">\n\t\t\t\t<div class=\"elementor-widget-container\">\n\t\t\t\t\t\t\t<h2><span id=\"docs-internal-guid-0b2b690c-7fff-811a-6c1a-0db417255df9\"><span style=\"font-size: 13pt;font-family: 'Lenga ExtraBold';color: #000000;background-color: transparent;font-weight: bold;font-style: italic;vertical-align: baseline\">No Ex\u00e9rcito, a odont\u00f3loga Anelise Montagner aplica conhecimentos em dent\u00edstica obtidos na p\u00f3s-gradua\u00e7\u00e3o da UFSM<\/span><\/span><\/h2>\t\t\t\t\t\t<\/div>\n\t\t\t\t<\/div>\n\t\t\t\t\t<\/div>\n\t\t<\/div>\n\t\t\t\t\t<\/div>\n\t\t<\/section>\n\t\t\t\t<section class=\"elementor-section elementor-top-section elementor-element elementor-element-a18b094 elementor-section-boxed elementor-section-height-default elementor-section-height-default\" data-id=\"a18b094\" data-element_type=\"section\">\n\t\t\t\t\t\t<div class=\"elementor-container elementor-column-gap-default\">\n\t\t\t\t\t<div class=\"elementor-column elementor-col-100 elementor-top-column elementor-element elementor-element-858eb96\" data-id=\"858eb96\" data-element_type=\"column\">\n\t\t\t<div class=\"elementor-widget-wrap elementor-element-populated\">\n\t\t\t\t\t\t<div class=\"elementor-element elementor-element-d50457e elementor-widget elementor-widget-image\" data-id=\"d50457e\" data-element_type=\"widget\" data-widget_type=\"image.default\">\n\t\t\t\t<div class=\"elementor-widget-container\">\n\t\t\t\t\t\t\t\t\t\t\t\t\t<img fetchpriority=\"high\" decoding=\"async\" width=\"1024\" height=\"668\" src=\"https:\/\/www.ufsm.br\/app\/uploads\/sites\/601\/2021\/02\/volver_capa_site-1024x668.jpg\" class=\"attachment-large size-large wp-image-6419\" alt=\"\" srcset=\"https:\/\/www.ufsm.br\/app\/uploads\/sites\/601\/2021\/02\/volver_capa_site-1024x668.jpg 1024w, https:\/\/www.ufsm.br\/app\/uploads\/sites\/601\/2021\/02\/volver_capa_site-300x196.jpg 300w, https:\/\/www.ufsm.br\/app\/uploads\/sites\/601\/2021\/02\/volver_capa_site-768x501.jpg 768w, https:\/\/www.ufsm.br\/app\/uploads\/sites\/601\/2021\/02\/volver_capa_site.jpg 1440w\" sizes=\"(max-width: 1024px) 100vw, 1024px\" \/>\t\t\t\t\t\t\t\t\t\t\t\t\t<\/div>\n\t\t\t\t<\/div>\n\t\t\t\t\t<\/div>\n\t\t<\/div>\n\t\t\t\t\t<\/div>\n\t\t<\/section>\n\t\t\t\t<section class=\"elementor-section elementor-top-section elementor-element elementor-element-88a20ca elementor-section-boxed elementor-section-height-default elementor-section-height-default\" data-id=\"88a20ca\" data-element_type=\"section\">\n\t\t\t\t\t\t<div class=\"elementor-container elementor-column-gap-default\">\n\t\t\t\t\t<div class=\"elementor-column elementor-col-100 elementor-top-column elementor-element elementor-element-63df8a6\" data-id=\"63df8a6\" data-element_type=\"column\">\n\t\t\t<div class=\"elementor-widget-wrap elementor-element-populated\">\n\t\t\t\t\t\t<div class=\"elementor-element elementor-element-e99a2d2 elementor-widget elementor-widget-text-editor\" data-id=\"e99a2d2\" data-element_type=\"widget\" data-widget_type=\"text-editor.default\">\n\t\t\t\t<div class=\"elementor-widget-container\">\n\t\t\t\t\t\t\t<p><span style=\"font-weight: 400\">Quem diz que dentista n\u00e3o \u00e9 doutor est\u00e1 correto. No entanto, sempre h\u00e1 exce\u00e7\u00f5es. Graduada em Odontologia, mestre em Ci\u00eancias Odontol\u00f3gicas e p\u00f3s-doutora pela UFSM, Anelise Fernandes Montagner, al\u00e9m de atuar em um consult\u00f3rio particular, \u00e9 2\u00aa Tenente Oficial Tempor\u00e1ria do Ex\u00e9rcito. Atualmente, trabalha no Hospital de Guarni\u00e7\u00e3o de Santa Maria (HGu), e se diz apaixonada tanto pela profiss\u00e3o de dentista quanto pela doc\u00eancia.\u00a0<\/span><\/p><p><span style=\"font-weight: 400\">Doutora pela Universidade Federal de Pelotas (UFPel), Anelise conta que no HGu realiza atendimento cl\u00ednico para os usu\u00e1rios do Plano de Sa\u00fade do Ex\u00e9rcito \u2013 Fundo de Sa\u00fade do Ex\u00e9rcito (Fusex). \u201cL\u00e1, cada profissional trabalha na sua especialidade. Eu coloco em pr\u00e1tica exatamente a \u00e1rea que estudei, que \u00e9 a dent\u00edstica conservadora e restauradora\u201d, explica a tenente. A dent\u00edstica \u00e9 a especialidade que abrange limpeza, clareamento dental, procedimentos e restaura\u00e7\u00f5es est\u00e9ticas.\u00a0<\/span><\/p><p><span style=\"font-weight: 400\">Durante o mestrado, conclu\u00eddo em 2010, a egressa desenvolveu um estudo laboratorial que avaliou o efeito e a longevidade de diferentes tratamentos da estrutura dental na resist\u00eancia da uni\u00e3o de sistemas adesivos, ou seja, materiais que ligam o dente e a restaura\u00e7\u00e3o feita com resina composta. A dentista lembra que, \u00e0 \u00e9poca, o mestrado era um programa recente, e a sua turma foi a segunda formada nele. Inicialmente sem bolsa, ela explica que n\u00e3o se abalava, porque se identificava com a linha de pesquisa, inclusive \u00e1rea em que atua hoje em dia.\u00a0<\/span><\/p><p><span style=\"font-weight: 400\">As restaura\u00e7\u00f5es adesivas s\u00e3o feitas de resina composta, isto \u00e9, um tipo de produto da cor do dente. Esse procedimento \u00e9 um dos mais realizados atualmente na pr\u00e1tica cl\u00ednica di\u00e1ria do cirurgi\u00e3o-dentista. Al\u00e9m de permitir maior preserva\u00e7\u00e3o de estrutura dental, apresenta est\u00e9tica e propriedades mec\u00e2nicas adequadas, assim como longevidade satisfat\u00f3ria.\u00a0<\/span><\/p><p><span style=\"font-weight: 400\">Em 2015, Anelise retornou \u00e0 UFSM para p\u00f3s-doutoramento. Durante dois anos, desenvolveu o trabalho cl\u00ednico que avaliou a taxa anual de falha das restaura\u00e7\u00f5es dent\u00e1rias feitas pelos estudantes da gradua\u00e7\u00e3o em Odontologia da UFSM. Rec\u00e9m publicada pela National Center for Biotechnology Information (CNBI), um dos canais da United States National Library of Medicine, ramo dos National Institutes of Health, a sua pesquisa avaliou a taxa de falha anual, raz\u00f5es para falha de restaura\u00e7\u00f5es e fatores que influenciam a sobrevida de restaura\u00e7\u00f5es de resina composta.\u00a0<\/span><\/p><p><b>Odonto na sala de aula\u00a0<\/b><\/p><p><span style=\"font-weight: 400\">Para Anelise, a vida acad\u00eamica vai al\u00e9m da forma\u00e7\u00e3o profissional, pois tamb\u00e9m a constitui como ser humano e cidad\u00e3. \u201c\u00c9 um ciclo que n\u00e3o se distingue\u201d, declara. Diante do percurso acad\u00eamico, ela fala da sua inten\u00e7\u00e3o de, futuramente, voltar a se dedicar \u00e0 doc\u00eancia. J\u00e1 atuou como professora substituta do curso de Odontologia da Faculdade Cenecista de Santo \u00c2ngelo e na UFSM, na condi\u00e7\u00e3o de professora convidada do Programa de P\u00f3s-Gradua\u00e7\u00e3o em Ci\u00eancias Odontol\u00f3gicas. \u201cA doc\u00eancia foi muito importante na minha carreira. Eu amo a doc\u00eancia. \u00c9 o que ainda sonho fazer. Fiz toda minha forma\u00e7\u00e3o em institui\u00e7\u00f5es p\u00fablicas e quero um dia poder devolver para o poder p\u00fablico, na forma de educa\u00e7\u00e3o, todo investimento feito na minha vida\u201d, finaliza a dentista.\u00a0<\/span><\/p><p>\u00a0<\/p>\t\t\t\t\t\t<\/div>\n\t\t\t\t<\/div>\n\t\t\t\t\t<\/div>\n\t\t<\/div>\n\t\t\t\t\t<\/div>\n\t\t<\/section>\n\t\t\t\t<section class=\"elementor-section elementor-top-section elementor-element elementor-element-9440dc5 elementor-section-boxed elementor-section-height-default elementor-section-height-default\" data-id=\"9440dc5\" data-element_type=\"section\">\n\t\t\t\t\t\t<div class=\"elementor-container elementor-column-gap-default\">\n\t\t\t\t\t<div class=\"elementor-column elementor-col-100 elementor-top-column elementor-element elementor-element-83c8be4\" data-id=\"83c8be4\" data-element_type=\"column\">\n\t\t\t<div class=\"elementor-widget-wrap elementor-element-populated\">\n\t\t\t\t\t\t<div class=\"elementor-element elementor-element-2a599b4 elementor-widget elementor-widget-text-editor\" data-id=\"2a599b4\" data-element_type=\"widget\" data-widget_type=\"text-editor.default\">\n\t\t\t\t<div class=\"elementor-widget-container\">\n\t\t\t\t\t\t\t<p><span style=\"color: #000000;font-size: 16px\"><i><b>Reportagem<\/b>: Ant\u00f4nio In\u00e1cio dos Santos de Paula&nbsp;<\/i><\/span><\/p>\n<p><span style=\"color: #000000;font-size: 16px\"><i><b>Diagrama\u00e7\u00e3o e ilustra\u00e7\u00e3o<\/b>: Lidiane Castagna<\/i><\/span><\/p><p><span><span style=\"font-size: 9pt;background-color: transparent;font-style: italic;vertical-align: baseline\">*Mat\u00e9ria publicada na<\/span><span style=\"font-size: 9pt;font-family: Calibri, sans-serif;background-color: transparent;font-style: italic;vertical-align: baseline\">&nbsp;<\/span><a href=\"https:\/\/issuu.com\/revistaarco\/docs\/11__edi__o\"><span style=\"font-size: 9pt;background-color: transparent;font-style: italic;vertical-align: baseline\">11\u00aa edi\u00e7\u00e3o<\/span><\/a><span style=\"font-size: 9pt;font-family: Calibri, sans-serif;background-color: transparent;font-style: italic;vertical-align: baseline\">&nbsp;<\/span><span style=\"font-size: 9pt;background-color: transparent;font-style: italic;vertical-align: baseline\">impressa da revista Arco.<\/span><span style=\"font-size: 9pt;font-family: Calibri, sans-serif;background-color: transparent;font-style: italic;vertical-align: baseline\">&nbsp;<\/span><\/span><\/p>\t\t\t\t\t\t<\/div>\n\t\t\t\t<\/div>\n\t\t\t\t\t<\/div>\n\t\t<\/div>\n\t\t\t\t\t<\/div>\n\t\t<\/section>\n\t\t\t\t<\/div>\n\t\t","protected":false},"excerpt":{"rendered":"<p>No Ex\u00e9rcito, a odont\u00f3loga Anelise Montagner aplica conhecimentos em dent\u00edstica obtidos na p\u00f3s-gradua\u00e7\u00e3o da UFSM Quem diz que dentista n\u00e3o \u00e9 doutor est\u00e1 correto. No entanto, sempre h\u00e1 exce\u00e7\u00f5es. Graduada em Odontologia, mestre em Ci\u00eancias Odontol\u00f3gicas e p\u00f3s-doutora pela UFSM, Anelise Fernandes Montagner, al\u00e9m de atuar em um consult\u00f3rio particular, \u00e9 2\u00aa Tenente Oficial Tempor\u00e1ria [&hellip;]<\/p>\n","protected":false},"author":32,"featured_media":6419,"comment_status":"closed","ping_status":"closed","sticky":false,"template":"","format":"standard","meta":{"footnotes":""},"categories":[4524],"tags":[4561,4384,2162,950,148],"class_list":["post-6429","post","type-post","status-publish","format-standard","has-post-thumbnail","hentry","category-volver-11a-edicao","tag-dentistica","tag-destaque-arco","tag-destaque-ufsm","tag-odontologia","tag-volver"],"acf":[],"_links":{"self":[{"href":"https:\/\/www.ufsm.br\/midias\/arco\/wp-json\/wp\/v2\/posts\/6429","targetHints":{"allow":["GET"]}}],"collection":[{"href":"https:\/\/www.ufsm.br\/midias\/arco\/wp-json\/wp\/v2\/posts"}],"about":[{"href":"https:\/\/www.ufsm.br\/midias\/arco\/wp-json\/wp\/v2\/types\/post"}],"author":[{"embeddable":true,"href":"https:\/\/www.ufsm.br\/midias\/arco\/wp-json\/wp\/v2\/users\/32"}],"replies":[{"embeddable":true,"href":"https:\/\/www.ufsm.br\/midias\/arco\/wp-json\/wp\/v2\/comments?post=6429"}],"version-history":[{"count":0,"href":"https:\/\/www.ufsm.br\/midias\/arco\/wp-json\/wp\/v2\/posts\/6429\/revisions"}],"wp:featuredmedia":[{"embeddable":true,"href":"https:\/\/www.ufsm.br\/midias\/arco\/wp-json\/wp\/v2\/media\/6419"}],"wp:attachment":[{"href":"https:\/\/www.ufsm.br\/midias\/arco\/wp-json\/wp\/v2\/media?parent=6429"}],"wp:term":[{"taxonomy":"category","embeddable":true,"href":"https:\/\/www.ufsm.br\/midias\/arco\/wp-json\/wp\/v2\/categories?post=6429"},{"taxonomy":"post_tag","embeddable":true,"href":"https:\/\/www.ufsm.br\/midias\/arco\/wp-json\/wp\/v2\/tags?post=6429"}],"curies":[{"name":"wp","href":"https:\/\/api.w.org\/{rel}","templated":true}]}}