{"id":66,"date":"2016-01-28T10:16:29","date_gmt":"2016-01-28T12:16:29","guid":{"rendered":"https:\/\/www.ufsm.br\/comunicacao\/arco\/2016\/01\/28\/post66\/"},"modified":"2021-05-25T15:47:03","modified_gmt":"2021-05-25T18:47:03","slug":"post66","status":"publish","type":"post","link":"https:\/\/www.ufsm.br\/midias\/arco\/post66","title":{"rendered":"Veteranos com esp\u00edrito de juventude"},"content":{"rendered":"<p style=\"text-align: center;\">\n<p style=\"text-align: justify;\">Da paix\u00e3o pelo asfalto se descobriu o amor pelo Rock n\u2019 Roll. \u00a0Vitor Hugo, Juca e Celso faziam parte do grupo de motociclistas\u00a0<a href=\"http:\/\/www.gauderiosdoasfalto.com.br\/\" target=\"_blank\" rel=\"noopener noreferrer\">Gaud\u00e9rios do Asfalto\u00a0<\/a>, e, em meio a uma roda de viol\u00e3o, descobriram que poderiam criar algo s\u00e9rio, para tocar rock para os amigos do grupo. Agregaram Adalberto e Cacau e decidiram que era hora de tirar os instrumentos do arm\u00e1rio e voltar a plugar a guitarra no amplificador, ouvir os bumbos da bateria, dedilhar o contrabaixo e tirar o p\u00f3 do teclado. Foi assim que surgiu a banda <em>Old Bikers.<\/em><\/p>\n<p style=\"text-align: justify;\">\n<p style=\"text-align: justify;\">Com a forma\u00e7\u00e3o feita, foram realizados alguns ensaios. No terceiro, surgiu a necessidade de um vocalista, para cantar os cl\u00e1ssicos das d\u00e9cadas de 60, 70 e 80. O baterista Celso indicou Ricardo Jobim, que tinha facilidade com a l\u00edngua inglesa por ter morado nos Estados Unidos. Assim, ficou completa a\u00a0<em>Old Bikers 344<\/em>, que logo se tornou apenas\u00a0<em>Old Bikers<\/em>, pois o n\u00famero representava a soma das idades dos integrantes, que\u00a0mudaria a cada ano.<\/p>\n<p style=\"text-align: justify;\">\n<p style=\"text-align: justify;\">Todos os membros da banda j\u00e1 haviam tocado em outras ocasi\u00f5es. Adalberto e Cacau eram os \u00fanicos que tinham tocado juntos. Foi em 1967, na banda Flintstones, um sucesso de Santa Maria na \u00e9poca, eram os \u2018Stones\u2019 da cidade. A dupla tamb\u00e9m chegou a tocar com a cantora Vanderleia. Celso foi outro que dividiu o palco com uma celebridade, fez uma participa\u00e7\u00e3o com a banda do cantor Lob\u00e3o.<\/p>\n<p style=\"text-align: center;\"><iframe src=\"\/\/www.youtube.com\/embed\/5YFe7ni5NMU\" width=\"560\" height=\"314\" allowfullscreen=\"allowfullscreen\"><\/iframe><\/p>\n<p style=\"text-align: justify;\">A\u00a0<em>Old Bikers<\/em>\u00a0ensaiou de maio a\u00a0setembro de 2011 at\u00e9 chegar na primeira apari\u00e7\u00e3o ao p\u00fablico, o evento\u00a0<a href=\"http:\/\/www.mercocycle.com.br\/\" target=\"_blank\" rel=\"noopener noreferrer\"><em>Mercocycle\u00a0<\/em><\/a>.\u00a0Antes disso, fizeram uma apresenta\u00e7\u00e3o interna, na sede dos Gaud\u00e9rios do Asfalto, para terem um\u00a0<em>feedback<\/em>\u00a0dos amigos, que adoraram o som da nova banda.<\/p>\n<p style=\"text-align: justify;\">\n<p style=\"text-align: justify;\">Quando\u00a0o vocalista Ricardo Jobim n\u00e3o conseguiu mais se dedicar \u00e0 banda\u00a0devido ao\u00a0excesso de trabalho, a\u00a0<em>Old Bikers<\/em>\u00a0come\u00e7ou uma busca por algu\u00e9m que assumisse o vocal e que se encaixasse na proposta da banda. A procura p\u00f4de ser acompanhada atrav\u00e9s da\u00a0<a href=\"https:\/\/www.facebook.com\/pages\/Banda-OLD-BIKERS\/291463304206254\" target=\"_blank\" rel=\"noopener noreferrer\">p\u00e1gina da banda no Facebook\u00a0<\/a>. Juliano Rigon, que ficou sabendo\u00a0que a banda precisava de um novo\u00a0<em>frontman<\/em>\u00a0atrav\u00e9s de uma mensagem da esposa no\u00a0<em>WhatsApp, <\/em>assumiu o posto. Juliano \u00e9 rec\u00e9m chegado na banda, e, embora tenha causado desconfian\u00e7a inicial por ser mais jovem, vem agradando e cativando os membros da\u00a0<em>Old Bikers<\/em>\u00a0a cada ensaio.<\/p>\n<p style=\"text-align: justify;\">\n<p style=\"text-align: justify;\">A banda tem uma caracter\u00edstica peculiar: n\u00e3o cobra para tocar. Tudo que arrecada em shows \u00e9 revertido para institui\u00e7\u00f5es de caridade de Santa Maria. J\u00e1 ajudaram o Asilo Oscar Pithan, a Creche Raio de Sol, o Centro de Apoio \u00e0\u00a0Crian\u00e7a com C\u00e2ncer, a ONG Infancia-A\u00e7\u00e3o, o Lar das Vovozinhas, a Turma do Ique, entre outras. E assim, um economista de 64 anos, dois professores universit\u00e1rios de 67, um engenheiro de 66, um juiz de 63 e um jovem m\u00e9dico de 38 anos mostram que n\u00e3o existe idade para tocar o bom e velho e rock n\u2019 roll. Seguem entoando cl\u00e1ssicos de Creedence, Beatles, Rolling Stones, The Doors, DeepPurple, Pink Floyd, R.E.M, entre outros, tendo como \u00fanico retorno a terapia para a alma que a m\u00fasica lhes proporciona.<\/p>\n<p style=\"text-align: justify;\">\n<p style=\"text-align: justify;\">\n<div id=\"gitaura\">\n<div id=\"vocalista_conteudo\" class=\"conteudo\">\n<table class=\"descricaoPessoa\">\n<tbody>\n<tr style=\"height: 134px;\">\n<td style=\"height: 539px;\" rowspan=\"4\"><img fetchpriority=\"high\" decoding=\"async\" src=\"https:\/\/www.ufsm.br\/app\/uploads\/sites\/601\/2021\/05\/DSC_0777-juliano.jpg\" alt=\"\" width=\"400\" height=\"505\" \/><\/td>\n<td class=\"itemPrincipal\" style=\"height: 134px;\">Juliano Rigon<\/td>\n<\/tr>\n<tr style=\"height: 135px;\">\n<td class=\"item\" style=\"height: 135px;\">Vocalista<\/td>\n<\/tr>\n<tr style=\"height: 135px;\">\n<td class=\"item\" style=\"height: 135px;\">M\u00e9dico<\/td>\n<\/tr>\n<tr style=\"height: 135px;\">\n<td class=\"item\" style=\"height: 135px;\">38 anos<\/td>\n<\/tr>\n<tr style=\"height: 98px;\">\n<td style=\"height: 98px;\" colspan=\"3\">\u201cA minha paix\u00e3o pela m\u00fasica veio da influ\u00eancia do meu av\u00f4 que tocava violino, ele me ensinou algumas coisas no viol\u00e3o, depois meu pai chegou junto com o viol\u00e3o, e meu pai tamb\u00e9m tocava acordeon, a\u00ed a coisa come\u00e7ou a fluir. Mais tarde eu comecei a ouvir rock, valendo, da\u00ed eu queria mesmo era tocar guitarra, mas como j\u00e1 cantava, a coisa prevaleceu mais no sentido vocal.\u201d<\/td>\n<\/tr>\n<\/tbody>\n<\/table>\n<\/div>\n<div id=\"guitarrista_base_conteudo\" class=\"conteudo\">\n<table class=\"descricaoPessoa\">\n<tbody>\n<tr>\n<td rowspan=\"4\"><img decoding=\"async\" src=\"https:\/\/www.ufsm.br\/app\/uploads\/sites\/601\/2021\/05\/DSC_0774-juca.jpg\" alt=\"\" width=\"400\" height=\"505\" \/><\/td>\n<td class=\"itemPrincipal\">Juca Dias<\/td>\n<\/tr>\n<tr>\n<td class=\"item\">Guitarra base<\/td>\n<\/tr>\n<tr>\n<td class=\"item\">Professor e pr\u00f3-reitor UFSM<\/td>\n<\/tr>\n<tr>\n<td class=\"item\">67 anos<\/td>\n<\/tr>\n<tr>\n<td colspan=\"3\">\u201cEu venho de uma casa que sempre teve uma m\u00e9dia de oito viol\u00f5es. Meu pai ensinou todos os filhos a tocar. Tive a experi\u00eancia, desde a d\u00e9cada de 60, de tocar em conjuntos, sempre metido em banda marcial do col\u00e9gio. Ent\u00e3o, eu toco porque gosto, pra mim \u00e9 tudo.\u201d<\/td>\n<\/tr>\n<\/tbody>\n<\/table>\n<\/div>\n<div id=\"guitarrista_solo_conteudo\" class=\"conteudo\">\n<table class=\"descricaoPessoa\">\n<tbody>\n<tr>\n<td rowspan=\"4\"><img decoding=\"async\" src=\"https:\/\/www.ufsm.br\/app\/uploads\/sites\/601\/2021\/05\/DSC_0786-vitor-hugo.jpg\" alt=\"\" width=\"400\" height=\"505\" \/><\/td>\n<td class=\"itemPrincipal\">Vitor Hugo Dal Molin<\/td>\n<\/tr>\n<tr>\n<td class=\"item\">Guitarra solo<\/td>\n<\/tr>\n<tr>\n<td class=\"item\">Economista e empres\u00e1rio<\/td>\n<\/tr>\n<tr>\n<td class=\"item\">64 anos<\/td>\n<\/tr>\n<tr>\n<td colspan=\"3\">\u201cComecei a tocar com 14 anos. Tenho at\u00e9 hoje a primeira guitarra, comprada no dia 31 de mar\u00e7o de 1964, em Porto Alegre, quando estourou a revolu\u00e7\u00e3o: eu estava com meu pai dentro das lojas Mesbla quando come\u00e7aram as sirenes anunciando que o ex\u00e9rcito fechou as ruas.\u201d<\/td>\n<\/tr>\n<\/tbody>\n<\/table>\n<\/div>\n<div id=\"tecladista_conteudo\" class=\"conteudo\">\n<table class=\"descricaoPessoa\">\n<tbody>\n<tr>\n<td rowspan=\"4\"><img loading=\"lazy\" decoding=\"async\" src=\"https:\/\/www.ufsm.br\/app\/uploads\/sites\/601\/2021\/05\/DSC_0780-adalberto.jpg\" alt=\"\" width=\"400\" height=\"505\" \/><\/td>\n<td class=\"itemPrincipal\">Adalberto Meller<\/td>\n<\/tr>\n<tr>\n<td class=\"item\">Teclado<\/td>\n<\/tr>\n<tr>\n<td class=\"item\">Professor UFSM\/FATEC<\/td>\n<\/tr>\n<tr>\n<td class=\"item\">67 anos<\/td>\n<\/tr>\n<tr>\n<td colspan=\"3\">\u201cEu queria unir o \u00fatil ao agrad\u00e1vel. O agrad\u00e1vel \u00e9 a m\u00fasica, tu poder espairecer, desestressar. E o \u00fatil \u00e9 poder ajudar as pessoas, isso \u00e9 fant\u00e1stico. Todo mundo diz que isso \u00e9 a coisa mais linda que temos na banda, poder ajudar quem precisa.\u201d<\/td>\n<\/tr>\n<\/tbody>\n<\/table>\n<\/div>\n<div id=\"baixista_conteudo\" class=\"conteudo\">\n<table class=\"descricaoPessoa\">\n<tbody>\n<tr>\n<td rowspan=\"4\"><img loading=\"lazy\" decoding=\"async\" src=\"https:\/\/www.ufsm.br\/app\/uploads\/sites\/601\/2021\/05\/DSC_0781-cacau.jpg\" alt=\"\" width=\"400\" height=\"505\" \/><\/td>\n<td class=\"itemPrincipal\">Claudio Lobato<\/td>\n<\/tr>\n<tr>\n<td class=\"item\">Baixo<\/td>\n<\/tr>\n<tr>\n<td class=\"item\">Engenheiro e empres\u00e1rio<\/td>\n<\/tr>\n<tr>\n<td class=\"item\">66 anos<\/td>\n<\/tr>\n<tr>\n<td colspan=\"3\">\u201cVou usar as palavras do nosso doutor: \u201cA m\u00fasica \u00e9 terapia pra alma\u201d.\u201d<\/td>\n<\/tr>\n<\/tbody>\n<\/table>\n<\/div>\n<div id=\"baterista_conteudo\" class=\"conteudo\">\n<table class=\"descricaoPessoa\">\n<tbody>\n<tr>\n<td rowspan=\"4\"><img loading=\"lazy\" decoding=\"async\" src=\"https:\/\/www.ufsm.br\/app\/uploads\/sites\/601\/2021\/05\/DSC_0782-celso.jpg\" alt=\"\" width=\"400\" height=\"505\" \/><\/td>\n<td class=\"itemPrincipal\">Celso Celidonio<\/td>\n<\/tr>\n<tr>\n<td class=\"item\">Bateria<\/td>\n<\/tr>\n<tr>\n<td class=\"item\">Juiz<\/td>\n<\/tr>\n<tr>\n<td class=\"item\">63 anos<\/td>\n<\/tr>\n<tr>\n<td colspan=\"3\">\u201cEu comecei a tocar por influ\u00eancia das grandes bandas como Beatles, Stones, os anos 60 em geral. Comecei a tocar numa banda no Rio de Janeiro, eu era guitarrista, depois terminou a banda e eu fiquei parado. Voltei a tocar no final dos anos 90 quando comprei uma bateria eletr\u00f4nica.\u201d<\/td>\n<\/tr>\n<\/tbody>\n<\/table>\n<\/div>\n<div id=\"vocalista\" class=\"ponto ui-draggable ui-draggable-handle\" style=\"top: 297px; left: 112px;\"><\/div>\n<div id=\"guitarrista_base\" class=\"ponto ui-draggable ui-draggable-handle\" style=\"top: 242px; left: 144px;\"><\/div>\n<div id=\"guitarrista_solo\" class=\"ponto ui-draggable ui-draggable-handle\" style=\"top: 259px; left: 201px;\"><\/div>\n<div id=\"tecladista\" class=\"ponto ui-draggable ui-draggable-handle\" style=\"top: 284px; left: 69px;\"><\/div>\n<div id=\"baixista\" class=\"ponto ui-draggable ui-draggable-handle\" style=\"top: 198px; left: 242px;\"><\/div>\n<div id=\"baterista\" class=\"ponto ui-draggable ui-draggable-handle\" style=\"top: 154px; left: 274px;\"><\/div>\n<\/div>\n<p><object width=\"800\" height=\"600\"><param name=\"flashvars\" value=\"offsite=true&amp;lang=pt-br&amp;page_show_url=%2Fphotos%2F130206871%40N02%2Fsets%2F72157665129529280%2Fshow%2F&amp;page_show_back_url=%2Fphotos%2F130206871%40N02%2Fsets%2F72157665129529280%2F&amp;set_id=72157665129529280&amp;jump_to=\" \/><param name=\"movie\" value=\"https:\/\/www.flickr.com\/apps\/slideshow\/show.swf?v=261948265\" \/><param name=\"allowFullScreen\" value=\"true\" \/><embed type=\"application\/x-shockwave-flash\" src=\"https:\/\/www.flickr.com\/apps\/slideshow\/show.swf?v=261948265\" allowfullscreen=\"allowfullscreen\" flashvars=\"offsite=true&amp;lang=pt-br&amp;page_show_url=%2Fphotos%2F130206871%40N02%2Fsets%2F72157665129529280%2Fshow%2F&amp;page_show_back_url=%2Fphotos%2F130206871%40N02%2Fsets%2F72157665129529280%2F&amp;set_id=72157665129529280&amp;jump_to=\" width=\"400\" height=\"300\" \/><\/object><\/p>\n<p> <script type=\"text\/javascript\"><br \/>\n\t$(document).ready(function(){<br \/>\n\t\t\/\/ remover as duas barras da linha de baixo pra poder mover as bolinhas<br \/>\n\t\t\/\/$(\".ponto\").draggable();<\/p>\n<p>\t\t$(\".ponto\").each(function(){<br \/>\n\t\t\tvar x = parseInt($(this).css(\"width\"));<br \/>\n\t\t\tvar y = parseInt($(this).css(\"height\"))\/2 - 2;<br \/>\n\t\t\tvar w = Math.abs(parseInt($(this).css(\"left\")) - parseInt($(\".conteudo\").css(\"left\"))) - parseInt($(this).css(\"width\"));<br \/>\n\t\t\tvar idNovo = $(this).attr(\"id\") + \"_linha\";<br \/>\n\t\t\t$(this).append(\"<\/p>\n<div id='\"+idNovo+\"' class='linha' style='width: \"+w+\"px; left: \"+x+\"px; top: \"+y+\"px;'><\/div>\n<p>\")<\/p>\n<p>\t\t});<\/p>\n<p>\t\t$(\".ponto\").click(function(){<br \/>\n\t\t\tescondeTudo($(this).attr(\"id\"));<\/p>\n<p>\t\t\tvar idLinha = \"#\" + $(this).attr(\"id\") + \"_linha\";<br \/>\n\t\t\tvar idConteudo = \"#\" + $(this).attr(\"id\") + \"_conteudo\";<br \/>\n\t\t\t$(idLinha).show('slide', { direction: 'left' }, 500, function(){<br \/>\n\t\t\t\t$(idConteudo).show('slide', { direction: 'left' }, 500);<br \/>\n\t\t\t});\t<\/p>\n<p>\t\t});<br \/>\n\t});<\/p>\n<p>\tfunction escondeTudo(eleMesmo){<br \/>\n\t\t$(\".ponto\").each(function(){<br \/>\n\t\t\tif($(this).attr(\"id\") != eleMesmo){<br \/>\n\t\t\t\tvar idLinha = \"#\" + $(this).attr(\"id\") + \"_linha\";<br \/>\n\t\t\t\t$(\".conteudo\").hide('slide', { direction: 'left' }, 500, function(){<br \/>\n\t\t\t\t\t$(idLinha).hide('slide', { direction: 'left' }, 500);<br \/>\n\t\t\t\t});<br \/>\n\t\t\t}<br \/>\n\t\t});<br \/>\n\t}<br \/>\n<\/script><\/p>\n<style type=\"text\/css\">\n\t.item{<br \/>\n\t\tfont-family: 'Oswald', sans-serif;<br \/>\n\t\tfont-weight: 400;<br \/>\n\t}<br \/>\n\t.itemPrincipal{<br \/>\n\t\tfont-family: 'Oswald', sans-serif;<br \/>\n\t\tfont-weight: 700;<br \/>\n\t}<\/p>\n<p>\t#gitaura{<br \/>\n\t\tbackground-image: url(\"http:\/\/i.imgur.com\/HC3xi4p.jpg\");<br \/>\n\t\twidth: 600px;<br \/>\n\t\theight: 378px;<br \/>\n\t\tbackground-size: cover;<br \/>\n\t\tposition: relative;<br \/>\n\t\tbox-shadow: 0px 0px 10px rgba(0,0,0,0.5);<br \/>\n\t\tborder: 2px solid #FFF;<br \/>\n\t}<\/p>\n<p>\t.ponto{<br \/>\n\t\twidth: 13px;<br \/>\n\t\theight: 13px;<br \/>\n\t\tborder-radius: 20px;<br \/>\n\t\tdisplay: block;<br \/>\n\t\tbackground-color: rgb(235, 119, 0);<br \/>\n\t\tposition: absolute;<br \/>\n\t\t-webkit-transition: all 0.1s ease-in-out;<br \/>\n\t\t-moz-transition: all 0.1s ease-in-out;<br \/>\n\t\t-o-transition: all 0.1s ease-in-out;<br \/>\n\t\ttransition: all 0.1s ease-in-out;<br \/>\n\t}<\/p>\n<p>\t.ponto:hover{<br \/>\n\t\tbackground-color: rgb(61, 57, 59);<br \/>\n\t\t-webkit-transition: all 0.1s ease-in-out;<br \/>\n\t\t-moz-transition: all 0.1s ease-in-out;<br \/>\n\t\t-o-transition: all 0.1s ease-in-out;<br \/>\n\t\ttransition: all 0.1s ease-in-out;<br \/>\n\t}<br \/>\n\t.conteudo<br \/>\n\t{<br \/>\n\t\tdisplay: none;<br \/>\n\t\tposition: absolute;<br \/>\n\t\twidth: 268px;<br \/>\n\t\theight: 350px;<br \/>\n\t\tpadding: 5px;<br \/>\n\t\tbackground: #E2D3A8;<br \/>\n\t\tborder-radius: 8px;<br \/>\n\t\tborder: #FF7700 solid 3px;<br \/>\n\t\tleft: 310px;<br \/>\n\t\ttop: 6px;<br \/>\n\t}<br \/>\n\t.linha{<br \/>\n\t\tdisplay: none;<br \/>\n\t\tposition: absolute;<br \/>\n\t\theight: 3px;<br \/>\n\t\twidth: 30px;<br \/>\n\t\tbackground-color: #FF7700;<br \/>\n\t}<br \/>\n\t.fotinha{<br \/>\n\t\twidth: 140px;<br \/>\n\t\theight: 177px;<br \/>\n\t}<br \/>\n\t.descricaoPessoa td{<br \/>\n\t\tvertical-align: top;<br \/>\nfont-size: 13px;<br \/>\n\t}<br \/>\n\t}<br \/>\n<\/style>\n<p>Produ\u00e7\u00e3o: Eduardo Simioni, Felipe Tubino, Guilherme Borges, Joelison Freitas e Jonas Migotto<br \/>\nFotos: Joelison Freitas<br \/>\nV\u00eddeo: Guilherme Borges<\/p>\n","protected":false},"excerpt":{"rendered":"<p>Old Bikers  revive rock dos anos 60, 70 e 80 <\/p>\n","protected":false},"author":26,"featured_media":1000,"comment_status":"open","ping_status":"open","sticky":false,"template":"","format":"standard","meta":{"footnotes":""},"categories":[1533],"tags":[],"class_list":["post-66","post","type-post","status-publish","format-standard","has-post-thumbnail","hentry","category-dossie-envelhecimento"],"acf":[],"_links":{"self":[{"href":"https:\/\/www.ufsm.br\/midias\/arco\/wp-json\/wp\/v2\/posts\/66","targetHints":{"allow":["GET"]}}],"collection":[{"href":"https:\/\/www.ufsm.br\/midias\/arco\/wp-json\/wp\/v2\/posts"}],"about":[{"href":"https:\/\/www.ufsm.br\/midias\/arco\/wp-json\/wp\/v2\/types\/post"}],"author":[{"embeddable":true,"href":"https:\/\/www.ufsm.br\/midias\/arco\/wp-json\/wp\/v2\/users\/26"}],"replies":[{"embeddable":true,"href":"https:\/\/www.ufsm.br\/midias\/arco\/wp-json\/wp\/v2\/comments?post=66"}],"version-history":[{"count":0,"href":"https:\/\/www.ufsm.br\/midias\/arco\/wp-json\/wp\/v2\/posts\/66\/revisions"}],"wp:featuredmedia":[{"embeddable":true,"href":"https:\/\/www.ufsm.br\/midias\/arco\/wp-json\/wp\/v2\/media\/1000"}],"wp:attachment":[{"href":"https:\/\/www.ufsm.br\/midias\/arco\/wp-json\/wp\/v2\/media?parent=66"}],"wp:term":[{"taxonomy":"category","embeddable":true,"href":"https:\/\/www.ufsm.br\/midias\/arco\/wp-json\/wp\/v2\/categories?post=66"},{"taxonomy":"post_tag","embeddable":true,"href":"https:\/\/www.ufsm.br\/midias\/arco\/wp-json\/wp\/v2\/tags?post=66"}],"curies":[{"name":"wp","href":"https:\/\/api.w.org\/{rel}","templated":true}]}}