{"id":8773,"date":"2021-11-26T09:58:39","date_gmt":"2021-11-26T12:58:39","guid":{"rendered":"https:\/\/www.ufsm.br\/midias\/arco\/?p=8773"},"modified":"2021-11-26T14:08:35","modified_gmt":"2021-11-26T17:08:35","slug":"olhos-pet","status":"publish","type":"post","link":"https:\/\/www.ufsm.br\/midias\/arco\/olhos-pet","title":{"rendered":"Voc\u00ea j\u00e1 observou os olhos do seu pet hoje?"},"content":{"rendered":"\t\t<div data-elementor-type=\"wp-post\" data-elementor-id=\"8773\" class=\"elementor elementor-8773\">\n\t\t\t\t\t\t<section class=\"elementor-section elementor-top-section elementor-element elementor-element-5f4e241 elementor-section-boxed elementor-section-height-default elementor-section-height-default\" data-id=\"5f4e241\" data-element_type=\"section\">\n\t\t\t\t\t\t<div class=\"elementor-container elementor-column-gap-default\">\n\t\t\t\t\t<div class=\"elementor-column elementor-col-100 elementor-top-column elementor-element elementor-element-846756b\" data-id=\"846756b\" data-element_type=\"column\">\n\t\t\t<div class=\"elementor-widget-wrap elementor-element-populated\">\n\t\t\t\t\t\t<div class=\"elementor-element elementor-element-248efb9 elementor-widget elementor-widget-image\" data-id=\"248efb9\" data-element_type=\"widget\" data-widget_type=\"image.default\">\n\t\t\t\t<div class=\"elementor-widget-container\">\n\t\t\t\t\t\t\t\t\t\t\t\t\t<img fetchpriority=\"high\" decoding=\"async\" width=\"1024\" height=\"668\" src=\"https:\/\/www.ufsm.br\/app\/uploads\/sites\/601\/2021\/11\/capa_materia_site-1024x668.jpg\" class=\"attachment-large size-large wp-image-8774\" alt=\"\" srcset=\"https:\/\/www.ufsm.br\/app\/uploads\/sites\/601\/2021\/11\/capa_materia_site-1024x668.jpg 1024w, https:\/\/www.ufsm.br\/app\/uploads\/sites\/601\/2021\/11\/capa_materia_site-300x196.jpg 300w, https:\/\/www.ufsm.br\/app\/uploads\/sites\/601\/2021\/11\/capa_materia_site-768x501.jpg 768w, https:\/\/www.ufsm.br\/app\/uploads\/sites\/601\/2021\/11\/capa_materia_site.jpg 1458w\" sizes=\"(max-width: 1024px) 100vw, 1024px\" \/>\t\t\t\t\t\t\t\t\t\t\t\t\t<\/div>\n\t\t\t\t<\/div>\n\t\t\t\t\t<\/div>\n\t\t<\/div>\n\t\t\t\t\t<\/div>\n\t\t<\/section>\n\t\t\t\t<section class=\"elementor-section elementor-top-section elementor-element elementor-element-6694b82 elementor-section-boxed elementor-section-height-default elementor-section-height-default\" data-id=\"6694b82\" data-element_type=\"section\">\n\t\t\t\t\t\t<div class=\"elementor-container elementor-column-gap-default\">\n\t\t\t\t\t<div class=\"elementor-column elementor-col-100 elementor-top-column elementor-element elementor-element-88b6ce3\" data-id=\"88b6ce3\" data-element_type=\"column\">\n\t\t\t<div class=\"elementor-widget-wrap elementor-element-populated\">\n\t\t\t\t\t\t<div class=\"elementor-element elementor-element-ba84b49 elementor-widget elementor-widget-text-editor\" data-id=\"ba84b49\" data-element_type=\"widget\" data-widget_type=\"text-editor.default\">\n\t\t\t\t<div class=\"elementor-widget-container\">\n\t\t\t\t\t\t\t<p><span style=\"font-weight: 400\">O olhar dos pets diz tudo: se est\u00e3o com fome, se querem carinho, se sentem medo e se est\u00e3o felizes. As doen\u00e7as oculares em animais de estima\u00e7\u00e3o s\u00e3o bastante comuns, embora nem sempre sejam diagnosticadas devidamente.<\/span><\/p><p>A pedido da Arco, o professor respons\u00e1vel pelo Servi\u00e7o de Oftalmologia e Microcirurgia da UFSM, Lu\u00eds Felipe Dutra Corr\u00eaa, listou as 5 doen\u00e7as oftalmol\u00f3gicas mais frequentes. Al\u00e9m disso, ele apresentou alguns sinais que os tutores de pets devem ficar atentos e as principais ra\u00e7as que apresentam problemas oftalmol\u00f3gicos. Confira!\u00a0<\/p>\t\t\t\t\t\t<\/div>\n\t\t\t\t<\/div>\n\t\t\t\t\t<\/div>\n\t\t<\/div>\n\t\t\t\t\t<\/div>\n\t\t<\/section>\n\t\t\t\t<section class=\"elementor-section elementor-top-section elementor-element elementor-element-332b9f0 elementor-section-boxed elementor-section-height-default elementor-section-height-default\" data-id=\"332b9f0\" data-element_type=\"section\">\n\t\t\t\t\t\t<div class=\"elementor-container elementor-column-gap-default\">\n\t\t\t\t\t<div class=\"elementor-column elementor-col-100 elementor-top-column elementor-element elementor-element-d1fd1a6\" data-id=\"d1fd1a6\" data-element_type=\"column\">\n\t\t\t<div class=\"elementor-widget-wrap elementor-element-populated\">\n\t\t\t\t\t\t<div class=\"elementor-element elementor-element-05a86f6 elementor-widget elementor-widget-text-editor\" data-id=\"05a86f6\" data-element_type=\"widget\" data-widget_type=\"text-editor.default\">\n\t\t\t\t<div class=\"elementor-widget-container\">\n\t\t\t\t\t\t\t<h3><b>Principais doen\u00e7as oftalmol\u00f3gicas de c\u00e3es e gatos<\/b><\/h3>\t\t\t\t\t\t<\/div>\n\t\t\t\t<\/div>\n\t\t\t\t\t<\/div>\n\t\t<\/div>\n\t\t\t\t\t<\/div>\n\t\t<\/section>\n\t\t\t\t<section class=\"elementor-section elementor-top-section elementor-element elementor-element-6cbd79d elementor-section-boxed elementor-section-height-default elementor-section-height-default\" data-id=\"6cbd79d\" data-element_type=\"section\">\n\t\t\t\t\t\t<div class=\"elementor-container elementor-column-gap-default\">\n\t\t\t\t\t<div class=\"elementor-column elementor-col-100 elementor-top-column elementor-element elementor-element-b9d0cd4\" data-id=\"b9d0cd4\" data-element_type=\"column\">\n\t\t\t<div class=\"elementor-widget-wrap elementor-element-populated\">\n\t\t\t\t\t\t<div class=\"elementor-element elementor-element-cf22518 elementor-widget elementor-widget-text-editor\" data-id=\"cf22518\" data-element_type=\"widget\" data-widget_type=\"text-editor.default\">\n\t\t\t\t<div class=\"elementor-widget-container\">\n\t\t\t\t\t\t\t<p><b>1 &#8211; Ceratoconjuntivite Seca (olho seco)<\/b><\/p><p><span style=\"font-weight: 400\">\u00c9 uma doen\u00e7a que resulta da redu\u00e7\u00e3o da por\u00e7\u00e3o aquosa da l\u00e1grima e que deixa o olho sem brilho, seco e com muita secre\u00e7\u00e3o amarelada. Causa bastante inc\u00f4modo ao animal. \u00c9 uma enfermidade ocular grave que pode se tornar cr\u00f4nica e comprometer a vis\u00e3o do animal.\u00a0<\/span><\/p><p><b style=\"color: #000000;font-size: 1rem\">2 &#8211; \u00dalcera de c\u00f3rnea<\/b><\/p><p><span style=\"font-weight: 400\">A c\u00f3rnea \u00e9 a camada mais externa, brilhante e transparente do olho. Na \u00falcera de c\u00f3rnea, h\u00e1 perda das c\u00e9lulas que formam essa camada do olho do animal, que, se n\u00e3o tratada rapidamente, pode evoluir para as camadas mais profundas e perfurar o olho.\u00a0<\/span><\/p><p><b style=\"color: #000000;font-size: 1rem\">3 &#8211; Catarata<\/b><\/p><p><span style=\"font-weight: 400\">Nos olhos, existe uma \u201clente\u201d, e a vis\u00e3o depende da luz que atravessa por ela. A catarata ocorre quando essa \u201clente\u201d, que deveria ser cristalina, ou suas c\u00e1psulas, ganha uma colora\u00e7\u00e3o branca e fica opaca. O problema impede a passagem da luz e obstrui a vis\u00e3o do animalzinho.<\/span><\/p><p><b style=\"color: #000000;font-size: 1rem\">4 &#8211; C\u00edlios ect\u00f3picos ou distiqu\u00edase<\/b><\/p><p><span style=\"font-weight: 400\">S\u00e3o c\u00edlios que crescem no lugar errado (c\u00edlios ect\u00f3picos) ou na dire\u00e7\u00e3o errada (distiqu\u00edase), ou seja, na parte interna da p\u00e1lpebra e que come\u00e7am a machucar a c\u00f3rnea. Como o c\u00edlio tem um crescimento cont\u00ednuo, \u00e9 normal que o problema piore com o passar do tempo e pode, com essa evolu\u00e7\u00e3o, causar uma les\u00e3o importante na c\u00f3rnea.<\/span><\/p><p><b style=\"color: #000000;font-size: 1rem\">5 &#8211; Protrus\u00e3o da gl\u00e2ndula da terceira p\u00e1lpebra (olho de cereja)<\/b><\/p><p><span style=\"font-weight: 400\">Ocorre quando a gl\u00e2ndula d<\/span><span style=\"font-weight: 400\">a terceira p\u00e1lpebra a<\/span><span style=\"font-weight: 400\">umenta de tamanho, projeta-se para fora e gera uma bolinha vermelha, que pode variar de tamanho, chegando ao tamanho de uma cereja. Essa gl\u00e2ndula fica exposta para fora do olho, passa por uma infec\u00e7\u00e3o e afeta a prote\u00e7\u00e3o da superf\u00edcie do globo ocular, tendo em vista que esta \u00e9 respons\u00e1vel por produzir uma por\u00e7\u00e3o significativa da fra\u00e7\u00e3o aquosa da l\u00e1grima.\u00a0<\/span><\/p>\t\t\t\t\t\t<\/div>\n\t\t\t\t<\/div>\n\t\t\t\t\t<\/div>\n\t\t<\/div>\n\t\t\t\t\t<\/div>\n\t\t<\/section>\n\t\t\t\t<section class=\"elementor-section elementor-top-section elementor-element elementor-element-5d144a1 elementor-section-boxed elementor-section-height-default elementor-section-height-default\" data-id=\"5d144a1\" data-element_type=\"section\">\n\t\t\t\t\t\t<div class=\"elementor-container elementor-column-gap-default\">\n\t\t\t\t\t<div class=\"elementor-column elementor-col-100 elementor-top-column elementor-element elementor-element-c50cd69\" data-id=\"c50cd69\" data-element_type=\"column\">\n\t\t\t<div class=\"elementor-widget-wrap elementor-element-populated\">\n\t\t\t\t\t\t<div class=\"elementor-element elementor-element-bd5dc84 elementor-widget elementor-widget-image\" data-id=\"bd5dc84\" data-element_type=\"widget\" data-widget_type=\"image.default\">\n\t\t\t\t<div class=\"elementor-widget-container\">\n\t\t\t\t\t\t\t\t\t\t\t\t\t<img decoding=\"async\" width=\"1024\" height=\"605\" src=\"https:\/\/www.ufsm.br\/app\/uploads\/sites\/601\/2021\/11\/saude_ocular_bichos-04-1024x605.jpg\" class=\"attachment-large size-large wp-image-8775\" alt=\"\" srcset=\"https:\/\/www.ufsm.br\/app\/uploads\/sites\/601\/2021\/11\/saude_ocular_bichos-04-1024x605.jpg 1024w, https:\/\/www.ufsm.br\/app\/uploads\/sites\/601\/2021\/11\/saude_ocular_bichos-04-300x177.jpg 300w, https:\/\/www.ufsm.br\/app\/uploads\/sites\/601\/2021\/11\/saude_ocular_bichos-04-768x454.jpg 768w, https:\/\/www.ufsm.br\/app\/uploads\/sites\/601\/2021\/11\/saude_ocular_bichos-04-1536x907.jpg 1536w, https:\/\/www.ufsm.br\/app\/uploads\/sites\/601\/2021\/11\/saude_ocular_bichos-04.jpg 1920w\" sizes=\"(max-width: 1024px) 100vw, 1024px\" \/>\t\t\t\t\t\t\t\t\t\t\t\t\t<\/div>\n\t\t\t\t<\/div>\n\t\t\t\t\t<\/div>\n\t\t<\/div>\n\t\t\t\t\t<\/div>\n\t\t<\/section>\n\t\t\t\t<section class=\"elementor-section elementor-top-section elementor-element elementor-element-af191b3 elementor-section-boxed elementor-section-height-default elementor-section-height-default\" data-id=\"af191b3\" data-element_type=\"section\">\n\t\t\t\t\t\t<div class=\"elementor-container elementor-column-gap-default\">\n\t\t\t\t\t<div class=\"elementor-column elementor-col-100 elementor-top-column elementor-element elementor-element-e3d6095\" data-id=\"e3d6095\" data-element_type=\"column\">\n\t\t\t<div class=\"elementor-widget-wrap elementor-element-populated\">\n\t\t\t\t\t\t<div class=\"elementor-element elementor-element-7027667 elementor-widget elementor-widget-text-editor\" data-id=\"7027667\" data-element_type=\"widget\" data-widget_type=\"text-editor.default\">\n\t\t\t\t<div class=\"elementor-widget-container\">\n\t\t\t\t\t\t\t<h3><b>Principais ra\u00e7as que apresentam problemas oculares<\/b><\/h3>\t\t\t\t\t\t<\/div>\n\t\t\t\t<\/div>\n\t\t\t\t\t<\/div>\n\t\t<\/div>\n\t\t\t\t\t<\/div>\n\t\t<\/section>\n\t\t\t\t<section class=\"elementor-section elementor-top-section elementor-element elementor-element-32bf52c elementor-section-boxed elementor-section-height-default elementor-section-height-default\" data-id=\"32bf52c\" data-element_type=\"section\">\n\t\t\t\t\t\t<div class=\"elementor-container elementor-column-gap-default\">\n\t\t\t\t\t<div class=\"elementor-column elementor-col-100 elementor-top-column elementor-element elementor-element-b108257\" data-id=\"b108257\" data-element_type=\"column\">\n\t\t\t<div class=\"elementor-widget-wrap elementor-element-populated\">\n\t\t\t\t\t\t<div class=\"elementor-element elementor-element-d4b0e0a elementor-widget elementor-widget-text-editor\" data-id=\"d4b0e0a\" data-element_type=\"widget\" data-widget_type=\"text-editor.default\">\n\t\t\t\t<div class=\"elementor-widget-container\">\n\t\t\t\t\t\t\t<h3 style=\"line-height: 1.38;margin-bottom: 0pt;margin-top: 0pt;color: #000000;text-align: justify\">Especialista em oftalmologia veterin\u00e1ria, o professor Dutra explica que as doen\u00e7as oculares tendem a afetar algumas ra\u00e7as espec\u00edficas. Em sua rotina cl\u00ednica, observa que entre os animais mais afetados por doen\u00e7as oculares est\u00e3o os cachorros da ra\u00e7a Shih Tzu e os gatos Persas, ambos braquicef\u00e1licos.\u00a0<\/h3><p><span style=\"font-weight: 400\">Os animais braquicef\u00e1licos s\u00e3o conhecidos pelo focinho achatado, olhos grandes e, por vezes, arregalados. Essa forma\u00e7\u00e3o gen\u00e9tica, em que o cr\u00e2nio apresenta largura menor e desproporcional ao comprimento do animal, aumenta o risco de deslocamento ocular, encurtamento da gl\u00e2ndula lacrimal e p\u00e1lpebras que nem sempre s\u00e3o envolvidas corretamente, gerando maior predisposi\u00e7\u00e3o a ressecamento e ulcera\u00e7\u00f5es.<\/span><\/p>\t\t\t\t\t\t<\/div>\n\t\t\t\t<\/div>\n\t\t\t\t\t<\/div>\n\t\t<\/div>\n\t\t\t\t\t<\/div>\n\t\t<\/section>\n\t\t\t\t<section class=\"elementor-section elementor-top-section elementor-element elementor-element-387795f elementor-section-boxed elementor-section-height-default elementor-section-height-default\" data-id=\"387795f\" data-element_type=\"section\">\n\t\t\t\t\t\t<div class=\"elementor-container elementor-column-gap-default\">\n\t\t\t\t\t<div class=\"elementor-column elementor-col-100 elementor-top-column elementor-element elementor-element-4cba77d\" data-id=\"4cba77d\" data-element_type=\"column\">\n\t\t\t<div class=\"elementor-widget-wrap elementor-element-populated\">\n\t\t\t\t\t\t<div class=\"elementor-element elementor-element-c2e174f elementor-widget elementor-widget-text-editor\" data-id=\"c2e174f\" data-element_type=\"widget\" data-widget_type=\"text-editor.default\">\n\t\t\t\t<div class=\"elementor-widget-container\">\n\t\t\t\t\t\t\t<h3><b>Servi\u00e7o de oftalmologia animal no Hospital Veterin\u00e1rio Universit\u00e1rio &#8211; UFSM<\/b><\/h3><p><span style=\"font-weight: 400\">O Hospital Veterin\u00e1rio Universit\u00e1rio da UFSM possui um centro de an\u00e1lise completo em oftalmologia animal. O espa\u00e7o conta com equipamentos avan\u00e7ados para a realiza\u00e7\u00e3o de procedimentos oft\u00e1lmicos, com microsc\u00f3pio cir\u00fargico, eletrorretinografia, ultrassonografia, c\u00e2mera de fundo de olho e moderno facoemulsificador para a realiza\u00e7\u00e3o da cirurgia de catarata.<\/span><\/p><p><span style=\"font-weight: 400\">As consultas oftalmol\u00f3gicas devem ser agendadas previamente, conforme disponibilidade, com o professor respons\u00e1vel pelo Servi\u00e7o de Oftalmologia e Microcirurgia, Lu\u00eds Felipe Dutra Corr\u00eaa, pelo telefone (51) 99861-4786. O atendimento para emerg\u00eancias ocorre de segunda a sexta-feira, das 8h \u00e0s 12h e das 13h \u00e0s 17h, podendo sofrer altera\u00e7\u00f5es segundo o calend\u00e1rio acad\u00eamico. Todos os procedimentos s\u00e3o cobrados, sendo essa renda revertida exclusivamente \u00e0 manuten\u00e7\u00e3o da estrutura de servi\u00e7os\/equipamentos e reposi\u00e7\u00e3o de insumos.<\/span><\/p>\t\t\t\t\t\t<\/div>\n\t\t\t\t<\/div>\n\t\t\t\t\t<\/div>\n\t\t<\/div>\n\t\t\t\t\t<\/div>\n\t\t<\/section>\n\t\t\t\t<section class=\"elementor-section elementor-top-section elementor-element elementor-element-376a757 elementor-section-boxed elementor-section-height-default elementor-section-height-default\" data-id=\"376a757\" data-element_type=\"section\">\n\t\t\t\t\t\t<div class=\"elementor-container elementor-column-gap-default\">\n\t\t\t\t\t<div class=\"elementor-column elementor-col-100 elementor-top-column elementor-element elementor-element-4647b99\" data-id=\"4647b99\" data-element_type=\"column\">\n\t\t\t<div class=\"elementor-widget-wrap elementor-element-populated\">\n\t\t\t\t\t\t<div class=\"elementor-element elementor-element-032e7c7 elementor-widget elementor-widget-text-editor\" data-id=\"032e7c7\" data-element_type=\"widget\" data-widget_type=\"text-editor.default\">\n\t\t\t\t<div class=\"elementor-widget-container\">\n\t\t\t\t\t\t\t<p><em><strong>Expediente<\/strong><\/em><\/p><p><em><span style=\"font-weight: 400\"><strong>Rep\u00f3rter<\/strong>: <\/span><span style=\"font-weight: 400\">Sabrina Lermen, acad\u00eamica de jornalismo, estagi\u00e1ria do N\u00facleo de Divulga\u00e7\u00e3o Institucional\u00a0 do CCR\u00a0<\/span><\/em><\/p><p><em><span style=\"font-weight: 400\"><strong>Fotografia e ilustra\u00e7\u00e3o<\/strong>: Yasmin Faccin, acad\u00eamica de Desenho Industrial e bolsista<\/span><\/em><\/p><p><em><span style=\"font-weight: 400\"><strong>M\u00eddia Social<\/strong>:<\/span> <span style=\"font-weight: 400\">Samara Wobeto, acad\u00eamica de Jornalismo e bolsista; Elo\u00edze Moraes, acad\u00eamica de Jornalismo e bolsista; Caroline de Souza, acad\u00eamica de Jornalismo e volunt\u00e1ria; e Martina Pozzebon, acad\u00eamica de Jornalismo e estagi\u00e1ria<\/span><\/em><\/p><p><em><span style=\"font-weight: 400\"><strong>Edi\u00e7\u00e3o de Produ\u00e7\u00e3o<\/strong>: Jo\u00e3o Gazzaneo, jornalista\u00a0<\/span><\/em><\/p><p><em><span style=\"font-weight: 400\"><strong>Edi\u00e7\u00e3o Geral<\/strong>: Luciane Treulieb e Maur\u00edcio Dias, jornalistas<\/span><\/em><\/p>\t\t\t\t\t\t<\/div>\n\t\t\t\t<\/div>\n\t\t\t\t\t<\/div>\n\t\t<\/div>\n\t\t\t\t\t<\/div>\n\t\t<\/section>\n\t\t\t\t<\/div>\n\t\t","protected":false},"excerpt":{"rendered":"<p>A sa\u00fade ocular de c\u00e3es e gatos nem sempre \u00e9 devidamente monitorada, o que pode acarretar graves doen\u00e7as e at\u00e9 mesmo a perda definitiva da vis\u00e3o<\/p>\n","protected":false},"author":32,"featured_media":8774,"comment_status":"closed","ping_status":"closed","sticky":false,"template":"","format":"standard","meta":{"footnotes":""},"categories":[4026],"tags":[4338,4384,2162,4339,4336,4736,4737],"class_list":["post-8773","post","type-post","status-publish","format-standard","has-post-thumbnail","hentry","category-ambiente-pt","tag-caes","tag-destaque-arco","tag-destaque-ufsm","tag-gatos","tag-pets","tag-saude-ocular","tag-veterinaria"],"acf":[],"_links":{"self":[{"href":"https:\/\/www.ufsm.br\/midias\/arco\/wp-json\/wp\/v2\/posts\/8773","targetHints":{"allow":["GET"]}}],"collection":[{"href":"https:\/\/www.ufsm.br\/midias\/arco\/wp-json\/wp\/v2\/posts"}],"about":[{"href":"https:\/\/www.ufsm.br\/midias\/arco\/wp-json\/wp\/v2\/types\/post"}],"author":[{"embeddable":true,"href":"https:\/\/www.ufsm.br\/midias\/arco\/wp-json\/wp\/v2\/users\/32"}],"replies":[{"embeddable":true,"href":"https:\/\/www.ufsm.br\/midias\/arco\/wp-json\/wp\/v2\/comments?post=8773"}],"version-history":[{"count":0,"href":"https:\/\/www.ufsm.br\/midias\/arco\/wp-json\/wp\/v2\/posts\/8773\/revisions"}],"wp:featuredmedia":[{"embeddable":true,"href":"https:\/\/www.ufsm.br\/midias\/arco\/wp-json\/wp\/v2\/media\/8774"}],"wp:attachment":[{"href":"https:\/\/www.ufsm.br\/midias\/arco\/wp-json\/wp\/v2\/media?parent=8773"}],"wp:term":[{"taxonomy":"category","embeddable":true,"href":"https:\/\/www.ufsm.br\/midias\/arco\/wp-json\/wp\/v2\/categories?post=8773"},{"taxonomy":"post_tag","embeddable":true,"href":"https:\/\/www.ufsm.br\/midias\/arco\/wp-json\/wp\/v2\/tags?post=8773"}],"curies":[{"name":"wp","href":"https:\/\/api.w.org\/{rel}","templated":true}]}}