{"id":8947,"date":"2022-04-11T10:41:51","date_gmt":"2022-04-11T13:41:51","guid":{"rendered":"https:\/\/www.ufsm.br\/midias\/arco\/?p=8947"},"modified":"2022-04-11T11:21:50","modified_gmt":"2022-04-11T14:21:50","slug":"o-passado-da-pesquisa-na-ufsm","status":"publish","type":"post","link":"https:\/\/www.ufsm.br\/midias\/arco\/o-passado-da-pesquisa-na-ufsm","title":{"rendered":"O Passado da Pesquisa na UFSM"},"content":{"rendered":"\t\t<div data-elementor-type=\"wp-post\" data-elementor-id=\"8947\" class=\"elementor elementor-8947\">\n\t\t\t\t\t\t<section class=\"elementor-section elementor-top-section elementor-element elementor-element-934a6a8 elementor-section-boxed elementor-section-height-default elementor-section-height-default\" data-id=\"934a6a8\" data-element_type=\"section\">\n\t\t\t\t\t\t<div class=\"elementor-container elementor-column-gap-default\">\n\t\t\t\t\t<div class=\"elementor-column elementor-col-100 elementor-top-column elementor-element elementor-element-aa70c89\" data-id=\"aa70c89\" data-element_type=\"column\">\n\t\t\t<div class=\"elementor-widget-wrap elementor-element-populated\">\n\t\t\t\t\t\t<div class=\"elementor-element elementor-element-bd3f670 elementor-widget elementor-widget-text-editor\" data-id=\"bd3f670\" data-element_type=\"widget\" data-widget_type=\"text-editor.default\">\n\t\t\t\t<div class=\"elementor-widget-container\">\n\t\t\t\t\t\t\t<p>Classificada em 15\u00ba lugar entre as universidades do Brasil no\u00a0ranking geral de 2021 da <em><a href=\"https:\/\/www.scimagoir.com\/\">Scimago Institutions Rankings<\/a>,<\/em> a\u00a0Universidade Federal de Santa Maria tem uma hist\u00f3ria marcada\u00a0por pioneirismos e por sua grande representatividade no \u00e2mbito\u00a0nacional e internacional de educa\u00e7\u00e3o. O ranking, que levou em\u00a0considera\u00e7\u00e3o 7.533 institui\u00e7\u00f5es, tem como fonte o <em>Scopus<\/em> (um\u00a0<span style=\"color: #ffffff;font-size: 1rem;text-align: var(--bs-body-text-align)\">banco de dados de resumos e cita\u00e7\u00f5es de artigos para\u00a0 jornais e\u00a0<\/span><span style=\"color: #ffffff;font-size: 1rem;text-align: var(--bs-body-text-align)\">revistas acad\u00eamicas). As classifica\u00e7\u00f5es levantadas para a an\u00e1lise\u00a0<\/span><span style=\"color: #ffffff;font-size: 1rem;text-align: var(--bs-body-text-align)\">foram referentes \u00e0 pesquisa, sociedade e inova\u00e7\u00e3o.<\/span><\/p><p>No \u00e2mbito da pesquisa \u2013 o qual contemplava o volume, o\u00a0<span style=\"color: #ffffff;font-size: 1rem;text-align: var(--bs-body-text-align)\">impacto e a qualidade dos resultados \u2013, a UFSM se encontra em\u00a0<\/span><span style=\"color: #ffffff;font-size: 1rem;text-align: var(--bs-body-text-align)\">334\u00ba lugar. Em compara\u00e7\u00e3o com o seu contexto (uma se\u00e7\u00e3o ofere<\/span><span style=\"color: #ffffff;font-size: 1rem;text-align: var(--bs-body-text-align)\">cida pelo site que posiciona as institui\u00e7\u00f5es a partir da localiza\u00e7\u00e3o\u00a0<\/span><span style=\"color: #ffffff;font-size: 1rem;text-align: var(--bs-body-text-align)\">geogr\u00e1fica e de realidades semelhantes), a sua posi\u00e7\u00e3o entre as\u00a0<\/span><span style=\"color: #ffffff;font-size: 1rem;text-align: var(--bs-body-text-align)\">universidades foi a de 16\u00ba lugar, e a de 11\u00ba entre as do Brasil.\u00a0<\/span><span style=\"color: #ffffff;font-size: 1rem;text-align: var(--bs-body-text-align)\">Esses resultados podem ser considerados um reflexo do passado\u00a0<\/span><span style=\"color: #ffffff;font-size: 1rem;text-align: var(--bs-body-text-align)\">da institui\u00e7\u00e3o. Nele, a pesquisa foi um aspecto que continua<\/span><span style=\"color: #ffffff;font-size: 1rem;text-align: var(--bs-body-text-align)\">mente teve destaque, desde a \u00e9poca das idealiza\u00e7\u00f5es do que seria a<\/span><span style=\"color: #ffffff;font-size: 1rem;text-align: var(--bs-body-text-align)\">\u00a0Universidade, do seu desenvolvimento e expans\u00e3o cient\u00edfica,\u00a0<\/span><span style=\"color: #ffffff;font-size: 1rem;text-align: var(--bs-body-text-align)\">chegando, por fim, at\u00e9 a UFSM que vivemos hoje.<\/span><\/p>\t\t\t\t\t\t<\/div>\n\t\t\t\t<\/div>\n\t\t\t\t\t<\/div>\n\t\t<\/div>\n\t\t\t\t\t<\/div>\n\t\t<\/section>\n\t\t\t\t<section class=\"elementor-section elementor-top-section elementor-element elementor-element-df46479 elementor-section-boxed elementor-section-height-default elementor-section-height-default\" data-id=\"df46479\" data-element_type=\"section\">\n\t\t\t\t\t\t<div class=\"elementor-container elementor-column-gap-default\">\n\t\t\t\t\t<div class=\"elementor-column elementor-col-100 elementor-top-column elementor-element elementor-element-ae96479\" data-id=\"ae96479\" data-element_type=\"column\">\n\t\t\t<div class=\"elementor-widget-wrap elementor-element-populated\">\n\t\t\t\t\t\t<div class=\"elementor-element elementor-element-e35c372 elementor-widget elementor-widget-heading\" data-id=\"e35c372\" data-element_type=\"widget\" data-widget_type=\"heading.default\">\n\t\t\t\t<div class=\"elementor-widget-container\">\n\t\t\t<h3 class=\"elementor-heading-title elementor-size-default\">AS BASES FUNDADORAS<\/h3>\t\t<\/div>\n\t\t\t\t<\/div>\n\t\t\t\t\t<\/div>\n\t\t<\/div>\n\t\t\t\t\t<\/div>\n\t\t<\/section>\n\t\t\t\t<section class=\"elementor-section elementor-top-section elementor-element elementor-element-daaed12 elementor-section-boxed elementor-section-height-default elementor-section-height-default\" data-id=\"daaed12\" data-element_type=\"section\">\n\t\t\t\t\t\t<div class=\"elementor-container elementor-column-gap-default\">\n\t\t\t\t\t<div class=\"elementor-column elementor-col-100 elementor-top-column elementor-element elementor-element-99aad94\" data-id=\"99aad94\" data-element_type=\"column\">\n\t\t\t<div class=\"elementor-widget-wrap elementor-element-populated\">\n\t\t\t\t\t\t<div class=\"elementor-element elementor-element-174de4a elementor-widget elementor-widget-text-editor\" data-id=\"174de4a\" data-element_type=\"widget\" data-widget_type=\"text-editor.default\">\n\t\t\t\t<div class=\"elementor-widget-container\">\n\t\t\t\t\t\t\t<p>Fundada como Universidade de Santa Maria (USM) pelo professor\u00a0<span style=\"color: #ffffff;font-size: 1rem;text-align: var(--bs-body-text-align)\">Jos\u00e9 Mariano da Rocha Filho em 1960, representou um passo em\u00a0<\/span><span style=\"color: #ffffff;font-size: 1rem;text-align: var(--bs-body-text-align)\">dire\u00e7\u00e3o \u00e0 democratiza\u00e7\u00e3o do acesso \u00e0 universidade no Brasil: foi\u00a0<\/span><span style=\"color: #ffffff;font-size: 1rem;text-align: var(--bs-body-text-align)\">a primeira universidade federal no interior do pa\u00eds. At\u00e9 ent\u00e3o,\u00a0<\/span><span style=\"color: #ffffff;font-size: 1rem;text-align: var(--bs-body-text-align)\">as institui\u00e7\u00f5es estavam localizadas em sua maioria nas capitais\u00a0<\/span><span style=\"color: #ffffff;font-size: 1rem;text-align: var(--bs-body-text-align)\">e, por motivos hist\u00f3ricos e geogr\u00e1ficos, nos litorais. Ainda assim,\u00a0<\/span><span style=\"color: #ffffff;font-size: 1rem;text-align: var(--bs-body-text-align)\">a localiza\u00e7\u00e3o central da cidade de Santa Maria em rela\u00e7\u00e3o ao\u00a0<\/span><span style=\"color: #ffffff;font-size: 1rem;text-align: var(--bs-body-text-align)\">estado do Rio Grande do Sul foi um fator importante para incitar\u00a0<\/span><span style=\"color: #ffffff;font-size: 1rem;text-align: var(--bs-body-text-align)\">a cria\u00e7\u00e3o de uma universidade no cora\u00e7\u00e3o do estado.<\/span><\/p><p><span style=\"color: #000000;font-size: 1rem;background-color: var(--bs-body-bg);text-align: var(--bs-body-text-align)\">A comunidade santa-mariense, que vivenciava em seu dia\u00a0<\/span><span style=\"color: #ffffff;font-size: 1rem;background-color: var(--bs-body-bg);text-align: var(--bs-body-text-align)\">a dia o iminente crescimento econ\u00f4mico e social da cidade,\u00a0<\/span><span style=\"color: #ffffff;font-size: 1rem;background-color: var(--bs-body-bg);text-align: var(--bs-body-text-align)\">tamb\u00e9m teve uma parcela de participa\u00e7\u00e3o. Al\u00e9m dos diversos\u00a0<\/span><span style=\"color: #ffffff;font-size: 1rem;background-color: var(--bs-body-bg);text-align: var(--bs-body-text-align)\">investimentos advindos de diferentes setores da cidade, em 1948\u00a0<\/span><span style=\"color: #ffffff;font-size: 1rem;background-color: var(--bs-body-bg);text-align: var(--bs-body-text-align)\">foi criada a Associa\u00e7\u00e3o Santa-Mariense Pr\u00f3-Ensino Superior\u00a0<\/span><span style=\"color: #ffffff;font-size: 1rem;background-color: var(--bs-body-bg);text-align: var(--bs-body-text-align)\">(ASPES), que serviria como for\u00e7a pol\u00edtica direcionada \u00e0 implanta\u00e7\u00e3o\u00a0<\/span><span style=\"color: #ffffff;font-size: 1rem;background-color: var(--bs-body-bg);text-align: var(--bs-body-text-align)\">das faculdades que permitiriam a cria\u00e7\u00e3o da Universidade. A\u00a0<\/span><span style=\"color: #ffffff;font-size: 1rem;background-color: var(--bs-body-bg);text-align: var(--bs-body-text-align)\">imprensa tamb\u00e9m era um espa\u00e7o que proporcionava visibilidade\u00a0<\/span><span style=\"color: #ffffff;font-size: 1rem;background-color: var(--bs-body-bg);text-align: var(--bs-body-text-align)\">e est\u00edmulo aos empreendimentos, relatando os\u00a0 acontecimentos\u00a0<\/span><span style=\"color: #ffffff;font-size: 1rem;background-color: var(--bs-body-bg);text-align: var(--bs-body-text-align)\">que marcaram o desenvolvimento desse processo.<\/span><\/p><p><span style=\"color: #ffffff;font-size: 1rem;background-color: var(--bs-body-bg);text-align: var(--bs-body-text-align)\">Na \u00e9poca, a cidade contava com a Faculdade de Farm\u00e1cia,\u00a0<\/span><span style=\"color: #ffffff;font-size: 1rem;background-color: var(--bs-body-bg);text-align: var(--bs-body-text-align)\">dirigida por Mariano da Rocha, a qual seria posteriormente\u00a0<\/span><span style=\"color: #ffffff;font-size: 1rem;background-color: var(--bs-body-bg);text-align: var(--bs-body-text-align)\">incorporada \u00e0 Universidade de Porto Alegre. Isso proporcionou,\u00a0<\/span><span style=\"color: #ffffff;font-size: 1rem;background-color: var(--bs-body-bg);text-align: var(--bs-body-text-align)\">a partir de 1950, a presen\u00e7a do professor no Conselho Superior da\u00a0<\/span><span style=\"color: #ffffff;font-size: 1rem;background-color: var(--bs-body-bg);text-align: var(--bs-body-text-align)\">Universidade Federal do Rio Grande do Sul, o que representaria\u00a0<\/span><span style=\"color: #ffffff;font-size: 1rem;background-color: var(--bs-body-bg);text-align: var(--bs-body-text-align)\">o primeiro passo para a cria\u00e7\u00e3o de outros cursos em Santa Maria.\u00a0<\/span><\/p><p><span style=\"color: #000000;font-size: 1rem;background-color: var(--bs-body-bg);text-align: var(--bs-body-text-align)\">A conex\u00e3o do primeiro reitor da UFSM com a institui\u00e7\u00e3o da\u00a0<\/span><span style=\"color: #ffffff;font-size: 1rem;background-color: var(--bs-body-bg);text-align: var(--bs-body-text-align)\">capital foi fundamental, pois seria a partir de suas viv\u00eancias\u00a0<\/span><span style=\"color: #ffffff;font-size: 1rem;background-color: var(--bs-body-bg);text-align: var(--bs-body-text-align)\">como l\u00edder estudantil e professor que surgiriam muitos dos\u00a0<\/span><span style=\"color: #ffffff;font-size: 1rem;background-color: var(--bs-body-bg);text-align: var(--bs-body-text-align)\">eixos formadores da educa\u00e7\u00e3o e da pesquisa na UFSM. Em\u00a0<\/span><span style=\"color: #ffffff;font-size: 1rem;background-color: var(--bs-body-bg);text-align: var(--bs-body-text-align)\">1960, ocorreria a cria\u00e7\u00e3o oficial da Universidade Federal de\u00a0<\/span><span style=\"color: #ffffff;font-size: 1rem;background-color: var(--bs-body-bg);text-align: var(--bs-body-text-align)\">Santa Maria, na \u00e9poca, contando com quatro cursos: Farm\u00e1cia,\u00a0<\/span><span style=\"color: #ffffff;font-size: 1rem;background-color: var(--bs-body-bg);text-align: var(--bs-body-text-align)\">Medicina, Odontologia e o Ensino Polit\u00e9cnico. Em seu projeto\u00a0<\/span><span style=\"color: #ffffff;font-size: 1rem;background-color: var(--bs-body-bg);text-align: var(--bs-body-text-align)\">fundador, existiam quatro principais eixos: a democratiza\u00e7\u00e3o do\u00a0<\/span><span style=\"color: #ffffff;font-size: 1rem;background-color: var(--bs-body-bg);text-align: var(--bs-body-text-align)\">acesso \u00e0 universidade; a territorialidade; o compromisso social\u00a0<\/span><span style=\"color: #ffffff;font-size: 1rem;background-color: var(--bs-body-bg);text-align: var(--bs-body-text-align)\">e a cidadania; e a inova\u00e7\u00e3o e internacionaliza\u00e7\u00e3o \u2013 aspecto que\u00a0<\/span><span style=\"color: #ffffff;font-size: 1rem;background-color: var(--bs-body-bg);text-align: var(--bs-body-text-align)\">norteou a pesquisa da Universidade.<\/span><\/p>\t\t\t\t\t\t<\/div>\n\t\t\t\t<\/div>\n\t\t\t\t\t<\/div>\n\t\t<\/div>\n\t\t\t\t\t<\/div>\n\t\t<\/section>\n\t\t\t\t<section class=\"elementor-section elementor-top-section elementor-element elementor-element-31e44f7 elementor-section-boxed elementor-section-height-default elementor-section-height-default\" data-id=\"31e44f7\" data-element_type=\"section\">\n\t\t\t\t\t\t<div class=\"elementor-container elementor-column-gap-default\">\n\t\t\t\t\t<div class=\"elementor-column elementor-col-100 elementor-top-column elementor-element elementor-element-112aaa6\" data-id=\"112aaa6\" data-element_type=\"column\">\n\t\t\t<div class=\"elementor-widget-wrap elementor-element-populated\">\n\t\t\t\t\t\t<div class=\"elementor-element elementor-element-f9939bb elementor-widget elementor-widget-heading\" data-id=\"f9939bb\" data-element_type=\"widget\" data-widget_type=\"heading.default\">\n\t\t\t\t<div class=\"elementor-widget-container\">\n\t\t\t<h3 class=\"elementor-heading-title elementor-size-default\">INOVA\u00c7\u00c3O E INTERNACIONALIZA\u00c7\u00c3O<\/h3>\t\t<\/div>\n\t\t\t\t<\/div>\n\t\t\t\t\t<\/div>\n\t\t<\/div>\n\t\t\t\t\t<\/div>\n\t\t<\/section>\n\t\t\t\t<section class=\"elementor-section elementor-top-section elementor-element elementor-element-73a9a53 elementor-section-boxed elementor-section-height-default elementor-section-height-default\" data-id=\"73a9a53\" data-element_type=\"section\">\n\t\t\t\t\t\t<div class=\"elementor-container elementor-column-gap-default\">\n\t\t\t\t\t<div class=\"elementor-column elementor-col-100 elementor-top-column elementor-element elementor-element-9680203\" data-id=\"9680203\" data-element_type=\"column\">\n\t\t\t<div class=\"elementor-widget-wrap elementor-element-populated\">\n\t\t\t\t\t\t<div class=\"elementor-element elementor-element-62dc670 elementor-widget elementor-widget-text-editor\" data-id=\"62dc670\" data-element_type=\"widget\" data-widget_type=\"text-editor.default\">\n\t\t\t\t<div class=\"elementor-widget-container\">\n\t\t\t\t\t\t\t<p>Desde os princ\u00edpios fundadores da UFSM, a pesquisa foi\u00a0<span style=\"color: #ffffff;font-size: 1rem;text-align: var(--bs-body-text-align)\">considerada um elemento formativo da institui\u00e7\u00e3o. O acesso\u00a0<\/span><span style=\"color: #ffffff;font-size: 1rem;text-align: var(--bs-body-text-align)\">a equipamentos\u00a0 tecnol\u00f3gicos avan\u00e7ados e a vis\u00e3o de mundo\u00a0<\/span><span style=\"color: #ffffff;font-size: 1rem;text-align: var(--bs-body-text-align)\">cosmopolita foram aspectos transpostos \u00e0 Universidade,\u00a0<\/span><span style=\"color: #ffffff;font-size: 1rem;text-align: var(--bs-body-text-align)\">decorrentes da preocupa\u00e7\u00e3o com a investiga\u00e7\u00e3o cient\u00edfica, por\u00a0<\/span><span style=\"color: #ffffff;font-size: 1rem;text-align: var(--bs-body-text-align)\">parte do reitor fundador.<\/span><\/p><p><span style=\"color: #000000;font-size: 1rem;background-color: var(--bs-body-bg);text-align: var(--bs-body-text-align)\">Antes mesmo de a UFSM ser criada (ou seja, no per\u00edodo de\u00a0<\/span><span style=\"color: #ffffff;font-size: 1rem;background-color: var(--bs-body-bg);text-align: var(--bs-body-text-align)\">funcionamento de apenas algumas faculdades), a inova\u00e7\u00e3o que\u00a0<\/span><span style=\"color: #ffffff;font-size: 1rem;background-color: var(--bs-body-bg);text-align: var(--bs-body-text-align)\">Mariano da Rocha tanto buscava se estabelecia, entre outras\u00a0<\/span><span style=\"color: #ffffff;font-size: 1rem;background-color: var(--bs-body-bg);text-align: var(--bs-body-text-align)\">formas, atrav\u00e9s da internacionaliza\u00e7\u00e3o. Com a vinda de renomados\u00a0<\/span><span style=\"color: #ffffff;font-size: 1rem;background-color: var(--bs-body-bg);text-align: var(--bs-body-text-align)\">professores das mais diversas \u00e1reas do conhecimento, seriam\u00a0<\/span><span style=\"color: #ffffff;font-size: 1rem;background-color: var(--bs-body-bg);text-align: var(--bs-body-text-align)\">criados projetos que colocariam a Universidade em destaque\u00a0<\/span><span style=\"color: #ffffff;font-size: 1rem;background-color: var(--bs-body-bg);text-align: var(--bs-body-text-align)\">nacional e mundial, e que tamb\u00e9m resultariam na cria\u00e7\u00e3o de\u00a0<\/span><span style=\"color: #ffffff;font-size: 1rem;background-color: var(--bs-body-bg);text-align: var(--bs-body-text-align)\">cursos de p\u00f3s-gradua\u00e7\u00e3o.<\/span><\/p><p><span style=\"color: #000000;font-size: 1rem;background-color: var(--bs-body-bg);text-align: var(--bs-body-text-align)\">Para o professor dos programas de p\u00f3s-gradua\u00e7\u00e3o em\u00a0<\/span><span style=\"color: #ffffff;font-size: 1rem;background-color: var(--bs-body-bg);text-align: var(--bs-body-text-align)\">Educa\u00e7\u00e3o e em Hist\u00f3ria, Jorge Luiz da Cunha, que tamb\u00e9m \u00e9\u00a0<\/span><span style=\"color: #ffffff;font-size: 1rem;background-color: var(--bs-body-bg);text-align: var(--bs-body-text-align)\">coordenador do N\u00facleo de Estudos sobre Mem\u00f3ria e Educa\u00e7\u00e3o,\u00a0<\/span><span style=\"color: #ffffff;font-size: 1rem;background-color: var(--bs-body-bg);text-align: var(--bs-body-text-align)\">esse \u00e9 um dos aspectos mais interessantes referentes \u00e0 cria\u00e7\u00e3o\u00a0<\/span><span style=\"color: #ffffff;font-size: 1rem;background-color: var(--bs-body-bg);text-align: var(--bs-body-text-align)\">da Universidade, na medida em que ele promoveu a diversidade\u00a0<\/span><span style=\"color: #ffffff;font-size: 1rem;background-color: var(--bs-body-bg);text-align: var(--bs-body-text-align)\">dentro da institui\u00e7\u00e3o: \u201cAinda que fosse a primeira universidade\u00a0<\/span><span style=\"color: #ffffff;font-size: 1rem;background-color: var(--bs-body-bg);text-align: var(--bs-body-text-align)\">no interior de um estado brasileiro, o projeto original previa uma\u00a0<\/span><span style=\"color: #ffffff;font-size: 1rem;background-color: var(--bs-body-bg);text-align: var(--bs-body-text-align)\">expans\u00e3o transnacional, abrindo vagas para pessoas que viessem\u00a0<\/span><span style=\"color: #ffffff;font-size: 1rem;background-color: var(--bs-body-bg);text-align: var(--bs-body-text-align)\">de qualquer pa\u00eds da Am\u00e9rica (especialmente da Am\u00e9rica do Sul) e\u00a0<\/span><span style=\"color: #ffffff;font-size: 1rem;background-color: var(--bs-body-bg);text-align: var(--bs-body-text-align)\">que pudesse construir uma consolida\u00e7\u00e3o de padr\u00f5es de forma\u00e7\u00e3o\u00a0<\/span><span style=\"color: #ffffff;font-size: 1rem;background-color: var(--bs-body-bg);text-align: var(--bs-body-text-align)\">de cultura a partir da educa\u00e7\u00e3o que garantisse a democracia\u201d.<\/span><\/p><p><span style=\"color: #000000;font-size: 1rem;background-color: var(--bs-body-bg);text-align: var(--bs-body-text-align)\">Segundo Cunha, embora tenha havido resist\u00eancias por parte de\u00a0<\/span><span style=\"color: #ffffff;font-size: 1rem;background-color: var(--bs-body-bg);text-align: var(--bs-body-text-align)\">institui\u00e7\u00f5es com sede em capitais em rela\u00e7\u00e3o ao desenvolvimento\u00a0<\/span><span style=\"color: #ffffff;font-size: 1rem;background-color: var(--bs-body-bg);text-align: var(--bs-body-text-align)\">da Universidade e deste contexto \u2013 muito por conta de sua\u00a0<\/span><span style=\"color: #ffffff;font-size: 1rem;background-color: var(--bs-body-bg);text-align: var(--bs-body-text-align)\">localiza\u00e7\u00e3o no interior do estado \u2013, o efeito disso foi extremamente\u00a0<\/span><span style=\"color: #ffffff;font-size: 1rem;background-color: var(--bs-body-bg);text-align: var(--bs-body-text-align)\">positivo, visto que resultou em novos conceitos de educa\u00e7\u00e3o, de\u00a0<\/span><span style=\"color: #ffffff;font-size: 1rem;background-color: var(--bs-body-bg);text-align: var(--bs-body-text-align)\">desenvolvimento social e econ\u00f4mico, e de garantia da democracia.<\/span><\/p>\t\t\t\t\t\t<\/div>\n\t\t\t\t<\/div>\n\t\t\t\t\t<\/div>\n\t\t<\/div>\n\t\t\t\t\t<\/div>\n\t\t<\/section>\n\t\t\t\t<section class=\"elementor-section elementor-top-section elementor-element elementor-element-8496bae elementor-section-boxed elementor-section-height-default elementor-section-height-default\" data-id=\"8496bae\" data-element_type=\"section\">\n\t\t\t\t\t\t<div class=\"elementor-container elementor-column-gap-default\">\n\t\t\t\t\t<div class=\"elementor-column elementor-col-100 elementor-top-column elementor-element elementor-element-d4e8546\" data-id=\"d4e8546\" data-element_type=\"column\">\n\t\t\t<div class=\"elementor-widget-wrap elementor-element-populated\">\n\t\t\t\t\t\t<div class=\"elementor-element elementor-element-372e52c elementor-widget elementor-widget-text-editor\" data-id=\"372e52c\" data-element_type=\"widget\" data-widget_type=\"text-editor.default\">\n\t\t\t\t<div class=\"elementor-widget-container\">\n\t\t\t\t\t\t\t<blockquote><p style=\"text-align: center\"><b>\u201cUMA UNVERSIDADE SEM PESQUISA \u00c9 COMO PLANETA QUE GIRA EM TORNO DE S\u00d3IS. SOMENTE A UNIVERSIDADE CAPAZ DE DESBRAVAR NOVOS RUMOS, ATRAV\u00c9S DA PESQUISA, PODER\u00c1 SER CONSIDERADA, EFETIVAMENTE UM SOL COM LUZ PR\u00d3PRIA, COM CALOR VIVIFICANTE&#8221;.\u00a0<\/b><\/p><p style=\"text-align: center\"><i><b>Jos\u00e9 Mariano da Rocha Filho,\u00a0<\/b><b>no livro Os 50 Anos da Nova Universidade<\/b><\/i><\/p><\/blockquote>\t\t\t\t\t\t<\/div>\n\t\t\t\t<\/div>\n\t\t\t\t\t<\/div>\n\t\t<\/div>\n\t\t\t\t\t<\/div>\n\t\t<\/section>\n\t\t\t\t<section class=\"elementor-section elementor-top-section elementor-element elementor-element-a88b829 elementor-section-boxed elementor-section-height-default elementor-section-height-default\" data-id=\"a88b829\" data-element_type=\"section\">\n\t\t\t\t\t\t<div class=\"elementor-container elementor-column-gap-default\">\n\t\t\t\t\t<div class=\"elementor-column elementor-col-100 elementor-top-column elementor-element elementor-element-b58a665\" data-id=\"b58a665\" data-element_type=\"column\">\n\t\t\t<div class=\"elementor-widget-wrap elementor-element-populated\">\n\t\t\t\t\t\t<div class=\"elementor-element elementor-element-b618b15 elementor-widget elementor-widget-image\" data-id=\"b618b15\" data-element_type=\"widget\" data-widget_type=\"image.default\">\n\t\t\t\t<div class=\"elementor-widget-container\">\n\t\t\t\t\t\t\t\t\t\t\t\t\t<img fetchpriority=\"high\" decoding=\"async\" width=\"1024\" height=\"668\" src=\"https:\/\/www.ufsm.br\/app\/uploads\/sites\/601\/2022\/02\/Capa_Dossie_Passado-1024x668.jpg\" class=\"attachment-large size-large wp-image-9004\" alt=\"Descri\u00e7\u00e3o da imagem: Ilustra\u00e7\u00e3o horizontal e colorida com fundo verde acinzentado. A ilustra\u00e7\u00e3o est\u00e1 no centro. No lado esquerdo da ilustra\u00e7\u00e3o, andaime preto, de ferro, na horizontal, com um guincho no topo. O guincho \u00e9 quadrado e amarelo e est\u00e1 ligado a uma barra horizontal com duas espias nas pontas; na espia da direita, o gancho amarelo segura um cilindro cinza escuro. Abaixo do cilindro, microsc\u00f3pio branco com detalhes em cinza escuro. Do lado esquerdo do laborat\u00f3rio, tr\u00eas tijolos quadrados na cor marrom avermelhado; em cada um deles cresce uma muda de planta verde. Do lado direito do microsc\u00f3pio, na horizontal, lupa com corpo cinza escuro. A lupa \u00e9 segurada por dois homens min\u00fasculos com macac\u00e3o cinza e camiseta e capacete de prote\u00e7\u00e3o amarelos. Acima, estante de tr\u00eas andares na cor marrom avermelhado; h\u00e1 uma escada preta apoiada na estante; sobre ela, um homem min\u00fasculo de macac\u00e3o cinza, camiseta e capacete de prote\u00e7\u00e3o amarelos; ele tem nas m\u00e3os um pincel e, na sua frente, um globo terrestre nas cores azul e verde. O fundo \u00e9 verde acinzentado.\" srcset=\"https:\/\/www.ufsm.br\/app\/uploads\/sites\/601\/2022\/02\/Capa_Dossie_Passado-1024x668.jpg 1024w, https:\/\/www.ufsm.br\/app\/uploads\/sites\/601\/2022\/02\/Capa_Dossie_Passado-300x196.jpg 300w, https:\/\/www.ufsm.br\/app\/uploads\/sites\/601\/2022\/02\/Capa_Dossie_Passado-768x501.jpg 768w, https:\/\/www.ufsm.br\/app\/uploads\/sites\/601\/2022\/02\/Capa_Dossie_Passado.jpg 1458w\" sizes=\"(max-width: 1024px) 100vw, 1024px\" \/>\t\t\t\t\t\t\t\t\t\t\t\t\t<\/div>\n\t\t\t\t<\/div>\n\t\t\t\t\t<\/div>\n\t\t<\/div>\n\t\t\t\t\t<\/div>\n\t\t<\/section>\n\t\t\t\t<section class=\"elementor-section elementor-top-section elementor-element elementor-element-d3461ba elementor-section-boxed elementor-section-height-default elementor-section-height-default\" data-id=\"d3461ba\" data-element_type=\"section\">\n\t\t\t\t\t\t<div class=\"elementor-container elementor-column-gap-default\">\n\t\t\t\t\t<div class=\"elementor-column elementor-col-100 elementor-top-column elementor-element elementor-element-56b0966\" data-id=\"56b0966\" data-element_type=\"column\">\n\t\t\t<div class=\"elementor-widget-wrap elementor-element-populated\">\n\t\t\t\t\t\t<div class=\"elementor-element elementor-element-c66b548 elementor-widget elementor-widget-text-editor\" data-id=\"c66b548\" data-element_type=\"widget\" data-widget_type=\"text-editor.default\">\n\t\t\t\t<div class=\"elementor-widget-container\">\n\t\t\t\t\t\t\t<p>Para Jorge Luiz Cunha, a import\u00e2ncia do simbolismo da cria<span style=\"color: #ffffff;font-size: 1rem;text-align: var(--bs-body-text-align)\">\u00e7\u00e3o da UFSM como a primeira universidade no interior do pa\u00eds\u00a0<\/span><span style=\"color: #ffffff;font-size: 1rem;text-align: var(--bs-body-text-align)\">se relaciona diretamente com a interpreta\u00e7\u00e3o que fazemos da\u00a0<\/span><span style=\"color: #ffffff;font-size: 1rem;text-align: var(--bs-body-text-align)\">cultura brasileira. Quando uma universidade no interior \u00e9 criada,\u00a0<\/span><span style=\"color: #ffffff;font-size: 1rem;text-align: var(--bs-body-text-align)\">abre-se espa\u00e7o para uma maior representatividade e participa<\/span><span style=\"color: #ffffff;font-size: 1rem;text-align: var(--bs-body-text-align)\">\u00e7\u00e3o da sociedade, ao serem inclu\u00eddas nas pautas de ensino e\u00a0<\/span><span style=\"color: #ffffff;font-size: 1rem;text-align: var(--bs-body-text-align)\">pesquisa camadas da popula\u00e7\u00e3o que, na \u00e9poca, encontravam-se\u00a0<\/span><span style=\"color: #ffffff;font-size: 1rem;text-align: var(--bs-body-text-align)\">muito distantes do ensino superior. \u201cEu acho que essa \u00e9 a grande\u00a0<\/span><span style=\"color: #ffffff;font-size: 1rem;text-align: var(--bs-body-text-align)\">estrat\u00e9gia pol\u00edtica da cria\u00e7\u00e3o de uma universidade no interior. N\u00f3s\u00a0<\/span><span style=\"color: #ffffff;font-size: 1rem;text-align: var(--bs-body-text-align)\">passamos a criar a possibilidade de, a partir da pesquisa \u2013 um\u00a0<\/span><span style=\"color: #ffffff;font-size: 1rem;text-align: var(--bs-body-text-align)\">conceito que diz respeito ao ensino, \u00e0 extens\u00e3o e \u00e0 produ\u00e7\u00e3o de\u00a0<\/span><span style=\"color: #ffffff;font-size: 1rem;text-align: var(--bs-body-text-align)\">novos conhecimentos \u2013 nos aproximar da realidade\u201d.<\/span><\/p><p><span style=\"color: #ffffff;font-size: 1rem;background-color: var(--bs-body-bg);text-align: var(--bs-body-text-align)\">Nesse sentido, a exist\u00eancia de uma universidade como a\u00a0<\/span><span style=\"color: #ffffff;font-size: 1rem;background-color: var(--bs-body-bg);text-align: var(--bs-body-text-align)\">UFSM representa, em toda a sua hist\u00f3ria, uma aproxima\u00e7\u00e3o e\u00a0<\/span><span style=\"color: #ffffff;font-size: 1rem;background-color: var(--bs-body-bg);text-align: var(--bs-body-text-align)\">uma abertura de perspectivas para a realidade fora das capitais.\u00a0<\/span><span style=\"color: #ffffff;font-size: 1rem;background-color: var(--bs-body-bg);text-align: var(--bs-body-text-align)\">Esse aspecto caminha em conjunto com a diversidade propor<\/span><span style=\"color: #ffffff;font-size: 1rem;background-color: var(--bs-body-bg);text-align: var(--bs-body-text-align)\">cionada e promovida pela internacionaliza\u00e7\u00e3o, tamb\u00e9m presente\u00a0<\/span><span style=\"color: #ffffff;font-size: 1rem;background-color: var(--bs-body-bg);text-align: var(--bs-body-text-align)\">ao longo de todo o percurso da institui\u00e7\u00e3o. A luta pela garantia\u00a0<\/span><span style=\"color: #ffffff;font-size: 1rem;background-color: var(--bs-body-bg);text-align: var(--bs-body-text-align)\">da democracia e pelo acolhimento das diversidades \u2013 para os\u00a0<\/span><span style=\"color: #ffffff;font-size: 1rem;background-color: var(--bs-body-bg);text-align: var(--bs-body-text-align)\">par\u00e2metros da \u00e9poca \u2013, j\u00e1 citados por Cunha, s\u00e3o princ\u00edpios\u00a0<\/span><span style=\"color: #ffffff;font-size: 1rem;background-color: var(--bs-body-bg);text-align: var(--bs-body-text-align)\">trazidos do passado e adaptados ao presente. Visto que, apesar\u00a0<\/span><span style=\"color: #ffffff;font-size: 1rem;background-color: var(--bs-body-bg);text-align: var(--bs-body-text-align)\">dos grandes avan\u00e7os que podem ser percebidos a partir desse\u00a0<\/span><span style=\"color: #ffffff;font-size: 1rem;background-color: var(--bs-body-bg);text-align: var(--bs-body-text-align)\">projeto de democratiza\u00e7\u00e3o da educa\u00e7\u00e3o e de promo\u00e7\u00e3o da cida<\/span><span style=\"color: #ffffff;font-size: 1rem;background-color: var(--bs-body-bg);text-align: var(--bs-body-text-align)\">dania, ainda hoje h\u00e1 muito o que evoluir como sociedade em\u00a0<\/span><span style=\"color: #ffffff;font-size: 1rem;background-color: var(--bs-body-bg);text-align: var(--bs-body-text-align)\">busca de uma universidade para todos.<\/span><\/p><p><span style=\"color: #000000;font-size: 1rem;background-color: var(--bs-body-bg);text-align: var(--bs-body-text-align)\">Assim, olhar para o passado da Universidade Federal de Santa\u00a0<\/span><span style=\"color: #ffffff;font-size: 1rem;background-color: var(--bs-body-bg);text-align: var(--bs-body-text-align)\">Maria \u00e9 ver o seu papel nessa luta, al\u00e9m de ser essencial para\u00a0<\/span><span style=\"color: #ffffff;font-size: 1rem;background-color: var(--bs-body-bg);text-align: var(--bs-body-text-align)\">que se entenda o presente e se construa um futuro melhor. \u201cEu\u00a0<\/span><span style=\"color: #ffffff;font-size: 1rem;background-color: var(--bs-body-bg);text-align: var(--bs-body-text-align)\">acredito que precisamos recuperar mem\u00f3rias do in\u00edcio da hist\u00f3ria\u00a0<\/span><span style=\"color: #ffffff;font-size: 1rem;background-color: var(--bs-body-bg);text-align: var(--bs-body-text-align)\">da UFSM sobre novos conceitos aplicados no campo hoje. Eu\u00a0<\/span><span style=\"color: #ffffff;font-size: 1rem;background-color: var(--bs-body-bg);text-align: var(--bs-body-text-align)\">acho que lembrar disso \u00e9 uma estrat\u00e9gia para reagirmos a essa\u00a0<\/span><span style=\"color: #ffffff;font-size: 1rem;background-color: var(--bs-body-bg);text-align: var(--bs-body-text-align)\">pandemia, que n\u00e3o \u00e9 simplesmente relacionada \u00e0 sa\u00fade, mas\u00a0<\/span><span style=\"color: #ffffff;font-size: 1rem;background-color: var(--bs-body-bg);text-align: var(--bs-body-text-align)\">uma pandemia social, pol\u00edtica, e cultural\u201d, complementa Cunha.<\/span><\/p>\t\t\t\t\t\t<\/div>\n\t\t\t\t<\/div>\n\t\t\t\t\t<\/div>\n\t\t<\/div>\n\t\t\t\t\t<\/div>\n\t\t<\/section>\n\t\t\t\t<section class=\"elementor-section elementor-top-section elementor-element elementor-element-c3cf9aa elementor-section-boxed elementor-section-height-default elementor-section-height-default\" data-id=\"c3cf9aa\" data-element_type=\"section\">\n\t\t\t\t\t\t<div class=\"elementor-container elementor-column-gap-default\">\n\t\t\t\t\t<div class=\"elementor-column elementor-col-100 elementor-top-column elementor-element elementor-element-645dc4c\" data-id=\"645dc4c\" data-element_type=\"column\">\n\t\t\t<div class=\"elementor-widget-wrap elementor-element-populated\">\n\t\t\t\t\t\t<div class=\"elementor-element elementor-element-8549804 elementor-widget elementor-widget-heading\" data-id=\"8549804\" data-element_type=\"widget\" data-widget_type=\"heading.default\">\n\t\t\t\t<div class=\"elementor-widget-container\">\n\t\t\t<h3 class=\"elementor-heading-title elementor-size-default\">A PESQUISA ATRAV\u00c9S DOS ANOS<\/h3>\t\t<\/div>\n\t\t\t\t<\/div>\n\t\t\t\t\t<\/div>\n\t\t<\/div>\n\t\t\t\t\t<\/div>\n\t\t<\/section>\n\t\t\t\t<section class=\"elementor-section elementor-top-section elementor-element elementor-element-aa624a9 elementor-section-boxed elementor-section-height-default elementor-section-height-default\" data-id=\"aa624a9\" data-element_type=\"section\">\n\t\t\t\t\t\t<div class=\"elementor-container elementor-column-gap-default\">\n\t\t\t\t\t<div class=\"elementor-column elementor-col-100 elementor-top-column elementor-element elementor-element-10253c7\" data-id=\"10253c7\" data-element_type=\"column\">\n\t\t\t<div class=\"elementor-widget-wrap elementor-element-populated\">\n\t\t\t\t\t\t<div class=\"elementor-element elementor-element-a34a203 elementor-widget elementor-widget-text-editor\" data-id=\"a34a203\" data-element_type=\"widget\" data-widget_type=\"text-editor.default\">\n\t\t\t\t<div class=\"elementor-widget-container\">\n\t\t\t\t\t\t\t<p>A hist\u00f3ria da pesquisa na UFSM revela a participa\u00e7\u00e3o de c\u00e9lebres cientistas &#8211; muitos deles estrangeiros &#8211; e o senso\u00a0<span style=\"color: #ffffff;font-size: 1rem;text-align: var(--bs-body-text-align)\">de pioneirismo.\u00a0 Apresentamos, a seguir, alguns dos principais marcos das primeiras d\u00e9cadas dessa trajet\u00f3ria &#8211; at\u00e9\u00a0<\/span><span style=\"color: #ffffff;font-size: 1rem;text-align: var(--bs-body-text-align)\">1991, ano em que ocorreu a 1\u00aa Jornada de Pesquisa da institui\u00e7\u00e3o:<\/span><\/p>\t\t\t\t\t\t<\/div>\n\t\t\t\t<\/div>\n\t\t\t\t\t<\/div>\n\t\t<\/div>\n\t\t\t\t\t<\/div>\n\t\t<\/section>\n\t\t\t\t<section class=\"elementor-section elementor-top-section elementor-element elementor-element-eb6aa7e elementor-section-boxed elementor-section-height-default elementor-section-height-default\" data-id=\"eb6aa7e\" data-element_type=\"section\">\n\t\t\t\t\t\t<div class=\"elementor-container elementor-column-gap-default\">\n\t\t\t\t\t<div class=\"elementor-column elementor-col-100 elementor-top-column elementor-element elementor-element-a2e603d\" data-id=\"a2e603d\" data-element_type=\"column\">\n\t\t\t<div class=\"elementor-widget-wrap elementor-element-populated\">\n\t\t\t\t\t\t<div class=\"elementor-element elementor-element-1cab0dc elementor-widget elementor-widget-text-editor\" data-id=\"1cab0dc\" data-element_type=\"widget\" data-widget_type=\"text-editor.default\">\n\t\t\t\t<div class=\"elementor-widget-container\">\n\t\t\t\t\t\t\t<h4><strong>1959<\/strong><\/h4><p>Os professores austr\u00edacos Richard e Mariana Wasicky e Richard Joachimovitz chegam a Santa Maria. Eles lecionaram nas faculdades de Farm\u00e1cia e Medicina. Richard Wasicky havia sido professor do Departamento de Farm\u00e1cia da Universidade de Viena. Ministrava aulas simultaneamente na UFSM e na Universidade de S\u00e3o Paulo. Em Santa Maria, lecionava Farm\u00e1cia, Qu\u00edmica, Bot\u00e2nica e Farmacognosia.<\/p>\t\t\t\t\t\t<\/div>\n\t\t\t\t<\/div>\n\t\t\t\t\t<\/div>\n\t\t<\/div>\n\t\t\t\t\t<\/div>\n\t\t<\/section>\n\t\t\t\t<section class=\"elementor-section elementor-top-section elementor-element elementor-element-c4a3e17 elementor-section-boxed elementor-section-height-default elementor-section-height-default\" data-id=\"c4a3e17\" data-element_type=\"section\">\n\t\t\t\t\t\t<div class=\"elementor-container elementor-column-gap-default\">\n\t\t\t\t\t<div class=\"elementor-column elementor-col-50 elementor-top-column elementor-element elementor-element-524ec0a\" data-id=\"524ec0a\" data-element_type=\"column\">\n\t\t\t<div class=\"elementor-widget-wrap elementor-element-populated\">\n\t\t\t\t\t\t<div class=\"elementor-element elementor-element-12d2a73 elementor-widget elementor-widget-image\" data-id=\"12d2a73\" data-element_type=\"widget\" data-widget_type=\"image.default\">\n\t\t\t\t<div class=\"elementor-widget-container\">\n\t\t\t\t\t\t\t\t\t\t\t\t\t<img decoding=\"async\" width=\"480\" height=\"476\" src=\"https:\/\/www.ufsm.br\/app\/uploads\/sites\/601\/2022\/02\/Foto_Dossie_Passado_1_1961.jpg\" class=\"attachment-large size-large wp-image-9003\" alt=\"Descri\u00e7\u00e3o da imagem: Fotografia antiga em preto e branco de uma mulher em frente a uma mesa com equipamentos. A foto \u00e9 em preto e branco. A mulher est\u00e1 de p\u00e9, em perfil, e tem pele clara, cabelos escuros e ondulados na altura do pesco\u00e7o; est\u00e1 com a cabe\u00e7a para baixo; usa camisa clara e cal\u00e7a escura; est\u00e1 com as m\u00e3os em uma bandeja clara com objetos circulares transparentes. A mesa \u00e9 escura e larga, e est\u00e1 na parte direita da imagem. Na parte esquerda, arm\u00e1rios de madeira escura e portas de vidro, e parede clara.\" srcset=\"https:\/\/www.ufsm.br\/app\/uploads\/sites\/601\/2022\/02\/Foto_Dossie_Passado_1_1961.jpg 480w, https:\/\/www.ufsm.br\/app\/uploads\/sites\/601\/2022\/02\/Foto_Dossie_Passado_1_1961-300x298.jpg 300w, https:\/\/www.ufsm.br\/app\/uploads\/sites\/601\/2022\/02\/Foto_Dossie_Passado_1_1961-150x150.jpg 150w\" sizes=\"(max-width: 480px) 100vw, 480px\" \/>\t\t\t\t\t\t\t\t\t\t\t\t\t<\/div>\n\t\t\t\t<\/div>\n\t\t\t\t\t<\/div>\n\t\t<\/div>\n\t\t\t\t<div class=\"elementor-column elementor-col-50 elementor-top-column elementor-element elementor-element-83ac890\" data-id=\"83ac890\" data-element_type=\"column\">\n\t\t\t<div class=\"elementor-widget-wrap elementor-element-populated\">\n\t\t\t\t\t\t<div class=\"elementor-element elementor-element-3b3734d elementor-widget elementor-widget-text-editor\" data-id=\"3b3734d\" data-element_type=\"widget\" data-widget_type=\"text-editor.default\">\n\t\t\t\t<div class=\"elementor-widget-container\">\n\t\t\t\t\t\t\t<h4><strong>1961<\/strong><\/h4><p>Arthur e Ana Primavesi, tamb\u00e9m austr\u00edacos, tornam-se docentes na UFSM. Permaneceram na Universidade por 15 anos e criaram o Instituto de Solos e um dos primeiros programas de p\u00f3s-gradua\u00e7\u00e3o, o de Biodin\u00e2mica e Produtividade do Solo, em 1972.<\/p>\t\t\t\t\t\t<\/div>\n\t\t\t\t<\/div>\n\t\t\t\t\t<\/div>\n\t\t<\/div>\n\t\t\t\t\t<\/div>\n\t\t<\/section>\n\t\t\t\t<section class=\"elementor-section elementor-top-section elementor-element elementor-element-daa6fbe elementor-section-boxed elementor-section-height-default elementor-section-height-default\" data-id=\"daa6fbe\" data-element_type=\"section\">\n\t\t\t\t\t\t<div class=\"elementor-container elementor-column-gap-default\">\n\t\t\t\t\t<div class=\"elementor-column elementor-col-50 elementor-top-column elementor-element elementor-element-41315ff\" data-id=\"41315ff\" data-element_type=\"column\">\n\t\t\t<div class=\"elementor-widget-wrap elementor-element-populated\">\n\t\t\t\t\t\t<div class=\"elementor-element elementor-element-bc22b9b elementor-widget elementor-widget-text-editor\" data-id=\"bc22b9b\" data-element_type=\"widget\" data-widget_type=\"text-editor.default\">\n\t\t\t\t<div class=\"elementor-widget-container\">\n\t\t\t\t\t\t\t<h4><strong>1962<\/strong><\/h4><p>O Instituto da Fala \u00e9 criado na UFSM pelo otorrinolaringologista e professor Reinaldo Fernando Coser. O instituto, na \u00e9poca \u00fanico na Am\u00e9rica do Sul, destinava-se ao desenvolvimento do ensino, da pesquisa e da extens\u00e3o na \u00e1rea da adi\u00e7\u00e3o, fala e linguagem.<\/p>\t\t\t\t\t\t<\/div>\n\t\t\t\t<\/div>\n\t\t\t\t\t<\/div>\n\t\t<\/div>\n\t\t\t\t<div class=\"elementor-column elementor-col-50 elementor-top-column elementor-element elementor-element-e8ac24e\" data-id=\"e8ac24e\" data-element_type=\"column\">\n\t\t\t<div class=\"elementor-widget-wrap elementor-element-populated\">\n\t\t\t\t\t\t<div class=\"elementor-element elementor-element-6810c6c elementor-widget elementor-widget-image\" data-id=\"6810c6c\" data-element_type=\"widget\" data-widget_type=\"image.default\">\n\t\t\t\t<div class=\"elementor-widget-container\">\n\t\t\t\t\t\t\t\t\t\t\t\t\t<img decoding=\"async\" width=\"474\" height=\"480\" src=\"https:\/\/www.ufsm.br\/app\/uploads\/sites\/601\/2022\/02\/Foto_Dossie_Passado_2_1962.jpg\" class=\"attachment-large size-large wp-image-9002\" alt=\"Fotografia preto e branca de tr\u00eas pessoas em volta de uma mesa com dois equipamentos. Na esquerda, mulher de pele clara e cabelos escuros est\u00e1 sentada; ela veste camisa e cal\u00e7a claras, e usa um fone de ouvido headset escuro na cabe\u00e7a. Est\u00e1 de perfil. Em sua frente, mesa comprida com tampo claro. Em cima, dois equipamentos: o de tr\u00e1s \u00e9 escuro e o da frente \u00e9 claro. Do outro lado da mesa e em frente a cada um dos equipamentos, dois homens de pele clara, cabelos curtos e escuros, vestem roupas claras e olham para o equipamento claro. O fundo \u00e9 uma parede com textura de material ac\u00fastico.\" srcset=\"https:\/\/www.ufsm.br\/app\/uploads\/sites\/601\/2022\/02\/Foto_Dossie_Passado_2_1962.jpg 474w, https:\/\/www.ufsm.br\/app\/uploads\/sites\/601\/2022\/02\/Foto_Dossie_Passado_2_1962-296x300.jpg 296w\" sizes=\"(max-width: 474px) 100vw, 474px\" \/>\t\t\t\t\t\t\t\t\t\t\t\t\t<\/div>\n\t\t\t\t<\/div>\n\t\t\t\t\t<\/div>\n\t\t<\/div>\n\t\t\t\t\t<\/div>\n\t\t<\/section>\n\t\t\t\t<section class=\"elementor-section elementor-top-section elementor-element elementor-element-d124929 elementor-section-boxed elementor-section-height-default elementor-section-height-default\" data-id=\"d124929\" data-element_type=\"section\">\n\t\t\t\t\t\t<div class=\"elementor-container elementor-column-gap-default\">\n\t\t\t\t\t<div class=\"elementor-column elementor-col-50 elementor-top-column elementor-element elementor-element-9fe0708\" data-id=\"9fe0708\" data-element_type=\"column\">\n\t\t\t<div class=\"elementor-widget-wrap elementor-element-populated\">\n\t\t\t\t\t\t<div class=\"elementor-element elementor-element-8271eba elementor-widget elementor-widget-image\" data-id=\"8271eba\" data-element_type=\"widget\" data-widget_type=\"image.default\">\n\t\t\t\t<div class=\"elementor-widget-container\">\n\t\t\t\t\t\t\t\t\t\t\t\t\t<img loading=\"lazy\" decoding=\"async\" width=\"465\" height=\"479\" src=\"https:\/\/www.ufsm.br\/app\/uploads\/sites\/601\/2022\/02\/Foto_Dossie_Passado_3_1969.jpg\" class=\"attachment-large size-large wp-image-9001\" alt=\"Descri\u00e7\u00e3o da imagem: Fotografia quadrada e em preto e branco de pessoas ao redor de uma casa no meio de um campo. A casa \u00e9 pequena, com madeira e telhas de barro, em cor clara e telhado escuro. Na frente da casa e em frente \u00e0 porta, cerca de 20 pessoas de roupas formais, a maioria de pele clara, est\u00e3o em p\u00e9. Ao fundo, um carro escuro. \u00c9 um campo grande, com vegeta\u00e7\u00e3o baixa. Ao fundo, bosque de \u00e1rvores e c\u00e9u com nuvens.\" srcset=\"https:\/\/www.ufsm.br\/app\/uploads\/sites\/601\/2022\/02\/Foto_Dossie_Passado_3_1969.jpg 465w, https:\/\/www.ufsm.br\/app\/uploads\/sites\/601\/2022\/02\/Foto_Dossie_Passado_3_1969-291x300.jpg 291w\" sizes=\"(max-width: 465px) 100vw, 465px\" \/>\t\t\t\t\t\t\t\t\t\t\t\t\t<\/div>\n\t\t\t\t<\/div>\n\t\t\t\t\t<\/div>\n\t\t<\/div>\n\t\t\t\t<div class=\"elementor-column elementor-col-50 elementor-top-column elementor-element elementor-element-6f48d24\" data-id=\"6f48d24\" data-element_type=\"column\">\n\t\t\t<div class=\"elementor-widget-wrap elementor-element-populated\">\n\t\t\t\t\t\t<div class=\"elementor-element elementor-element-8206a6c elementor-widget elementor-widget-text-editor\" data-id=\"8206a6c\" data-element_type=\"widget\" data-widget_type=\"text-editor.default\">\n\t\t\t\t<div class=\"elementor-widget-container\">\n\t\t\t\t\t\t\t<h4><strong>1969<\/strong><\/h4><p>Thomas Tafael come\u00e7a a trabalhar como professor assistente no Departamento de Zootecnia, onde implantou o projeto &#8220;Fazenda de Peixes&#8221;. Tamb\u00e9m lecionava nos cursos de biologia dos peixes e gest\u00e3o de piscicultura na gradua\u00e7\u00e3o e p\u00f3s-gradua\u00e7\u00e3o.<\/p>\t\t\t\t\t\t<\/div>\n\t\t\t\t<\/div>\n\t\t\t\t\t<\/div>\n\t\t<\/div>\n\t\t\t\t\t<\/div>\n\t\t<\/section>\n\t\t\t\t<section class=\"elementor-section elementor-top-section elementor-element elementor-element-bf38c9c elementor-section-boxed elementor-section-height-default elementor-section-height-default\" data-id=\"bf38c9c\" data-element_type=\"section\">\n\t\t\t\t\t\t<div class=\"elementor-container elementor-column-gap-default\">\n\t\t\t\t\t<div class=\"elementor-column elementor-col-50 elementor-top-column elementor-element elementor-element-735a620\" data-id=\"735a620\" data-element_type=\"column\">\n\t\t\t<div class=\"elementor-widget-wrap elementor-element-populated\">\n\t\t\t\t\t\t<div class=\"elementor-element elementor-element-9664fbb elementor-widget elementor-widget-text-editor\" data-id=\"9664fbb\" data-element_type=\"widget\" data-widget_type=\"text-editor.default\">\n\t\t\t\t<div class=\"elementor-widget-container\">\n\t\t\t\t\t\t\t<h4><strong>1970<\/strong><\/h4><p>\u00c9 criado o primeiro curso de p\u00f3s-gradua\u00e7\u00e3o, o Mestrado em Educa\u00e7\u00e3o, na Faculdade Interamericana de Educa\u00e7\u00e3o (FIE). Ele fez parte de um projeto desenvolvido a partir de um conv\u00eanio entre o governo brasileiro e a Organiza\u00e7\u00e3o dos Estados Americanos (OEA) e tinha como objetivo a integra\u00e7\u00e3o educacional entre os pa\u00edses latino-americanos para a forma\u00e7\u00e3o de recursos humanos. Eram disponibilizadas 30 bolsas por ano, sendo 15 para brasileiros e 15 para estrangeiros.<\/p>\t\t\t\t\t\t<\/div>\n\t\t\t\t<\/div>\n\t\t\t\t\t<\/div>\n\t\t<\/div>\n\t\t\t\t<div class=\"elementor-column elementor-col-50 elementor-top-column elementor-element elementor-element-ba0f24e\" data-id=\"ba0f24e\" data-element_type=\"column\">\n\t\t\t<div class=\"elementor-widget-wrap elementor-element-populated\">\n\t\t\t\t\t\t<div class=\"elementor-element elementor-element-2115a61 elementor-widget elementor-widget-image\" data-id=\"2115a61\" data-element_type=\"widget\" data-widget_type=\"image.default\">\n\t\t\t\t<div class=\"elementor-widget-container\">\n\t\t\t\t\t\t\t\t\t\t\t\t\t<img loading=\"lazy\" decoding=\"async\" width=\"480\" height=\"314\" src=\"https:\/\/www.ufsm.br\/app\/uploads\/sites\/601\/2022\/02\/Foto_Dossie_Passado_4_1970.jpg\" class=\"attachment-large size-large wp-image-9000\" alt=\"Descri\u00e7\u00e3o da imagem: Fotografia horizontal e em preto e branco de nove pessoas sentadas atr\u00e1s de mesas de madeira, em meio c\u00edrculo. Est\u00e3o em uma sala de paredes claras e seis janelas amplas. As mesas est\u00e3o dispostas em formato de meia lua; s\u00e3o mesas de madeira com tampo claro e estrutura escura. S\u00e3o quatro homens e cinco mulheres. Um dos homens tem pele escura, e o restante tem pele clara.\" srcset=\"https:\/\/www.ufsm.br\/app\/uploads\/sites\/601\/2022\/02\/Foto_Dossie_Passado_4_1970.jpg 480w, https:\/\/www.ufsm.br\/app\/uploads\/sites\/601\/2022\/02\/Foto_Dossie_Passado_4_1970-300x196.jpg 300w\" sizes=\"(max-width: 480px) 100vw, 480px\" \/>\t\t\t\t\t\t\t\t\t\t\t\t\t<\/div>\n\t\t\t\t<\/div>\n\t\t\t\t\t<\/div>\n\t\t<\/div>\n\t\t\t\t\t<\/div>\n\t\t<\/section>\n\t\t\t\t<section class=\"elementor-section elementor-top-section elementor-element elementor-element-9139b6b elementor-section-boxed elementor-section-height-default elementor-section-height-default\" data-id=\"9139b6b\" data-element_type=\"section\">\n\t\t\t\t\t\t<div class=\"elementor-container elementor-column-gap-default\">\n\t\t\t\t\t<div class=\"elementor-column elementor-col-33 elementor-top-column elementor-element elementor-element-460c913\" data-id=\"460c913\" data-element_type=\"column\">\n\t\t\t<div class=\"elementor-widget-wrap elementor-element-populated\">\n\t\t\t\t\t\t<div class=\"elementor-element elementor-element-41f21dc elementor-widget elementor-widget-text-editor\" data-id=\"41f21dc\" data-element_type=\"widget\" data-widget_type=\"text-editor.default\">\n\t\t\t\t<div class=\"elementor-widget-container\">\n\t\t\t\t\t\t\t<h4><strong>1974<\/strong><\/h4><p>Cria\u00e7\u00e3o da Pr\u00f3-Reitoria de Ensino e P\u00f3s-Gradua\u00e7\u00e3o.<\/p><p><strong>\u201cCom a instala\u00e7\u00e3o, na UFSM, da Faculdade Interamericana de Educa\u00e7\u00e3o, houve a necessidade de criar uma estrutura administrativa que possibilitasse fazer a gest\u00e3o da p\u00f3s-gradua\u00e7\u00e3o.&#8221;<\/strong><\/p><p><em>Paulo Schneider, atual Pr\u00f3-Reitor de P\u00f3s-Gradua\u00e7\u00e3o e Pesquisa<\/em><\/p>\t\t\t\t\t\t<\/div>\n\t\t\t\t<\/div>\n\t\t\t\t\t<\/div>\n\t\t<\/div>\n\t\t\t\t<div class=\"elementor-column elementor-col-33 elementor-top-column elementor-element elementor-element-b98aaed\" data-id=\"b98aaed\" data-element_type=\"column\">\n\t\t\t<div class=\"elementor-widget-wrap elementor-element-populated\">\n\t\t\t\t\t\t<div class=\"elementor-element elementor-element-4268071 elementor-widget elementor-widget-text-editor\" data-id=\"4268071\" data-element_type=\"widget\" data-widget_type=\"text-editor.default\">\n\t\t\t\t<div class=\"elementor-widget-container\">\n\t\t\t\t\t\t\t<h4><strong>1983<\/strong><\/h4><p>A Pr\u00f3-Reitoria de P\u00f3s-Gradua\u00e7\u00e3o e Pesquisa \u00e9 criada. O primeiro Pr\u00f3-Reitor foi o professor Zosymo Lopes dos Santos, que originalmente tinha atua\u00e7\u00e3o como docente e pesquisador na \u00e1rea da Farm\u00e1cia.<\/p><p><strong>\u201c(&#8230;) no mesmo ano, para estimular a pesquisa, foi regulamentado o Fundo de Incentivo \u00e0 Pesquisa (FIPE). Este tinha como objetivo fundamental auxiliar e incentivar os pesquisadores a incorporar a atividade de pesquisa no seu cotidiano acad\u00eamico. A incorpora\u00e7\u00e3o da pesquisa \u00e0 p\u00f3s-gradua\u00e7\u00e3o foi fundamental para destacar, dar mais personalidade e import\u00e2ncia \u00e0s atividades de pesquisa desenvolvidas, aumentando com isto a capacidade de concorr\u00eancia entre os pares nas ag\u00eancias de fomento \u00e0 pesquisa.&#8221;<\/strong><\/p>\t\t\t\t\t\t<\/div>\n\t\t\t\t<\/div>\n\t\t\t\t\t<\/div>\n\t\t<\/div>\n\t\t\t\t<div class=\"elementor-column elementor-col-33 elementor-top-column elementor-element elementor-element-160a4bd\" data-id=\"160a4bd\" data-element_type=\"column\">\n\t\t\t<div class=\"elementor-widget-wrap elementor-element-populated\">\n\t\t\t\t\t\t<div class=\"elementor-element elementor-element-a599dfb elementor-widget elementor-widget-text-editor\" data-id=\"a599dfb\" data-element_type=\"widget\" data-widget_type=\"text-editor.default\">\n\t\t\t\t<div class=\"elementor-widget-container\">\n\t\t\t\t\t\t\t<h4><strong>1985<\/strong><\/h4><p>\u00c9 estabelecida a estrutura administrativa da pesquisa, com a cria\u00e7\u00e3o dos Gabinetes de Projetos (GAP) vinculadas \u00e0s unidades de ensino da Universidade. Isso possibilitou um registro cont\u00ednuo dos projetos de pesquisa desenvolvidos, uma padroniza\u00e7\u00e3o das produ\u00e7\u00f5es e um maior controle da institui\u00e7\u00e3o, por meio da cobran\u00e7a de relat\u00f3rios t\u00e9cnicos parciais e finais.<\/p>\t\t\t\t\t\t<\/div>\n\t\t\t\t<\/div>\n\t\t\t\t\t<\/div>\n\t\t<\/div>\n\t\t\t\t\t<\/div>\n\t\t<\/section>\n\t\t\t\t<section class=\"elementor-section elementor-top-section elementor-element elementor-element-caf1761 elementor-section-boxed elementor-section-height-default elementor-section-height-default\" data-id=\"caf1761\" data-element_type=\"section\">\n\t\t\t\t\t\t<div class=\"elementor-container elementor-column-gap-default\">\n\t\t\t\t\t<div class=\"elementor-column elementor-col-50 elementor-top-column elementor-element elementor-element-c0ef960\" data-id=\"c0ef960\" data-element_type=\"column\">\n\t\t\t<div class=\"elementor-widget-wrap elementor-element-populated\">\n\t\t\t\t\t\t<div class=\"elementor-element elementor-element-d77f43b elementor-widget elementor-widget-text-editor\" data-id=\"d77f43b\" data-element_type=\"widget\" data-widget_type=\"text-editor.default\">\n\t\t\t\t<div class=\"elementor-widget-container\">\n\t\t\t\t\t\t\t<h4><strong>1986<\/strong><\/h4><p>\u00c9 criada a primeira edi\u00e7\u00e3o do Cat\u00e1logo da Produ\u00e7\u00e3o Intelectual da UFSM, organizada pela Pr\u00f3-Reitoria de P\u00f3s-Gradua\u00e7\u00e3o e Pesquisa (PRPGP). Nela, os docentes da institui\u00e7\u00e3o tinham a oportunidade de publicar os seus trabalhos, em formato semelhante ao que hoje se observa na Plataforma Lattes.<span style=\"color: #000000;font-size: 1rem;background-color: var(--bs-body-bg);text-align: var(--bs-body-text-align)\"> <br \/><\/span><\/p><p><strong>\u201cA Plataforma Lattes do CNPq surgiria apenas em 1999, mas a UFSM j\u00e1 fazia seus movimentos no sentido de informatizar seus registros de pesquisas. Nesse processo, os Gabinetes de Projetos foram e ainda s\u00e3o um importante suporte ao planejamento e controle para os pesquisadores e para a institui\u00e7\u00e3o.&#8221;<\/strong><\/p>\t\t\t\t\t\t<\/div>\n\t\t\t\t<\/div>\n\t\t\t\t\t<\/div>\n\t\t<\/div>\n\t\t\t\t<div class=\"elementor-column elementor-col-50 elementor-top-column elementor-element elementor-element-168e983\" data-id=\"168e983\" data-element_type=\"column\">\n\t\t\t<div class=\"elementor-widget-wrap elementor-element-populated\">\n\t\t\t\t\t\t<div class=\"elementor-element elementor-element-ac4d755 elementor-widget elementor-widget-text-editor\" data-id=\"ac4d755\" data-element_type=\"widget\" data-widget_type=\"text-editor.default\">\n\t\t\t\t<div class=\"elementor-widget-container\">\n\t\t\t\t\t\t\t<h4><strong>1991<\/strong><\/h4>\n<p>Ocorre a 1\u00aa Jornada de Pesquisa. Posteriormente, em 1998, ela chegaria ao que \u00e9 conhecida atualmente como a Jornada Acad\u00eamica Integrada (JAI).<\/p>\t\t\t\t\t\t<\/div>\n\t\t\t\t<\/div>\n\t\t\t\t\t<\/div>\n\t\t<\/div>\n\t\t\t\t\t<\/div>\n\t\t<\/section>\n\t\t\t\t<section class=\"elementor-section elementor-top-section elementor-element elementor-element-a90ce2d elementor-section-boxed elementor-section-height-default elementor-section-height-default\" data-id=\"a90ce2d\" data-element_type=\"section\">\n\t\t\t\t\t\t<div class=\"elementor-container elementor-column-gap-default\">\n\t\t\t\t\t<div class=\"elementor-column elementor-col-100 elementor-top-column elementor-element elementor-element-357f582\" data-id=\"357f582\" data-element_type=\"column\">\n\t\t\t<div class=\"elementor-widget-wrap elementor-element-populated\">\n\t\t\t\t\t\t<div class=\"elementor-element elementor-element-670b899 elementor-widget elementor-widget-text-editor\" data-id=\"670b899\" data-element_type=\"widget\" data-widget_type=\"text-editor.default\">\n\t\t\t\t<div class=\"elementor-widget-container\">\n\t\t\t\t\t\t\t<p><strong><em>Expediente:<\/em><\/strong><\/p>\n<p><em><strong>Reportagem:<\/strong> Esther Klein, acad\u00eamica de Jornalismo;<\/em><\/p>\n<p><em><strong>Ilustra\u00e7\u00e3o e Diagrama\u00e7\u00e3o:<\/strong> Yasmin Facchin, acad\u00eamica de Desenho Industrial.<\/em><\/p>\n<p><em>Conte\u00fado produzido para a 12\u00aa edi\u00e7\u00e3o impressa da Revista Arco (Dezembro 2021)<br><\/em><\/p>\t\t\t\t\t\t<\/div>\n\t\t\t\t<\/div>\n\t\t\t\t\t<\/div>\n\t\t<\/div>\n\t\t\t\t\t<\/div>\n\t\t<\/section>\n\t\t\t\t<\/div>\n\t\t","protected":false},"excerpt":{"rendered":"<p>Inova\u00e7\u00e3o e internacionaliza\u00e7\u00e3o foram elementos-chave para o estabelecimento da produ\u00e7\u00e3o cient\u00edfica na Universidade<\/p>\n","protected":false},"author":5006,"featured_media":9004,"comment_status":"closed","ping_status":"closed","sticky":false,"template":"","format":"standard","meta":{"footnotes":""},"categories":[4856,4866],"tags":[4858,1116,4870,4867,4863,4872,4871],"class_list":["post-8947","post","type-post","status-publish","format-standard","has-post-thumbnail","hentry","category-12a-edicao","category-dossie-ufsm","tag-12a-edicao","tag-dossie","tag-dossie-passado-presente-e-futuro","tag-dossie-ufsm","tag-impressa","tag-passado-da-pesquisa","tag-pesquisa-ufsm"],"acf":[],"_links":{"self":[{"href":"https:\/\/www.ufsm.br\/midias\/arco\/wp-json\/wp\/v2\/posts\/8947","targetHints":{"allow":["GET"]}}],"collection":[{"href":"https:\/\/www.ufsm.br\/midias\/arco\/wp-json\/wp\/v2\/posts"}],"about":[{"href":"https:\/\/www.ufsm.br\/midias\/arco\/wp-json\/wp\/v2\/types\/post"}],"author":[{"embeddable":true,"href":"https:\/\/www.ufsm.br\/midias\/arco\/wp-json\/wp\/v2\/users\/5006"}],"replies":[{"embeddable":true,"href":"https:\/\/www.ufsm.br\/midias\/arco\/wp-json\/wp\/v2\/comments?post=8947"}],"version-history":[{"count":0,"href":"https:\/\/www.ufsm.br\/midias\/arco\/wp-json\/wp\/v2\/posts\/8947\/revisions"}],"wp:featuredmedia":[{"embeddable":true,"href":"https:\/\/www.ufsm.br\/midias\/arco\/wp-json\/wp\/v2\/media\/9004"}],"wp:attachment":[{"href":"https:\/\/www.ufsm.br\/midias\/arco\/wp-json\/wp\/v2\/media?parent=8947"}],"wp:term":[{"taxonomy":"category","embeddable":true,"href":"https:\/\/www.ufsm.br\/midias\/arco\/wp-json\/wp\/v2\/categories?post=8947"},{"taxonomy":"post_tag","embeddable":true,"href":"https:\/\/www.ufsm.br\/midias\/arco\/wp-json\/wp\/v2\/tags?post=8947"}],"curies":[{"name":"wp","href":"https:\/\/api.w.org\/{rel}","templated":true}]}}