{"id":8967,"date":"2022-04-11T10:39:05","date_gmt":"2022-04-11T13:39:05","guid":{"rendered":"https:\/\/www.ufsm.br\/midias\/arco\/?p=8967"},"modified":"2022-04-11T11:30:53","modified_gmt":"2022-04-11T14:30:53","slug":"ferramenta-de-luta","status":"publish","type":"post","link":"https:\/\/www.ufsm.br\/midias\/arco\/ferramenta-de-luta","title":{"rendered":"Ferramenta de Luta"},"content":{"rendered":"\t\t<div data-elementor-type=\"wp-post\" data-elementor-id=\"8967\" class=\"elementor elementor-8967\">\n\t\t\t\t\t\t<section class=\"elementor-section elementor-top-section elementor-element elementor-element-f13c81d elementor-section-boxed elementor-section-height-default elementor-section-height-default\" data-id=\"f13c81d\" data-element_type=\"section\">\n\t\t\t\t\t\t<div class=\"elementor-container elementor-column-gap-default\">\n\t\t\t\t\t<div class=\"elementor-column elementor-col-100 elementor-top-column elementor-element elementor-element-ec13956\" data-id=\"ec13956\" data-element_type=\"column\">\n\t\t\t<div class=\"elementor-widget-wrap elementor-element-populated\">\n\t\t\t\t\t\t<div class=\"elementor-element elementor-element-eb70fc7 elementor-widget elementor-widget-text-editor\" data-id=\"eb70fc7\" data-element_type=\"widget\" data-widget_type=\"text-editor.default\">\n\t\t\t\t<div class=\"elementor-widget-container\">\n\t\t\t\t\t\t\t<p>Rodrigo Kuaray Mariano, 27 anos, Guarani Mbya, nascido e criado em teko\u00e1 (aldeia), menino de poucas perspectivas, mas de muitos sonhos. Inicialmente queria cursar Biologia, mas por um impulso \u2013 ou melhor, por vontade de Nhanderu \u2013 no momento da inscri\u00e7\u00e3o para o vestibular, optei por um curso diverso daquele<br \/>que sempre pensei.<\/p><p>Cursar Direito na Universidade Federal de Santa Maria foi uma das melhores coisas que pude vivenciar. Desde o ano de 2015, ano em que iniciei meus estudos na institui\u00e7\u00e3o, pude perceber muitas evolu\u00e7\u00f5es, tanto na minha forma\u00e7\u00e3o profissional como pessoal, e umas das principais foi sobre novas percep\u00e7\u00f5es de mundo e tamb\u00e9m a possibilidade de um olhar mais cr\u00edtico e politizado em rela\u00e7\u00e3o a certos assuntos.<\/p>\t\t\t\t\t\t<\/div>\n\t\t\t\t<\/div>\n\t\t\t\t\t<\/div>\n\t\t<\/div>\n\t\t\t\t\t<\/div>\n\t\t<\/section>\n\t\t\t\t<section class=\"elementor-section elementor-top-section elementor-element elementor-element-d6983c3 elementor-section-boxed elementor-section-height-default elementor-section-height-default\" data-id=\"d6983c3\" data-element_type=\"section\">\n\t\t\t\t\t\t<div class=\"elementor-container elementor-column-gap-default\">\n\t\t\t\t\t<div class=\"elementor-column elementor-col-100 elementor-top-column elementor-element elementor-element-423d069\" data-id=\"423d069\" data-element_type=\"column\">\n\t\t\t<div class=\"elementor-widget-wrap elementor-element-populated\">\n\t\t\t\t\t\t<div class=\"elementor-element elementor-element-d1e3020 elementor-widget elementor-widget-text-editor\" data-id=\"d1e3020\" data-element_type=\"widget\" data-widget_type=\"text-editor.default\">\n\t\t\t\t<div class=\"elementor-widget-container\">\n\t\t\t\t\t\t\t<p>Ao longo da caminhada acad\u00eamica, pude me afirmar, ainda mais, como uma pessoa comprometida na defesa de ideais e projeto de povo, de supera\u00e7\u00e3o da segrega\u00e7\u00e3o hist\u00f3rica que meu povo e os povos ind\u00edgenas em geral sofrem.<\/p><p>A conquista da gradua\u00e7\u00e3o em Direito me possibilitou muitos caminhos, mas sempre existiu um que era e \u00e9 ainda o principal: a atua\u00e7\u00e3o por justi\u00e7a social e defesa dos direitos dos povos ind\u00edgenas. Ent\u00e3o, a partir do exposto, \u00e9 poss\u00edvel afirmar que a UFSM foi uma ponte que me possibilitou alcan\u00e7ar lugares diferentes daqueles que eram os mais pr\u00f3ximos \u00e0 minha realidade.<\/p>\t\t\t\t\t\t<\/div>\n\t\t\t\t<\/div>\n\t\t\t\t\t<\/div>\n\t\t<\/div>\n\t\t\t\t\t<\/div>\n\t\t<\/section>\n\t\t\t\t<section class=\"elementor-section elementor-top-section elementor-element elementor-element-394b0d7 elementor-section-boxed elementor-section-height-default elementor-section-height-default\" data-id=\"394b0d7\" data-element_type=\"section\">\n\t\t\t\t\t\t<div class=\"elementor-container elementor-column-gap-default\">\n\t\t\t\t\t<div class=\"elementor-column elementor-col-100 elementor-top-column elementor-element elementor-element-901e9c8\" data-id=\"901e9c8\" data-element_type=\"column\">\n\t\t\t<div class=\"elementor-widget-wrap elementor-element-populated\">\n\t\t\t\t\t\t<div class=\"elementor-element elementor-element-9d5541e elementor-widget elementor-widget-image\" data-id=\"9d5541e\" data-element_type=\"widget\" data-widget_type=\"image.default\">\n\t\t\t\t<div class=\"elementor-widget-container\">\n\t\t\t\t\t\t\t\t\t\t\t\t\t<img fetchpriority=\"high\" decoding=\"async\" width=\"1024\" height=\"668\" src=\"https:\/\/www.ufsm.br\/app\/uploads\/sites\/601\/2022\/02\/Capa_Recordacoes-1024x668.jpg\" class=\"attachment-large size-large wp-image-8982\" alt=\"Ilustra\u00e7\u00e3o horizontal e colorida de um homem ind\u00edgena. Ele est\u00e1 na esquerda da Ilustra\u00e7\u00e3o, tem pele marrom, cabelos pretos, lisos e curtos. O rosto \u00e9 redondo, olhos escuros, nariz e boca em tamanho m\u00e9dio. Usa colares grandes de contas circulares. Um deles \u00e9 bege e o outro preto. Veste camiseta azul marinho. Est\u00e1 em primeiro plano e segura nas maos uma folha de papel bege como linhas em azul. Atr\u00e1s dele, desenho da est\u00e1tua de Th\u00eamis, s\u00edmbolo do Direito. Ela est\u00e1 na cor laranja claro, usa vestido liso e uma venda nos olhos. Na m\u00e3o direita, levantada, segura uma balan\u00e7a de pesos, e na esquerda, que est\u00e1 para baixo, uma espada. O fundo tem textura de pinceladas e \u00e9 na cor rosa claro.\" srcset=\"https:\/\/www.ufsm.br\/app\/uploads\/sites\/601\/2022\/02\/Capa_Recordacoes-1024x668.jpg 1024w, https:\/\/www.ufsm.br\/app\/uploads\/sites\/601\/2022\/02\/Capa_Recordacoes-300x196.jpg 300w, https:\/\/www.ufsm.br\/app\/uploads\/sites\/601\/2022\/02\/Capa_Recordacoes-768x501.jpg 768w, https:\/\/www.ufsm.br\/app\/uploads\/sites\/601\/2022\/02\/Capa_Recordacoes.jpg 1458w\" sizes=\"(max-width: 1024px) 100vw, 1024px\" \/>\t\t\t\t\t\t\t\t\t\t\t\t\t<\/div>\n\t\t\t\t<\/div>\n\t\t\t\t\t<\/div>\n\t\t<\/div>\n\t\t\t\t\t<\/div>\n\t\t<\/section>\n\t\t\t\t<section class=\"elementor-section elementor-top-section elementor-element elementor-element-044a220 elementor-section-boxed elementor-section-height-default elementor-section-height-default\" data-id=\"044a220\" data-element_type=\"section\">\n\t\t\t\t\t\t<div class=\"elementor-container elementor-column-gap-default\">\n\t\t\t\t\t<div class=\"elementor-column elementor-col-100 elementor-top-column elementor-element elementor-element-4748628\" data-id=\"4748628\" data-element_type=\"column\">\n\t\t\t<div class=\"elementor-widget-wrap elementor-element-populated\">\n\t\t\t\t\t\t<div class=\"elementor-element elementor-element-4c33637 elementor-widget elementor-widget-text-editor\" data-id=\"4c33637\" data-element_type=\"widget\" data-widget_type=\"text-editor.default\">\n\t\t\t\t<div class=\"elementor-widget-container\">\n\t\t\t\t\t\t\t<p>Nesta imagem, est\u00e1 ilustrado um momento que tem um significado muito grande na minha vida: ela marca o in\u00edcio de uma trajet\u00f3ria que n\u00e3o pretendo deixar. Logo nos primeiros dias ap\u00f3s minha formatura, j\u00e1 em atua\u00e7\u00e3o pela Comiss\u00e3o Guarani Yvyrupa \u2013 CGY, organiza\u00e7\u00e3o ind\u00edgena, representante do povo Guarani do Sul e Sudeste do Brasil, acompanhei uma comitiva de lideran\u00e7as ind\u00edgenas da regi\u00e3o Sul em mobiliza\u00e7\u00e3o em Bras\u00edlia-DF. No dia 11 de fevereiro de 2020, realizei visitas aos gabinetes dos ministros do Supremo Tribunal Federal e entreguei, simbolicamente, uma peti\u00e7\u00e3o de habilita\u00e7\u00e3o da Comiss\u00e3o Guarani Yvyrupa em um Recurso Extraordin\u00e1rio que trata dos direitos dos povos ind\u00edgenas aos seus territ\u00f3rios.<\/p><p>Para finalizar, sobre a UFSM, \u00e9 importante destacar que \u00e9 uma institui\u00e7\u00e3o p\u00fablica de muita qualidade e que est\u00e1 preocupada na forma\u00e7\u00e3o cr\u00edtica dos e das estudantes, que me proporcionou novos horizontes e possibilidades e, o mais importante de tudo, considero que o Direito \u00e9, em minha vida, uma ferramenta de luta, e a UFSM me proporcionou conhecer, estudar, me apropriar, e agora me utilizar disso para a conquista de meus ideais e do<br \/>meu povo.<\/p>\t\t\t\t\t\t<\/div>\n\t\t\t\t<\/div>\n\t\t\t\t\t<\/div>\n\t\t<\/div>\n\t\t\t\t\t<\/div>\n\t\t<\/section>\n\t\t\t\t<section class=\"elementor-section elementor-top-section elementor-element elementor-element-4342625 elementor-section-boxed elementor-section-height-default elementor-section-height-default\" data-id=\"4342625\" data-element_type=\"section\">\n\t\t\t\t\t\t<div class=\"elementor-container elementor-column-gap-default\">\n\t\t\t\t\t<div class=\"elementor-column elementor-col-100 elementor-top-column elementor-element elementor-element-b818142\" data-id=\"b818142\" data-element_type=\"column\">\n\t\t\t<div class=\"elementor-widget-wrap elementor-element-populated\">\n\t\t\t\t\t\t<div class=\"elementor-element elementor-element-46e3e87 elementor-widget elementor-widget-text-editor\" data-id=\"46e3e87\" data-element_type=\"widget\" data-widget_type=\"text-editor.default\">\n\t\t\t\t<div class=\"elementor-widget-container\">\n\t\t\t\t\t\t\t<p><strong><em>Expediente:<\/em><\/strong><\/p>\n<p><em><strong>Texto:<\/strong> Rodrigo Kuaray Mariano, primeiro ind\u00edgena do povo guarani a estudar no curso de Direito da Universidade Federal de Santa Maria.<\/em><\/p>\n<p><em><strong>Diagrama\u00e7\u00e3o e ilustra\u00e7\u00e3o:<\/strong> Noam Wurzel, acad\u00eamico de Desenho Industrial.<\/em><\/p>\n<p><em>Conte\u00fado produzido para a 12\u00aa edi\u00e7\u00e3o impressa da Revista Arco (Dezembro 2021)<\/em><\/p>\t\t\t\t\t\t<\/div>\n\t\t\t\t<\/div>\n\t\t\t\t\t<\/div>\n\t\t<\/div>\n\t\t\t\t\t<\/div>\n\t\t<\/section>\n\t\t\t\t<\/div>\n\t\t","protected":false},"excerpt":{"rendered":"<p>Rodrigo Kuaray Mariano, 27 anos, Guarani Mbya, nascido e criado em teko\u00e1 (aldeia), menino de poucas perspectivas, mas de muitos sonhos. Inicialmente queria cursar Biologia, mas por um impulso \u2013 ou melhor, por vontade de Nhanderu \u2013 no momento da inscri\u00e7\u00e3o para o vestibular, optei por um curso diverso daqueleque sempre pensei. Cursar Direito na [&hellip;]<\/p>\n","protected":false},"author":5006,"featured_media":8982,"comment_status":"closed","ping_status":"closed","sticky":false,"template":"","format":"standard","meta":{"footnotes":""},"categories":[4856,4889],"tags":[4858,60,4881],"class_list":["post-8967","post","type-post","status-publish","format-standard","has-post-thumbnail","hentry","category-12a-edicao","category-recordacoes","tag-12a-edicao","tag-recordacoes","tag-revista-impressa"],"acf":[],"_links":{"self":[{"href":"https:\/\/www.ufsm.br\/midias\/arco\/wp-json\/wp\/v2\/posts\/8967","targetHints":{"allow":["GET"]}}],"collection":[{"href":"https:\/\/www.ufsm.br\/midias\/arco\/wp-json\/wp\/v2\/posts"}],"about":[{"href":"https:\/\/www.ufsm.br\/midias\/arco\/wp-json\/wp\/v2\/types\/post"}],"author":[{"embeddable":true,"href":"https:\/\/www.ufsm.br\/midias\/arco\/wp-json\/wp\/v2\/users\/5006"}],"replies":[{"embeddable":true,"href":"https:\/\/www.ufsm.br\/midias\/arco\/wp-json\/wp\/v2\/comments?post=8967"}],"version-history":[{"count":0,"href":"https:\/\/www.ufsm.br\/midias\/arco\/wp-json\/wp\/v2\/posts\/8967\/revisions"}],"wp:featuredmedia":[{"embeddable":true,"href":"https:\/\/www.ufsm.br\/midias\/arco\/wp-json\/wp\/v2\/media\/8982"}],"wp:attachment":[{"href":"https:\/\/www.ufsm.br\/midias\/arco\/wp-json\/wp\/v2\/media?parent=8967"}],"wp:term":[{"taxonomy":"category","embeddable":true,"href":"https:\/\/www.ufsm.br\/midias\/arco\/wp-json\/wp\/v2\/categories?post=8967"},{"taxonomy":"post_tag","embeddable":true,"href":"https:\/\/www.ufsm.br\/midias\/arco\/wp-json\/wp\/v2\/tags?post=8967"}],"curies":[{"name":"wp","href":"https:\/\/api.w.org\/{rel}","templated":true}]}}