{"id":9042,"date":"2022-03-04T15:23:30","date_gmt":"2022-03-04T18:23:30","guid":{"rendered":"https:\/\/www.ufsm.br\/midias\/arco\/?p=9042"},"modified":"2022-04-11T11:18:48","modified_gmt":"2022-04-11T14:18:48","slug":"curiosidades","status":"publish","type":"post","link":"https:\/\/www.ufsm.br\/midias\/arco\/curiosidades","title":{"rendered":"Curiosidades"},"content":{"rendered":"\t\t<div data-elementor-type=\"wp-post\" data-elementor-id=\"9042\" class=\"elementor elementor-9042\">\n\t\t\t\t\t\t<section class=\"elementor-section elementor-top-section elementor-element elementor-element-3eee7a6 elementor-section-boxed elementor-section-height-default elementor-section-height-default\" data-id=\"3eee7a6\" data-element_type=\"section\">\n\t\t\t\t\t\t<div class=\"elementor-container elementor-column-gap-default\">\n\t\t\t\t\t<div class=\"elementor-column elementor-col-100 elementor-top-column elementor-element elementor-element-03c30ed\" data-id=\"03c30ed\" data-element_type=\"column\">\n\t\t\t<div class=\"elementor-widget-wrap elementor-element-populated\">\n\t\t\t\t\t\t<div class=\"elementor-element elementor-element-96c65bd elementor-widget elementor-widget-heading\" data-id=\"96c65bd\" data-element_type=\"widget\" data-widget_type=\"heading.default\">\n\t\t\t\t<div class=\"elementor-widget-container\">\n\t\t\t<h3 class=\"elementor-heading-title elementor-size-default\">Por que a UFSM foi considerada a Sorbonne do Sul por Jos\u00e9 Mariano da Rocha?<\/h3>\t\t<\/div>\n\t\t\t\t<\/div>\n\t\t\t\t\t<\/div>\n\t\t<\/div>\n\t\t\t\t\t<\/div>\n\t\t<\/section>\n\t\t\t\t<section class=\"elementor-section elementor-top-section elementor-element elementor-element-f63b22e elementor-section-boxed elementor-section-height-default elementor-section-height-default\" data-id=\"f63b22e\" data-element_type=\"section\">\n\t\t\t\t\t\t<div class=\"elementor-container elementor-column-gap-default\">\n\t\t\t\t\t<div class=\"elementor-column elementor-col-100 elementor-top-column elementor-element elementor-element-4d2b5aa\" data-id=\"4d2b5aa\" data-element_type=\"column\">\n\t\t\t<div class=\"elementor-widget-wrap elementor-element-populated\">\n\t\t\t\t\t\t<div class=\"elementor-element elementor-element-dd40d27 elementor-widget elementor-widget-text-editor\" data-id=\"dd40d27\" data-element_type=\"widget\" data-widget_type=\"text-editor.default\">\n\t\t\t\t<div class=\"elementor-widget-container\">\n\t\t\t\t\t\t\t<p>Escrito na d\u00e9cada de 1960, o hino institucional da UFSM cita em sua primeira estrofe: \u201cA crian\u00e7a dos campos da serra cresceu forte, sadia e gentil e em ti, \u00f3 Sorbonne do sul, aprendeu a amar o Brasil\u201d. Com quase 800 anos de exist\u00eancia, a Universidade de Sorbonne, na Fran\u00e7a, \u00e9 uma das mais tradicionais universidades da Europa. Mas qual sua rela\u00e7\u00e3o com a UFSM? De acordo com Eugenia Barichello, filha do ex-reitor e fundador da UFSM, Jos\u00e9 Mariano da Rocha, seu pai nutria enorme admira\u00e7\u00e3o pela Universidade de Sorbonne por ser um exemplo mundial de qualidade nas diferentes \u00e1reas de conhecimento. Curiosamente, outro motivo para a escolha dessa refer\u00eancia se deu porque, at\u00e9 o final do s\u00e9culo 20, acreditava-se que a universidade francesa era a mais antiga do mundo, fato que foi corrigido posteriormente, migrando-se o t\u00edtulo para a Universidade de Bologna, na It\u00e1lia.<\/p>\t\t\t\t\t\t<\/div>\n\t\t\t\t<\/div>\n\t\t\t\t\t<\/div>\n\t\t<\/div>\n\t\t\t\t\t<\/div>\n\t\t<\/section>\n\t\t\t\t<section class=\"elementor-section elementor-top-section elementor-element elementor-element-ba47e4f elementor-section-boxed elementor-section-height-default elementor-section-height-default\" data-id=\"ba47e4f\" data-element_type=\"section\">\n\t\t\t\t\t\t<div class=\"elementor-container elementor-column-gap-default\">\n\t\t\t\t\t<div class=\"elementor-column elementor-col-100 elementor-top-column elementor-element elementor-element-1be1616\" data-id=\"1be1616\" data-element_type=\"column\">\n\t\t\t<div class=\"elementor-widget-wrap elementor-element-populated\">\n\t\t\t\t\t\t<div class=\"elementor-element elementor-element-dbacd6a elementor-widget elementor-widget-image\" data-id=\"dbacd6a\" data-element_type=\"widget\" data-widget_type=\"image.default\">\n\t\t\t\t<div class=\"elementor-widget-container\">\n\t\t\t\t\t\t\t\t\t\t\t\t\t<img fetchpriority=\"high\" decoding=\"async\" width=\"1024\" height=\"668\" src=\"https:\/\/www.ufsm.br\/app\/uploads\/sites\/601\/2022\/03\/Capa_Curiosidades-1024x668.jpg\" class=\"attachment-large size-large wp-image-9046\" alt=\"Ilustra\u00e7\u00e3o em tons de s\u00e9pia, composta por um pr\u00e9dio, um homem e uma casa de um lado, e do outro, de uma mulher idosa. No parte central na esquerda da ilustra\u00e7\u00e3o, desenho de um homem de pele clara, s\u00e9rio, na faixa et\u00e1ria dos quarenta anos; ele est\u00e1 em primeiro plano e est\u00e1 com o rosto levemente virado para o lado direito; tem rosto angular, sobrancelhas grossas, arqueadas e em tom escuro, olhos escuros, bigode grosso e escuro; tem cabelos escuros e fartos penteados para tr\u00e1s; veste um terno escuro sobre camisa branca e gravata escura. Atr\u00e1s do homem, pr\u00e9dio de dois andares, com uma porta e janelas em cada andar; o primeiro andar tem paredes escuras, tem quatro pilares, uma porta com detalhe triangular em cima, e uma janela no lado direito, em formato triangular na parte superior; o segundo andar tem paredes claras, cinco conjuntos de janelas em uma faixa no centro da parede; na parte direita e principal do andar, detalhe do pr\u00e9dio em formato de c\u00fapula, com o teto arredondado e uma janela sobre a c\u00fapula; abaixo, telhado triangular sustentado por quatro pilares; embaixo do telhado, porta com detalhe triangular na parte superior e, em cada um dos lados da porta, uma janela com a parte superior em formato triangular. Abaixo do homem e \u00e0 frente dele, uma casa em \u00e2ngulo lateral esquerdo; ela tem paredes claras, telhado simples em formato triangular e dois pilares no lado esquerdo; a casa tem uma porta na parte da frente, com dois degraus na frente, e duas janelas, uma na parte da frente e outra na parede esquerda; nos lados da casa, vegeta\u00e7\u00e3o em arbustos; na frente da casa, ch\u00e3o na cor s\u00e9pia. No lado direito inferior, ilustra\u00e7\u00e3o de uma mulher idosa em tons de s\u00e9pia. Ela tem pele clara, faixa et\u00e1ria em torno dos 60 anos, est\u00e1 de perfil esquerdo e em primeiro plano. Sorri levemente. Ela tem rosto redondo, sobrancelhas escuras e arqueadas, olhos pequenos, nariz arredondado, boca pequena e orelhas pequenas; ela tem cabelos castanhos, curtos e lisos, com alguns fios rebeldes na franja. Usa blusa com gola arredondada em tom s\u00e9pia. Ao fundo, vegeta\u00e7\u00e3o em arbusto em tom de s\u00e9pia escuro. O fundo \u00e9 cinza.\" srcset=\"https:\/\/www.ufsm.br\/app\/uploads\/sites\/601\/2022\/03\/Capa_Curiosidades-1024x668.jpg 1024w, https:\/\/www.ufsm.br\/app\/uploads\/sites\/601\/2022\/03\/Capa_Curiosidades-300x196.jpg 300w, https:\/\/www.ufsm.br\/app\/uploads\/sites\/601\/2022\/03\/Capa_Curiosidades-768x501.jpg 768w, https:\/\/www.ufsm.br\/app\/uploads\/sites\/601\/2022\/03\/Capa_Curiosidades.jpg 1458w\" sizes=\"(max-width: 1024px) 100vw, 1024px\" \/>\t\t\t\t\t\t\t\t\t\t\t\t\t<\/div>\n\t\t\t\t<\/div>\n\t\t\t\t\t<\/div>\n\t\t<\/div>\n\t\t\t\t\t<\/div>\n\t\t<\/section>\n\t\t\t\t<section class=\"elementor-section elementor-top-section elementor-element elementor-element-c4f6e23 elementor-section-boxed elementor-section-height-default elementor-section-height-default\" data-id=\"c4f6e23\" data-element_type=\"section\">\n\t\t\t\t\t\t<div class=\"elementor-container elementor-column-gap-default\">\n\t\t\t\t\t<div class=\"elementor-column elementor-col-100 elementor-top-column elementor-element elementor-element-b9e5fb5\" data-id=\"b9e5fb5\" data-element_type=\"column\">\n\t\t\t<div class=\"elementor-widget-wrap elementor-element-populated\">\n\t\t\t\t\t\t<div class=\"elementor-element elementor-element-ca7b2c4 elementor-widget elementor-widget-heading\" data-id=\"ca7b2c4\" data-element_type=\"widget\" data-widget_type=\"heading.default\">\n\t\t\t\t<div class=\"elementor-widget-container\">\n\t\t\t<h3 class=\"elementor-heading-title elementor-size-default\">Onde foi a primeira Reitoria da UFSM?<\/h3>\t\t<\/div>\n\t\t\t\t<\/div>\n\t\t\t\t\t<\/div>\n\t\t<\/div>\n\t\t\t\t\t<\/div>\n\t\t<\/section>\n\t\t\t\t<section class=\"elementor-section elementor-top-section elementor-element elementor-element-b8ec421 elementor-section-boxed elementor-section-height-default elementor-section-height-default\" data-id=\"b8ec421\" data-element_type=\"section\">\n\t\t\t\t\t\t<div class=\"elementor-container elementor-column-gap-default\">\n\t\t\t\t\t<div class=\"elementor-column elementor-col-100 elementor-top-column elementor-element elementor-element-534b194\" data-id=\"534b194\" data-element_type=\"column\">\n\t\t\t<div class=\"elementor-widget-wrap elementor-element-populated\">\n\t\t\t\t\t\t<div class=\"elementor-element elementor-element-912c76b elementor-widget elementor-widget-text-editor\" data-id=\"912c76b\" data-element_type=\"widget\" data-widget_type=\"text-editor.default\">\n\t\t\t\t<div class=\"elementor-widget-container\">\n\t\t\t\t\t\t\t<p>Durante os primeiros anos da constru\u00e7\u00e3o da Cidade Universit\u00e1ria em Santa Maria, n\u00e3o havia um espa\u00e7o onde o reitor Jos\u00e9 Mariano da Rocha Filho pudesse receber seus visitantes, realizar reuni\u00f5es e discutir sobre o desenvolvimento da obra da Universidade. Foi ent\u00e3o que, em 1964, o professor Luiz Gonzaga Isaia decidiu<br \/>criar uma pequena casa de madeira que funcionasse como um ambiente para o reitor recepcionar convidados e tamb\u00e9m como um Escrit\u00f3rio de Obras. A ideia de Isaia foi concretizada pelo carpinteiro Adalberto dos Santos Ferraz em agosto daquele ano. Assim, surgiu a primeira Reitoria da UFSM. A casinha \u00e9 simples, com telhas de cimento-amianto, t\u00e1buas de madeira horizontais e apenas um espa\u00e7o em seu interior, que \u00e9 ligado a um sanit\u00e1rio limitado. Depois de ter sediado a primeira reitoria, a casinha de madeira tornou-se o espa\u00e7o dos Correios<br \/>e Tel\u00e9grafos da Cidade Universit\u00e1ria e, depois, sediou o Servi\u00e7o de Vigil\u00e2ncia do Campus, que permanece at\u00e9 hoje.<\/p>\t\t\t\t\t\t<\/div>\n\t\t\t\t<\/div>\n\t\t\t\t\t<\/div>\n\t\t<\/div>\n\t\t\t\t\t<\/div>\n\t\t<\/section>\n\t\t\t\t<section class=\"elementor-section elementor-top-section elementor-element elementor-element-dc41be7 elementor-section-boxed elementor-section-height-default elementor-section-height-default\" data-id=\"dc41be7\" data-element_type=\"section\">\n\t\t\t\t\t\t<div class=\"elementor-container elementor-column-gap-default\">\n\t\t\t\t\t<div class=\"elementor-column elementor-col-100 elementor-top-column elementor-element elementor-element-b2e049a\" data-id=\"b2e049a\" data-element_type=\"column\">\n\t\t\t<div class=\"elementor-widget-wrap elementor-element-populated\">\n\t\t\t\t\t\t<div class=\"elementor-element elementor-element-8da9232 elementor-widget elementor-widget-heading\" data-id=\"8da9232\" data-element_type=\"widget\" data-widget_type=\"heading.default\">\n\t\t\t\t<div class=\"elementor-widget-container\">\n\t\t\t<h3 class=\"elementor-heading-title elementor-size-default\">Voc\u00ea sabia que Ana Primavesi, pioneira nos estudos em agroecologia, trabalhou na UFSM?<\/h3>\t\t<\/div>\n\t\t\t\t<\/div>\n\t\t\t\t\t<\/div>\n\t\t<\/div>\n\t\t\t\t\t<\/div>\n\t\t<\/section>\n\t\t\t\t<section class=\"elementor-section elementor-top-section elementor-element elementor-element-2659a37 elementor-section-boxed elementor-section-height-default elementor-section-height-default\" data-id=\"2659a37\" data-element_type=\"section\">\n\t\t\t\t\t\t<div class=\"elementor-container elementor-column-gap-default\">\n\t\t\t\t\t<div class=\"elementor-column elementor-col-100 elementor-top-column elementor-element elementor-element-2775490\" data-id=\"2775490\" data-element_type=\"column\">\n\t\t\t<div class=\"elementor-widget-wrap elementor-element-populated\">\n\t\t\t\t\t\t<div class=\"elementor-element elementor-element-b8de392 elementor-widget elementor-widget-text-editor\" data-id=\"b8de392\" data-element_type=\"widget\" data-widget_type=\"text-editor.default\">\n\t\t\t\t<div class=\"elementor-widget-container\">\n\t\t\t\t\t\t\t<p>Era 1961 quando Ana Maria Primavesi mudou-se para Santa Maria, juntamente com os filhos e o marido, Artur. At\u00e9 1974, o casal de engenheiros agr\u00f4nomos lecionou na rec\u00e9m-fundada Universidade de Santa Maria. Aqui, ela pesquisou sobre produtividade de solos, defici\u00eancias minerais e agrostologia. Comandou o laborat\u00f3rio de biologia e an\u00e1lise de solos. Motivou a cria\u00e7\u00e3o do Programa de P\u00f3s-Gradua\u00e7\u00e3o em Biodin\u00e2mica do Solo em 1971. Foi pioneira nos estudos do solo e agroecologia, temas que originaram 12 livros. Antes de vir ao Brasil, Ana Maria era Annemarie Conrad, nascida em 3 de outubro de 1920, em meio \u00e0s montanhas da Est\u00edria, na \u00c1ustria. Graduou-se em Boku, Universidade Rural para Agricultura e Ci\u00eancias Florestais. Era uma das tr\u00eas mulheres entre cem alunos. A \u00e9poca da faculdade coincide com o per\u00edodo da Segunda Guerra. Perdeu dois irm\u00e3os em combate. M\u00e3e, pai e irm\u00e3os foram para campos de concentra\u00e7\u00e3o. Ela tamb\u00e9m, na tentativa de libertar o pai. Em liberdade, ap\u00f3s nove meses presa, casou-se com Artur Primavesi. Dois anos depois, em 1948, o casal mudou-se para o Brasil. Ana Maria Primavesi inspirou a cria\u00e7\u00e3o da Feira Org\u00e2nica que leva seu nome em Santa Maria. Ela morreu em 5 de janeiro de 2020, em consequ\u00eancia de problemas no cora\u00e7\u00e3o.<\/p>\t\t\t\t\t\t<\/div>\n\t\t\t\t<\/div>\n\t\t\t\t\t<\/div>\n\t\t<\/div>\n\t\t\t\t\t<\/div>\n\t\t<\/section>\n\t\t\t\t<section class=\"elementor-section elementor-top-section elementor-element elementor-element-0c9088e elementor-section-boxed elementor-section-height-default elementor-section-height-default\" data-id=\"0c9088e\" data-element_type=\"section\">\n\t\t\t\t\t\t<div class=\"elementor-container elementor-column-gap-default\">\n\t\t\t\t\t<div class=\"elementor-column elementor-col-100 elementor-top-column elementor-element elementor-element-e314510\" data-id=\"e314510\" data-element_type=\"column\">\n\t\t\t<div class=\"elementor-widget-wrap elementor-element-populated\">\n\t\t\t\t\t\t<div class=\"elementor-element elementor-element-49f49dc elementor-widget elementor-widget-text-editor\" data-id=\"49f49dc\" data-element_type=\"widget\" data-widget_type=\"text-editor.default\">\n\t\t\t\t<div class=\"elementor-widget-container\">\n\t\t\t\t\t\t\t<div><strong><em>Expediente:<\/em><\/strong><\/div>\n<div><em><strong>Reportagem:<\/strong> Alice dos Santos, Luis Gustavo Santos Jr e Samara Wobeto, acad\u00eamicos de Jornalismo;<\/em><\/div>\n<div><em><strong>Ilustra\u00e7\u00e3o e diagrama\u00e7\u00e3o:<\/strong> Filipe Duarte, acad\u00eamico de Desenho Industrial.<\/em><br><i>Conte\u00fados produzidos para a 12\u00aa edi\u00e7\u00e3o da Revista Arco (Dezembro 2021).<\/i><\/div>\t\t\t\t\t\t<\/div>\n\t\t\t\t<\/div>\n\t\t\t\t\t<\/div>\n\t\t<\/div>\n\t\t\t\t\t<\/div>\n\t\t<\/section>\n\t\t\t\t<\/div>\n\t\t","protected":false},"excerpt":{"rendered":"<p>A cada edi\u00e7\u00e3o, a se\u00e7\u00e3o Curiosidades responde \u00e0quelas<br \/>\nquest\u00f5es que voc\u00ea sempre quis saber se eram mitos ou<br \/>\nverdades e conta hist\u00f3rias singulares sobre a UFSM<\/p>\n","protected":false},"author":5006,"featured_media":9046,"comment_status":"closed","ping_status":"closed","sticky":false,"template":"","format":"standard","meta":{"footnotes":""},"categories":[4856,4938],"tags":[4858,4939,4201,34,4940,4941,4340],"class_list":["post-9042","post","type-post","status-publish","format-standard","has-post-thumbnail","hentry","category-12a-edicao","category-curiosidades-12a-edicao","tag-12a-edicao","tag-ana-primavesi","tag-curiosidade-2","tag-curiosidades","tag-primeira-reitoria-ufsm","tag-sorbonne-do-sul","tag-ufsm-60-anos"],"acf":[],"_links":{"self":[{"href":"https:\/\/www.ufsm.br\/midias\/arco\/wp-json\/wp\/v2\/posts\/9042","targetHints":{"allow":["GET"]}}],"collection":[{"href":"https:\/\/www.ufsm.br\/midias\/arco\/wp-json\/wp\/v2\/posts"}],"about":[{"href":"https:\/\/www.ufsm.br\/midias\/arco\/wp-json\/wp\/v2\/types\/post"}],"author":[{"embeddable":true,"href":"https:\/\/www.ufsm.br\/midias\/arco\/wp-json\/wp\/v2\/users\/5006"}],"replies":[{"embeddable":true,"href":"https:\/\/www.ufsm.br\/midias\/arco\/wp-json\/wp\/v2\/comments?post=9042"}],"version-history":[{"count":0,"href":"https:\/\/www.ufsm.br\/midias\/arco\/wp-json\/wp\/v2\/posts\/9042\/revisions"}],"wp:featuredmedia":[{"embeddable":true,"href":"https:\/\/www.ufsm.br\/midias\/arco\/wp-json\/wp\/v2\/media\/9046"}],"wp:attachment":[{"href":"https:\/\/www.ufsm.br\/midias\/arco\/wp-json\/wp\/v2\/media?parent=9042"}],"wp:term":[{"taxonomy":"category","embeddable":true,"href":"https:\/\/www.ufsm.br\/midias\/arco\/wp-json\/wp\/v2\/categories?post=9042"},{"taxonomy":"post_tag","embeddable":true,"href":"https:\/\/www.ufsm.br\/midias\/arco\/wp-json\/wp\/v2\/tags?post=9042"}],"curies":[{"name":"wp","href":"https:\/\/api.w.org\/{rel}","templated":true}]}}