{"id":9049,"date":"2022-03-04T14:39:51","date_gmt":"2022-03-04T17:39:51","guid":{"rendered":"https:\/\/www.ufsm.br\/midias\/arco\/?p=9049"},"modified":"2022-04-11T11:17:48","modified_gmt":"2022-04-11T14:17:48","slug":"carta-dos-editores-2","status":"publish","type":"post","link":"https:\/\/www.ufsm.br\/midias\/arco\/carta-dos-editores-2","title":{"rendered":"Carta dos Editores"},"content":{"rendered":"\t\t<div data-elementor-type=\"wp-post\" data-elementor-id=\"9049\" class=\"elementor elementor-9049\">\n\t\t\t\t\t\t<section class=\"elementor-section elementor-top-section elementor-element elementor-element-643d4bf elementor-section-boxed elementor-section-height-default elementor-section-height-default\" data-id=\"643d4bf\" data-element_type=\"section\">\n\t\t\t\t\t\t<div class=\"elementor-container elementor-column-gap-default\">\n\t\t\t\t\t<div class=\"elementor-column elementor-col-100 elementor-top-column elementor-element elementor-element-f10c649\" data-id=\"f10c649\" data-element_type=\"column\">\n\t\t\t<div class=\"elementor-widget-wrap elementor-element-populated\">\n\t\t\t\t\t\t<div class=\"elementor-element elementor-element-6e852f0 elementor-widget elementor-widget-text-editor\" data-id=\"6e852f0\" data-element_type=\"widget\" data-widget_type=\"text-editor.default\">\n\t\t\t\t<div class=\"elementor-widget-container\">\n\t\t\t\t\t\t\t<p>Esta \u00e9 uma edi\u00e7\u00e3o especial da <b><i>Arco<\/i><\/b>: produzimos uma revista dedicada a celebrar os 60 anos da UFSM, completados em dezembro de 2020. N\u00e3o s\u00f3 no dossi\u00ea, mas em todo este 12\u00ba n\u00famero, nossas reportagens mesclam passado, presente e futuro, evidenciando pessoas, projetos e pesquisas relevantes da nossa hist\u00f3ria\u00a0institucional.<\/p>\t\t\t\t\t\t<\/div>\n\t\t\t\t<\/div>\n\t\t\t\t\t<\/div>\n\t\t<\/div>\n\t\t\t\t\t<\/div>\n\t\t<\/section>\n\t\t\t\t<section class=\"elementor-section elementor-top-section elementor-element elementor-element-c79e723 elementor-section-boxed elementor-section-height-default elementor-section-height-default\" data-id=\"c79e723\" data-element_type=\"section\">\n\t\t\t\t\t\t<div class=\"elementor-container elementor-column-gap-default\">\n\t\t\t\t\t<div class=\"elementor-column elementor-col-100 elementor-top-column elementor-element elementor-element-c3bc4d1\" data-id=\"c3bc4d1\" data-element_type=\"column\">\n\t\t\t<div class=\"elementor-widget-wrap elementor-element-populated\">\n\t\t\t\t\t\t<div class=\"elementor-element elementor-element-9b93aad elementor-widget elementor-widget-image\" data-id=\"9b93aad\" data-element_type=\"widget\" data-widget_type=\"image.default\">\n\t\t\t\t<div class=\"elementor-widget-container\">\n\t\t\t\t\t\t\t\t\t\t\t\t\t<img fetchpriority=\"high\" decoding=\"async\" width=\"1024\" height=\"668\" src=\"https:\/\/www.ufsm.br\/app\/uploads\/sites\/601\/2022\/03\/Capa_Carta_dos_Editores-1024x668.jpg\" class=\"attachment-large size-large wp-image-9048\" alt=\"Ilustra\u00e7\u00e3o horizontal e colorida de uma paisagem que mescla passado, presente e futuro. Na parte esquerda, ao fundo, pr\u00e9dio antigo de dois andares e paredes beges, com arquitetura francesa em c\u00fapulas e janelas e portas arredondadas. Abaixo, bosque de \u00e1rvores com copa densa. Na frente, um arco azul liga dois gramados, formando uma esp\u00e9cie de ponte-passarela. Ao lado, casa de madeira branca e telhado marrom, com uma porta e uma janela, em frente a uma montanha marrom e com gramado, flores e pedras em frente. Ao lado da montanha, um sol amarelo. Ao lado da casa, globo terrestre grande sobre estrutura branca. Ao lado, pr\u00e9dio de um andar branco com pilares e detalhes em amarelo. H\u00e1 uma picha\u00e7\u00e3o preta. H\u00e1 um livro abaixo da constru\u00e7\u00e3o e um flutuando acima dela. Na frente do pr\u00e9dio, caminho cinza e gramado. Atr\u00e1s, montanha grande e marrom. Ao lado, livros e um rel\u00f3gio flutuam. Acima da montanha, sinal de conex\u00e3o com tr\u00eas semi c\u00edrculos sobrepostos, o pequeno do centro e o grande para fora. Ligados ao sinal, retas e pontos. Abaixo, balan\u00e7a de pesos dourada. A\u00ed lado, microsc\u00f3pio branco. Ao lado, posto de combust\u00edvel el\u00e9trico com estrutura branca. Atr\u00e1s, montanha marrom. Acima, disco voador branco. Ao lado da montanha, um sinal de mais em vermelho. Abaixo do gramado, v\u00ea-se o subsolo marrom avermelhado. Abaixo da balan\u00e7a e do microsc\u00f3pio, osso de animal. Acima, o c\u00e9u azul com nuvens brancas e finas. No canto superior direito, tr\u00eas cora\u00e7\u00f5es vermelhos enfileirados.\" srcset=\"https:\/\/www.ufsm.br\/app\/uploads\/sites\/601\/2022\/03\/Capa_Carta_dos_Editores-1024x668.jpg 1024w, https:\/\/www.ufsm.br\/app\/uploads\/sites\/601\/2022\/03\/Capa_Carta_dos_Editores-300x196.jpg 300w, https:\/\/www.ufsm.br\/app\/uploads\/sites\/601\/2022\/03\/Capa_Carta_dos_Editores-768x501.jpg 768w, https:\/\/www.ufsm.br\/app\/uploads\/sites\/601\/2022\/03\/Capa_Carta_dos_Editores.jpg 1458w\" sizes=\"(max-width: 1024px) 100vw, 1024px\" \/>\t\t\t\t\t\t\t\t\t\t\t\t\t<\/div>\n\t\t\t\t<\/div>\n\t\t\t\t\t<\/div>\n\t\t<\/div>\n\t\t\t\t\t<\/div>\n\t\t<\/section>\n\t\t\t\t<section class=\"elementor-section elementor-top-section elementor-element elementor-element-718cba6 elementor-section-boxed elementor-section-height-default elementor-section-height-default\" data-id=\"718cba6\" data-element_type=\"section\">\n\t\t\t\t\t\t<div class=\"elementor-container elementor-column-gap-default\">\n\t\t\t\t\t<div class=\"elementor-column elementor-col-100 elementor-top-column elementor-element elementor-element-a0f1b98\" data-id=\"a0f1b98\" data-element_type=\"column\">\n\t\t\t<div class=\"elementor-widget-wrap elementor-element-populated\">\n\t\t\t\t\t\t<div class=\"elementor-element elementor-element-47cac55 elementor-widget elementor-widget-text-editor\" data-id=\"47cac55\" data-element_type=\"widget\" data-widget_type=\"text-editor.default\">\n\t\t\t\t<div class=\"elementor-widget-container\">\n\t\t\t\t\t\t\t<div><p>O <strong>passado<\/strong> da Universidade, desde sua origem, est\u00e1 na se\u00e7\u00e3o <a href=\"https:\/\/www.ufsm.br\/midias\/arco\/o-despertar-do-conhecimento\/\">Como Surgiu<\/a>, nos\u00a0<a href=\"https:\/\/www.ufsm.br\/midias\/arco\/fim-de-festa\/\" target=\"_blank\" rel=\"noopener\">quadrinhos sobre a extinta boate do DCE<\/a>, na indica\u00e7\u00e3o de quatro obras sobre a UFSM, nas compara\u00e7\u00f5es de temporalidade de imagens no Ensaio do professor Rafael Beltrame, nas\u00a0Recorda\u00e7\u00f5es de <a href=\"https:\/\/www.ufsm.br\/midias\/arco\/ferramenta-de-luta\/\">Rodrigo Kuaray Mariano<\/a>, egresso de Direito, e de <a href=\"https:\/\/www.ufsm.br\/midias\/arco\/educacao-popular-como-alternativa\/\">Andressa Motter<\/a>, egressa de Jornalismo e ex-rep\u00f3rter da Arco. O passado tamb\u00e9m se faz\u00a0presente na\u00a0<a href=\"https:\/\/www.ufsm.br\/midias\/arco\/ufsm-60-anos-de-pesquisa-e-desenvolvimento-a-servico-da-sociedade\/\" target=\"_blank\" rel=\"noopener\">primeira etapa do dossi\u00ea<\/a>, focado nas d\u00e9cadas iniciais de pesquisa da nossa institui\u00e7\u00e3o.\u00a0<\/p><\/div><p>O <strong>presente<\/strong> se traduz na import\u00e2ncia dos Geoparques para o desenvolvimento da comunidade regional, mas tamb\u00e9m em iniciativas recentes, como o programa Rede B\u00e1sica, voltado para o uso das m\u00eddias na educa\u00e7\u00e3o, e o\u00a0<a href=\"https:\/\/www.ufsm.br\/midias\/arco\/inovacao-no-reconhecimento-de-bacterias\/\" target=\"_blank\" rel=\"noopener\">Auftek<\/a>, dispositivo criado por estudantes do doutorado em Engenharia El\u00e9trica para detectar bact\u00e9rias.<\/p><p><span style=\"color: #000000;font-size: 1rem;text-align: var(--bs-body-text-align);background-color: var(--bs-body-bg)\">Para discutir o <\/span><a style=\"font-size: 1rem;background-color: var(--bs-body-bg);text-align: var(--bs-body-text-align)\" href=\"https:\/\/www.ufsm.br\/midias\/arco\/compromisso-com-o-futuro-em-favor-da-terra\/\"><strong style=\"color: #000000;font-size: 1rem;background-color: var(--bs-body-bg);text-align: var(--bs-body-text-align)\">futuro<\/strong><\/a><span style=\"color: #000000;font-size: 1rem;text-align: var(--bs-body-text-align);background-color: var(--bs-body-bg)\">, fizemos um exerc\u00edcio de reflex\u00e3o de como ser\u00e1 a Institui\u00e7\u00e3o em 2030, a partir dos Objetivos de Desenvolvimento Sustent\u00e1vel (ODS). Projetamos, com a ajuda de especialistas, avan\u00e7os no uso da energia. Quem tamb\u00e9m apresenta uma vers\u00e3o alternativa de futuro \u00e9 o professor En\u00e9ias Tavares, que, a convite da Arco, redigiu \u2018Conex\u00e3o Retrofuturista\u2019 para nossa se\u00e7\u00e3o Escritos.<\/span><\/p><p><span style=\"color: #000000;font-size: 1rem;background-color: var(--bs-body-bg);text-align: var(--bs-body-text-align)\">O sexag\u00e9simo anivers\u00e1rio da Universidade foi celebrado no momento em que vivemos a pandemia da Covid-19. Por isso, um projeto desenvolvido a partir do cen\u00e1rio pand\u00eamico foi destacado em uma entrevista com a professora Terimar Moresco, sobre o UFSM Detecta, projeto do campus de Palmeira das Miss\u00f5es; e na editoria Volver, apresentando a carreira de Deisy Ventura, egressa da institui\u00e7\u00e3o e atualmente docente da USP. Ela tem sido refer\u00eancia durante a crise sanit\u00e1ria da Covid-19 no Brasil em temas relacionados aos direitos humanos.<\/span><\/p><p>O coronav\u00edrus fez com que quest\u00f5es cient\u00edficas se aproximassem de todos os cidad\u00e3os e passassem a ser o principal assunto nas nossas vidas desde mar\u00e7o de 2020. Dessa forma, a crise provocada pela Covid-19 fez com que as universidades p\u00fablicas real\u00e7assem qual \u00e9 a import\u00e2ncia da ci\u00eancia para ajudar na solu\u00e7\u00e3o de problemas sociais, pois s\u00e3o os pesquisadores dessas institui\u00e7\u00f5es que t\u00eam buscado responder \u00e0s ang\u00fastias e aos anseios da sociedade para a supera\u00e7\u00e3o da pandemia.<\/p><p>A Arco, h\u00e1 mais de oito anos, tem como miss\u00e3o popularizar as pesquisas e projetos da UFSM. Em 2021, juntamente com um grupo de colegas comunicadores da institui\u00e7\u00e3o, resolvemos expandir este desafio por meio de um projeto estrat\u00e9gico chamado UFSM Divulga Ci\u00eancia, que visa propor a\u00e7\u00f5es para divulgar as pesquisas desenvolvidas na Universidade. O papel dos nossos pesquisadores \u00e9 fundamental nessa empreitada, pois pretendemos diminuir o desconhecimento da comunidade em rela\u00e7\u00e3o ao que se faz dentro da institui\u00e7\u00e3o, para que a universidade p\u00fablica e a ci\u00eancia brasileira recebam a valoriza\u00e7\u00e3o devida. Esta edi\u00e7\u00e3o chega, portanto, para\u00a0demonstrar a pot\u00eancia da nossa institui\u00e7\u00e3o, que desde 1961 tem buscado criar e fortalecer o v\u00ednculo entre a academia e a sociedade. Boa Leitura!<\/p>\t\t\t\t\t\t<\/div>\n\t\t\t\t<\/div>\n\t\t\t\t\t<\/div>\n\t\t<\/div>\n\t\t\t\t\t<\/div>\n\t\t<\/section>\n\t\t\t\t<section class=\"elementor-section elementor-top-section elementor-element elementor-element-1fedc40 elementor-section-boxed elementor-section-height-default elementor-section-height-default\" data-id=\"1fedc40\" data-element_type=\"section\">\n\t\t\t\t\t\t<div class=\"elementor-container elementor-column-gap-default\">\n\t\t\t\t\t<div class=\"elementor-column elementor-col-100 elementor-top-column elementor-element elementor-element-d7fe3c7\" data-id=\"d7fe3c7\" data-element_type=\"column\">\n\t\t\t<div class=\"elementor-widget-wrap elementor-element-populated\">\n\t\t\t\t\t\t<div class=\"elementor-element elementor-element-b65e485 elementor-widget elementor-widget-text-editor\" data-id=\"b65e485\" data-element_type=\"widget\" data-widget_type=\"text-editor.default\">\n\t\t\t\t<div class=\"elementor-widget-container\">\n\t\t\t\t\t\t\t<div><strong><em>Expediente:<\/em><\/strong><\/div>\n<div><em><strong>Texto:<\/strong> Luciane Treulieb e Maur\u00edcio Dias, Editores da Arco;<\/em><\/div>\n<div><em><strong>Ilustra\u00e7\u00e3o e Diagrama\u00e7\u00e3o:<\/strong> Luiz Figueir\u00f3, acad\u00eamico de Desenho Industrial<\/em><br><em style=\"color: #000000;font-size: 16px\">Conte\u00fado produzido para a 12\u00aa edi\u00e7\u00e3o impressa da Revista Arco (Dezembro 2021)<\/em><em><br><\/em><\/div>\t\t\t\t\t\t<\/div>\n\t\t\t\t<\/div>\n\t\t\t\t\t<\/div>\n\t\t<\/div>\n\t\t\t\t\t<\/div>\n\t\t<\/section>\n\t\t\t\t<\/div>\n\t\t","protected":false},"excerpt":{"rendered":"<p>Esta \u00e9 uma edi\u00e7\u00e3o especial da Arco: produzimos uma revista dedicada a celebrar os 60 anos da UFSM, completados em dezembro de 2020. N\u00e3o s\u00f3 no dossi\u00ea, mas em todo este 12\u00ba n\u00famero, nossas reportagens mesclam passado, presente e futuro, evidenciando pessoas, projetos e pesquisas relevantes da nossa hist\u00f3ria\u00a0institucional. O passado da Universidade, desde sua [&hellip;]<\/p>\n","protected":false},"author":5006,"featured_media":9048,"comment_status":"closed","ping_status":"closed","sticky":false,"template":"","format":"standard","meta":{"footnotes":""},"categories":[4856,4942],"tags":[4858,4172,4173,4174,4881,4340,4873],"class_list":["post-9049","post","type-post","status-publish","format-standard","has-post-thumbnail","hentry","category-12a-edicao","category-carta-dos-editores-12a-edicao","tag-12a-edicao","tag-futuro","tag-passado","tag-presente","tag-revista-impressa","tag-ufsm-60-anos","tag-ufsm-passado-presente-e-futuro"],"acf":[],"_links":{"self":[{"href":"https:\/\/www.ufsm.br\/midias\/arco\/wp-json\/wp\/v2\/posts\/9049","targetHints":{"allow":["GET"]}}],"collection":[{"href":"https:\/\/www.ufsm.br\/midias\/arco\/wp-json\/wp\/v2\/posts"}],"about":[{"href":"https:\/\/www.ufsm.br\/midias\/arco\/wp-json\/wp\/v2\/types\/post"}],"author":[{"embeddable":true,"href":"https:\/\/www.ufsm.br\/midias\/arco\/wp-json\/wp\/v2\/users\/5006"}],"replies":[{"embeddable":true,"href":"https:\/\/www.ufsm.br\/midias\/arco\/wp-json\/wp\/v2\/comments?post=9049"}],"version-history":[{"count":0,"href":"https:\/\/www.ufsm.br\/midias\/arco\/wp-json\/wp\/v2\/posts\/9049\/revisions"}],"wp:featuredmedia":[{"embeddable":true,"href":"https:\/\/www.ufsm.br\/midias\/arco\/wp-json\/wp\/v2\/media\/9048"}],"wp:attachment":[{"href":"https:\/\/www.ufsm.br\/midias\/arco\/wp-json\/wp\/v2\/media?parent=9049"}],"wp:term":[{"taxonomy":"category","embeddable":true,"href":"https:\/\/www.ufsm.br\/midias\/arco\/wp-json\/wp\/v2\/categories?post=9049"},{"taxonomy":"post_tag","embeddable":true,"href":"https:\/\/www.ufsm.br\/midias\/arco\/wp-json\/wp\/v2\/tags?post=9049"}],"curies":[{"name":"wp","href":"https:\/\/api.w.org\/{rel}","templated":true}]}}