{"id":9134,"date":"2022-03-25T08:55:05","date_gmt":"2022-03-25T11:55:05","guid":{"rendered":"https:\/\/www.ufsm.br\/midias\/arco\/?p=9134"},"modified":"2022-03-28T09:54:26","modified_gmt":"2022-03-28T12:54:26","slug":"trabalho-noturno-influencia-sono-saude-profissionais-enfermagem","status":"publish","type":"post","link":"https:\/\/www.ufsm.br\/midias\/arco\/trabalho-noturno-influencia-sono-saude-profissionais-enfermagem","title":{"rendered":"Trabalho noturno: Influ\u00eancia do sono na sa\u00fade dos\u00a0 profissionais da Enfermagem"},"content":{"rendered":"\t\t<div data-elementor-type=\"wp-post\" data-elementor-id=\"9134\" class=\"elementor elementor-9134\">\n\t\t\t\t\t\t<section class=\"elementor-section elementor-top-section elementor-element elementor-element-b8a6eac elementor-section-boxed elementor-section-height-default elementor-section-height-default\" data-id=\"b8a6eac\" data-element_type=\"section\">\n\t\t\t\t\t\t<div class=\"elementor-container elementor-column-gap-default\">\n\t\t\t\t\t<div class=\"elementor-column elementor-col-100 elementor-top-column elementor-element elementor-element-ae3b872\" data-id=\"ae3b872\" data-element_type=\"column\">\n\t\t\t<div class=\"elementor-widget-wrap elementor-element-populated\">\n\t\t\t\t\t\t<div class=\"elementor-element elementor-element-c2b61ba elementor-widget elementor-widget-text-editor\" data-id=\"c2b61ba\" data-element_type=\"widget\" data-widget_type=\"text-editor.default\">\n\t\t\t\t<div class=\"elementor-widget-container\">\n\t\t\t\t\t\t\t<p><span id=\"docs-internal-guid-f94bc763-7fff-2e8e-af71-f184ee7303e2\"><span style=\"font-size: 12pt;font-family: Arial;color: #000000;background-color: transparent;vertical-align: baseline\">Com a era industrial e o aumento das atividades, surgiu tamb\u00e9m a divis\u00e3o do trabalho em turnos. Esse formato \u00e9 uma forma de organizar o trabalho em jornadas, que podem ser em hor\u00e1rios distintos do dia ou da noite, de maneira fixa ou em forma de rod\u00edzio. Na \u00e1rea da sa\u00fade, essa divis\u00e3o \u00e9 necess\u00e1ria para oferecer atendimento 24 horas &#8211; no entanto, estudos mostram que trabalhadores\u00a0 do turno noturno podem ter sua sa\u00fade\u00a0 e a vida pessoal comprometida. <\/span><\/span><\/p>\t\t\t\t\t\t<\/div>\n\t\t\t\t<\/div>\n\t\t\t\t\t<\/div>\n\t\t<\/div>\n\t\t\t\t\t<\/div>\n\t\t<\/section>\n\t\t\t\t<section class=\"elementor-section elementor-top-section elementor-element elementor-element-d770937 elementor-section-boxed elementor-section-height-default elementor-section-height-default\" data-id=\"d770937\" data-element_type=\"section\">\n\t\t\t\t\t\t<div class=\"elementor-container elementor-column-gap-default\">\n\t\t\t\t\t<div class=\"elementor-column elementor-col-100 elementor-top-column elementor-element elementor-element-55d4968\" data-id=\"55d4968\" data-element_type=\"column\">\n\t\t\t<div class=\"elementor-widget-wrap elementor-element-populated\">\n\t\t\t\t\t\t<div class=\"elementor-element elementor-element-20f3574 elementor-widget elementor-widget-image\" data-id=\"20f3574\" data-element_type=\"widget\" data-widget_type=\"image.default\">\n\t\t\t\t<div class=\"elementor-widget-container\">\n\t\t\t\t\t\t\t\t\t\t\t\t\t<img fetchpriority=\"high\" decoding=\"async\" width=\"1024\" height=\"576\" src=\"https:\/\/www.ufsm.br\/app\/uploads\/sites\/601\/2022\/03\/gif-site-1024x576.gif\" class=\"attachment-large size-large wp-image-9138\" alt=\"Gif horizontal e colorido, que repete tr\u00eas imagens. A primeira \u00e9 de um cirurgi\u00e3o em primeiro plano; \u00e9 um homem de pele negra, olhos e sobrancelhas escuras; est\u00e1 com um aspecto cansado; usa touca e m\u00e1scara cir\u00fargicas azul claro, e veste um scrubs azul de mangas compridas. Ao fundo, parece azul beb\u00ea, com um rel\u00f3gio preto e branco que marca 3h40min; ao lado direito do homem, bal\u00e3o de pensamento com o desenho de uma casa. A segunda imagem \u00e9 de um enfermeiro que segura uma prancha de madeira; ele tem pele branca, olhos e sobrancelhas castanhas, cabelos lisos, curtos e castanhos e barba na mesma cor; usa m\u00e1scara pff na cor azul claro e veste scrubs de manga comprida na cor verde acinzentado; nas m\u00e3os, uma prancheta e uma caneta. Ao fundo, parece cinza; cortina azul; janela de vidro com a cidade noturna ao fundo; e na parede, rel\u00f3gio digital horizontal que marca 4h50min. A terceira imagem \u00e9 de uma m\u00e9dica; ela tem pele branca, olhos e sobrancelhas castanhas; cabelos lisos, castanho escuros e compridos; tem olheiras escuras abaixo dos olhos; usa m\u00e1scara pff verde turquesa; veste scrubs de mangas compridas verde acinzentado; tem um estetosc\u00f3pio preto ao redor do pesco\u00e7o. Ao fundo, parede cinza m\u00e9dio, uma janela de vidro com a cidade noturna ao fundo, um rel\u00f3gio preto que marca 5h10min e uma planta no canto esquerdo.\" srcset=\"https:\/\/www.ufsm.br\/app\/uploads\/sites\/601\/2022\/03\/gif-site-1024x576.gif 1024w, https:\/\/www.ufsm.br\/app\/uploads\/sites\/601\/2022\/03\/gif-site-300x169.gif 300w, https:\/\/www.ufsm.br\/app\/uploads\/sites\/601\/2022\/03\/gif-site-768x432.gif 768w, https:\/\/www.ufsm.br\/app\/uploads\/sites\/601\/2022\/03\/gif-site-1536x864.gif 1536w\" sizes=\"(max-width: 1024px) 100vw, 1024px\" \/>\t\t\t\t\t\t\t\t\t\t\t\t\t<\/div>\n\t\t\t\t<\/div>\n\t\t\t\t\t<\/div>\n\t\t<\/div>\n\t\t\t\t\t<\/div>\n\t\t<\/section>\n\t\t\t\t<section class=\"elementor-section elementor-top-section elementor-element elementor-element-01219ff elementor-section-boxed elementor-section-height-default elementor-section-height-default\" data-id=\"01219ff\" data-element_type=\"section\">\n\t\t\t\t\t\t<div class=\"elementor-container elementor-column-gap-default\">\n\t\t\t\t\t<div class=\"elementor-column elementor-col-100 elementor-top-column elementor-element elementor-element-f281c47\" data-id=\"f281c47\" data-element_type=\"column\">\n\t\t\t<div class=\"elementor-widget-wrap elementor-element-populated\">\n\t\t\t\t\t\t<div class=\"elementor-element elementor-element-4aefc33 elementor-widget elementor-widget-text-editor\" data-id=\"4aefc33\" data-element_type=\"widget\" data-widget_type=\"text-editor.default\">\n\t\t\t\t<div class=\"elementor-widget-container\">\n\t\t\t\t\t\t\t<p dir=\"ltr\" style=\"line-height: 1.295;text-align: justify;margin-top: 0pt;margin-bottom: 8pt\"><span style=\"font-size: 12pt;font-family: Arial;color: #000000;background-color: transparent;font-weight: 400;font-style: normal;font-variant: normal;text-decoration: none;vertical-align: baseline\">Um estudo realizado em 2021 pela doutoranda em enfermagem da Universidade Federal de Santa Maria (UFSM), Ariane Cattani, constatou o predom\u00ednio de profissionais noturnos com m\u00e1 qualidade de sono e mais favor\u00e1veis ao surgimento de doen\u00e7as.<\/span><\/p>\n<p><b id=\"docs-internal-guid-a8770dca-7fff-5f92-c057-ffdba7791361\" style=\"font-weight: normal\">&nbsp;<\/b><\/p>\n<p dir=\"ltr\" style=\"line-height: 1.295;text-align: justify;margin-top: 0pt;margin-bottom: 8pt\"><span style=\"font-size: 12pt;font-family: Arial;color: #000000;background-color: transparent;font-weight: 400;font-style: normal;font-variant: normal;text-decoration: none;vertical-align: baseline\">A altern\u00e2ncia do dia e da noite, denominada ritmo circadiano, \u00e9 o que determina o ritmo biol\u00f3gico e realiza a oscila\u00e7\u00e3o satisfat\u00f3ria das fun\u00e7\u00f5es corporais.. Como explica a doutoranda, que tamb\u00e9m participa do Grupo de Pesquisa em Sa\u00fade do Trabalhador, Trabalho e Bem Estar, esse ritmo \u00e9 respons\u00e1vel pelos n\u00edveis elevados de atividade durante o dia, momento prop\u00edcio para maior disposi\u00e7\u00e3o. O ciclo circadiano ainda \u00e9 influenciado por fatores ambientais como a temperatura, clima e exposi\u00e7\u00e3o luminosa, al\u00e9m de quest\u00f5es sociais como hor\u00e1rio de servi\u00e7o, hor\u00e1rio de alimenta\u00e7\u00e3o e outras atividades que fazem parte da vida cotidiana.&nbsp;<\/span><\/p>\n<p><\/p>\n<p dir=\"ltr\" style=\"line-height: 1.295;text-align: justify;margin-top: 0pt;margin-bottom: 8pt\"><span style=\"font-size: 12pt;font-family: Arial;color: #000000;background-color: transparent;font-weight: 400;font-style: normal;font-variant: normal;text-decoration: none;vertical-align: baseline\">Os enfermeiros, m\u00e9dicos e demais trabalhadores da sa\u00fade que atuam durante a noite t\u00eam seu ciclo alterado. Alguns conseguem adaptar-se facilmente, j\u00e1 outros n\u00e3o. Isso pode ser explicado pelo cronotipo: cada indiv\u00edduo tem um diferente, o que significa que algumas pessoas s\u00e3o mais ativas durante o dia, e outras, \u00e0 noite.<\/span><\/p>\t\t\t\t\t\t<\/div>\n\t\t\t\t<\/div>\n\t\t\t\t\t<\/div>\n\t\t<\/div>\n\t\t\t\t\t<\/div>\n\t\t<\/section>\n\t\t\t\t<section class=\"elementor-section elementor-top-section elementor-element elementor-element-33433b4 elementor-section-boxed elementor-section-height-default elementor-section-height-default\" data-id=\"33433b4\" data-element_type=\"section\">\n\t\t\t\t\t\t<div class=\"elementor-container elementor-column-gap-default\">\n\t\t\t\t\t<div class=\"elementor-column elementor-col-100 elementor-top-column elementor-element elementor-element-67f6a54\" data-id=\"67f6a54\" data-element_type=\"column\">\n\t\t\t<div class=\"elementor-widget-wrap elementor-element-populated\">\n\t\t\t\t\t\t<div class=\"elementor-element elementor-element-87ec9a8 elementor-widget elementor-widget-text-editor\" data-id=\"87ec9a8\" data-element_type=\"widget\" data-widget_type=\"text-editor.default\">\n\t\t\t\t<div class=\"elementor-widget-container\">\n\t\t\t\t\t\t\t<table style=\"border-collapse: collapse;width: 100%\"><tbody><tr><td style=\"width: 100%\"><strong>Cronotipo matutino:<\/strong> o pico de produ\u00e7\u00e3o de melatonina ocorre antes da meia-noite. S\u00e3o indiv\u00edduos que precisam ir para a cama cedo e s\u00e3o mais ativos nas primeiras horas do dia. Em geral, dormem entre as 22h e 6h da manh\u00e3.<br style=\"color: #3c4043;font-family: Roboto, RobotoDraft, Helvetica, Arial, sans-serif;font-size: 14px;letter-spacing: 0.2px;background-color: #ffffff\" \/><br style=\"color: #3c4043;font-family: Roboto, RobotoDraft, Helvetica, Arial, sans-serif;font-size: 14px;letter-spacing: 0.2px;background-color: #ffffff\" \/><span style=\"color: #3c4043;font-family: Roboto, RobotoDraft, Helvetica, Arial, sans-serif;font-size: 14px;letter-spacing: 0.2px;background-color: #ffffff\"><strong>Cronotipo vespertino:<\/strong> o pico acontece bem mais tarde, \u00e0s 6h da manh\u00e3. S\u00e3o aquelas pessoas que rendem melhor \u00e0 noite, mas precisam prolongar o descanso at\u00e9 o in\u00edcio da manh\u00e3. O hor\u00e1rio de sono costuma ser entre 3h e 11h.<\/span><br style=\"color: #3c4043;font-family: Roboto, RobotoDraft, Helvetica, Arial, sans-serif;font-size: 14px;letter-spacing: 0.2px;background-color: #ffffff\" \/><br style=\"color: #3c4043;font-family: Roboto, RobotoDraft, Helvetica, Arial, sans-serif;font-size: 14px;letter-spacing: 0.2px;background-color: #ffffff\" \/><span style=\"color: #3c4043;font-family: Roboto, RobotoDraft, Helvetica, Arial, sans-serif;font-size: 14px;letter-spacing: 0.2px;background-color: #ffffff\"><strong>Cronotipo intermedi\u00e1rio:<\/strong> O pico de melatonina ocorre \u00e0s 3h da manh\u00e3. Dormem geralmente entre meia-noite e 8h da manh\u00e3, mas se adaptam bem aos diferentes turnos de trabalho.<\/span><\/td><\/tr><\/tbody><\/table>\t\t\t\t\t\t<\/div>\n\t\t\t\t<\/div>\n\t\t\t\t\t<\/div>\n\t\t<\/div>\n\t\t\t\t\t<\/div>\n\t\t<\/section>\n\t\t\t\t<section class=\"elementor-section elementor-top-section elementor-element elementor-element-71345d6 elementor-section-boxed elementor-section-height-default elementor-section-height-default\" data-id=\"71345d6\" data-element_type=\"section\">\n\t\t\t\t\t\t<div class=\"elementor-container elementor-column-gap-default\">\n\t\t\t\t\t<div class=\"elementor-column elementor-col-100 elementor-top-column elementor-element elementor-element-15a0092\" data-id=\"15a0092\" data-element_type=\"column\">\n\t\t\t<div class=\"elementor-widget-wrap elementor-element-populated\">\n\t\t\t\t\t\t<div class=\"elementor-element elementor-element-b792619 elementor-widget elementor-widget-text-editor\" data-id=\"b792619\" data-element_type=\"widget\" data-widget_type=\"text-editor.default\">\n\t\t\t\t<div class=\"elementor-widget-container\">\n\t\t\t\t\t\t\t<p dir=\"ltr\" style=\"line-height: 1.295;text-align: justify;margin-top: 0pt;margin-bottom: 8pt\"><span style=\"font-size: 12pt;font-family: Arial;color: #000000;background-color: transparent;font-weight: 400;font-style: normal;font-variant: normal;text-decoration: none;vertical-align: baseline\">Buscar compreender se voc\u00ea \u00e9 matutino, vespertino ou intermedi\u00e1rio pode ajudar a remediar efeitos do trabalho na vida pessoal. Ariane fala que a quebra do ciclo e a n\u00e3o adapta\u00e7\u00e3o aos hor\u00e1rios podem elevar os n\u00edveis de cortisol \u2013 o horm\u00f4nio do estresse -, o que gera consequ\u00eancias graves. Estressado, o profissional n\u00e3o atinge o desempenho esperado para sua fun\u00e7\u00e3o e aumenta as chances de erros ou acidentes de trabalho.\u00a0<\/span><\/p><p><span id=\"docs-internal-guid-8fe65744-7fff-fd3c-502a-57bdb1d48c54\">\u00a0<\/span><\/p><p dir=\"ltr\" style=\"line-height: 1.295;text-align: justify;margin-top: 0pt;margin-bottom: 8pt\"><span style=\"font-size: 12pt;font-family: Arial;color: #000000;background-color: transparent;font-weight: 400;font-style: normal;font-variant: normal;text-decoration: none;vertical-align: baseline\">O trabalho noturno exige a priva\u00e7\u00e3o do sono. Para muitas pessoas, isso pode ser prejudicial, uma vez que nem sempre conseguem repor as horas n\u00e3o dormidas durante o dia. Como informa Rosangela Marion Da Silva, enfermeira e docente do curso de enfermagem na UFSM, o sono diurno n\u00e3o tem a mesma qualidade do noturno. Isso se explica principalmente por fatores como alta luminosidade e barulho intenso. A melatonina, horm\u00f4nio que tamb\u00e9m induz o sono, \u00e9 respons\u00e1vel por administrar essa energia humana. Ela \u00e9 liberada no escuro e determina em que momento do dia o indiv\u00edduo \u00e9 mais produtivo ou desperto. Por isso, se torna dif\u00edcil suprir as horas de sono perdidas durante a noite. A enfermeira ressalta que pequenos intervalos para cochilos durante o plant\u00e3o s\u00e3o necess\u00e1rios ao profissional para evitar a exaust\u00e3o.\u00a0<\/span><\/p>\t\t\t\t\t\t<\/div>\n\t\t\t\t<\/div>\n\t\t\t\t\t<\/div>\n\t\t<\/div>\n\t\t\t\t\t<\/div>\n\t\t<\/section>\n\t\t\t\t<section class=\"elementor-section elementor-top-section elementor-element elementor-element-16ae366 elementor-section-boxed elementor-section-height-default elementor-section-height-default\" data-id=\"16ae366\" data-element_type=\"section\">\n\t\t\t\t\t\t<div class=\"elementor-container elementor-column-gap-default\">\n\t\t\t\t\t<div class=\"elementor-column elementor-col-100 elementor-top-column elementor-element elementor-element-6d1b64b\" data-id=\"6d1b64b\" data-element_type=\"column\">\n\t\t\t<div class=\"elementor-widget-wrap elementor-element-populated\">\n\t\t\t\t\t\t<div class=\"elementor-element elementor-element-4ea32cc elementor-widget elementor-widget-heading\" data-id=\"4ea32cc\" data-element_type=\"widget\" data-widget_type=\"heading.default\">\n\t\t\t\t<div class=\"elementor-widget-container\">\n\t\t\t<h3 class=\"elementor-heading-title elementor-size-default\"><span style=\"font-weight:normal\"><p dir=\"ltr\" style=\"line-height:1.295;text-align: justify;margin-top:0pt;margin-bottom:8pt\"><span style=\"font-size: 12pt;font-family: Arial;background-color: transparent;font-weight: 700;vertical-align: baseline\">Por que o sono \u00e9 necess\u00e1rio?<\/span><span style=\"font-size: 1.75rem;text-align: var(--bs-body-text-align)\"><\/span><\/p><\/span><\/h3>\t\t<\/div>\n\t\t\t\t<\/div>\n\t\t\t\t\t<\/div>\n\t\t<\/div>\n\t\t\t\t\t<\/div>\n\t\t<\/section>\n\t\t\t\t<section class=\"elementor-section elementor-top-section elementor-element elementor-element-d4c1094 elementor-section-boxed elementor-section-height-default elementor-section-height-default\" data-id=\"d4c1094\" data-element_type=\"section\">\n\t\t\t\t\t\t<div class=\"elementor-container elementor-column-gap-default\">\n\t\t\t\t\t<div class=\"elementor-column elementor-col-100 elementor-top-column elementor-element elementor-element-f74ae27\" data-id=\"f74ae27\" data-element_type=\"column\">\n\t\t\t<div class=\"elementor-widget-wrap elementor-element-populated\">\n\t\t\t\t\t\t<div class=\"elementor-element elementor-element-75350c3 elementor-widget elementor-widget-text-editor\" data-id=\"75350c3\" data-element_type=\"widget\" data-widget_type=\"text-editor.default\">\n\t\t\t\t<div class=\"elementor-widget-container\">\n\t\t\t\t\t\t\t<p><span id=\"docs-internal-guid-151a07d9-7fff-9270-483c-6a68de133406\"><span style=\"font-size: 12pt;font-family: Arial;color: #000000;background-color: transparent;vertical-align: baseline\">Para Rosangela, dormir \u00e9 fundamental para o correto desempenho das fun\u00e7\u00f5es humanas<\/span><span style=\"font-size: 12pt;font-family: Arial;color: #000000;background-color: transparent;font-style: italic;vertical-align: baseline\">: \u201cUma pessoa n\u00e3o consegue sobreviver sem dormir, esse descanso \u00e9 indispens\u00e1vel e deve ser feito da forma adequada, criando uma rotina\u201d.<\/span><span style=\"font-size: 12pt;font-family: Arial;color: #000000;background-color: transparent;vertical-align: baseline\"> O sono \u00e9 crucial para manter o equil\u00edbrio ps\u00edquico, emocional e metab\u00f3lico, restabelecendo a disposi\u00e7\u00e3o para fazer as atividades do dia a dia. Segundo a docente, o sono \u00e9 classificado como uma necessidade fisiol\u00f3gica. \u00c9 por meio dele que o organismo consegue repor as energias para funcionar por completo.<\/span><\/span><\/p>\t\t\t\t\t\t<\/div>\n\t\t\t\t<\/div>\n\t\t\t\t\t<\/div>\n\t\t<\/div>\n\t\t\t\t\t<\/div>\n\t\t<\/section>\n\t\t\t\t<section class=\"elementor-section elementor-top-section elementor-element elementor-element-bd1fa5d elementor-section-boxed elementor-section-height-default elementor-section-height-default\" data-id=\"bd1fa5d\" data-element_type=\"section\">\n\t\t\t\t\t\t<div class=\"elementor-container elementor-column-gap-default\">\n\t\t\t\t\t<div class=\"elementor-column elementor-col-100 elementor-top-column elementor-element elementor-element-9a7addc\" data-id=\"9a7addc\" data-element_type=\"column\">\n\t\t\t<div class=\"elementor-widget-wrap elementor-element-populated\">\n\t\t\t\t\t\t<div class=\"elementor-element elementor-element-ca7c3a1 elementor-widget elementor-widget-image\" data-id=\"ca7c3a1\" data-element_type=\"widget\" data-widget_type=\"image.default\">\n\t\t\t\t<div class=\"elementor-widget-container\">\n\t\t\t\t\t\t\t\t\t\t\t\t\t<img decoding=\"async\" width=\"1024\" height=\"668\" src=\"https:\/\/www.ufsm.br\/app\/uploads\/sites\/601\/2022\/03\/1-cirurgiao-1024x668.jpg\" class=\"attachment-large size-large wp-image-9137\" alt=\"Descri\u00e7\u00e3o da imagem: ilustra\u00e7\u00e3o horizontal e colorida de um cirurgi\u00e3o em primeiro plano; \u00e9 um homem de pele negra, olhos e sobrancelhas escuras; est\u00e1 com um aspecto cansado; usa touca e m\u00e1scara cir\u00fargicas azul claro, e veste um scrubs azul de mangas compridas. Ao fundo, parece azul beb\u00ea, com um rel\u00f3gio preto e branco que marca 3h40min; ao lado direito do homem, bal\u00e3o de pensamento com o desenho de uma casa.\" srcset=\"https:\/\/www.ufsm.br\/app\/uploads\/sites\/601\/2022\/03\/1-cirurgiao-1024x668.jpg 1024w, https:\/\/www.ufsm.br\/app\/uploads\/sites\/601\/2022\/03\/1-cirurgiao-300x196.jpg 300w, https:\/\/www.ufsm.br\/app\/uploads\/sites\/601\/2022\/03\/1-cirurgiao-768x501.jpg 768w, https:\/\/www.ufsm.br\/app\/uploads\/sites\/601\/2022\/03\/1-cirurgiao.jpg 1458w\" sizes=\"(max-width: 1024px) 100vw, 1024px\" \/>\t\t\t\t\t\t\t\t\t\t\t\t\t<\/div>\n\t\t\t\t<\/div>\n\t\t\t\t\t<\/div>\n\t\t<\/div>\n\t\t\t\t\t<\/div>\n\t\t<\/section>\n\t\t\t\t<section class=\"elementor-section elementor-top-section elementor-element elementor-element-41451bb elementor-section-boxed elementor-section-height-default elementor-section-height-default\" data-id=\"41451bb\" data-element_type=\"section\">\n\t\t\t\t\t\t<div class=\"elementor-container elementor-column-gap-default\">\n\t\t\t\t\t<div class=\"elementor-column elementor-col-100 elementor-top-column elementor-element elementor-element-061bdc1\" data-id=\"061bdc1\" data-element_type=\"column\">\n\t\t\t<div class=\"elementor-widget-wrap elementor-element-populated\">\n\t\t\t\t\t\t<div class=\"elementor-element elementor-element-c7f791e elementor-widget elementor-widget-text-editor\" data-id=\"c7f791e\" data-element_type=\"widget\" data-widget_type=\"text-editor.default\">\n\t\t\t\t<div class=\"elementor-widget-container\">\n\t\t\t\t\t\t\t<p><span id=\"docs-internal-guid-5de67f17-7fff-c01c-cb7d-9fadfea6bc90\"><span style=\"font-size: 12pt;font-family: Arial;color: #000000;background-color: transparent;vertical-align: baseline\">O n\u00famero ideal de horas de sono, suficiente para reparar as energias, costuma ser em m\u00e9dia de seis a oito horas por dia. Para algumas pessoas, cinco horas s\u00e3o suficientes para enfrentar as tarefas di\u00e1rias, mas outras passam o turno de trabalho cansadas se n\u00e3o dormirem o tempo adequado. <\/span><\/span><\/p>\t\t\t\t\t\t<\/div>\n\t\t\t\t<\/div>\n\t\t\t\t\t<\/div>\n\t\t<\/div>\n\t\t\t\t\t<\/div>\n\t\t<\/section>\n\t\t\t\t<section class=\"elementor-section elementor-top-section elementor-element elementor-element-1265a80 elementor-section-boxed elementor-section-height-default elementor-section-height-default\" data-id=\"1265a80\" data-element_type=\"section\">\n\t\t\t\t\t\t<div class=\"elementor-container elementor-column-gap-default\">\n\t\t\t\t\t<div class=\"elementor-column elementor-col-100 elementor-top-column elementor-element elementor-element-7fa7094\" data-id=\"7fa7094\" data-element_type=\"column\">\n\t\t\t<div class=\"elementor-widget-wrap elementor-element-populated\">\n\t\t\t\t\t\t<div class=\"elementor-element elementor-element-17b3692 elementor-widget elementor-widget-heading\" data-id=\"17b3692\" data-element_type=\"widget\" data-widget_type=\"heading.default\">\n\t\t\t\t<div class=\"elementor-widget-container\">\n\t\t\t<h3 class=\"elementor-heading-title elementor-size-default\"><span style=\"font-weight:normal\"><p dir=\"ltr\" style=\"line-height:1.295;text-align: justify;margin-top:0pt;margin-bottom:8pt\"><span style=\"font-size: 12pt;font-family: Arial;background-color: transparent;font-weight: 700;vertical-align: baseline\">Consequ\u00eancias da falta de sono:<\/span><span style=\"font-size: 1.75rem;text-align: var(--bs-body-text-align)\"><\/span><\/p><\/span><\/h3>\t\t<\/div>\n\t\t\t\t<\/div>\n\t\t\t\t\t<\/div>\n\t\t<\/div>\n\t\t\t\t\t<\/div>\n\t\t<\/section>\n\t\t\t\t<section class=\"elementor-section elementor-top-section elementor-element elementor-element-ec50f01 elementor-section-boxed elementor-section-height-default elementor-section-height-default\" data-id=\"ec50f01\" data-element_type=\"section\">\n\t\t\t\t\t\t<div class=\"elementor-container elementor-column-gap-default\">\n\t\t\t\t\t<div class=\"elementor-column elementor-col-100 elementor-top-column elementor-element elementor-element-51095f9\" data-id=\"51095f9\" data-element_type=\"column\">\n\t\t\t<div class=\"elementor-widget-wrap elementor-element-populated\">\n\t\t\t\t\t\t<div class=\"elementor-element elementor-element-6aec25f elementor-widget elementor-widget-text-editor\" data-id=\"6aec25f\" data-element_type=\"widget\" data-widget_type=\"text-editor.default\">\n\t\t\t\t<div class=\"elementor-widget-container\">\n\t\t\t\t\t\t\t<p><span id=\"docs-internal-guid-e1ead369-7fff-3189-92ce-68fbc2e07102\"><span style=\"font-size: 12pt;font-family: Arial;color: #000000;background-color: transparent;vertical-align: baseline\">Mais que um hor\u00e1rio diferente para as tarefas laborais, o turno da noite representa mudan\u00e7as na secre\u00e7\u00e3o dos horm\u00f4nios reguladores do sono e do estresse. De acordo com a doutoranda Ariane, que realizou sua pesquisa com trabalhadores do Hospital Universit\u00e1rio de Santa Maria (HUSM), o indiv\u00edduo que n\u00e3o dorme pode apresentar sinais de cansa\u00e7o, ansiedade, falta de disposi\u00e7\u00e3o e nervosismo. Ariane tamb\u00e9m constatou que o descanso contribui para a altera\u00e7\u00e3o de humor, pois uma baixa qualidade do sono gera estresse e irritabilidade. Logo, o profissional sofre altera\u00e7\u00f5es no ciclo da melatonina, o que aumenta o risco de doen\u00e7as graves. Isso acontece porque, ao trocar o dia pela noite, o ritmo biol\u00f3gico &#8211; relacionado \u00e0 luz natural &#8211;\u00a0 \u00e9 contrariado. <\/span><\/span><\/p>\t\t\t\t\t\t<\/div>\n\t\t\t\t<\/div>\n\t\t\t\t\t<\/div>\n\t\t<\/div>\n\t\t\t\t\t<\/div>\n\t\t<\/section>\n\t\t\t\t<section class=\"elementor-section elementor-top-section elementor-element elementor-element-351f402 elementor-section-boxed elementor-section-height-default elementor-section-height-default\" data-id=\"351f402\" data-element_type=\"section\">\n\t\t\t\t\t\t<div class=\"elementor-container elementor-column-gap-default\">\n\t\t\t\t\t<div class=\"elementor-column elementor-col-100 elementor-top-column elementor-element elementor-element-e69b4e1\" data-id=\"e69b4e1\" data-element_type=\"column\">\n\t\t\t<div class=\"elementor-widget-wrap elementor-element-populated\">\n\t\t\t\t\t\t<div class=\"elementor-element elementor-element-08ca4f4 elementor-widget elementor-widget-image\" data-id=\"08ca4f4\" data-element_type=\"widget\" data-widget_type=\"image.default\">\n\t\t\t\t<div class=\"elementor-widget-container\">\n\t\t\t\t\t\t\t\t\t\t\t\t\t<img decoding=\"async\" width=\"1024\" height=\"668\" src=\"https:\/\/www.ufsm.br\/app\/uploads\/sites\/601\/2022\/03\/3-medica-1024x668.jpg\" class=\"attachment-large size-large wp-image-9135\" alt=\"Descri\u00e7\u00e3o da imagem: ilustra\u00e7\u00e3o horizontal e colorida de uma m\u00e9dica; ela tem pele branca, olhos e sobrancelhas castanhas; cabelos lisos, castanho escuros e compridos; tem olheiras escuras abaixo dos olhos; usa m\u00e1scara pff verde turquesa; veste scrubs de mangas compridas verde acinzentado; tem um estetosc\u00f3pio preto ao redor do pesco\u00e7o. Ao fundo, parede cinza m\u00e9dio, uma janela de vidro com a cidade noturna ao fundo, um rel\u00f3gio preto que marca 5h10min e uma planta no canto esquerdo.\" srcset=\"https:\/\/www.ufsm.br\/app\/uploads\/sites\/601\/2022\/03\/3-medica-1024x668.jpg 1024w, https:\/\/www.ufsm.br\/app\/uploads\/sites\/601\/2022\/03\/3-medica-300x196.jpg 300w, https:\/\/www.ufsm.br\/app\/uploads\/sites\/601\/2022\/03\/3-medica-768x501.jpg 768w, https:\/\/www.ufsm.br\/app\/uploads\/sites\/601\/2022\/03\/3-medica.jpg 1458w\" sizes=\"(max-width: 1024px) 100vw, 1024px\" \/>\t\t\t\t\t\t\t\t\t\t\t\t\t<\/div>\n\t\t\t\t<\/div>\n\t\t\t\t\t<\/div>\n\t\t<\/div>\n\t\t\t\t\t<\/div>\n\t\t<\/section>\n\t\t\t\t<section class=\"elementor-section elementor-top-section elementor-element elementor-element-82664b0 elementor-section-boxed elementor-section-height-default elementor-section-height-default\" data-id=\"82664b0\" data-element_type=\"section\">\n\t\t\t\t\t\t<div class=\"elementor-container elementor-column-gap-default\">\n\t\t\t\t\t<div class=\"elementor-column elementor-col-100 elementor-top-column elementor-element elementor-element-28172da\" data-id=\"28172da\" data-element_type=\"column\">\n\t\t\t<div class=\"elementor-widget-wrap elementor-element-populated\">\n\t\t\t\t\t\t<div class=\"elementor-element elementor-element-cfabad0 elementor-widget elementor-widget-text-editor\" data-id=\"cfabad0\" data-element_type=\"widget\" data-widget_type=\"text-editor.default\">\n\t\t\t\t<div class=\"elementor-widget-container\">\n\t\t\t\t\t\t\t<p dir=\"ltr\" style=\"line-height: 1.295;text-align: justify;margin-top: 0pt;margin-bottom: 8pt\"><span style=\"font-size: 12pt;font-family: Arial;color: #000000;background-color: transparent;font-weight: 400;font-style: normal;font-variant: normal;text-decoration: none;vertical-align: baseline\">Ariane ressalta que todos os problemas gerados pela falta do descanso podem estar interligados, sejam eles f\u00edsicos, mentais ou sociais. Dentre as consequ\u00eancias, ela destaca o aumento da vulnerabilidade a doen\u00e7as coronarianas e cardiovasculares. O desenvolvimento dessas enfermidades gera danos aos principais vasos sangu\u00edneos do cora\u00e7\u00e3o, por isso requer aten\u00e7\u00e3o especial. Desconforto ou dor no peito e falta de ar podem ser sinais dessas doen\u00e7as<\/span><\/p><p><b id=\"docs-internal-guid-98f09aa0-7fff-2066-f6fe-8e20964b053a\" style=\"font-weight: normal\">\u00a0<\/b><\/p><p dir=\"ltr\" style=\"line-height: 1.295;text-align: justify;margin-top: 0pt;margin-bottom: 8pt\"><span style=\"font-size: 12pt;font-family: Arial;color: #000000;background-color: transparent;font-weight: 400;font-style: normal;font-variant: normal;text-decoration: none;vertical-align: baseline\">O aumento de peso tamb\u00e9m \u00e9 registrado em grande parte dos profissionais de enfermagem, como informa Ariane. Ela explica que, quando a pessoa est\u00e1 com sono, o corpo libera um horm\u00f4nio chamado grelina, que estimula a fome e o consumo irregular de lanches durante a madrugada. Isso colabora para o aumento da massa de gordura. Em decorr\u00eancia disso, a diabetes tamb\u00e9m \u00e9 um problema recorrente nesse grupo de trabalhadores.<\/span><\/p><p>\u00a0<\/p><p dir=\"ltr\" style=\"line-height: 1.295;text-align: justify;margin-top: 0pt;margin-bottom: 8pt\"><span style=\"font-size: 12pt;font-family: Arial;color: #000000;background-color: transparent;font-weight: 400;font-style: normal;font-variant: normal;text-decoration: none;vertical-align: baseline\">Sobre as altera\u00e7\u00f5es psicol\u00f3gicas, a doutoranda ressalta que a falta de sono afeta as fun\u00e7\u00f5es cognitivas, que incluem a percep\u00e7\u00e3o, aten\u00e7\u00e3o, mem\u00f3ria, pensamento, linguagem e aprendizagem. Essas fun\u00e7\u00f5es est\u00e3o localizadas no c\u00f3rtex frontal do c\u00e9rebro, que \u00e9 abastecido pelo sono. Com a falta deste, a cogni\u00e7\u00e3o fica comprometida.<\/span><\/p>\t\t\t\t\t\t<\/div>\n\t\t\t\t<\/div>\n\t\t\t\t\t<\/div>\n\t\t<\/div>\n\t\t\t\t\t<\/div>\n\t\t<\/section>\n\t\t\t\t<section class=\"elementor-section elementor-top-section elementor-element elementor-element-b79527e elementor-section-boxed elementor-section-height-default elementor-section-height-default\" data-id=\"b79527e\" data-element_type=\"section\">\n\t\t\t\t\t\t<div class=\"elementor-container elementor-column-gap-default\">\n\t\t\t\t\t<div class=\"elementor-column elementor-col-100 elementor-top-column elementor-element elementor-element-ed5cd0b\" data-id=\"ed5cd0b\" data-element_type=\"column\">\n\t\t\t<div class=\"elementor-widget-wrap elementor-element-populated\">\n\t\t\t\t\t\t<div class=\"elementor-element elementor-element-77c76cd elementor-widget elementor-widget-image\" data-id=\"77c76cd\" data-element_type=\"widget\" data-widget_type=\"image.default\">\n\t\t\t\t<div class=\"elementor-widget-container\">\n\t\t\t\t\t\t\t\t\t\t\t\t\t<img loading=\"lazy\" decoding=\"async\" width=\"1024\" height=\"668\" src=\"https:\/\/www.ufsm.br\/app\/uploads\/sites\/601\/2022\/03\/2-enfermeiro-1024x668.jpg\" class=\"attachment-large size-large wp-image-9136\" alt=\"Descri\u00e7\u00e3o da imagem: ilustra\u00e7\u00e3o horizontal e colorida de um enfermeiro que segura uma prancha de madeira; ele tem pele branca, olhos e sobrancelhas castanhas, cabelos lisos, curtos e castanhos e barba na mesma cor; usa m\u00e1scara pff na cor azul claro e veste scrubs de manga comprida na cor verde acinzentado; nas m\u00e3os, uma prancheta e uma caneta. Ao fundo, parece cinza; cortina azul; janela de vidro com a cidade noturna ao fundo; e na parede, rel\u00f3gio digital horizontal que marca 4h50min.\" srcset=\"https:\/\/www.ufsm.br\/app\/uploads\/sites\/601\/2022\/03\/2-enfermeiro-1024x668.jpg 1024w, https:\/\/www.ufsm.br\/app\/uploads\/sites\/601\/2022\/03\/2-enfermeiro-300x196.jpg 300w, https:\/\/www.ufsm.br\/app\/uploads\/sites\/601\/2022\/03\/2-enfermeiro-768x501.jpg 768w, https:\/\/www.ufsm.br\/app\/uploads\/sites\/601\/2022\/03\/2-enfermeiro.jpg 1458w\" sizes=\"(max-width: 1024px) 100vw, 1024px\" \/>\t\t\t\t\t\t\t\t\t\t\t\t\t<\/div>\n\t\t\t\t<\/div>\n\t\t\t\t\t<\/div>\n\t\t<\/div>\n\t\t\t\t\t<\/div>\n\t\t<\/section>\n\t\t\t\t<section class=\"elementor-section elementor-top-section elementor-element elementor-element-2b6b231 elementor-section-boxed elementor-section-height-default elementor-section-height-default\" data-id=\"2b6b231\" data-element_type=\"section\">\n\t\t\t\t\t\t<div class=\"elementor-container elementor-column-gap-default\">\n\t\t\t\t\t<div class=\"elementor-column elementor-col-100 elementor-top-column elementor-element elementor-element-0357e5c\" data-id=\"0357e5c\" data-element_type=\"column\">\n\t\t\t<div class=\"elementor-widget-wrap elementor-element-populated\">\n\t\t\t\t\t\t<div class=\"elementor-element elementor-element-4ff2a1a elementor-widget elementor-widget-text-editor\" data-id=\"4ff2a1a\" data-element_type=\"widget\" data-widget_type=\"text-editor.default\">\n\t\t\t\t<div class=\"elementor-widget-container\">\n\t\t\t\t\t\t\t<p dir=\"ltr\" style=\"line-height: 1.295;text-align: justify;margin-top: 0pt;margin-bottom: 8pt\"><span style=\"font-size: 12pt;font-family: Arial;color: #000000;background-color: transparent;font-weight: 400;font-style: normal;font-variant: normal;text-decoration: none;vertical-align: baseline\">O ritmo acelerado e grande demanda de aten\u00e7\u00e3o exigidos ao profissional de enfermagem estimulam o estresse. Aliado a isso, a m\u00e1 qualidade do sono contribui para o aumento de cortisol, que facilita a irritabilidade. Os elevados n\u00edveis desse horm\u00f4nio podem contribuir para a depress\u00e3o, ansiedade e doen\u00e7as cardiovasculares. Al\u00e9m disso, o cortisol em excesso tamb\u00e9m gera problemas de concentra\u00e7\u00e3o e de mem\u00f3ria, problemas digestivos, enxaqueca, aumento da press\u00e3o arterial, redu\u00e7\u00e3o da libido sexual e fadiga.\u00a0\u00a0<\/span><\/p><p><span id=\"docs-internal-guid-67af1e6a-7fff-11e5-01ec-ee92171e3e56\">\u00a0<\/span><\/p><p dir=\"ltr\" style=\"line-height: 1.295;text-align: justify;margin-top: 0pt;margin-bottom: 8pt\"><span style=\"font-size: 12pt;font-family: Arial;color: #000000;background-color: transparent;font-weight: 400;font-style: normal;font-variant: normal;text-decoration: none;vertical-align: baseline\">Diversas outras altera\u00e7\u00f5es hormonais podem ser registradas em trabalhadores noturnos, assim, as rea\u00e7\u00f5es s\u00e3o diferentes em cada indiv\u00edduo. Por esse motivo, Ariane ressalta que, em v\u00e1rios casos, \u00e9 comum que o profissional se torne mais suscet\u00edvel a infec\u00e7\u00f5es e tenha sua imunidade comprometida.<\/span><\/p>\t\t\t\t\t\t<\/div>\n\t\t\t\t<\/div>\n\t\t\t\t\t<\/div>\n\t\t<\/div>\n\t\t\t\t\t<\/div>\n\t\t<\/section>\n\t\t\t\t<section class=\"elementor-section elementor-top-section elementor-element elementor-element-d2b686a elementor-section-boxed elementor-section-height-default elementor-section-height-default\" data-id=\"d2b686a\" data-element_type=\"section\">\n\t\t\t\t\t\t<div class=\"elementor-container elementor-column-gap-default\">\n\t\t\t\t\t<div class=\"elementor-column elementor-col-100 elementor-top-column elementor-element elementor-element-2eba1a3\" data-id=\"2eba1a3\" data-element_type=\"column\">\n\t\t\t<div class=\"elementor-widget-wrap elementor-element-populated\">\n\t\t\t\t\t\t<div class=\"elementor-element elementor-element-5b710a3 elementor-widget elementor-widget-heading\" data-id=\"5b710a3\" data-element_type=\"widget\" data-widget_type=\"heading.default\">\n\t\t\t\t<div class=\"elementor-widget-container\">\n\t\t\t<h3 class=\"elementor-heading-title elementor-size-default\"><span style=\"font-weight:normal\" id=\"docs-internal-guid-84188a5f-7fff-5119-aad1-1b7b460fed43\"><span style=\"font-size: 12pt;font-family: Arial;background-color: transparent;font-weight: 700;vertical-align: baseline\">Higiene do sono: como praticar?<\/span><\/span><\/h3>\t\t<\/div>\n\t\t\t\t<\/div>\n\t\t\t\t\t<\/div>\n\t\t<\/div>\n\t\t\t\t\t<\/div>\n\t\t<\/section>\n\t\t\t\t<section class=\"elementor-section elementor-top-section elementor-element elementor-element-726da90 elementor-section-boxed elementor-section-height-default elementor-section-height-default\" data-id=\"726da90\" data-element_type=\"section\">\n\t\t\t\t\t\t<div class=\"elementor-container elementor-column-gap-default\">\n\t\t\t\t\t<div class=\"elementor-column elementor-col-100 elementor-top-column elementor-element elementor-element-8596a81\" data-id=\"8596a81\" data-element_type=\"column\">\n\t\t\t<div class=\"elementor-widget-wrap elementor-element-populated\">\n\t\t\t\t\t\t<div class=\"elementor-element elementor-element-f803754 elementor-widget elementor-widget-text-editor\" data-id=\"f803754\" data-element_type=\"widget\" data-widget_type=\"text-editor.default\">\n\t\t\t\t<div class=\"elementor-widget-container\">\n\t\t\t\t\t\t\t<p dir=\"ltr\" style=\"line-height: 1.295;text-align: justify;margin-top: 0pt;margin-bottom: 8pt\"><span style=\"font-size: 12pt;font-family: Arial;color: #000000;background-color: transparent;font-weight: 400;font-style: normal;font-variant: normal;text-decoration: none;vertical-align: baseline\"><span style=\"font-size:12pt;font-family:Arial;color:#000000;background-color:transparent;font-weight:400;font-style:normal;font-variant:normal;text-decoration:none;vertical-align:baseline\" id=\"docs-internal-guid-9e41fc7f-7fff-93c4-5ee7-803e3744fdc9\">Ariane explica que existem m\u00e9todos que podem melhorar a qualidade do descanso. A higiene do sono contempla um conjunto de a\u00e7\u00f5es a serem praticadas pelos profissionais de sa\u00fade, bem como outras pessoas afetadas pelo mesmo problema. Para a doutoranda, h\u00e1 a\u00e7\u00f5es institucionais que podem repercutir em uma assist\u00eancia que melhore a qualidade de vida do indiv\u00edduo, c<\/span>omo <\/span><span style=\"font-size: 12pt;font-family: Arial;color: #000000;background-color: transparent;font-weight: 400;font-style: italic;font-variant: normal;text-decoration: none;vertical-align: baseline\">\u201cofertar espa\u00e7os para que os trabalhadores possam se informar e discutir sobre os fatores que podem comprometer a sua sa\u00fade, com o objetivo de instrumentaliz\u00e1-los para o cuidado de si\u201d.<\/span><\/p>\n<p><b id=\"docs-internal-guid-8ca598b1-7fff-8c30-cb7e-db70d7617773\" style=\"font-weight: normal\">&nbsp;<\/b><\/p>\n<p dir=\"ltr\" style=\"line-height: 1.295;text-align: justify;margin-top: 0pt;margin-bottom: 8pt\"><span style=\"font-size: 12pt;font-family: Arial;color: #000000;background-color: transparent;font-weight: 400;font-style: normal;font-variant: normal;text-decoration: none;vertical-align: baseline\">Interven\u00e7\u00f5es socioeducativas para mudan\u00e7a de h\u00e1bitos podem ser adotadas nas diferentes institui\u00e7\u00f5es para auxiliar esses trabalhadores. A doutoranda explica que gerar um ambiente agrad\u00e1vel na hora de dormir, com aten\u00e7\u00e3o para temperatura e luminosidade \u00e9 essencial para recuperar as horas perdidas durante o trabalho. Outra dica \u00e9 n\u00e3o ingerir bebidas estimulantes como caf\u00e9 ou \u00e1lcool antes de dormir. T\u00e9cnicas de relaxamento, que incluem can\u00e7\u00f5es e medita\u00e7\u00e3o tamb\u00e9m s\u00e3o aliadas nesse momento.<\/span><\/p>\n<p><\/p>\n<p dir=\"ltr\" style=\"line-height: 1.295;text-align: justify;margin-top: 0pt;margin-bottom: 8pt\"><span style=\"font-size: 12pt;font-family: Arial;color: #000000;background-color: transparent;font-weight: 400;font-style: normal;font-variant: normal;text-decoration: none;vertical-align: baseline\">Apesar de o sono noturno n\u00e3o se igualar ao diurno, Ariane afirma que dormir durante o dia \u00e9 importante para equilibrar o ciclo do indiv\u00edduo. Por isso, ela tamb\u00e9m recomenda a cria\u00e7\u00e3o de uma rotina equilibrada durante o dia, que consiste em recuperar o sono, cuidar da alimenta\u00e7\u00e3o e praticar exerc\u00edcios f\u00edsicos constantemente.<\/span><\/p>\t\t\t\t\t\t<\/div>\n\t\t\t\t<\/div>\n\t\t\t\t\t<\/div>\n\t\t<\/div>\n\t\t\t\t\t<\/div>\n\t\t<\/section>\n\t\t\t\t<section class=\"elementor-section elementor-top-section elementor-element elementor-element-67f1bea elementor-section-boxed elementor-section-height-default elementor-section-height-default\" data-id=\"67f1bea\" data-element_type=\"section\">\n\t\t\t\t\t\t<div class=\"elementor-container elementor-column-gap-default\">\n\t\t\t\t\t<div class=\"elementor-column elementor-col-100 elementor-top-column elementor-element elementor-element-86849f0\" data-id=\"86849f0\" data-element_type=\"column\">\n\t\t\t<div class=\"elementor-widget-wrap elementor-element-populated\">\n\t\t\t\t\t\t<div class=\"elementor-element elementor-element-0f5b407 elementor-widget elementor-widget-heading\" data-id=\"0f5b407\" data-element_type=\"widget\" data-widget_type=\"heading.default\">\n\t\t\t\t<div class=\"elementor-widget-container\">\n\t\t\t<h3 class=\"elementor-heading-title elementor-size-default\"><span style=\"font-weight:normal\" id=\"docs-internal-guid-bb102608-7fff-d1c9-3dc8-d8a527f8502c\"><span style=\"font-size: 12pt;font-family: Arial;background-color: transparent;font-weight: 700;vertical-align: baseline\">A pesquisa na UFSM<\/span><\/span><\/h3>\t\t<\/div>\n\t\t\t\t<\/div>\n\t\t\t\t\t<\/div>\n\t\t<\/div>\n\t\t\t\t\t<\/div>\n\t\t<\/section>\n\t\t\t\t<section class=\"elementor-section elementor-top-section elementor-element elementor-element-1d7e1ab elementor-section-boxed elementor-section-height-default elementor-section-height-default\" data-id=\"1d7e1ab\" data-element_type=\"section\">\n\t\t\t\t\t\t<div class=\"elementor-container elementor-column-gap-default\">\n\t\t\t\t\t<div class=\"elementor-column elementor-col-100 elementor-top-column elementor-element elementor-element-94e91ed\" data-id=\"94e91ed\" data-element_type=\"column\">\n\t\t\t<div class=\"elementor-widget-wrap elementor-element-populated\">\n\t\t\t\t\t\t<div class=\"elementor-element elementor-element-bb39925 elementor-widget elementor-widget-text-editor\" data-id=\"bb39925\" data-element_type=\"widget\" data-widget_type=\"text-editor.default\">\n\t\t\t\t<div class=\"elementor-widget-container\">\n\t\t\t\t\t\t\t<p dir=\"ltr\" style=\"line-height: 1.295;text-align: justify;margin-top: 0pt;margin-bottom: 8pt\"><span style=\"font-size: 12pt;font-family: Arial;color: #000000;background-color: transparent;font-weight: 400;font-style: normal;font-variant: normal;text-decoration: none;vertical-align: baseline\">Em entrevista \u00e0 Arco, Ariane conta sobre sua pesquisa realizada com 139 profissionais de enfermagem que atuam no HUSM, localizado dentro do campus da UFSM. Destes, cerca de <\/span><a style=\"text-decoration: none\" href=\"https:\/\/www.scielo.br\/j\/ape\/a\/fqpscJ9stp7zkpPZBnbsCqS\/\"><span style=\"font-size: 12pt;font-family: Arial;color: #0563c1;background-color: transparent;font-weight: 400;font-style: normal;font-variant: normal;text-decoration: underline;vertical-align: baseline\">80% relataram p\u00e9ssima qualidade do sono<\/span><\/a><span style=\"font-size: 12pt;font-family: Arial;color: #000000;background-color: transparent;font-weight: 400;font-style: normal;font-variant: normal;text-decoration: none;vertical-align: baseline\"> e afirmaram n\u00e3o conseguir recuper\u00e1-lo completamente. A doutoranda e demais co-autoras do trabalho utilizaram do \u00cdndice de Qualidade do Sono de Pittsburgh para avaliar os efeitos do trabalho noturno. Com isso, constatou-se que 56,9% dos enfermeiros apresentam adoecimento f\u00edsico em decorr\u00eancia de seu trabalho, j\u00e1 23% apresentam sinais de adoecimento psicol\u00f3gico e 27,3% relataram ter problemas sociais, o que sugere um precoce adoecimento social.<\/span><\/p><p><b id=\"docs-internal-guid-670826d5-7fff-3f3b-531a-82be23772439\" style=\"font-weight: normal\">\u00a0<\/b><\/p><p dir=\"ltr\" style=\"line-height: 1.295;text-align: justify;margin-top: 0pt;margin-bottom: 8pt\"><span style=\"font-size: 12pt;font-family: Arial;color: #000000;background-color: transparent;font-weight: 400;font-style: normal;font-variant: normal;text-decoration: none;vertical-align: baseline\">\u00a0Rosangela Marion Da Silva\u00a0 tamb\u00e9m fez parte da pesquisa e percebeu que a priva\u00e7\u00e3o do sono afeta aspectos f\u00edsicos e mentais, fun\u00e7\u00f5es cognitivas e emocionais, pode deprimir o sistema imunol\u00f3gico e provocar dist\u00farbios metab\u00f3licos. Al\u00e9m disso, a falta do descanso necess\u00e1rio aumenta a secre\u00e7\u00e3o de cortisol, contribuindo para dist\u00farbios gastrointestinais, peso corporal, dist\u00farbio de comportamento, hipertens\u00e3o e osteoporose, situa\u00e7\u00f5es que podem estar relacionadas ao comprometimento da sa\u00fade do trabalhador do turno noturno.<\/span><\/p><p>\u00a0<\/p><p dir=\"ltr\" style=\"line-height: 1.295;text-align: justify;margin-top: 0pt;margin-bottom: 8pt\"><span style=\"font-size: 12pt;font-family: Arial;color: #000000;background-color: transparent;font-weight: 400;font-style: normal;font-variant: normal;text-decoration: none;vertical-align: baseline\">Outra quest\u00e3o levantada durante a pesquisa foi a sobrecarga atribu\u00edda \u00e0s mulheres devido \u00e0s atribui\u00e7\u00f5es dom\u00e9sticas e familiares ainda prevalentes. Ariane menciona que a maioria das mulheres entrevistadas relatou sentir-se esgotada com tantas tarefas di\u00e1rias, o que, aliadas \u00e0s poucas horas de sono, contribuem para o esgotamento f\u00edsico e mental. A conclus\u00e3o da pesquisa\u00a0 foi de que a sa\u00fade do trabalhador que atua no turno noturno precisa ser (re)planejada por meio de a\u00e7\u00f5es institucionais e sociais que sensibilizem os profissionais para a import\u00e2ncia do cuidado de si.<\/span><\/p>\t\t\t\t\t\t<\/div>\n\t\t\t\t<\/div>\n\t\t\t\t\t<\/div>\n\t\t<\/div>\n\t\t\t\t\t<\/div>\n\t\t<\/section>\n\t\t\t\t<section class=\"elementor-section elementor-top-section elementor-element elementor-element-7fad1ba elementor-section-boxed elementor-section-height-default elementor-section-height-default\" data-id=\"7fad1ba\" data-element_type=\"section\">\n\t\t\t\t\t\t<div class=\"elementor-container elementor-column-gap-default\">\n\t\t\t\t\t<div class=\"elementor-column elementor-col-100 elementor-top-column elementor-element elementor-element-2218de5\" data-id=\"2218de5\" data-element_type=\"column\">\n\t\t\t<div class=\"elementor-widget-wrap elementor-element-populated\">\n\t\t\t\t\t\t<div class=\"elementor-element elementor-element-30c568d elementor-widget elementor-widget-text-editor\" data-id=\"30c568d\" data-element_type=\"widget\" data-widget_type=\"text-editor.default\">\n\t\t\t\t<div class=\"elementor-widget-container\">\n\t\t\t\t\t\t\t<p><strong><em>Expediente:<\/em><\/strong><\/p><p><em><strong>Reportagem:<\/strong> Tayline Alves Manganeli, acad\u00eamica de Jornalismo e volunt\u00e1ria;<\/em><\/p><p><em><strong>Design gr\u00e1fico:<\/strong> Luiz Figueir\u00f3, acad\u00eamico de Desenho Industrial e bolsista;<\/em><\/p><p><em><strong>M\u00eddia social:<\/strong> Elo\u00edze Moraes, acad\u00eamica de Jornalismo e bolsista; Rebeca Kroll, acad\u00eamica de Jornalismo e bolsista; Alice dos Santos, acad\u00eamica de Jornalismo e volunt\u00e1ria; Gustavo Salin Nuh, acad\u00eamico de Jornalismo e volunt\u00e1rio; Ana Carolina Cipriani, acad\u00eamica de Produ\u00e7\u00e3o Editorial e volunt\u00e1ria;<\/em><\/p><p><em><strong>Rela\u00e7\u00f5es P\u00fablicas:<\/strong> Carla Costa;<\/em><\/p><p><em><strong>Edi\u00e7\u00e3o de Produ\u00e7\u00e3o:<\/strong> Samara Wobeto, acad\u00eamica de Jornalismo e bolsista;<\/em><\/p><p><em><strong>Edi\u00e7\u00e3o geral:<\/strong> Luciane Treulieb e Maur\u00edcio Dias, jornalistas.<\/em><\/p>\t\t\t\t\t\t<\/div>\n\t\t\t\t<\/div>\n\t\t\t\t\t<\/div>\n\t\t<\/div>\n\t\t\t\t\t<\/div>\n\t\t<\/section>\n\t\t\t\t<\/div>\n\t\t","protected":false},"excerpt":{"rendered":"<p>Estudos mostram que enfermeiros que trabalham durante a noite podem ter a sa\u00fade comprometida<\/p>\n","protected":false},"author":5006,"featured_media":9138,"comment_status":"closed","ping_status":"closed","sticky":false,"template":"","format":"standard","meta":{"footnotes":""},"categories":[1895],"tags":[4384,2621,5010,5011,4663,4504,5008,5009,146,5007,5012,4712,5006],"class_list":["post-9134","post","type-post","status-publish","format-standard","has-post-thumbnail","hentry","category-saude","tag-destaque-arco","tag-destaque-ufsm","tag-doencas-cardiovasculares","tag-doencas-coronarias","tag-enfermagem","tag-estresse","tag-higiene-do-sono","tag-profissionais-enfermagem","tag-saude","tag-saude-do-sono","tag-saude-psicologica","tag-sono","tag-trabalho-noturno"],"acf":[],"_links":{"self":[{"href":"https:\/\/www.ufsm.br\/midias\/arco\/wp-json\/wp\/v2\/posts\/9134","targetHints":{"allow":["GET"]}}],"collection":[{"href":"https:\/\/www.ufsm.br\/midias\/arco\/wp-json\/wp\/v2\/posts"}],"about":[{"href":"https:\/\/www.ufsm.br\/midias\/arco\/wp-json\/wp\/v2\/types\/post"}],"author":[{"embeddable":true,"href":"https:\/\/www.ufsm.br\/midias\/arco\/wp-json\/wp\/v2\/users\/5006"}],"replies":[{"embeddable":true,"href":"https:\/\/www.ufsm.br\/midias\/arco\/wp-json\/wp\/v2\/comments?post=9134"}],"version-history":[{"count":0,"href":"https:\/\/www.ufsm.br\/midias\/arco\/wp-json\/wp\/v2\/posts\/9134\/revisions"}],"wp:featuredmedia":[{"embeddable":true,"href":"https:\/\/www.ufsm.br\/midias\/arco\/wp-json\/wp\/v2\/media\/9138"}],"wp:attachment":[{"href":"https:\/\/www.ufsm.br\/midias\/arco\/wp-json\/wp\/v2\/media?parent=9134"}],"wp:term":[{"taxonomy":"category","embeddable":true,"href":"https:\/\/www.ufsm.br\/midias\/arco\/wp-json\/wp\/v2\/categories?post=9134"},{"taxonomy":"post_tag","embeddable":true,"href":"https:\/\/www.ufsm.br\/midias\/arco\/wp-json\/wp\/v2\/tags?post=9134"}],"curies":[{"name":"wp","href":"https:\/\/api.w.org\/{rel}","templated":true}]}}