{"id":9281,"date":"2022-05-25T09:03:06","date_gmt":"2022-05-25T12:03:06","guid":{"rendered":"https:\/\/www.ufsm.br\/midias\/arco\/?p=9281"},"modified":"2022-05-27T09:58:01","modified_gmt":"2022-05-27T12:58:01","slug":"rede-basica-2","status":"publish","type":"post","link":"https:\/\/www.ufsm.br\/midias\/arco\/rede-basica-2","title":{"rendered":"Rede B\u00e1sica"},"content":{"rendered":"\t\t<div data-elementor-type=\"wp-post\" data-elementor-id=\"9281\" class=\"elementor elementor-9281\">\n\t\t\t\t\t\t<section class=\"elementor-section elementor-top-section elementor-element elementor-element-5439897 elementor-section-boxed elementor-section-height-default elementor-section-height-default\" data-id=\"5439897\" data-element_type=\"section\">\n\t\t\t\t\t\t<div class=\"elementor-container elementor-column-gap-default\">\n\t\t\t\t\t<div class=\"elementor-column elementor-col-100 elementor-top-column elementor-element elementor-element-8c589f8\" data-id=\"8c589f8\" data-element_type=\"column\">\n\t\t\t<div class=\"elementor-widget-wrap elementor-element-populated\">\n\t\t\t\t\t\t<div class=\"elementor-element elementor-element-5f51518 elementor-widget elementor-widget-text-editor\" data-id=\"5f51518\" data-element_type=\"widget\" data-widget_type=\"text-editor.default\">\n\t\t\t\t<div class=\"elementor-widget-container\">\n\t\t\t\t\t\t\t<p>Como consequ\u00eancia da pandemia\u00a0do novo coronav\u00edrus, escolas do pa\u00eds\u00a0inteiro precisaram se adaptar ao ensino\u00a0remoto para proteger a comunidade\u00a0escolar. Os recursos did\u00e1ticos tradicionais, como livros, lousa e atividades em\u00a0grupo, foram substitu\u00eddos por um novo\u00a0modelo educacional apoiado em metodologias voltadas para o digital. Um\u00a0estudo da Uni\u00e3o Nacional dos Dirigentes\u00a0Municipais de Educa\u00e7\u00e3o (Undime)\u00a0mostrou que aproximadamente 92%\u00a0dos munic\u00edpios brasileiros utilizaram o\u00a0aplicativo de mensagens WhatsApp como\u00a0espa\u00e7o para orienta\u00e7\u00f5es de atividades\u00a0did\u00e1ticas durante 2020. O problema \u00e9\u00a0que em cidades com mais de 100 mil\u00a0habitantes, como \u00e9 o caso de Santa Maria,\u00a053% dos estudantes tiveram dificuldades\u00a0no acesso \u00e0 internet e, assim, podem ter\u00a0deixado de ter acesso \u00e0 educa\u00e7\u00e3o.<\/p>\t\t\t\t\t\t<\/div>\n\t\t\t\t<\/div>\n\t\t\t\t\t<\/div>\n\t\t<\/div>\n\t\t\t\t\t<\/div>\n\t\t<\/section>\n\t\t\t\t<section class=\"elementor-section elementor-top-section elementor-element elementor-element-9452dc6 elementor-section-boxed elementor-section-height-default elementor-section-height-default\" data-id=\"9452dc6\" data-element_type=\"section\">\n\t\t\t\t\t\t<div class=\"elementor-container elementor-column-gap-default\">\n\t\t\t\t\t<div class=\"elementor-column elementor-col-100 elementor-top-column elementor-element elementor-element-88e139f\" data-id=\"88e139f\" data-element_type=\"column\">\n\t\t\t<div class=\"elementor-widget-wrap elementor-element-populated\">\n\t\t\t\t\t\t<div class=\"elementor-element elementor-element-ae32486 elementor-widget elementor-widget-image\" data-id=\"ae32486\" data-element_type=\"widget\" data-widget_type=\"image.default\">\n\t\t\t\t<div class=\"elementor-widget-container\">\n\t\t\t\t\t\t\t\t\t\t\t\t\t<img fetchpriority=\"high\" decoding=\"async\" width=\"1024\" height=\"668\" src=\"https:\/\/www.ufsm.br\/app\/uploads\/sites\/601\/2022\/02\/capa_rede_basica-1024x668.jpg\" class=\"attachment-large size-large wp-image-9006\" alt=\"Descri\u00e7\u00e3o da imagem: Ilustra\u00e7\u00e3o horizontal e colorida de uma mulher sentada em frente a um computador, mesa de som e microfone. A ilustra\u00e7\u00e3o est\u00e1 nas cores bege, rosa, verde turquesa e amarelo pastel. Na parte esquerda da imagem, de perfil, desenho de mulher de pele rosa, cabelos pretos, ondulados e compridos; ela tem olhos rosas, bochecha saliente e boca grande; usa fone de ouvido do tipo headset, na cor verde turquesa; veste camisa amarelo pastel; est\u00e1 com a m\u00e3o esquerda apoiada no queixo. Em frente a boca dela, um microfone pendente, com o bocal em preto e estrutura e detalhes em verde turquesa. Em frente a ela, sobre uma mesa, mesa de som preta com bot\u00f5es diversos nas cores rosa claro, verde turquesa e amarelo pastel. Atr\u00e1s, computador de mesa preto; na tela, programa de edi\u00e7\u00e3o de som; a interface tem gr\u00e1ficos de volume e de som, nas cores rosa claro, amarelo pastel e verde turquesa; h\u00e1 um quadrado em preto com o t\u00edtulo, em branco: &quot;UFSM EM REDE na educa\u00e7\u00e3o b\u00e1sica&quot;. O fundo \u00e9 texturizado em listras beges e verde turquesa.\" srcset=\"https:\/\/www.ufsm.br\/app\/uploads\/sites\/601\/2022\/02\/capa_rede_basica-1024x668.jpg 1024w, https:\/\/www.ufsm.br\/app\/uploads\/sites\/601\/2022\/02\/capa_rede_basica-300x196.jpg 300w, https:\/\/www.ufsm.br\/app\/uploads\/sites\/601\/2022\/02\/capa_rede_basica-768x501.jpg 768w, https:\/\/www.ufsm.br\/app\/uploads\/sites\/601\/2022\/02\/capa_rede_basica.jpg 1458w\" sizes=\"(max-width: 1024px) 100vw, 1024px\" \/>\t\t\t\t\t\t\t\t\t\t\t\t\t<\/div>\n\t\t\t\t<\/div>\n\t\t\t\t\t<\/div>\n\t\t<\/div>\n\t\t\t\t\t<\/div>\n\t\t<\/section>\n\t\t\t\t<section class=\"elementor-section elementor-top-section elementor-element elementor-element-3b81932 elementor-section-boxed elementor-section-height-default elementor-section-height-default\" data-id=\"3b81932\" data-element_type=\"section\">\n\t\t\t\t\t\t<div class=\"elementor-container elementor-column-gap-default\">\n\t\t\t\t\t<div class=\"elementor-column elementor-col-100 elementor-top-column elementor-element elementor-element-d9e40cd\" data-id=\"d9e40cd\" data-element_type=\"column\">\n\t\t\t<div class=\"elementor-widget-wrap elementor-element-populated\">\n\t\t\t\t\t\t<div class=\"elementor-element elementor-element-aaacf5d elementor-widget elementor-widget-text-editor\" data-id=\"aaacf5d\" data-element_type=\"widget\" data-widget_type=\"text-editor.default\">\n\t\t\t\t<div class=\"elementor-widget-container\">\n\t\t\t\t\t\t\t<p>Nesse contexto, o projeto UFSM em&nbsp;REDE com a Educa\u00e7\u00e3o B\u00e1sica, ou Rede&nbsp;B\u00e1sica, atua na produ\u00e7\u00e3o de materiais&nbsp;did\u00e1tico-curriculares que possam ser&nbsp;veiculados por canais de TV aberta e em&nbsp;emissoras de r\u00e1dio para alcan\u00e7ar discentes&nbsp;do ensino b\u00e1sico que n\u00e3o tenham acesso&nbsp;aos ambientes virtuais. Al\u00e9m da Universidade, o projeto conta com financiamento do Minist\u00e9rio da Educa\u00e7\u00e3o e parceria com a Secretaria&nbsp;de Educa\u00e7\u00e3o do Estado do Rio Grande&nbsp;do Sul (SEDUC\/RS). A professora Regina&nbsp;Bathelt, coordenadora do projeto, ressalta&nbsp;a&nbsp; import\u00e2ncia da iniciativa: \u201cN\u00e3o&nbsp;basta n\u00f3s oferecermos as plataformas&nbsp;e ferramentas digitais se as diferentes&nbsp;realidades dos nossos estudantes n\u00e3o&nbsp;permitem o acesso a elas. Nesse caso, o&nbsp;r\u00e1dio \u00e9 a ferramenta que pode garantir a&nbsp;equival\u00eancia de oportunidades\u201d.<\/p>\n<p>Professores habituados a trabalhar&nbsp;com metodologias de ensino presenciais&nbsp;precisaram se adaptar ao ensino a&nbsp;dist\u00e2ncia de maneira que a qualidade&nbsp;n\u00e3o fosse comprometida. Para essa&nbsp;adequa\u00e7\u00e3o, a Universidade ofertou treinamentos e capacita\u00e7\u00f5es t\u00e9cnicas para os&nbsp;docentes e discentes bolsistas. Os participantes aprenderam t\u00e9cnicas de grava\u00e7\u00e3o&nbsp;de \u00e1udio e videoaulas com equipamentos pr\u00f3prios, como o celular e fones de&nbsp;ouvido comuns.<\/p>\n<p>Deise Marzari, professora volunt\u00e1ria&nbsp;do projeto, lembra que chegou a se&nbsp;questionar sobre a din\u00e2mica remota das&nbsp;a\u00e7\u00f5es, mas que foi&nbsp; surpreendida com as&nbsp;possibilidades de recursos do \u00e1udio: \u201cN\u00e3o&nbsp;estar frente ao aluno causou certo estranhamento, mas com o tempo percebemos&nbsp;a import\u00e2ncia e a diferen\u00e7a que os&nbsp;recursos tecnol\u00f3gicos fazem. Mesmo&nbsp;distante, a gente sente que pode, sim,&nbsp;chegar at\u00e9 eles\u201d.<\/p>\n<p>O Rede B\u00e1sica tem em seu planejamento o trabalho com 2200 horas em materiais did\u00e1ticos. Regina Bathelt conta&nbsp;que as pr\u00f3ximas grava\u00e7\u00f5es ser\u00e3o feitas&nbsp;com maior qualidade gra\u00e7as aos equipamentos de grava\u00e7\u00e3o disponibilizados pela&nbsp;Pr\u00f3-Reitoria de Gradua\u00e7\u00e3o (Prograd).<\/p>\n<p>Conhe\u00e7a duas a\u00e7\u00f5es da primeira etapa do Rede B\u00e1sica, quando a Secretaria de Educa\u00e7\u00e3o de Santa Maria era uma das \u00b4parceiras.<\/p>\t\t\t\t\t\t<\/div>\n\t\t\t\t<\/div>\n\t\t\t\t\t<\/div>\n\t\t<\/div>\n\t\t\t\t\t<\/div>\n\t\t<\/section>\n\t\t\t\t<section class=\"elementor-section elementor-top-section elementor-element elementor-element-2b5a93d elementor-section-boxed elementor-section-height-default elementor-section-height-default\" data-id=\"2b5a93d\" data-element_type=\"section\">\n\t\t\t\t\t\t<div class=\"elementor-container elementor-column-gap-default\">\n\t\t\t\t\t<div class=\"elementor-column elementor-col-100 elementor-top-column elementor-element elementor-element-244ab29\" data-id=\"244ab29\" data-element_type=\"column\">\n\t\t\t<div class=\"elementor-widget-wrap elementor-element-populated\">\n\t\t\t\t\t\t<div class=\"elementor-element elementor-element-070592f elementor-widget elementor-widget-heading\" data-id=\"070592f\" data-element_type=\"widget\" data-widget_type=\"heading.default\">\n\t\t\t\t<div class=\"elementor-widget-container\">\n\t\t\t<h3 class=\"elementor-heading-title elementor-size-default\">Prepara\u00e7\u00e3o para o Enem<\/h3>\t\t<\/div>\n\t\t\t\t<\/div>\n\t\t\t\t\t<\/div>\n\t\t<\/div>\n\t\t\t\t\t<\/div>\n\t\t<\/section>\n\t\t\t\t<section class=\"elementor-section elementor-top-section elementor-element elementor-element-c874628 elementor-section-boxed elementor-section-height-default elementor-section-height-default\" data-id=\"c874628\" data-element_type=\"section\">\n\t\t\t\t\t\t<div class=\"elementor-container elementor-column-gap-default\">\n\t\t\t\t\t<div class=\"elementor-column elementor-col-100 elementor-top-column elementor-element elementor-element-00e8020\" data-id=\"00e8020\" data-element_type=\"column\">\n\t\t\t<div class=\"elementor-widget-wrap elementor-element-populated\">\n\t\t\t\t\t\t<div class=\"elementor-element elementor-element-222a689 elementor-widget elementor-widget-text-editor\" data-id=\"222a689\" data-element_type=\"widget\" data-widget_type=\"text-editor.default\">\n\t\t\t\t<div class=\"elementor-widget-container\">\n\t\t\t\t\t\t\t<p>O programa Espa\u00e7o Rede B\u00e1sica,\u00a0veiculado na R\u00e1dio Universidade AM e\u00a0na UniFM, estreou com a apresenta\u00e7\u00e3o\u00a0de tr\u00eas edi\u00e7\u00f5es com dicas de conte\u00fados\u00a0para o Enem 2020. De maneira did\u00e1tica,\u00a0professores dos col\u00e9gios Polit\u00e9cnico e\u00a0CTISM explicam e resolvem quest\u00f5es das\u00a0diversas \u00e1reas de conhecimentos.<\/p>\t\t\t\t\t\t<\/div>\n\t\t\t\t<\/div>\n\t\t\t\t\t<\/div>\n\t\t<\/div>\n\t\t\t\t\t<\/div>\n\t\t<\/section>\n\t\t\t\t<section class=\"elementor-section elementor-top-section elementor-element elementor-element-2e474bd elementor-section-boxed elementor-section-height-default elementor-section-height-default\" data-id=\"2e474bd\" data-element_type=\"section\">\n\t\t\t\t\t\t<div class=\"elementor-container elementor-column-gap-default\">\n\t\t\t\t\t<div class=\"elementor-column elementor-col-100 elementor-top-column elementor-element elementor-element-915bdd6\" data-id=\"915bdd6\" data-element_type=\"column\">\n\t\t\t<div class=\"elementor-widget-wrap elementor-element-populated\">\n\t\t\t\t\t\t<div class=\"elementor-element elementor-element-9ae2a8e elementor-widget elementor-widget-heading\" data-id=\"9ae2a8e\" data-element_type=\"widget\" data-widget_type=\"heading.default\">\n\t\t\t\t<div class=\"elementor-widget-container\">\n\t\t\t<h3 class=\"elementor-heading-title elementor-size-default\">Promotores da leitura<\/h3>\t\t<\/div>\n\t\t\t\t<\/div>\n\t\t\t\t\t<\/div>\n\t\t<\/div>\n\t\t\t\t\t<\/div>\n\t\t<\/section>\n\t\t\t\t<section class=\"elementor-section elementor-top-section elementor-element elementor-element-33c22ee elementor-section-boxed elementor-section-height-default elementor-section-height-default\" data-id=\"33c22ee\" data-element_type=\"section\">\n\t\t\t\t\t\t<div class=\"elementor-container elementor-column-gap-default\">\n\t\t\t\t\t<div class=\"elementor-column elementor-col-100 elementor-top-column elementor-element elementor-element-608744a\" data-id=\"608744a\" data-element_type=\"column\">\n\t\t\t<div class=\"elementor-widget-wrap elementor-element-populated\">\n\t\t\t\t\t\t<div class=\"elementor-element elementor-element-34b30c3 elementor-widget elementor-widget-text-editor\" data-id=\"34b30c3\" data-element_type=\"widget\" data-widget_type=\"text-editor.default\">\n\t\t\t\t<div class=\"elementor-widget-container\">\n\t\t\t\t\t\t\t<p>Idealizado pela SMED antes da pandemia, o projeto funcionava em um \u00f4nibus adaptado que levava volunt\u00e1rios at\u00e9\u00a0as escolas para fazer leituras aos alunos.\u00a0Agora, essa din\u00e2mica precisou ser modificada para o formato de \u00e1udio, em que os\u00a0professores contam hist\u00f3rias curtas para\u00a0crian\u00e7as. As leituras s\u00e3o veiculadas nas\u00a0r\u00e1dios UniFM e Universidade AM, atrav\u00e9s\u00a0do programa Espa\u00e7o Rede B\u00e1sica. Al\u00e9m\u00a0da capacita\u00e7\u00e3o t\u00e9cnica para o formato de\u00a0r\u00e1dio, os volunt\u00e1rios passaram por forma\u00e7\u00e3o sobre princ\u00edpios e valores que se\u00a0propagam nas hist\u00f3rias infantis.<\/p>\t\t\t\t\t\t<\/div>\n\t\t\t\t<\/div>\n\t\t\t\t\t<\/div>\n\t\t<\/div>\n\t\t\t\t\t<\/div>\n\t\t<\/section>\n\t\t\t\t<section class=\"elementor-section elementor-top-section elementor-element elementor-element-f1ba3f0 elementor-section-boxed elementor-section-height-default elementor-section-height-default\" data-id=\"f1ba3f0\" data-element_type=\"section\">\n\t\t\t\t\t\t<div class=\"elementor-container elementor-column-gap-default\">\n\t\t\t\t\t<div class=\"elementor-column elementor-col-100 elementor-top-column elementor-element elementor-element-7bc97f3\" data-id=\"7bc97f3\" data-element_type=\"column\">\n\t\t\t<div class=\"elementor-widget-wrap elementor-element-populated\">\n\t\t\t\t\t\t<div class=\"elementor-element elementor-element-748f4ee elementor-widget elementor-widget-text-editor\" data-id=\"748f4ee\" data-element_type=\"widget\" data-widget_type=\"text-editor.default\">\n\t\t\t\t<div class=\"elementor-widget-container\">\n\t\t\t\t\t\t\t<p><strong><em>Expediente:<\/em><\/strong><\/p>\n<p><em><strong>Reportagem:<\/strong> Luis Gustavo Santos, acad\u00eamico de Jornalismo;<\/em><\/p>\n<p><em><strong>Ilustra\u00e7\u00e3o e diagrama\u00e7\u00e3o:<\/strong> Renata Costa, acad\u00eamica de Produ\u00e7\u00e3o Editorial<\/em><\/p>\n<p><em>Conte\u00fado produzido para a 12\u00aa edi\u00e7\u00e3o impressa da Revista Arco (Dezembro 2021)<\/em><\/p><p><i>Texto atualizado em maio de 2022<\/i><\/p>\t\t\t\t\t\t<\/div>\n\t\t\t\t<\/div>\n\t\t\t\t\t<\/div>\n\t\t<\/div>\n\t\t\t\t\t<\/div>\n\t\t<\/section>\n\t\t\t\t<\/div>\n\t\t","protected":false},"excerpt":{"rendered":"<p>Projeto da Universidade surge como alternativa para estudantes sem acesso \u00e0 internet<\/p>\n","protected":false},"author":5006,"featured_media":9006,"comment_status":"closed","ping_status":"closed","sticky":false,"template":"","format":"standard","meta":{"footnotes":""},"categories":[5066],"tags":[4955,4384,2162,5213,898,776,5214,4864],"class_list":["post-9281","post","type-post","status-publish","format-standard","has-post-thumbnail","hentry","category-impressa","tag-alternativa","tag-destaque-arco","tag-destaque-ufsm","tag-estudantes","tag-extensao","tag-internet","tag-radio","tag-rede-basica"],"acf":[],"_links":{"self":[{"href":"https:\/\/www.ufsm.br\/midias\/arco\/wp-json\/wp\/v2\/posts\/9281","targetHints":{"allow":["GET"]}}],"collection":[{"href":"https:\/\/www.ufsm.br\/midias\/arco\/wp-json\/wp\/v2\/posts"}],"about":[{"href":"https:\/\/www.ufsm.br\/midias\/arco\/wp-json\/wp\/v2\/types\/post"}],"author":[{"embeddable":true,"href":"https:\/\/www.ufsm.br\/midias\/arco\/wp-json\/wp\/v2\/users\/5006"}],"replies":[{"embeddable":true,"href":"https:\/\/www.ufsm.br\/midias\/arco\/wp-json\/wp\/v2\/comments?post=9281"}],"version-history":[{"count":0,"href":"https:\/\/www.ufsm.br\/midias\/arco\/wp-json\/wp\/v2\/posts\/9281\/revisions"}],"wp:featuredmedia":[{"embeddable":true,"href":"https:\/\/www.ufsm.br\/midias\/arco\/wp-json\/wp\/v2\/media\/9006"}],"wp:attachment":[{"href":"https:\/\/www.ufsm.br\/midias\/arco\/wp-json\/wp\/v2\/media?parent=9281"}],"wp:term":[{"taxonomy":"category","embeddable":true,"href":"https:\/\/www.ufsm.br\/midias\/arco\/wp-json\/wp\/v2\/categories?post=9281"},{"taxonomy":"post_tag","embeddable":true,"href":"https:\/\/www.ufsm.br\/midias\/arco\/wp-json\/wp\/v2\/tags?post=9281"}],"curies":[{"name":"wp","href":"https:\/\/api.w.org\/{rel}","templated":true}]}}