{"id":9427,"date":"2022-07-29T16:22:47","date_gmt":"2022-07-29T19:22:47","guid":{"rendered":"https:\/\/www.ufsm.br\/midias\/arco\/?p=9427"},"modified":"2022-07-29T16:30:47","modified_gmt":"2022-07-29T19:30:47","slug":"o-despertar-do-conhecimento-2","status":"publish","type":"post","link":"https:\/\/www.ufsm.br\/midias\/arco\/o-despertar-do-conhecimento-2","title":{"rendered":"O Despertar do Conhecimento"},"content":{"rendered":"\t\t<div data-elementor-type=\"wp-post\" data-elementor-id=\"9427\" class=\"elementor elementor-9427\">\n\t\t\t\t\t\t<section class=\"elementor-section elementor-top-section elementor-element elementor-element-f7f4230 elementor-section-boxed elementor-section-height-default elementor-section-height-default\" data-id=\"f7f4230\" data-element_type=\"section\">\n\t\t\t\t\t\t<div class=\"elementor-container elementor-column-gap-default\">\n\t\t\t\t\t<div class=\"elementor-column elementor-col-100 elementor-top-column elementor-element elementor-element-2cd5881\" data-id=\"2cd5881\" data-element_type=\"column\">\n\t\t\t<div class=\"elementor-widget-wrap elementor-element-populated\">\n\t\t\t\t\t\t<div class=\"elementor-element elementor-element-f8ef8ad elementor-widget elementor-widget-text-editor\" data-id=\"f8ef8ad\" data-element_type=\"widget\" data-widget_type=\"text-editor.default\">\n\t\t\t\t<div class=\"elementor-widget-container\">\n\t\t\t\t\t\t\t<p><span style=\"color: #ffffff;font-size: 16px\">Uma das institui\u00e7\u00f5es mais antigas do mundo \u00e9 a universidade. Ingressar nela \u00e9 o sonho para 17,2 milh\u00f5es de brasileiros, conforme dados de 2018 da Associa\u00e7\u00e3o Brasileira de Est\u00e1gios. No entanto, poucos conhecem sua hist\u00f3ria. Confira a seguir como as primeiras universidades surgiram e sua evolu\u00e7\u00e3o at\u00e9 os formatos atuais.<\/span><\/p>\t\t\t\t\t\t<\/div>\n\t\t\t\t<\/div>\n\t\t\t\t\t<\/div>\n\t\t<\/div>\n\t\t\t\t\t<\/div>\n\t\t<\/section>\n\t\t\t\t<section class=\"elementor-section elementor-top-section elementor-element elementor-element-103ff6a elementor-section-boxed elementor-section-height-default elementor-section-height-default\" data-id=\"103ff6a\" data-element_type=\"section\">\n\t\t\t\t\t\t<div class=\"elementor-container elementor-column-gap-default\">\n\t\t\t\t\t<div class=\"elementor-column elementor-col-100 elementor-top-column elementor-element elementor-element-6d0ce70\" data-id=\"6d0ce70\" data-element_type=\"column\">\n\t\t\t<div class=\"elementor-widget-wrap elementor-element-populated\">\n\t\t\t\t\t\t<div class=\"elementor-element elementor-element-a558abc elementor-widget elementor-widget-image\" data-id=\"a558abc\" data-element_type=\"widget\" data-widget_type=\"image.default\">\n\t\t\t\t<div class=\"elementor-widget-container\">\n\t\t\t\t\t\t\t\t\t\t\t\t\t<img fetchpriority=\"high\" decoding=\"async\" width=\"1024\" height=\"668\" src=\"https:\/\/www.ufsm.br\/app\/uploads\/sites\/601\/2022\/03\/Capa_Como_Surgiu-1024x668.jpg\" class=\"attachment-large size-large wp-image-9063\" alt=\"Ilustra\u00e7\u00e3o horizontal e colorida de pessoas no interior de um pr\u00e9dio. A ilustra\u00e7\u00e3o \u00e9 vista de fora, com tr\u00eas pilares com teto arredondado, na cor marrom claro e detalhe em moldura de dourado. Nas partes superiores, logomarcas de universidades, e no centro superior de cada pilar, bras\u00e3o dourado. No meio de cada pilar, \u00e9 poss\u00edvel ver o interior da universidade. No primeiro, da esquerda para a direita, mesa retangular com banco acoplado na cor marrom. H\u00e1 seis pessoas atr\u00e1s da mesa, sendo dois homens e quatro mulheres, duas pessoas negras e quatro brancas. A mulher ao fundo tem pele negra est\u00e1 mexe um frasco. A segunda tem pele branca e est\u00e1 inclinada sobre um papel branco e grande. O terceiro \u00e9 homem, tem pele branca e est\u00e1 com um jaleco branco e estetosc\u00f3pio. A quarta \u00e9 mulher, tem pele branca e est\u00e1 inclinada sobre um telesc\u00f3pio. O quinto \u00e9 homem, veste capa preta e est\u00e1 em frente a uma m\u00e1quina de escrever vermelha. A sexta \u00e9 mulher, tem pele negra e olha em um microsc\u00f3pio. No pilar do centro, homem de pele parda, cabelos curtos e escuros, olhos escuros, veste vestido preto e entrega um papel branco com a escrita &quot;Diploma&quot; para uma mulher negra, de cabelos e olhos escuros, que veste bata e capelo verdes. No pilar da direita, mesa retangular marrom com banco acoplado. Atr\u00e1s da mesa, seis pessoas, sendo tr\u00eas mulheres e tr\u00eas homens, e tr\u00eas pessoas negras e tr\u00eas brancas. No fundo, o primeiro \u00e9 homem, branco, est\u00e1 em frente a uma balan\u00e7a de pesos cinza. A segunda \u00e9 mulher, de pele branca, est\u00e1 em frente a um globo. A terceira \u00e9 mulher, de pele nega, est\u00e1 com um livro aberto nas m\u00e3os, de capa vermelha. O quarto \u00e9 um homem, de pele negra, usa \u00f3culos e est\u00e1 em frente a um \u00e1baco. O quinto \u00e9 um homem, de pele parda, segura um cr\u00e2nio nas m\u00e3os. A sexta \u00e9 uma mulher, de cabelos ruivos e pele branca, segura uma caneta em frente a uma tela branca. No fundo, o ch\u00e3o de ladrilhos em cinza e branco.\" srcset=\"https:\/\/www.ufsm.br\/app\/uploads\/sites\/601\/2022\/03\/Capa_Como_Surgiu-1024x668.jpg 1024w, https:\/\/www.ufsm.br\/app\/uploads\/sites\/601\/2022\/03\/Capa_Como_Surgiu-300x196.jpg 300w, https:\/\/www.ufsm.br\/app\/uploads\/sites\/601\/2022\/03\/Capa_Como_Surgiu-768x501.jpg 768w, https:\/\/www.ufsm.br\/app\/uploads\/sites\/601\/2022\/03\/Capa_Como_Surgiu.jpg 1458w\" sizes=\"(max-width: 1024px) 100vw, 1024px\" \/>\t\t\t\t\t\t\t\t\t\t\t\t\t<\/div>\n\t\t\t\t<\/div>\n\t\t\t\t\t<\/div>\n\t\t<\/div>\n\t\t\t\t\t<\/div>\n\t\t<\/section>\n\t\t\t\t<section class=\"elementor-section elementor-top-section elementor-element elementor-element-b9b08d4 elementor-section-boxed elementor-section-height-default elementor-section-height-default\" data-id=\"b9b08d4\" data-element_type=\"section\">\n\t\t\t\t\t\t<div class=\"elementor-container elementor-column-gap-default\">\n\t\t\t\t\t<div class=\"elementor-column elementor-col-100 elementor-top-column elementor-element elementor-element-14f96ac\" data-id=\"14f96ac\" data-element_type=\"column\">\n\t\t\t<div class=\"elementor-widget-wrap elementor-element-populated\">\n\t\t\t\t\t\t<div class=\"elementor-element elementor-element-6c51bfd elementor-widget elementor-widget-heading\" data-id=\"6c51bfd\" data-element_type=\"widget\" data-widget_type=\"heading.default\">\n\t\t\t\t<div class=\"elementor-widget-container\">\n\t\t\t<h3 class=\"elementor-heading-title elementor-size-default\">As primeiras universidades do mundo<\/h3>\t\t<\/div>\n\t\t\t\t<\/div>\n\t\t\t\t\t<\/div>\n\t\t<\/div>\n\t\t\t\t\t<\/div>\n\t\t<\/section>\n\t\t\t\t<section class=\"elementor-section elementor-top-section elementor-element elementor-element-98fd8fc elementor-section-boxed elementor-section-height-default elementor-section-height-default\" data-id=\"98fd8fc\" data-element_type=\"section\">\n\t\t\t\t\t\t<div class=\"elementor-container elementor-column-gap-default\">\n\t\t\t\t\t<div class=\"elementor-column elementor-col-100 elementor-top-column elementor-element elementor-element-e9c0de6\" data-id=\"e9c0de6\" data-element_type=\"column\">\n\t\t\t<div class=\"elementor-widget-wrap elementor-element-populated\">\n\t\t\t\t\t\t<div class=\"elementor-element elementor-element-5cc765b elementor-widget elementor-widget-text-editor\" data-id=\"5cc765b\" data-element_type=\"widget\" data-widget_type=\"text-editor.default\">\n\t\t\t\t<div class=\"elementor-widget-container\">\n\t\t\t\t\t\t\t<p><span style=\"color: #ffffff;font-size: 16px\">As primeiras institui\u00e7\u00f5es do Ocidente surgiram na Idade M\u00e9dia e espalharam-se rapidamente por toda a Europa. Essa \u00e9poca foi marcada pelo renascimento das cidades, crescimento do com\u00e9rcio e pela influ\u00eancia das escolas do s\u00e9culo 12. Tudo isso levou \u00e0 necessidade de se criar um novo espa\u00e7o de constru\u00e7\u00e3o e preserva\u00e7\u00e3o do conhecimento. As primeiras universidades foram a de Bolonha, na It\u00e1lia, fundada em 1088, e a de Paris, na Fran\u00e7a, em torno de 1200. Ap\u00f3s alguns anos, surgiram institui\u00e7\u00f5es de ensino superior de Oxford, N\u00e1poles, Cambridge, Montpellier, Coimbra e Lisboa.<\/span><\/p>\t\t\t\t\t\t<\/div>\n\t\t\t\t<\/div>\n\t\t\t\t\t<\/div>\n\t\t<\/div>\n\t\t\t\t\t<\/div>\n\t\t<\/section>\n\t\t\t\t<section class=\"elementor-section elementor-top-section elementor-element elementor-element-05519a9 elementor-section-boxed elementor-section-height-default elementor-section-height-default\" data-id=\"05519a9\" data-element_type=\"section\">\n\t\t\t\t\t\t<div class=\"elementor-container elementor-column-gap-default\">\n\t\t\t\t\t<div class=\"elementor-column elementor-col-100 elementor-top-column elementor-element elementor-element-e07c925\" data-id=\"e07c925\" data-element_type=\"column\">\n\t\t\t<div class=\"elementor-widget-wrap elementor-element-populated\">\n\t\t\t\t\t\t<div class=\"elementor-element elementor-element-2e27f84 elementor-widget elementor-widget-heading\" data-id=\"2e27f84\" data-element_type=\"widget\" data-widget_type=\"heading.default\">\n\t\t\t\t<div class=\"elementor-widget-container\">\n\t\t\t<h3 class=\"elementor-heading-title elementor-size-default\">Educa\u00e7\u00e3o superior medieval<\/h3>\t\t<\/div>\n\t\t\t\t<\/div>\n\t\t\t\t\t<\/div>\n\t\t<\/div>\n\t\t\t\t\t<\/div>\n\t\t<\/section>\n\t\t\t\t<section class=\"elementor-section elementor-top-section elementor-element elementor-element-3a260b8 elementor-section-boxed elementor-section-height-default elementor-section-height-default\" data-id=\"3a260b8\" data-element_type=\"section\">\n\t\t\t\t\t\t<div class=\"elementor-container elementor-column-gap-default\">\n\t\t\t\t\t<div class=\"elementor-column elementor-col-100 elementor-top-column elementor-element elementor-element-8b36e99\" data-id=\"8b36e99\" data-element_type=\"column\">\n\t\t\t<div class=\"elementor-widget-wrap elementor-element-populated\">\n\t\t\t\t\t\t<div class=\"elementor-element elementor-element-19665a3 elementor-widget elementor-widget-text-editor\" data-id=\"19665a3\" data-element_type=\"widget\" data-widget_type=\"text-editor.default\">\n\t\t\t\t<div class=\"elementor-widget-container\">\n\t\t\t\t\t\t\t<p><span style=\"color: #ffffff;font-size: 16px\">A Universidade de Paris recebeu o t\u00edtulo de<\/span><em style=\"color: #ffffff;font-size: 16px\">\u00a0studium generale<\/em><span style=\"color: #ffffff;font-size: 16px\">, ou seja, Estudos Gerais, concedido somente \u00e0s institui\u00e7\u00f5es que possu\u00edam as quatro faculdades: Artes, Teologia, Decretos e Medicina. A educa\u00e7\u00e3o universit\u00e1ria se preocupava em dominar os conhecimentos encontrados em livros e os considerava como verdades absolutas. N\u00e3o havia um ponto de vista cr\u00edtico nem inovador. No entanto, os livros eram raros e caros nesse per\u00edodo. Por isso, as aulas se davam a partir da leitura das obras pelos mestres e por meio de debates p\u00fablicos. Assim, a educa\u00e7\u00e3o era muito mais voltada para o dom\u00ednio dos discursos formais e da argumenta\u00e7\u00e3o do que para a aquisi\u00e7\u00e3o de saberes.<\/span><\/p>\t\t\t\t\t\t<\/div>\n\t\t\t\t<\/div>\n\t\t\t\t\t<\/div>\n\t\t<\/div>\n\t\t\t\t\t<\/div>\n\t\t<\/section>\n\t\t\t\t<section class=\"elementor-section elementor-top-section elementor-element elementor-element-5203dd1 elementor-section-boxed elementor-section-height-default elementor-section-height-default\" data-id=\"5203dd1\" data-element_type=\"section\">\n\t\t\t\t\t\t<div class=\"elementor-container elementor-column-gap-default\">\n\t\t\t\t\t<div class=\"elementor-column elementor-col-100 elementor-top-column elementor-element elementor-element-63bf7ec\" data-id=\"63bf7ec\" data-element_type=\"column\">\n\t\t\t<div class=\"elementor-widget-wrap elementor-element-populated\">\n\t\t\t\t\t\t<div class=\"elementor-element elementor-element-814f544 elementor-widget elementor-widget-heading\" data-id=\"814f544\" data-element_type=\"widget\" data-widget_type=\"heading.default\">\n\t\t\t\t<div class=\"elementor-widget-container\">\n\t\t\t<h3 class=\"elementor-heading-title elementor-size-default\">Heran\u00e7as e tradi\u00e7\u00f5es<\/h3>\t\t<\/div>\n\t\t\t\t<\/div>\n\t\t\t\t\t<\/div>\n\t\t<\/div>\n\t\t\t\t\t<\/div>\n\t\t<\/section>\n\t\t\t\t<section class=\"elementor-section elementor-top-section elementor-element elementor-element-9bd5284 elementor-section-boxed elementor-section-height-default elementor-section-height-default\" data-id=\"9bd5284\" data-element_type=\"section\">\n\t\t\t\t\t\t<div class=\"elementor-container elementor-column-gap-default\">\n\t\t\t\t\t<div class=\"elementor-column elementor-col-100 elementor-top-column elementor-element elementor-element-257dccd\" data-id=\"257dccd\" data-element_type=\"column\">\n\t\t\t<div class=\"elementor-widget-wrap elementor-element-populated\">\n\t\t\t\t\t\t<div class=\"elementor-element elementor-element-97db0c7 elementor-widget elementor-widget-text-editor\" data-id=\"97db0c7\" data-element_type=\"widget\" data-widget_type=\"text-editor.default\">\n\t\t\t\t<div class=\"elementor-widget-container\">\n\t\t\t\t\t\t\t<p><span style=\"color: #ffffff;font-size: 16px\">Apesar de os modelos universit\u00e1rios atuais serem muito diferentes dos de antigamente, ainda mant\u00eam caracter\u00edsticas e tradi\u00e7\u00f5es daquele per\u00edodo. Por exemplo, as nomea\u00e7\u00f5es e as diferen\u00e7as entre bacharelado, licenciatura, mestrado e doutorado. As no\u00e7\u00f5es de cr\u00e9ditos ou horas necess\u00e1rios para a conclus\u00e3o de curso, bem como as bancas avaliadoras datam da Idade M\u00e9dia. Algumas institui\u00e7\u00f5es antigas mantiveram tradi\u00e7\u00f5es seculares \u2013 na Universidade de Coimbra, por exemplo, \u00e9 poss\u00edvel encontrar resqu\u00edcios das vestimentas medievais. At\u00e9 hoje, s\u00e3o usadas longas capas pretas pelos estudantes, caracter\u00edstica adotada pela escritora J. K. Rowling ao descrever as vestimentas dos personagens na saga Harry Potter.<\/span><\/p>\t\t\t\t\t\t<\/div>\n\t\t\t\t<\/div>\n\t\t\t\t\t<\/div>\n\t\t<\/div>\n\t\t\t\t\t<\/div>\n\t\t<\/section>\n\t\t\t\t<section class=\"elementor-section elementor-top-section elementor-element elementor-element-38faefc elementor-section-boxed elementor-section-height-default elementor-section-height-default\" data-id=\"38faefc\" data-element_type=\"section\">\n\t\t\t\t\t\t<div class=\"elementor-container elementor-column-gap-default\">\n\t\t\t\t\t<div class=\"elementor-column elementor-col-100 elementor-top-column elementor-element elementor-element-5a089a8\" data-id=\"5a089a8\" data-element_type=\"column\">\n\t\t\t<div class=\"elementor-widget-wrap elementor-element-populated\">\n\t\t\t\t\t\t<div class=\"elementor-element elementor-element-45b0785 elementor-widget elementor-widget-heading\" data-id=\"45b0785\" data-element_type=\"widget\" data-widget_type=\"heading.default\">\n\t\t\t\t<div class=\"elementor-widget-container\">\n\t\t\t<h3 class=\"elementor-heading-title elementor-size-default\">O surgimento no Brasil<\/h3>\t\t<\/div>\n\t\t\t\t<\/div>\n\t\t\t\t\t<\/div>\n\t\t<\/div>\n\t\t\t\t\t<\/div>\n\t\t<\/section>\n\t\t\t\t<section class=\"elementor-section elementor-top-section elementor-element elementor-element-a882593 elementor-section-boxed elementor-section-height-default elementor-section-height-default\" data-id=\"a882593\" data-element_type=\"section\">\n\t\t\t\t\t\t<div class=\"elementor-container elementor-column-gap-default\">\n\t\t\t\t\t<div class=\"elementor-column elementor-col-100 elementor-top-column elementor-element elementor-element-e855800\" data-id=\"e855800\" data-element_type=\"column\">\n\t\t\t<div class=\"elementor-widget-wrap elementor-element-populated\">\n\t\t\t\t\t\t<div class=\"elementor-element elementor-element-c5ba531 elementor-widget elementor-widget-text-editor\" data-id=\"c5ba531\" data-element_type=\"widget\" data-widget_type=\"text-editor.default\">\n\t\t\t\t<div class=\"elementor-widget-container\">\n\t\t\t\t\t\t\t<p><span style=\"color: #ffffff;font-size: 16px\">O sistema universit\u00e1rio foi trazido para a Am\u00e9rica Espanhola no s\u00e9culo 16, com institui\u00e7\u00f5es no M\u00e9xico, Chile, Cuba e Argentina. No Brasil, o ensino superior s\u00f3 chegou tr\u00eas s\u00e9culos depois. Durante a coloniza\u00e7\u00e3o portuguesa, a Companhia de Jesus era respons\u00e1vel pela educa\u00e7\u00e3o, e seu objetivo era a difus\u00e3o da f\u00e9 cat\u00f3lica. Altera\u00e7\u00f5es significativas s\u00f3 ocorreram com a vinda da Corte Portuguesa, em 1808. Surgiram o Curso de Cirurgia da Bahia, a Escola de Direito em Olinda, a Faculdade de Direito de S\u00e3o Paulo, o Curso de Medicina no Rio de Janeiro e a Escola Nacional de Engenharia. Ap\u00f3s a Independ\u00eancia e a Constitui\u00e7\u00e3o de 1824, discutiu-se a necessidade do sistema nacional de educa\u00e7\u00e3o. O ensino superior s\u00f3 foi instalado em 1930.<\/span><\/p>\t\t\t\t\t\t<\/div>\n\t\t\t\t<\/div>\n\t\t\t\t\t<\/div>\n\t\t<\/div>\n\t\t\t\t\t<\/div>\n\t\t<\/section>\n\t\t\t\t<section class=\"elementor-section elementor-top-section elementor-element elementor-element-541b048 elementor-section-boxed elementor-section-height-default elementor-section-height-default\" data-id=\"541b048\" data-element_type=\"section\">\n\t\t\t\t\t\t<div class=\"elementor-container elementor-column-gap-default\">\n\t\t\t\t\t<div class=\"elementor-column elementor-col-100 elementor-top-column elementor-element elementor-element-a3f40b1\" data-id=\"a3f40b1\" data-element_type=\"column\">\n\t\t\t<div class=\"elementor-widget-wrap elementor-element-populated\">\n\t\t\t\t\t\t<div class=\"elementor-element elementor-element-4220f37 elementor-widget elementor-widget-heading\" data-id=\"4220f37\" data-element_type=\"widget\" data-widget_type=\"heading.default\">\n\t\t\t\t<div class=\"elementor-widget-container\">\n\t\t\t<h3 class=\"elementor-heading-title elementor-size-default\">Maio de 68<\/h3>\t\t<\/div>\n\t\t\t\t<\/div>\n\t\t\t\t\t<\/div>\n\t\t<\/div>\n\t\t\t\t\t<\/div>\n\t\t<\/section>\n\t\t\t\t<section class=\"elementor-section elementor-top-section elementor-element elementor-element-09cb6b1 elementor-section-boxed elementor-section-height-default elementor-section-height-default\" data-id=\"09cb6b1\" data-element_type=\"section\">\n\t\t\t\t\t\t<div class=\"elementor-container elementor-column-gap-default\">\n\t\t\t\t\t<div class=\"elementor-column elementor-col-100 elementor-top-column elementor-element elementor-element-0927045\" data-id=\"0927045\" data-element_type=\"column\">\n\t\t\t<div class=\"elementor-widget-wrap elementor-element-populated\">\n\t\t\t\t\t\t<div class=\"elementor-element elementor-element-344d759 elementor-widget elementor-widget-text-editor\" data-id=\"344d759\" data-element_type=\"widget\" data-widget_type=\"text-editor.default\">\n\t\t\t\t<div class=\"elementor-widget-container\">\n\t\t\t\t\t\t\t<p><span style=\"color: #ffffff;font-size: 16px\">Demandas estudantis marcaram a d\u00e9cada de 60 e ocasionaram grandes mudan\u00e7as sociais e pol\u00edticas mundialmente. O movimento conhecido como Maio de 1968 teve in\u00edcio na Fran\u00e7a e consistiu em uma s\u00e9rie de protestos por parte de jovens universit\u00e1rios que exigiam reformas no sistema educacional. Os eventos tamb\u00e9m atingiram a classe trabalhadora, ao provocar a maior greve geral da Europa. Os ideais do movimento foram o estopim para uma grande revis\u00e3o de valores da \u00e9poca fortalecendo demandas em diversos pa\u00edses. No Brasil, por exemplo, o movimento impulsionou os opositores da ditadura militar e incentivou a uni\u00e3o na Passeata dos Cem Mil, que marcou a rea\u00e7\u00e3o contra o regime.<\/span><\/p>\t\t\t\t\t\t<\/div>\n\t\t\t\t<\/div>\n\t\t\t\t\t<\/div>\n\t\t<\/div>\n\t\t\t\t\t<\/div>\n\t\t<\/section>\n\t\t\t\t<section class=\"elementor-section elementor-top-section elementor-element elementor-element-2608087 elementor-section-boxed elementor-section-height-default elementor-section-height-default\" data-id=\"2608087\" data-element_type=\"section\">\n\t\t\t\t\t\t<div class=\"elementor-container elementor-column-gap-default\">\n\t\t\t\t\t<div class=\"elementor-column elementor-col-100 elementor-top-column elementor-element elementor-element-7dfbe42\" data-id=\"7dfbe42\" data-element_type=\"column\">\n\t\t\t<div class=\"elementor-widget-wrap elementor-element-populated\">\n\t\t\t\t\t\t<div class=\"elementor-element elementor-element-5c38fed elementor-widget elementor-widget-heading\" data-id=\"5c38fed\" data-element_type=\"widget\" data-widget_type=\"heading.default\">\n\t\t\t\t<div class=\"elementor-widget-container\">\n\t\t\t<h3 class=\"elementor-heading-title elementor-size-default\">Modelos universit\u00e1rios modernos<\/h3>\t\t<\/div>\n\t\t\t\t<\/div>\n\t\t\t\t\t<\/div>\n\t\t<\/div>\n\t\t\t\t\t<\/div>\n\t\t<\/section>\n\t\t\t\t<section class=\"elementor-section elementor-top-section elementor-element elementor-element-1fcb6c0 elementor-section-boxed elementor-section-height-default elementor-section-height-default\" data-id=\"1fcb6c0\" data-element_type=\"section\">\n\t\t\t\t\t\t<div class=\"elementor-container elementor-column-gap-default\">\n\t\t\t\t\t<div class=\"elementor-column elementor-col-100 elementor-top-column elementor-element elementor-element-c42a02d\" data-id=\"c42a02d\" data-element_type=\"column\">\n\t\t\t<div class=\"elementor-widget-wrap elementor-element-populated\">\n\t\t\t\t\t\t<div class=\"elementor-element elementor-element-5f4c51b elementor-widget elementor-widget-text-editor\" data-id=\"5f4c51b\" data-element_type=\"widget\" data-widget_type=\"text-editor.default\">\n\t\t\t\t<div class=\"elementor-widget-container\">\n\t\t\t\t\t\t\t<p><span style=\"color: #ffffff;font-size: 16px\">O s\u00e9culo 20 foi marcado por profundas transforma\u00e7\u00f5es no ensino superior: em vez de se aceitar passivamente os ensinamentos, passou-se a estimular questionamentos. A universidade deu voz a novas \u00e1reas, ganhou mais autonomia e se consolidou como esperan\u00e7a de transforma\u00e7\u00e3o socioecon\u00f4mica. Somente entre as federais no Brasil, s\u00e3o mais de 1,2 milh\u00e3o de estudantes e mais de 191 mil servidores, entre t\u00e9cnicos e professores. Para a pesquisadora do Programa de P\u00f3s-Gradua\u00e7\u00e3o em Comunica\u00e7\u00e3o da UFSM Eugenia Barichello, \u201ca sociedade descobriu que a universidade poderia auxili\u00e1-la em problemas espec\u00edficos; a partir de ent\u00e3o a universidade passa a ter um compromisso social mais efetivo\u201d.<\/span><\/p>\t\t\t\t\t\t<\/div>\n\t\t\t\t<\/div>\n\t\t\t\t\t<\/div>\n\t\t<\/div>\n\t\t\t\t\t<\/div>\n\t\t<\/section>\n\t\t\t\t<section class=\"elementor-section elementor-top-section elementor-element elementor-element-33f241b elementor-section-boxed elementor-section-height-default elementor-section-height-default\" data-id=\"33f241b\" data-element_type=\"section\">\n\t\t\t\t\t\t<div class=\"elementor-container elementor-column-gap-default\">\n\t\t\t\t\t<div class=\"elementor-column elementor-col-100 elementor-top-column elementor-element elementor-element-e9677ca\" data-id=\"e9677ca\" data-element_type=\"column\">\n\t\t\t<div class=\"elementor-widget-wrap elementor-element-populated\">\n\t\t\t\t\t\t<div class=\"elementor-element elementor-element-c280ad4 elementor-widget elementor-widget-heading\" data-id=\"c280ad4\" data-element_type=\"widget\" data-widget_type=\"heading.default\">\n\t\t\t\t<div class=\"elementor-widget-container\">\n\t\t\t<h3 class=\"elementor-heading-title elementor-size-default\">Origens da UFSM<\/h3>\t\t<\/div>\n\t\t\t\t<\/div>\n\t\t\t\t\t<\/div>\n\t\t<\/div>\n\t\t\t\t\t<\/div>\n\t\t<\/section>\n\t\t\t\t<section class=\"elementor-section elementor-top-section elementor-element elementor-element-e6aaa23 elementor-section-boxed elementor-section-height-default elementor-section-height-default\" data-id=\"e6aaa23\" data-element_type=\"section\">\n\t\t\t\t\t\t<div class=\"elementor-container elementor-column-gap-default\">\n\t\t\t\t\t<div class=\"elementor-column elementor-col-100 elementor-top-column elementor-element elementor-element-39faecf\" data-id=\"39faecf\" data-element_type=\"column\">\n\t\t\t<div class=\"elementor-widget-wrap elementor-element-populated\">\n\t\t\t\t\t\t<div class=\"elementor-element elementor-element-608bbb2 elementor-widget elementor-widget-text-editor\" data-id=\"608bbb2\" data-element_type=\"widget\" data-widget_type=\"text-editor.default\">\n\t\t\t\t<div class=\"elementor-widget-container\">\n\t\t\t\t\t\t\t<p><span style=\"color: #ffffff;font-size: 16px\">A Universidade Federal de Santa Maria, fundada em 1960 pelo professor Jos\u00e9 Mariano da Rocha Filho, foi a primeira institui\u00e7\u00e3o federal criada fora de uma capital. A UFSM liderou o movimento de interioriza\u00e7\u00e3o, apesar da resist\u00eancia das situadas nas capitais, nas quais eram feitos os maiores investimentos. Logo a partir disso, como observa a professora Eugenia, a UFSM definiu sua voca\u00e7\u00e3o como uma universidade comprometida com a\u00a0 realidade social, com a educa\u00e7\u00e3o formativa e permanente \u00e0 popula\u00e7\u00e3o do interior e, posteriormente, aos estudantes dos mais diversos lugares do Brasil.<\/span><\/p>\t\t\t\t\t\t<\/div>\n\t\t\t\t<\/div>\n\t\t\t\t\t<\/div>\n\t\t<\/div>\n\t\t\t\t\t<\/div>\n\t\t<\/section>\n\t\t\t\t<section class=\"elementor-section elementor-top-section elementor-element elementor-element-3e8d5e0 elementor-section-boxed elementor-section-height-default elementor-section-height-default\" data-id=\"3e8d5e0\" data-element_type=\"section\">\n\t\t\t\t\t\t<div class=\"elementor-container elementor-column-gap-default\">\n\t\t\t\t\t<div class=\"elementor-column elementor-col-100 elementor-top-column elementor-element elementor-element-c348017\" data-id=\"c348017\" data-element_type=\"column\">\n\t\t\t<div class=\"elementor-widget-wrap elementor-element-populated\">\n\t\t\t\t\t\t<div class=\"elementor-element elementor-element-ba4abfe elementor-widget elementor-widget-text-editor\" data-id=\"ba4abfe\" data-element_type=\"widget\" data-widget_type=\"text-editor.default\">\n\t\t\t\t<div class=\"elementor-widget-container\">\n\t\t\t\t\t\t\t<p style=\"font-size: 16px\"><span style=\"font-weight: bolder\"><em>Expediente:<\/em><\/span><\/p><p style=\"font-size: 16px\"><em><span style=\"font-weight: bolder\">Reportagem:<\/span>&nbsp;Rebeca Kroll, acad\u00eamica de Jornalismo;<\/em><\/p><p style=\"font-size: 16px\"><em><span style=\"font-weight: bolder\">Ilustra\u00e7\u00e3o:<\/span>&nbsp;Renata Costa, acad\u00eamica de Produ\u00e7\u00e3o Editorial.<\/em><\/p><p style=\"font-size: 16px\"><i>Conte\u00fado produzido para a 12\u00aa edi\u00e7\u00e3o da Revista Arco (dezembro de 2021).<\/i><\/p>\t\t\t\t\t\t<\/div>\n\t\t\t\t<\/div>\n\t\t\t\t\t<\/div>\n\t\t<\/div>\n\t\t\t\t\t<\/div>\n\t\t<\/section>\n\t\t\t\t<\/div>\n\t\t","protected":false},"excerpt":{"rendered":"<p>A universidade surgiu na Europa medieval. No Brasil, a consolida\u00e7\u00e3o do ensino superior ocorreu apenas no s\u00e9culo 20<\/p>\n","protected":false},"author":5006,"featured_media":9063,"comment_status":"closed","ping_status":"closed","sticky":false,"template":"","format":"standard","meta":{"footnotes":""},"categories":[1],"tags":[5389,4384,2162,1236,4863,4616],"class_list":["post-9427","post","type-post","status-publish","format-standard","has-post-thumbnail","hentry","category-sem-categoria","tag-como-surgiu-a-universidade","tag-destaque-arco","tag-destaque-ufsm","tag-ensino-superior","tag-impressa","tag-universidade"],"acf":[],"_links":{"self":[{"href":"https:\/\/www.ufsm.br\/midias\/arco\/wp-json\/wp\/v2\/posts\/9427","targetHints":{"allow":["GET"]}}],"collection":[{"href":"https:\/\/www.ufsm.br\/midias\/arco\/wp-json\/wp\/v2\/posts"}],"about":[{"href":"https:\/\/www.ufsm.br\/midias\/arco\/wp-json\/wp\/v2\/types\/post"}],"author":[{"embeddable":true,"href":"https:\/\/www.ufsm.br\/midias\/arco\/wp-json\/wp\/v2\/users\/5006"}],"replies":[{"embeddable":true,"href":"https:\/\/www.ufsm.br\/midias\/arco\/wp-json\/wp\/v2\/comments?post=9427"}],"version-history":[{"count":0,"href":"https:\/\/www.ufsm.br\/midias\/arco\/wp-json\/wp\/v2\/posts\/9427\/revisions"}],"wp:featuredmedia":[{"embeddable":true,"href":"https:\/\/www.ufsm.br\/midias\/arco\/wp-json\/wp\/v2\/media\/9063"}],"wp:attachment":[{"href":"https:\/\/www.ufsm.br\/midias\/arco\/wp-json\/wp\/v2\/media?parent=9427"}],"wp:term":[{"taxonomy":"category","embeddable":true,"href":"https:\/\/www.ufsm.br\/midias\/arco\/wp-json\/wp\/v2\/categories?post=9427"},{"taxonomy":"post_tag","embeddable":true,"href":"https:\/\/www.ufsm.br\/midias\/arco\/wp-json\/wp\/v2\/tags?post=9427"}],"curies":[{"name":"wp","href":"https:\/\/api.w.org\/{rel}","templated":true}]}}