{"id":9487,"date":"2022-09-12T09:28:04","date_gmt":"2022-09-12T12:28:04","guid":{"rendered":"https:\/\/www.ufsm.br\/midias\/arco\/?p=9487"},"modified":"2022-09-12T09:34:09","modified_gmt":"2022-09-12T12:34:09","slug":"memoria-e-legado-2","status":"publish","type":"post","link":"https:\/\/www.ufsm.br\/midias\/arco\/memoria-e-legado-2","title":{"rendered":"Mem\u00f3ria e Legado"},"content":{"rendered":"\t\t<div data-elementor-type=\"wp-post\" data-elementor-id=\"9487\" class=\"elementor elementor-9487\">\n\t\t\t\t\t\t<section class=\"elementor-section elementor-top-section elementor-element elementor-element-12bd16f elementor-section-boxed elementor-section-height-default elementor-section-height-default\" data-id=\"12bd16f\" data-element_type=\"section\">\n\t\t\t\t\t\t<div class=\"elementor-container elementor-column-gap-default\">\n\t\t\t\t\t<div class=\"elementor-column elementor-col-100 elementor-top-column elementor-element elementor-element-732f11b\" data-id=\"732f11b\" data-element_type=\"column\">\n\t\t\t<div class=\"elementor-widget-wrap elementor-element-populated\">\n\t\t\t\t\t\t<div class=\"elementor-element elementor-element-8288678 elementor-widget elementor-widget-text-editor\" data-id=\"8288678\" data-element_type=\"widget\" data-widget_type=\"text-editor.default\">\n\t\t\t\t<div class=\"elementor-widget-container\">\n\t\t\t\t\t\t\t<p>A UFSM completou 60 anos, em dezembro de 2020, em meio \u00e0 pandemia de Covid-19 e, por isso, as\u00a0 comemora\u00e7\u00f5es tiveram que ocorrer a dist\u00e2ncia. Nesse cen\u00e1rio de atividades remotas, uma forma de manter a proximidade com a Universidade \u00e9 conhecer seu passado, que \u00e9 contado nas p\u00e1ginas de quatro livros da Editora UFSM. As publica\u00e7\u00f5es a seguir retratam uma Universidade que, mais do que mudar a hist\u00f3ria de Santa Maria, ajudou a mudar a hist\u00f3ria do Brasil, ao mostrar que a democratiza\u00e7\u00e3o do ensino gratuito e de qualidade, al\u00e9m de poss\u00edvel, \u00e9 o \u00fanico caminho para o desenvolvimento do pa\u00eds. E a comunidade acad\u00eamica pode se orgulhar por escrever, a cada dia, um novo cap\u00edtulo para os livros que ainda vir\u00e3o.<\/p>\t\t\t\t\t\t<\/div>\n\t\t\t\t<\/div>\n\t\t\t\t\t<\/div>\n\t\t<\/div>\n\t\t\t\t\t<\/div>\n\t\t<\/section>\n\t\t\t\t<section class=\"elementor-section elementor-top-section elementor-element elementor-element-09b3065 elementor-section-boxed elementor-section-height-default elementor-section-height-default\" data-id=\"09b3065\" data-element_type=\"section\">\n\t\t\t\t\t\t<div class=\"elementor-container elementor-column-gap-default\">\n\t\t\t\t\t<div class=\"elementor-column elementor-col-100 elementor-top-column elementor-element elementor-element-50bfffb\" data-id=\"50bfffb\" data-element_type=\"column\">\n\t\t\t<div class=\"elementor-widget-wrap elementor-element-populated\">\n\t\t\t\t\t\t<div class=\"elementor-element elementor-element-5758a7d elementor-widget elementor-widget-image\" data-id=\"5758a7d\" data-element_type=\"widget\" data-widget_type=\"image.default\">\n\t\t\t\t<div class=\"elementor-widget-container\">\n\t\t\t\t\t\t\t\t\t\t\t\t\t<img fetchpriority=\"high\" decoding=\"async\" width=\"1024\" height=\"668\" src=\"https:\/\/www.ufsm.br\/app\/uploads\/sites\/601\/2022\/02\/Capa_Editora-1024x668.jpg\" class=\"attachment-large size-large wp-image-8987\" alt=\"Ilustra\u00e7\u00e3o horizontal e colorida de uma estante vertical formada por quatro nichos assim\u00e9tricos, em marrom escuro. Os nichos est\u00e3o cheios de livros. O primeiro (de baixo para cima) e o terceiro, tem tr\u00eas livros em p\u00e9 na parte esquerda e um livro com a capa em destaque na parte direita. O segundo e o quarto tem tr\u00eas livros enfileirados na parte direita e a capa em destaque na parte esquerda. Os livros tem a lombada rosa, vermelho, bege, verde claro, branco, preto e azul. Os livros em destaque, na primeira prateleira, tem a capa branca com \u00e1rvore azul, o bras\u00e3o da Ufsm e o t\u00edtulo &quot;50 anos&quot;. No segunda nicho, a capa e bege, e o t\u00edtulo \u00e9 &#039;Concretizando um ideal&#039;. No terceiro nicho, o livro tem capa azul, com uma estrela amarela no centro, e o t\u00edtulo &#039;USM a nova universidade &#039;. No quatro nichos, a capa tem fundo azul e desenho de um homem de pele branca, cabelos e bigode pretos no centro. O fundo da Ilustra\u00e7\u00e3o \u00e9 amarelo mostarda.\" srcset=\"https:\/\/www.ufsm.br\/app\/uploads\/sites\/601\/2022\/02\/Capa_Editora-1024x668.jpg 1024w, https:\/\/www.ufsm.br\/app\/uploads\/sites\/601\/2022\/02\/Capa_Editora-300x196.jpg 300w, https:\/\/www.ufsm.br\/app\/uploads\/sites\/601\/2022\/02\/Capa_Editora-768x501.jpg 768w, https:\/\/www.ufsm.br\/app\/uploads\/sites\/601\/2022\/02\/Capa_Editora.jpg 1458w\" sizes=\"(max-width: 1024px) 100vw, 1024px\" \/>\t\t\t\t\t\t\t\t\t\t\t\t\t<\/div>\n\t\t\t\t<\/div>\n\t\t\t\t\t<\/div>\n\t\t<\/div>\n\t\t\t\t\t<\/div>\n\t\t<\/section>\n\t\t\t\t<section class=\"elementor-section elementor-top-section elementor-element elementor-element-f610a35 elementor-section-boxed elementor-section-height-default elementor-section-height-default\" data-id=\"f610a35\" data-element_type=\"section\">\n\t\t\t\t\t\t<div class=\"elementor-container elementor-column-gap-default\">\n\t\t\t\t\t<div class=\"elementor-column elementor-col-100 elementor-top-column elementor-element elementor-element-f2bf5b6\" data-id=\"f2bf5b6\" data-element_type=\"column\">\n\t\t\t<div class=\"elementor-widget-wrap elementor-element-populated\">\n\t\t\t\t\t\t<div class=\"elementor-element elementor-element-131a184 elementor-widget elementor-widget-heading\" data-id=\"131a184\" data-element_type=\"widget\" data-widget_type=\"heading.default\">\n\t\t\t\t<div class=\"elementor-widget-container\">\n\t\t\t<h3 class=\"elementor-heading-title elementor-size-default\">Jos\u00e9 Mariano da Rocha Filho: Fotobiografia - Maria Izabel Mariano da Rocha Duarte - 2014<\/h3>\t\t<\/div>\n\t\t\t\t<\/div>\n\t\t\t\t\t<\/div>\n\t\t<\/div>\n\t\t\t\t\t<\/div>\n\t\t<\/section>\n\t\t\t\t<section class=\"elementor-section elementor-top-section elementor-element elementor-element-edc5728 elementor-section-boxed elementor-section-height-default elementor-section-height-default\" data-id=\"edc5728\" data-element_type=\"section\">\n\t\t\t\t\t\t<div class=\"elementor-container elementor-column-gap-default\">\n\t\t\t\t\t<div class=\"elementor-column elementor-col-100 elementor-top-column elementor-element elementor-element-0896b9a\" data-id=\"0896b9a\" data-element_type=\"column\">\n\t\t\t<div class=\"elementor-widget-wrap elementor-element-populated\">\n\t\t\t\t\t\t<div class=\"elementor-element elementor-element-2276c74 elementor-widget elementor-widget-text-editor\" data-id=\"2276c74\" data-element_type=\"widget\" data-widget_type=\"text-editor.default\">\n\t\t\t\t<div class=\"elementor-widget-container\">\n\t\t\t\t\t\t\t<p>Al\u00e9m de contar sobre a inf\u00e2ncia e a juventude do fundador da UFSM, a fotobiografia traz os desafios enfrentados na luta pela interioriza\u00e7\u00e3o do ensino. O livro mostra como a Faculdade de Farm\u00e1cia de Santa Maria, que possu\u00eda apenas cinco alunos e n\u00e3o tinha recursos para pagar o sal\u00e1rio de seus professores, tornou-se uma Universidade\u00a0pioneira, preocupada com o acesso de todas as camadas sociais e, principalmente, da popula\u00e7\u00e3o do interior ao ensino superior p\u00fablico de qualidade.<\/p>\t\t\t\t\t\t<\/div>\n\t\t\t\t<\/div>\n\t\t\t\t\t<\/div>\n\t\t<\/div>\n\t\t\t\t\t<\/div>\n\t\t<\/section>\n\t\t\t\t<section class=\"elementor-section elementor-top-section elementor-element elementor-element-a673203 elementor-section-boxed elementor-section-height-default elementor-section-height-default\" data-id=\"a673203\" data-element_type=\"section\">\n\t\t\t\t\t\t<div class=\"elementor-container elementor-column-gap-default\">\n\t\t\t\t\t<div class=\"elementor-column elementor-col-100 elementor-top-column elementor-element elementor-element-89c02ac\" data-id=\"89c02ac\" data-element_type=\"column\">\n\t\t\t<div class=\"elementor-widget-wrap elementor-element-populated\">\n\t\t\t\t\t\t<div class=\"elementor-element elementor-element-77db400 elementor-widget elementor-widget-heading\" data-id=\"77db400\" data-element_type=\"widget\" data-widget_type=\"heading.default\">\n\t\t\t\t<div class=\"elementor-widget-container\">\n\t\t\t<h3 class=\"elementor-heading-title elementor-size-default\">USM: A Nova Universidade - Jos\u00e9 Mariano da Rocha Filho - 2011 (2\u00aa edi\u00e7\u00e3o)<\/h3>\t\t<\/div>\n\t\t\t\t<\/div>\n\t\t\t\t\t<\/div>\n\t\t<\/div>\n\t\t\t\t\t<\/div>\n\t\t<\/section>\n\t\t\t\t<section class=\"elementor-section elementor-top-section elementor-element elementor-element-9909b1d elementor-section-boxed elementor-section-height-default elementor-section-height-default\" data-id=\"9909b1d\" data-element_type=\"section\">\n\t\t\t\t\t\t<div class=\"elementor-container elementor-column-gap-default\">\n\t\t\t\t\t<div class=\"elementor-column elementor-col-100 elementor-top-column elementor-element elementor-element-b549bac\" data-id=\"b549bac\" data-element_type=\"column\">\n\t\t\t<div class=\"elementor-widget-wrap elementor-element-populated\">\n\t\t\t\t\t\t<div class=\"elementor-element elementor-element-6135249 elementor-widget elementor-widget-text-editor\" data-id=\"6135249\" data-element_type=\"widget\" data-widget_type=\"text-editor.default\">\n\t\t\t\t<div class=\"elementor-widget-container\">\n\t\t\t\t\t\t\t<p><span style=\"color: #ffffff;font-size: 16px\">O livro apresenta o projeto fundador da Universidade. Seu conte\u00fado revela as contribui\u00e7\u00f5es da Universidade para o ensino superior p\u00fablico do pa\u00eds \u2013 como o est\u00e1gio obrigat\u00f3rio ao final do curso e a institui\u00e7\u00e3o de carreira universit\u00e1ria vital\u00edcia com dedica\u00e7\u00e3o exclusiva para os docentes. Outro novo conceito trazido pela ent\u00e3o Universidade de Santa Maria foi a aten\u00e7\u00e3o dada ao espa\u00e7o do ensino universit\u00e1rio, que deveria ser um lugar capaz de integrar n\u00e3o s\u00f3 todos os estudantes da institui\u00e7\u00e3o, mas tamb\u00e9m as atividades acad\u00eamicas, sociais e culturais. Com esse objetivo, surgiu o primeiro campus totalmente planejado do pa\u00eds.<\/span><\/p>\t\t\t\t\t\t<\/div>\n\t\t\t\t<\/div>\n\t\t\t\t\t<\/div>\n\t\t<\/div>\n\t\t\t\t\t<\/div>\n\t\t<\/section>\n\t\t\t\t<section class=\"elementor-section elementor-top-section elementor-element elementor-element-f315b0e elementor-section-boxed elementor-section-height-default elementor-section-height-default\" data-id=\"f315b0e\" data-element_type=\"section\">\n\t\t\t\t\t\t<div class=\"elementor-container elementor-column-gap-default\">\n\t\t\t\t\t<div class=\"elementor-column elementor-col-100 elementor-top-column elementor-element elementor-element-680e5ac\" data-id=\"680e5ac\" data-element_type=\"column\">\n\t\t\t<div class=\"elementor-widget-wrap elementor-element-populated\">\n\t\t\t\t\t\t<div class=\"elementor-element elementor-element-42a4cf7 elementor-widget elementor-widget-heading\" data-id=\"42a4cf7\" data-element_type=\"widget\" data-widget_type=\"heading.default\">\n\t\t\t\t<div class=\"elementor-widget-container\">\n\t\t\t<h3 class=\"elementor-heading-title elementor-size-default\">Concretizando Um Ideal - Neiva Pavezi - 2011<\/h3>\t\t<\/div>\n\t\t\t\t<\/div>\n\t\t\t\t\t<\/div>\n\t\t<\/div>\n\t\t\t\t\t<\/div>\n\t\t<\/section>\n\t\t\t\t<section class=\"elementor-section elementor-top-section elementor-element elementor-element-d74996b elementor-section-boxed elementor-section-height-default elementor-section-height-default\" data-id=\"d74996b\" data-element_type=\"section\">\n\t\t\t\t\t\t<div class=\"elementor-container elementor-column-gap-default\">\n\t\t\t\t\t<div class=\"elementor-column elementor-col-100 elementor-top-column elementor-element elementor-element-d401eb3\" data-id=\"d401eb3\" data-element_type=\"column\">\n\t\t\t<div class=\"elementor-widget-wrap elementor-element-populated\">\n\t\t\t\t\t\t<div class=\"elementor-element elementor-element-0b6d159 elementor-widget elementor-widget-text-editor\" data-id=\"0b6d159\" data-element_type=\"widget\" data-widget_type=\"text-editor.default\">\n\t\t\t\t<div class=\"elementor-widget-container\">\n\t\t\t\t\t\t\t<p><span style=\"color: #ffffff;font-size: 16px\">Tamb\u00e9m retrata os primeiros passos da UFSM. O livro mostra como a Universidade foi considerada um marco da arquitetura urbana moderna na \u00e9poca de sua constru\u00e7\u00e3o. Assim, a obra traz quest\u00f5es arquitet\u00f4nicas sobre a elabora\u00e7\u00e3o dos planos pilotos da Universidade, da paisagem da Cidade Universit\u00e1ria e at\u00e9 detalhes sobre a constru\u00e7\u00e3o dos pr\u00e9dios mais conhecidos da institui\u00e7\u00e3o. A parte principal do livro, contudo, \u00e9 o grande cat\u00e1logo de fotografias, com as imagens da Cidade Universit\u00e1ria entre os anos de 1960 e 1973.<\/span><\/p>\t\t\t\t\t\t<\/div>\n\t\t\t\t<\/div>\n\t\t\t\t\t<\/div>\n\t\t<\/div>\n\t\t\t\t\t<\/div>\n\t\t<\/section>\n\t\t\t\t<section class=\"elementor-section elementor-top-section elementor-element elementor-element-e44b75b elementor-section-boxed elementor-section-height-default elementor-section-height-default\" data-id=\"e44b75b\" data-element_type=\"section\">\n\t\t\t\t\t\t<div class=\"elementor-container elementor-column-gap-default\">\n\t\t\t\t\t<div class=\"elementor-column elementor-col-100 elementor-top-column elementor-element elementor-element-827cf3b\" data-id=\"827cf3b\" data-element_type=\"column\">\n\t\t\t<div class=\"elementor-widget-wrap elementor-element-populated\">\n\t\t\t\t\t\t<div class=\"elementor-element elementor-element-51581af elementor-widget elementor-widget-heading\" data-id=\"51581af\" data-element_type=\"widget\" data-widget_type=\"heading.default\">\n\t\t\t\t<div class=\"elementor-widget-container\">\n\t\t\t<h3 class=\"elementor-heading-title elementor-size-default\">Os 50 Anos da Nova Universidade - Maria Eug\u00eania Mariano da Rocha Barichello - 2011<\/h3>\t\t<\/div>\n\t\t\t\t<\/div>\n\t\t\t\t\t<\/div>\n\t\t<\/div>\n\t\t\t\t\t<\/div>\n\t\t<\/section>\n\t\t\t\t<section class=\"elementor-section elementor-top-section elementor-element elementor-element-50594b8 elementor-section-boxed elementor-section-height-default elementor-section-height-default\" data-id=\"50594b8\" data-element_type=\"section\">\n\t\t\t\t\t\t<div class=\"elementor-container elementor-column-gap-default\">\n\t\t\t\t\t<div class=\"elementor-column elementor-col-100 elementor-top-column elementor-element elementor-element-456483b\" data-id=\"456483b\" data-element_type=\"column\">\n\t\t\t<div class=\"elementor-widget-wrap elementor-element-populated\">\n\t\t\t\t\t\t<div class=\"elementor-element elementor-element-6e227c9 elementor-widget elementor-widget-text-editor\" data-id=\"6e227c9\" data-element_type=\"widget\" data-widget_type=\"text-editor.default\">\n\t\t\t\t<div class=\"elementor-widget-container\">\n\t\t\t\t\t\t\t<p><span style=\"color: #ffffff;font-size: 16px\">A publica\u00e7\u00e3o mostra os valores que guiaram a Universidade at\u00e9 seu meio s\u00e9culo de exist\u00eancia, completados em dezembro de 2011. Um exemplo j\u00e1 citado \u00e9 a democratiza\u00e7\u00e3o do ensino superior. Esse objetivo levou a UFSM a se tornar pioneira em implementar a\u00e7\u00f5es de extens\u00e3o fora da cidade sede e tamb\u00e9m a primeira universidade a ter um campus avan\u00e7ado na Amaz\u00f4nia, situado em Boa Vista, Roraima. Esse campus deu origem \u00e0 Universidade Federal de Roraima. Por sua gest\u00e3o eficiente, a UFSM se tornou refer\u00eancia e lideran\u00e7a para o aperfei\u00e7oamento do ensino universit\u00e1rio na Am\u00e9rica Latina.<\/span><\/p>\t\t\t\t\t\t<\/div>\n\t\t\t\t<\/div>\n\t\t\t\t\t<\/div>\n\t\t<\/div>\n\t\t\t\t\t<\/div>\n\t\t<\/section>\n\t\t\t\t<section class=\"elementor-section elementor-top-section elementor-element elementor-element-eb4db3c elementor-section-boxed elementor-section-height-default elementor-section-height-default\" data-id=\"eb4db3c\" data-element_type=\"section\">\n\t\t\t\t\t\t<div class=\"elementor-container elementor-column-gap-default\">\n\t\t\t\t\t<div class=\"elementor-column elementor-col-100 elementor-top-column elementor-element elementor-element-6e050fd\" data-id=\"6e050fd\" data-element_type=\"column\">\n\t\t\t<div class=\"elementor-widget-wrap elementor-element-populated\">\n\t\t\t\t\t\t<div class=\"elementor-element elementor-element-7a59c93 elementor-widget elementor-widget-text-editor\" data-id=\"7a59c93\" data-element_type=\"widget\" data-widget_type=\"text-editor.default\">\n\t\t\t\t<div class=\"elementor-widget-container\">\n\t\t\t\t\t\t\t<div style=\"font-size: 16px\"><span style=\"font-weight: bolder\"><em>Expediente:<\/em><\/span><\/div><div style=\"font-size: 16px\"><em><span style=\"font-weight: bolder\">Reportagem:<\/span>&nbsp;Bernardo Salcedo; acad\u00eamico de Jornalismo;<\/em><\/div><div style=\"font-size: 16px\"><em><span style=\"font-weight: bolder\">Ilustra\u00e7\u00e3o e diagrama\u00e7\u00e3o:<\/span>&nbsp;Renata Costa. acad\u00eamica de Produ\u00e7\u00e3o Editorial.<\/em><br><em style=\"font-size: 16px\">Conte\u00fado produzido para a 12\u00aa edi\u00e7\u00e3o impressa da Revista Arco (Dezembro 2021)<\/em><\/div>\t\t\t\t\t\t<\/div>\n\t\t\t\t<\/div>\n\t\t\t\t\t<\/div>\n\t\t<\/div>\n\t\t\t\t\t<\/div>\n\t\t<\/section>\n\t\t\t\t<\/div>\n\t\t","protected":false},"excerpt":{"rendered":"<p>Quatro livros da Editora UFSM narram a trajet\u00f3ria da Universidade<\/p>\n","protected":false},"author":5006,"featured_media":8987,"comment_status":"closed","ping_status":"closed","sticky":false,"template":"","format":"standard","meta":{"footnotes":""},"categories":[5066],"tags":[5450,4384,2162,50,4886,27],"class_list":["post-9487","post","type-post","status-publish","format-standard","has-post-thumbnail","hentry","category-impressa","tag-12a-impressa","tag-destaque-arco","tag-destaque-ufsm","tag-editora","tag-historia-da-ufsm","tag-livros"],"acf":[],"_links":{"self":[{"href":"https:\/\/www.ufsm.br\/midias\/arco\/wp-json\/wp\/v2\/posts\/9487","targetHints":{"allow":["GET"]}}],"collection":[{"href":"https:\/\/www.ufsm.br\/midias\/arco\/wp-json\/wp\/v2\/posts"}],"about":[{"href":"https:\/\/www.ufsm.br\/midias\/arco\/wp-json\/wp\/v2\/types\/post"}],"author":[{"embeddable":true,"href":"https:\/\/www.ufsm.br\/midias\/arco\/wp-json\/wp\/v2\/users\/5006"}],"replies":[{"embeddable":true,"href":"https:\/\/www.ufsm.br\/midias\/arco\/wp-json\/wp\/v2\/comments?post=9487"}],"version-history":[{"count":0,"href":"https:\/\/www.ufsm.br\/midias\/arco\/wp-json\/wp\/v2\/posts\/9487\/revisions"}],"wp:featuredmedia":[{"embeddable":true,"href":"https:\/\/www.ufsm.br\/midias\/arco\/wp-json\/wp\/v2\/media\/8987"}],"wp:attachment":[{"href":"https:\/\/www.ufsm.br\/midias\/arco\/wp-json\/wp\/v2\/media?parent=9487"}],"wp:term":[{"taxonomy":"category","embeddable":true,"href":"https:\/\/www.ufsm.br\/midias\/arco\/wp-json\/wp\/v2\/categories?post=9487"},{"taxonomy":"post_tag","embeddable":true,"href":"https:\/\/www.ufsm.br\/midias\/arco\/wp-json\/wp\/v2\/tags?post=9487"}],"curies":[{"name":"wp","href":"https:\/\/api.w.org\/{rel}","templated":true}]}}