{"id":9502,"date":"2022-10-03T11:53:47","date_gmt":"2022-10-03T14:53:47","guid":{"rendered":"https:\/\/www.ufsm.br\/midias\/arco\/?p=9502"},"modified":"2022-10-03T12:05:48","modified_gmt":"2022-10-03T15:05:48","slug":"vacinas-contra-a-covid-19-podem-causar-a-variola-dos-macacos","status":"publish","type":"post","link":"https:\/\/www.ufsm.br\/midias\/arco\/vacinas-contra-a-covid-19-podem-causar-a-variola-dos-macacos","title":{"rendered":"Vacinas contra a Covid-19 podem causar a var\u00edola dos macacos?"},"content":{"rendered":"\t\t<div data-elementor-type=\"wp-post\" data-elementor-id=\"9502\" class=\"elementor elementor-9502\">\n\t\t\t\t\t\t<section class=\"elementor-section elementor-top-section elementor-element elementor-element-b92cb9a elementor-section-boxed elementor-section-height-default elementor-section-height-default\" data-id=\"b92cb9a\" data-element_type=\"section\">\n\t\t\t\t\t\t<div class=\"elementor-container elementor-column-gap-default\">\n\t\t\t\t\t<div class=\"elementor-column elementor-col-100 elementor-top-column elementor-element elementor-element-eda841a\" data-id=\"eda841a\" data-element_type=\"column\">\n\t\t\t<div class=\"elementor-widget-wrap elementor-element-populated\">\n\t\t\t\t\t\t<div class=\"elementor-element elementor-element-3c1e966 elementor-widget elementor-widget-text-editor\" data-id=\"3c1e966\" data-element_type=\"widget\" data-widget_type=\"text-editor.default\">\n\t\t\t\t<div class=\"elementor-widget-container\">\n\t\t\t\t\t\t\t<p dir=\"ltr\" style=\"line-height: 1.38;text-align: justify;margin-top: 0pt;margin-bottom: 0pt\"><span style=\"font-size: 12pt;font-family: Arial;color: #000000;background-color: transparent;font-weight: 400;font-style: normal;font-variant: normal;text-decoration: none;vertical-align: baseline\">Desde o in\u00edcio da campanha de vacina\u00e7\u00e3o contra o coronav\u00edrus, circulam nas redes sociais <\/span><span style=\"font-size: 12pt;font-family: Arial;color: #000000;background-color: transparent;font-weight: 400;font-style: italic;font-variant: normal;text-decoration: none;vertical-align: baseline\">posts<\/span><span style=\"font-size: 12pt;font-family: Arial;color: #000000;background-color: transparent;font-weight: 400;font-style: normal;font-variant: normal;text-decoration: none;vertical-align: baseline\"> que contestam a seguran\u00e7a dos imunizantes. Com o aumento dos casos da Monkeypox &#8211; conhecida popularmente como Var\u00edola dos Macacos-, surgiram boatos de que a doen\u00e7a seria um efeito colateral das vacinas aplicadas contra a Covid-19 &#8211; especialmente da Astrazeneca, que usa um adenov\u00edrus de chimpanz\u00e9 na composi\u00e7\u00e3o.<\/span><\/p><p><b id=\"docs-internal-guid-bd950a31-7fff-abf1-f99b-f50e7fc94a4e\" style=\"font-weight: normal\">\u00a0<\/b><\/p><p dir=\"ltr\" style=\"line-height: 1.38;text-align: justify;margin-top: 0pt;margin-bottom: 0pt\"><span style=\"font-size: 12pt;font-family: Arial;color: #000000;background-color: transparent;font-weight: 400;font-style: normal;font-variant: normal;text-decoration: none;vertical-align: baseline\">O infectologista e professor na Universidade Federal de Santa Maria (UFSM), Alexandre Schwarzbold, afirma que nenhum dos imunizantes utilizados contra o coronav\u00edrus podem causar a var\u00edola dos macacos. Isso porque n\u00e3o existe rela\u00e7\u00e3o gen\u00e9tica entre o Monkeypox &#8211; v\u00edrus causador da doen\u00e7a com mesmo nome, com o adenov\u00edrus de chimpanz\u00e9 usado na vacina Astrazeneca.\u00a0<\/span><\/p><p>\u00a0<\/p><p dir=\"ltr\" style=\"line-height: 1.38;text-align: justify;margin-top: 0pt;margin-bottom: 0pt\"><span style=\"font-size: 12pt;font-family: Arial;color: #000000;background-color: transparent;font-weight: 400;font-style: normal;font-variant: normal;text-decoration: none;vertical-align: baseline\">Apesar do nome popular, esse tipo de var\u00edola n\u00e3o tem rela\u00e7\u00e3o com os macacos. A nomenclatura surgiu com a descoberta inicial do v\u00edrus, em 1958, quando macacos de um laborat\u00f3rio dinamarqu\u00eas manifestaram a doen\u00e7a. O primeiro caso em humanos foi identificado em 1970, em uma crian\u00e7a da Rep\u00fablica Democr\u00e1tica do Congo. O ano da descoberta do v\u00edrus tamb\u00e9m se contrap\u00f5e \u00e0 ideia de rela\u00e7\u00e3o com as vacinas da Covid-19. Alexandre explica que o Sars-CoV-2 (coronav\u00edrus) surgiu na \u00faltima d\u00e9cada. Ou seja, a Monkeypox j\u00e1 existia antes do surgimento da Covid-19. Algumas pessoas chegaram a matar macacos por conta da confus\u00e3o causada pela rela\u00e7\u00e3o do nome com os animais. Com isso, a Organiza\u00e7\u00e3o Mundial da Sa\u00fade (OMS) busca um novo nome para a doen\u00e7a, com o objetivo de evitar qualquer tipo de viol\u00eancia contra os animais.<\/span><\/p>\t\t\t\t\t\t<\/div>\n\t\t\t\t<\/div>\n\t\t\t\t\t<\/div>\n\t\t<\/div>\n\t\t\t\t\t<\/div>\n\t\t<\/section>\n\t\t\t\t<section class=\"elementor-section elementor-top-section elementor-element elementor-element-af8e556 elementor-section-boxed elementor-section-height-default elementor-section-height-default\" data-id=\"af8e556\" data-element_type=\"section\">\n\t\t\t\t\t\t<div class=\"elementor-container elementor-column-gap-default\">\n\t\t\t\t\t<div class=\"elementor-column elementor-col-100 elementor-top-column elementor-element elementor-element-e94a5ef\" data-id=\"e94a5ef\" data-element_type=\"column\">\n\t\t\t<div class=\"elementor-widget-wrap elementor-element-populated\">\n\t\t\t\t\t\t<div class=\"elementor-element elementor-element-47f5e9b elementor-widget elementor-widget-image\" data-id=\"47f5e9b\" data-element_type=\"widget\" data-widget_type=\"image.default\">\n\t\t\t\t<div class=\"elementor-widget-container\">\n\t\t\t\t\t\t\t\t\t\t\t\t\t<img fetchpriority=\"high\" decoding=\"async\" width=\"1024\" height=\"667\" src=\"https:\/\/www.ufsm.br\/app\/uploads\/sites\/601\/2022\/10\/MonkeyPox_Capa-1024x667.jpg\" class=\"attachment-large size-large wp-image-9503\" alt=\"Descri\u00e7\u00e3o da imagem: Ilustra\u00e7\u00e3o horizontal e colorida de uma mulher jovem em primeiro plano. Ela tem pele escura, cabelos longos, ondulados e pretos, olhos escuros, nariz e boca pequenos. Olha para a frente. Veste regata amarela. No lado esquerdo dela, agulha com l\u00edquido lil\u00e1s est\u00e1 no bra\u00e7o. A agulha \u00e9 segurada por uma m\u00e3o com luzas roxas. H\u00e1 uma linha diagonal que separa a ilustra\u00e7\u00e3o em duas. No lado da agulha, o fundo \u00e9 roxo. No outro lado, a pele da mulher est\u00e1 cheia de bolhas pequenas na cor lil\u00e1s, e o fundo \u00e9 de cor rosa alaranjado.\" srcset=\"https:\/\/www.ufsm.br\/app\/uploads\/sites\/601\/2022\/10\/MonkeyPox_Capa-1024x667.jpg 1024w, https:\/\/www.ufsm.br\/app\/uploads\/sites\/601\/2022\/10\/MonkeyPox_Capa-300x196.jpg 300w, https:\/\/www.ufsm.br\/app\/uploads\/sites\/601\/2022\/10\/MonkeyPox_Capa-768x501.jpg 768w, https:\/\/www.ufsm.br\/app\/uploads\/sites\/601\/2022\/10\/MonkeyPox_Capa.jpg 1459w\" sizes=\"(max-width: 1024px) 100vw, 1024px\" \/>\t\t\t\t\t\t\t\t\t\t\t\t\t<\/div>\n\t\t\t\t<\/div>\n\t\t\t\t\t<\/div>\n\t\t<\/div>\n\t\t\t\t\t<\/div>\n\t\t<\/section>\n\t\t\t\t<section class=\"elementor-section elementor-top-section elementor-element elementor-element-26d1fed elementor-section-boxed elementor-section-height-default elementor-section-height-default\" data-id=\"26d1fed\" data-element_type=\"section\">\n\t\t\t\t\t\t<div class=\"elementor-container elementor-column-gap-default\">\n\t\t\t\t\t<div class=\"elementor-column elementor-col-100 elementor-top-column elementor-element elementor-element-5ac32f0\" data-id=\"5ac32f0\" data-element_type=\"column\">\n\t\t\t<div class=\"elementor-widget-wrap elementor-element-populated\">\n\t\t\t\t\t\t<div class=\"elementor-element elementor-element-7179959 elementor-widget elementor-widget-text-editor\" data-id=\"7179959\" data-element_type=\"widget\" data-widget_type=\"text-editor.default\">\n\t\t\t\t<div class=\"elementor-widget-container\">\n\t\t\t\t\t\t\t<p><span id=\"docs-internal-guid-24aa68ea-7fff-1813-9f27-f17db17d83de\"><span style=\"font-size: 12pt;font-family: Arial;color: #000000;background-color: transparent;vertical-align: baseline\">Schwarzbold afirma que, al\u00e9m disso, os chimpanz\u00e9s n\u00e3o s\u00e3o esp\u00e9cies reservat\u00f3rias do v\u00edrus que causa a doen\u00e7a. Eles n\u00e3o hospedam o Monkeypox. Os prov\u00e1veis reservat\u00f3rios, segundo o especialista, s\u00e3o ratos e esquilos.<\/span><\/span><\/p>\t\t\t\t\t\t<\/div>\n\t\t\t\t<\/div>\n\t\t\t\t\t<\/div>\n\t\t<\/div>\n\t\t\t\t\t<\/div>\n\t\t<\/section>\n\t\t\t\t<section class=\"elementor-section elementor-top-section elementor-element elementor-element-7249dc7 elementor-section-boxed elementor-section-height-default elementor-section-height-default\" data-id=\"7249dc7\" data-element_type=\"section\">\n\t\t\t\t\t\t<div class=\"elementor-container elementor-column-gap-default\">\n\t\t\t\t\t<div class=\"elementor-column elementor-col-100 elementor-top-column elementor-element elementor-element-1d0a45a\" data-id=\"1d0a45a\" data-element_type=\"column\">\n\t\t\t<div class=\"elementor-widget-wrap elementor-element-populated\">\n\t\t\t\t\t\t<div class=\"elementor-element elementor-element-ad07bbc elementor-widget elementor-widget-heading\" data-id=\"ad07bbc\" data-element_type=\"widget\" data-widget_type=\"heading.default\">\n\t\t\t\t<div class=\"elementor-widget-container\">\n\t\t\t<h3 class=\"elementor-heading-title elementor-size-default\">Como funciona a vacina da Astrazeneca?<\/h3>\t\t<\/div>\n\t\t\t\t<\/div>\n\t\t\t\t\t<\/div>\n\t\t<\/div>\n\t\t\t\t\t<\/div>\n\t\t<\/section>\n\t\t\t\t<section class=\"elementor-section elementor-top-section elementor-element elementor-element-2f92173 elementor-section-boxed elementor-section-height-default elementor-section-height-default\" data-id=\"2f92173\" data-element_type=\"section\">\n\t\t\t\t\t\t<div class=\"elementor-container elementor-column-gap-default\">\n\t\t\t\t\t<div class=\"elementor-column elementor-col-100 elementor-top-column elementor-element elementor-element-59777cd\" data-id=\"59777cd\" data-element_type=\"column\">\n\t\t\t<div class=\"elementor-widget-wrap elementor-element-populated\">\n\t\t\t\t\t\t<div class=\"elementor-element elementor-element-525656b elementor-widget elementor-widget-text-editor\" data-id=\"525656b\" data-element_type=\"widget\" data-widget_type=\"text-editor.default\">\n\t\t\t\t<div class=\"elementor-widget-container\">\n\t\t\t\t\t\t\t<p dir=\"ltr\" style=\"line-height: 1.38;text-align: justify;margin-top: 0pt;margin-bottom: 0pt\"><span style=\"font-size: 12pt;font-family: Arial;color: #000000;background-color: transparent;font-weight: 400;font-style: normal;font-variant: normal;text-decoration: none;vertical-align: baseline\">A tecnologia adotada na Astrazeneca usa como vetor viral o adenov\u00edrus &#8211; um v\u00edrus comum que causa uma doen\u00e7a leve, semelhante a um resfriado. Essa tecnologia se baseia na capacidade do v\u00edrus de entrar na c\u00e9lula humana. Segundo a Funda\u00e7\u00e3o Oswaldo Cruz <\/span><a style=\"text-decoration: none\" href=\"https:\/\/portal.fiocruz.br\/\"><span style=\"font-size: 12pt;font-family: Arial;color: #1155cc;background-color: transparent;font-weight: 400;font-style: normal;font-variant: normal;text-decoration: underline;vertical-align: baseline\">(Fiocruz<\/span><\/a><span style=\"font-size: 12pt;font-family: Arial;color: #000000;background-color: transparent;font-weight: 400;font-style: normal;font-variant: normal;text-decoration: none;vertical-align: baseline\">) &#8211; produtora do imunizante no Brasil -, o adenov\u00edrus causa um resfriado comum entre os chimpanz\u00e9s. Ele foi modificado geneticamente para que n\u00e3o possa se reproduzir ou causar doen\u00e7as nos seres humanos.\u00a0\u00a0<\/span><\/p><p><span id=\"docs-internal-guid-98348643-7fff-a91e-7de8-01a84ae5ad27\"><br \/><span style=\"font-size: 12pt;font-family: Arial;color: #000000;background-color: transparent;vertical-align: baseline\">No adenov\u00edrus \u00e9 introduzido um material gen\u00e9tico de uma prote\u00edna encontrada no coronav\u00edrus, a \u201c<\/span><span style=\"font-size: 12pt;font-family: Arial;color: #000000;background-color: transparent;font-style: italic;vertical-align: baseline\">Spike<\/span><span style=\"font-size: 12pt;font-family: Arial;color: #000000;background-color: transparent;vertical-align: baseline\">\u201d. Com isso, os adenov\u00edrus s\u00e3o amplificados, purificados, concentrados e estabilizados em laborat\u00f3rios para depois serem transformados em vacina. O adenov\u00edrus transfere o gene da \u201c<\/span><span style=\"font-size: 12pt;font-family: Arial;color: #000000;background-color: transparent;font-style: italic;vertical-align: baseline\">Spike<\/span><span style=\"font-size: 12pt;font-family: Arial;color: #000000;background-color: transparent;vertical-align: baseline\">\u201d para as c\u00e9lulas do sistema de defesa humano. Isso estimula o organismo a gerar uma resposta imunol\u00f3gica. Ou seja, a vacina \u201ctreina\u201d o corpo para reconhecer a prote\u00edna \u201c<\/span><span style=\"font-size: 12pt;font-family: Arial;color: #000000;background-color: transparent;font-style: italic;vertical-align: baseline\">Spike<\/span><span style=\"font-size: 12pt;font-family: Arial;color: #000000;background-color: transparent;vertical-align: baseline\">\u201d e criar defesas contra o coronav\u00edrus.<\/span><\/span><\/p>\t\t\t\t\t\t<\/div>\n\t\t\t\t<\/div>\n\t\t\t\t\t<\/div>\n\t\t<\/div>\n\t\t\t\t\t<\/div>\n\t\t<\/section>\n\t\t\t\t<section class=\"elementor-section elementor-top-section elementor-element elementor-element-cb6bf7b elementor-section-boxed elementor-section-height-default elementor-section-height-default\" data-id=\"cb6bf7b\" data-element_type=\"section\">\n\t\t\t\t\t\t<div class=\"elementor-container elementor-column-gap-default\">\n\t\t\t\t\t<div class=\"elementor-column elementor-col-100 elementor-top-column elementor-element elementor-element-a444d99\" data-id=\"a444d99\" data-element_type=\"column\">\n\t\t\t<div class=\"elementor-widget-wrap elementor-element-populated\">\n\t\t\t\t\t\t<div class=\"elementor-element elementor-element-2b4095d elementor-widget elementor-widget-heading\" data-id=\"2b4095d\" data-element_type=\"widget\" data-widget_type=\"heading.default\">\n\t\t\t\t<div class=\"elementor-widget-container\">\n\t\t\t<h2 class=\"elementor-heading-title elementor-size-default\">Sintomas e formas de transmiss\u00e3o da Monkeypox<\/h2>\t\t<\/div>\n\t\t\t\t<\/div>\n\t\t\t\t\t<\/div>\n\t\t<\/div>\n\t\t\t\t\t<\/div>\n\t\t<\/section>\n\t\t\t\t<section class=\"elementor-section elementor-top-section elementor-element elementor-element-9ffe8bd elementor-section-boxed elementor-section-height-default elementor-section-height-default\" data-id=\"9ffe8bd\" data-element_type=\"section\">\n\t\t\t\t\t\t<div class=\"elementor-container elementor-column-gap-default\">\n\t\t\t\t\t<div class=\"elementor-column elementor-col-100 elementor-top-column elementor-element elementor-element-855c905\" data-id=\"855c905\" data-element_type=\"column\">\n\t\t\t<div class=\"elementor-widget-wrap elementor-element-populated\">\n\t\t\t\t\t\t<div class=\"elementor-element elementor-element-34ea755 elementor-widget elementor-widget-text-editor\" data-id=\"34ea755\" data-element_type=\"widget\" data-widget_type=\"text-editor.default\">\n\t\t\t\t<div class=\"elementor-widget-container\">\n\t\t\t\t\t\t\t<p><span id=\"docs-internal-guid-9e86bf86-7fff-d9e5-cb55-96a17898b076\"><span style=\"font-size: 12pt;font-family: Arial;color: #000000;background-color: transparent;vertical-align: baseline\">Segundo a <\/span><a href=\"https:\/\/www.who.int\/emergencies\/disease-outbreak-news\/item\/2022-DON385#:~:text=Monkeypox%20is%20a%20viral%20zoonosis,genus%20of%20the%20Poxviridae%20family.\"><span style=\"font-size: 12pt;font-family: Arial;color: #1155cc;background-color: transparent;vertical-align: baseline\">OMS<\/span><\/a><span style=\"font-size: 12pt;font-family: Arial;color: #000000;background-color: transparent;vertical-align: baseline\">, a Monkeypox \u00e9 uma zoonose viral, ou seja, ela \u00e9 transmitida para seres humanos a partir dos animais. O v\u00edrus pertence ao g\u00eanero <\/span><span style=\"font-size: 12pt;font-family: Arial;color: #000000;background-color: transparent;font-style: italic;vertical-align: baseline\">orthopoxvirus<\/span><span style=\"font-size: 12pt;font-family: Arial;color: #000000;background-color: transparent;vertical-align: baseline\"> da fam\u00edlia <\/span><span style=\"font-size: 12pt;font-family: Arial;color: #000000;background-color: transparent;font-style: italic;vertical-align: baseline\">Poxviridae<\/span><span style=\"font-size: 12pt;font-family: Arial;color: #000000;background-color: transparent;vertical-align: baseline\">. Os sintomas s\u00e3o semelhantes aos observados em pacientes com var\u00edola comum:<\/span><\/span><\/p>\t\t\t\t\t\t<\/div>\n\t\t\t\t<\/div>\n\t\t\t\t\t<\/div>\n\t\t<\/div>\n\t\t\t\t\t<\/div>\n\t\t<\/section>\n\t\t\t\t<section class=\"elementor-section elementor-top-section elementor-element elementor-element-fb7441e elementor-section-boxed elementor-section-height-default elementor-section-height-default\" data-id=\"fb7441e\" data-element_type=\"section\">\n\t\t\t\t\t\t<div class=\"elementor-container elementor-column-gap-default\">\n\t\t\t\t\t<div class=\"elementor-column elementor-col-100 elementor-top-column elementor-element elementor-element-3cb98f3\" data-id=\"3cb98f3\" data-element_type=\"column\">\n\t\t\t<div class=\"elementor-widget-wrap elementor-element-populated\">\n\t\t\t\t\t\t<div class=\"elementor-element elementor-element-19e8130 elementor-widget elementor-widget-text-editor\" data-id=\"19e8130\" data-element_type=\"widget\" data-widget_type=\"text-editor.default\">\n\t\t\t\t<div class=\"elementor-widget-container\">\n\t\t\t\t\t\t\t<table style=\"border-collapse: collapse;width: 100%\"><tbody><tr><td style=\"width: 100%\"><ul><li style=\"font-weight: 400\"><span style=\"font-weight: 400\">febre;<\/span><\/li><li style=\"font-weight: 400\"><span style=\"font-weight: 400\">dor de cabe\u00e7a e dores no corpo;<\/span><\/li><li style=\"font-weight: 400\"><span style=\"font-weight: 400\">dor nas costas;<\/span><\/li><li style=\"font-weight: 400\"><span style=\"font-weight: 400\">calafrios;<\/span><\/li><li style=\"font-weight: 400\"><span style=\"font-weight: 400\">cansa\u00e7o;<\/span><\/li><li style=\"font-weight: 400\"><span style=\"font-weight: 400\">erup\u00e7\u00f5es cut\u00e2neas (feridas na pele).\u00a0<\/span><\/li><\/ul><\/td><\/tr><\/tbody><\/table>\t\t\t\t\t\t<\/div>\n\t\t\t\t<\/div>\n\t\t\t\t\t<\/div>\n\t\t<\/div>\n\t\t\t\t\t<\/div>\n\t\t<\/section>\n\t\t\t\t<section class=\"elementor-section elementor-top-section elementor-element elementor-element-655d1dd elementor-section-boxed elementor-section-height-default elementor-section-height-default\" data-id=\"655d1dd\" data-element_type=\"section\">\n\t\t\t\t\t\t<div class=\"elementor-container elementor-column-gap-default\">\n\t\t\t\t\t<div class=\"elementor-column elementor-col-100 elementor-top-column elementor-element elementor-element-424810b\" data-id=\"424810b\" data-element_type=\"column\">\n\t\t\t<div class=\"elementor-widget-wrap elementor-element-populated\">\n\t\t\t\t\t\t<div class=\"elementor-element elementor-element-76eac12 elementor-widget elementor-widget-text-editor\" data-id=\"76eac12\" data-element_type=\"widget\" data-widget_type=\"text-editor.default\">\n\t\t\t\t<div class=\"elementor-widget-container\">\n\t\t\t\t\t\t\t<p dir=\"ltr\" style=\"line-height: 1.38;text-align: justify;margin-top: 0pt;margin-bottom: 0pt\"><span style=\"font-size: 12pt;font-family: Arial;color: #000000;background-color: transparent;font-weight: 400;font-style: normal;font-variant: normal;text-decoration: none;vertical-align: baseline\">estaca que a maior parte dos quadros s\u00e3o leves e n\u00e3o costumam se agravar. No entanto, o n\u00famero de mortes registradas mostra, segundo ele, a capacidade de infec\u00e7\u00e3o visceral, ou seja, da doen\u00e7a afetar algum \u00f3rg\u00e3o\u00a0 al\u00e9m da pele, e que, em alguns casos, pode levar \u00e0 morte.<\/span><\/p><p><span id=\"docs-internal-guid-b08466a8-7fff-511c-ee98-340445ae416d\"><br \/><span style=\"font-size: 12pt;font-family: Arial;color: #000000;background-color: transparent;vertical-align: baseline\">At\u00e9 o dia\u00a0 30 de setembro, o Brasil registrou 29.052 notifica\u00e7\u00f5es para Monkeypox, segundo dados do <\/span><a href=\"https:\/\/www.gov.br\/saude\/pt-br\/centrais-de-conteudo\/publicacoes\/boletins\/epidemiologicos\/variola-dos-macacos\/boletim-epidemiologico-de-monkeypox-no-13-coe\/view\"><span style=\"font-size: 12pt;font-family: Arial;color: #1155cc;background-color: transparent;vertical-align: baseline\">Governo Federal.<\/span><\/a><\/span><\/p>\t\t\t\t\t\t<\/div>\n\t\t\t\t<\/div>\n\t\t\t\t\t<\/div>\n\t\t<\/div>\n\t\t\t\t\t<\/div>\n\t\t<\/section>\n\t\t\t\t<section class=\"elementor-section elementor-top-section elementor-element elementor-element-9ef4125 elementor-section-boxed elementor-section-height-default elementor-section-height-default\" data-id=\"9ef4125\" data-element_type=\"section\">\n\t\t\t\t\t\t<div class=\"elementor-container elementor-column-gap-default\">\n\t\t\t\t\t<div class=\"elementor-column elementor-col-50 elementor-top-column elementor-element elementor-element-3725e3d\" data-id=\"3725e3d\" data-element_type=\"column\">\n\t\t\t<div class=\"elementor-widget-wrap elementor-element-populated\">\n\t\t\t\t\t\t<div class=\"elementor-element elementor-element-532639e elementor-widget elementor-widget-image\" data-id=\"532639e\" data-element_type=\"widget\" data-widget_type=\"image.default\">\n\t\t\t\t<div class=\"elementor-widget-container\">\n\t\t\t\t\t\t\t\t\t\t\t\t\t<img decoding=\"async\" width=\"658\" height=\"1024\" src=\"https:\/\/www.ufsm.br\/app\/uploads\/sites\/601\/2022\/06\/mito-658x1024.png\" class=\"attachment-large size-large wp-image-9324\" alt=\"\" srcset=\"https:\/\/www.ufsm.br\/app\/uploads\/sites\/601\/2022\/06\/mito-658x1024.png 658w, https:\/\/www.ufsm.br\/app\/uploads\/sites\/601\/2022\/06\/mito-193x300.png 193w, https:\/\/www.ufsm.br\/app\/uploads\/sites\/601\/2022\/06\/mito-768x1195.png 768w, https:\/\/www.ufsm.br\/app\/uploads\/sites\/601\/2022\/06\/mito-988x1536.png 988w, https:\/\/www.ufsm.br\/app\/uploads\/sites\/601\/2022\/06\/mito.png 1030w\" sizes=\"(max-width: 658px) 100vw, 658px\" \/>\t\t\t\t\t\t\t\t\t\t\t\t\t<\/div>\n\t\t\t\t<\/div>\n\t\t\t\t\t<\/div>\n\t\t<\/div>\n\t\t\t\t<div class=\"elementor-column elementor-col-50 elementor-top-column elementor-element elementor-element-a759380\" data-id=\"a759380\" data-element_type=\"column\">\n\t\t\t<div class=\"elementor-widget-wrap elementor-element-populated\">\n\t\t\t\t\t\t<div class=\"elementor-element elementor-element-6f37dd2 elementor-widget elementor-widget-text-editor\" data-id=\"6f37dd2\" data-element_type=\"widget\" data-widget_type=\"text-editor.default\">\n\t\t\t\t<div class=\"elementor-widget-container\">\n\t\t\t\t\t\t\t<p><span id=\"docs-internal-guid-fa435f9e-7fff-2952-85d8-a1a64c5ad981\"><span style=\"font-size: 12pt;font-family: Arial;color: #000000;background-color: transparent;font-weight: bold;vertical-align: baseline\">Veredito final: <\/span><span style=\"font-size: 12pt;font-family: Arial;color: #000000;background-color: transparent;vertical-align: baseline\">Mito. Nenhum dos imunizantes utilizados contra a Covid-19 pode causar a var\u00edola dos macacos. O adenov\u00edrus de chimpanz\u00e9 &#8211; usado na fabrica\u00e7\u00e3o da Astrazeneca, tamb\u00e9m n\u00e3o \u00e9 reservat\u00f3rio do v\u00edrus Monkeypox.<\/span><\/span><\/p>\t\t\t\t\t\t<\/div>\n\t\t\t\t<\/div>\n\t\t\t\t\t<\/div>\n\t\t<\/div>\n\t\t\t\t\t<\/div>\n\t\t<\/section>\n\t\t\t\t<section class=\"elementor-section elementor-top-section elementor-element elementor-element-d46e478 elementor-section-boxed elementor-section-height-default elementor-section-height-default\" data-id=\"d46e478\" data-element_type=\"section\">\n\t\t\t\t\t\t<div class=\"elementor-container elementor-column-gap-default\">\n\t\t\t\t\t<div class=\"elementor-column elementor-col-100 elementor-top-column elementor-element elementor-element-f9706f5\" data-id=\"f9706f5\" data-element_type=\"column\">\n\t\t\t<div class=\"elementor-widget-wrap elementor-element-populated\">\n\t\t\t\t\t\t<div class=\"elementor-element elementor-element-ef1053b elementor-widget elementor-widget-text-editor\" data-id=\"ef1053b\" data-element_type=\"widget\" data-widget_type=\"text-editor.default\">\n\t\t\t\t<div class=\"elementor-widget-container\">\n\t\t\t\t\t\t\t<p><strong><em>Expediente:<\/em><\/strong><\/p><p><em><strong>Reportagem:<\/strong> Tayline Alves Manganeli, acad\u00eamica de Jornalismo e volunt\u00e1ria;<\/em><\/p><p><em><strong>Design gr\u00e1fico:<\/strong> Julia Coutinho e Noam Wurzel, acad\u00eamicos de Desenho Industrial e bolsistas;<\/em><\/p><p><em><strong>M\u00eddia social:<\/strong> Elo\u00edze Moraes, acad\u00eamica de Jornalismo e bolsista; Camilly Barros, acad\u00eamica de Jornalismo e bolsista; Nath\u00e1lia Brum, acad\u00eamica de Jornalismo e estagi\u00e1ria; Rebeca Kroll, acad\u00eamica de Jornalismo e volunt\u00e1ria; e Gustavo Salin Nuh, acad\u00eamico de Jornalismo e volunt\u00e1rio;<\/em><\/p><p><em><strong>Edi\u00e7\u00e3o de Produ\u00e7\u00e3o:<\/strong> Samara Wobeto, acad\u00eamica de Jornalismo e bolsista;<\/em><\/p><p><em><strong>Edi\u00e7\u00e3o geral:<\/strong> Luciane Treulieb e Mariana Henriques, jornalistas.<\/em><\/p>\t\t\t\t\t\t<\/div>\n\t\t\t\t<\/div>\n\t\t\t\t\t<\/div>\n\t\t<\/div>\n\t\t\t\t\t<\/div>\n\t\t<\/section>\n\t\t\t\t<\/div>\n\t\t","protected":false},"excerpt":{"rendered":"<p>Boatos sem respaldo cient\u00edfico associam o surgimento da Monkeypox com a aplica\u00e7\u00e3o dos imunizantes contra a Covid-19<\/p>\n","protected":false},"author":5006,"featured_media":9503,"comment_status":"closed","ping_status":"closed","sticky":false,"template":"","format":"standard","meta":{"footnotes":""},"categories":[1],"tags":[4219,4384,2162,5483,146,5171,5173,5482],"class_list":["post-9502","post","type-post","status-publish","format-standard","has-post-thumbnail","hentry","category-sem-categoria","tag-covid-19","tag-destaque-arco","tag-destaque-ufsm","tag-monkeypox","tag-saude","tag-vacinas","tag-vacinas-covid-19","tag-variola-dos-macacos"],"acf":[],"_links":{"self":[{"href":"https:\/\/www.ufsm.br\/midias\/arco\/wp-json\/wp\/v2\/posts\/9502","targetHints":{"allow":["GET"]}}],"collection":[{"href":"https:\/\/www.ufsm.br\/midias\/arco\/wp-json\/wp\/v2\/posts"}],"about":[{"href":"https:\/\/www.ufsm.br\/midias\/arco\/wp-json\/wp\/v2\/types\/post"}],"author":[{"embeddable":true,"href":"https:\/\/www.ufsm.br\/midias\/arco\/wp-json\/wp\/v2\/users\/5006"}],"replies":[{"embeddable":true,"href":"https:\/\/www.ufsm.br\/midias\/arco\/wp-json\/wp\/v2\/comments?post=9502"}],"version-history":[{"count":0,"href":"https:\/\/www.ufsm.br\/midias\/arco\/wp-json\/wp\/v2\/posts\/9502\/revisions"}],"wp:featuredmedia":[{"embeddable":true,"href":"https:\/\/www.ufsm.br\/midias\/arco\/wp-json\/wp\/v2\/media\/9503"}],"wp:attachment":[{"href":"https:\/\/www.ufsm.br\/midias\/arco\/wp-json\/wp\/v2\/media?parent=9502"}],"wp:term":[{"taxonomy":"category","embeddable":true,"href":"https:\/\/www.ufsm.br\/midias\/arco\/wp-json\/wp\/v2\/categories?post=9502"},{"taxonomy":"post_tag","embeddable":true,"href":"https:\/\/www.ufsm.br\/midias\/arco\/wp-json\/wp\/v2\/tags?post=9502"}],"curies":[{"name":"wp","href":"https:\/\/api.w.org\/{rel}","templated":true}]}}