{"id":9582,"date":"2023-01-05T16:50:21","date_gmt":"2023-01-05T19:50:21","guid":{"rendered":"https:\/\/www.ufsm.br\/midias\/arco\/?p=9582"},"modified":"2023-01-05T16:52:58","modified_gmt":"2023-01-05T19:52:58","slug":"vai-acontecer-uma-nova-onda-de-covid-19","status":"publish","type":"post","link":"https:\/\/www.ufsm.br\/midias\/arco\/vai-acontecer-uma-nova-onda-de-covid-19","title":{"rendered":"Vai acontecer uma nova onda de Covid-19?"},"content":{"rendered":"\n<p>Desde abril de 2022, a flexibiliza\u00e7\u00e3o das medidas adotadas contra a propaga\u00e7\u00e3o da\u00a0 Covid-19, como o uso de m\u00e1scaras ter deixado de ser obrigat\u00f3rio, come\u00e7ou a valer em todos os estados brasileiros. No entanto, em dezembro, os casos voltaram a aumentar e a subvariante da \u00d4micron gera preocupa\u00e7\u00e3o sobre uma nova onda da pandemia.\u00a0<\/p>\n<p>Dados reunidos pelo <a href=\"https:\/\/g1.globo.com\/saude\/coronavirus\/noticia\/2023\/01\/04\/brasil-registra-207-mortes-por-covid-media-de-obitos-se-mantem-em-estabilidade.ghtml\">cons\u00f3rcio de ve\u00edculos de imprensa<\/a> at\u00e9 o dia 4 de janeiro de 2023 mostram que o pa\u00eds mant\u00e9m uma m\u00e9dia m\u00f3vel de registros de 21 mil casos di\u00e1rios de Covid-19 e 120 mortes por dia.<\/p>\n<p>\u00a0<\/p>\n<p>Em novembro de 2021, a Organiza\u00e7\u00e3o Mundial da Sa\u00fade (OMS) j\u00e1 havia classificado a cepa \u00d4micron do coronav\u00edrus como uma \u201cvariante de preocupa\u00e7\u00e3o\u201d, por ter muitas muta\u00e7\u00f5es que podem conferir vantagens ao v\u00edrus.\u00a0<\/p>\n<p>\u00a0<\/p>\n<p>Ela deu origem a diversas subvariantes. As mais recentes s\u00e3o a BE.9 e a BQ.1, e esta \u00faltima apresentou uma r\u00e1pida dissemina\u00e7\u00e3o pelo pa\u00eds.\u00a0<\/p>\n<p>\u00a0<\/p>\n<p><b>Subvariante BQ.1\u00a0<\/b><\/p>\n<p>\u00a0<\/p>\n<p>A BQ.1 apresenta muta\u00e7\u00f5es na prote\u00edna <i>spike<\/i>. Ela fica localizada na superf\u00edcie do v\u00edrus da Covid-19 e permite que ele se ligue \u00e0 c\u00e9lula e a infecte. Por isso, a subvariante pode contribuir para o aumento da transmissibilidade e na capacidade de infec\u00e7\u00e3o pelo coronav\u00edrus.<\/p>\n<p>Conforme o professor do Departamento de Sa\u00fade Coletiva da Universidade Federal de Santa Maria (UFSM) e m\u00e9dico epidemiologista da Vigil\u00e2ncia em Sa\u00fade do munic\u00edpio de Santa Maria, Marcos Ant\u00f4nio de Oliveira Lobato, essas muta\u00e7\u00f5es escapam \u00e0 nossa imunidade natural e vacinal. \u201cO surgimento de novas variantes e subvariantes era esperado e, no futuro, v\u00e3o aparecer outras com uma capacidade ainda maior de escapar das vacinas, a gente s\u00f3 n\u00e3o sabe quando isso vai acontecer\u201d, destaca o professor.\u00a0<\/p>\n<p>\u00a0<\/p>\n<p>De acordo com a OMS, at\u00e9 o momento a BQ.1 j\u00e1 foi identificada em mais de 60 pa\u00edses, incluindo o Brasil, e pode se tornar prevalente. Em Santa Maria, foram registrados tr\u00eas casos at\u00e9 dezembro de 2022.\u00a0<\/p>\n<p>Por\u00e9m, Lobato afirma que certamente existem mais casos da variante no munic\u00edpio. No entanto, para detect\u00e1-la, \u00e9 necess\u00e1rio realizar o sequenciamento completo do genoma do v\u00edrus, o que exige um exame caro e demorado. Al\u00e9m disso, a flexibiliza\u00e7\u00e3o de medidas de preven\u00e7\u00e3o pode potencializar o surgimento de uma nova onda da doen\u00e7a no pa\u00eds.\u00a0<\/p>\n<p>\u201c\u00c9 muito prov\u00e1vel que chegue uma nova onda por causa dessa nova subvariante. Os dados n\u00e3o s\u00e3o suficientes para entendermos como ela vai ser, mas provavelmente ser\u00e1 um pouco menos intensa do que a do final de 2021 e in\u00edcio de 2022, quando tivemos muitos casos notificados e poucos \u00f3bitos e interna\u00e7\u00f5es\u201d, explica o epidemiologista.\u00a0<\/p>\n<p>\u00a0<\/p>\n<p><b>As restri\u00e7\u00f5es podem voltar?\u00a0<\/b><\/p>\n<p>Segundo o professor, algumas restri\u00e7\u00f5es podem voltar a ser adotadas, como o uso de m\u00e1scaras em ambientes fechados e no transporte p\u00fablico, al\u00e9m de que a popula\u00e7\u00e3o deveria evitar aglomera\u00e7\u00f5es. No entanto, medidas seguidas em 2020, como o isolamento social e a redu\u00e7\u00e3o da circula\u00e7\u00e3o de pessoas dificilmente v\u00e3o voltar a acontecer. Isso s\u00f3 ocorreria caso surjam novas variantes que as vacinas n\u00e3o consigam cobrir.\u00a0<\/p>\n<p>\u201cCrescendo o n\u00famero de casos, temos que cont\u00ea-los, porque o preju\u00edzo social \u00e9 muito grande. Existe sim a possibilidade de voltarmos \u00e0 calamidade p\u00fablica e \u00e0 superlota\u00e7\u00e3o do sistema de sa\u00fade. J\u00e1 passamos por isso, ent\u00e3o vamos evitar que aconte\u00e7a novamente\u201d, pontua Lobato.\u00a0<\/p>\n<p>\u00a0<\/p>\n<p><b>Cuidados e preven\u00e7\u00e3o<\/b><\/p>\n<p>As subvariantes da \u00f4micron \u201cescapam\u201d com mais facilidade dos anticorpos gerados tanto pelas vacinas quanto por infec\u00e7\u00f5es anteriores. No entanto, as vacinas atuais ajudam a reduzir o risco de infec\u00e7\u00e3o grave.<\/p>\n<p>A Ag\u00eancia Nacional de Vigil\u00e2ncia Sanit\u00e1ria (Anvisa) aprovou o uso emergencial de duas vacinas bivalentes da Pfizer desenvolvidas especificamente para proteger contra a variante. Essas vacinas s\u00e3o capazes de imunizar contra mais de uma vers\u00e3o de um v\u00edrus de uma s\u00f3 vez.<\/p>\n<p>O objetivo do refor\u00e7o \u00e9 expandir a resposta imune espec\u00edfica \u00e0 \u00f4micron e melhorar a prote\u00e7\u00e3o da popula\u00e7\u00e3o. Esses imunizantes devem chegar em breve ao pa\u00eds, mas a data ainda n\u00e3o foi divulgada.\u00a0<\/p>\n<p>Conforme Lobato, a melhor forma de evitar complica\u00e7\u00f5es da doen\u00e7as e novas ondas \u00e9 a vacina\u00e7\u00e3o. O professor destaca que \u00e9 preciso ter uma parte expressiva da popula\u00e7\u00e3o com o esquema vacinal completo (duas doses e uma de refor\u00e7o). \u201cA curto prazo n\u00e3o temos perspectiva do fim da pandemia, pois se o que estamos fazendo n\u00e3o muda, como podemos esperar resultados diferentes? Se as pessoas deixarem de se vacinar vai voltar o caos dos outros anos\u201d, afirma.\u00a0<\/p>\n<p>\u00a0<\/p>\n<h4><b>Veredito final: \u00c9 possivel!<\/b><\/h4>\n<p>Sim, \u00e9 poss\u00edvel ter uma nova onda da pandemia do coronav\u00edrus.<\/p>\n<p>\u00a0<\/p>\n<p><i>Expediente:<\/i><\/p>\n<p><i>Reportagem: Rebeca Kroll, acad\u00eamica de Jornalismo e estagi\u00e1ria;<\/i><\/p>\n<p><i>Design gr\u00e1fico: Julia Coutinho, acad\u00eamica de Desenho Industrial e volunt\u00e1ria;<\/i><\/p>\n<p><i>M\u00eddia social: Elo\u00edze Moraes, acad\u00eamica de Jornalismo e bolsista; Gabriel Escobar, acad\u00eamico de Jornalismo e bolsista; e Nath\u00e1lia Brum, acad\u00eamica de Jornalismo e estagi\u00e1ria;<\/i><\/p>\n<p><i>Edi\u00e7\u00e3o de Produ\u00e7\u00e3o: Samara Wobeto, acad\u00eamica de Jornalismo e bolsista;<\/i><\/p>\n<p><i>Edi\u00e7\u00e3o geral: Luciane Treulieb e Mariana Henriques, jornalistas.<\/i><\/p>\n","protected":false},"excerpt":{"rendered":"<p>A dissemina\u00e7\u00e3o da nova subvariante da \u00d4micron trouxe muitas d\u00favidas sobre quais cuidados ainda devem ser adotados para evitar a contamina\u00e7\u00e3o com o v\u00edrus<\/p>\n","protected":false},"author":5006,"featured_media":9583,"comment_status":"closed","ping_status":"closed","sticky":false,"template":"","format":"standard","meta":{"footnotes":""},"categories":[1895],"tags":[5595,4219,5594,4384,2162,5592,4904,4235,146,5593,5596],"class_list":["post-9582","post","type-post","status-publish","format-standard","has-post-thumbnail","hentry","category-saude","tag-contaminacao","tag-covid-19","tag-cuidados","tag-destaque-arco","tag-destaque-ufsm","tag-nova-onda","tag-omicron","tag-pandemia","tag-saude","tag-subvariante-omicron","tag-virus"],"acf":[],"_links":{"self":[{"href":"https:\/\/www.ufsm.br\/midias\/arco\/wp-json\/wp\/v2\/posts\/9582","targetHints":{"allow":["GET"]}}],"collection":[{"href":"https:\/\/www.ufsm.br\/midias\/arco\/wp-json\/wp\/v2\/posts"}],"about":[{"href":"https:\/\/www.ufsm.br\/midias\/arco\/wp-json\/wp\/v2\/types\/post"}],"author":[{"embeddable":true,"href":"https:\/\/www.ufsm.br\/midias\/arco\/wp-json\/wp\/v2\/users\/5006"}],"replies":[{"embeddable":true,"href":"https:\/\/www.ufsm.br\/midias\/arco\/wp-json\/wp\/v2\/comments?post=9582"}],"version-history":[{"count":0,"href":"https:\/\/www.ufsm.br\/midias\/arco\/wp-json\/wp\/v2\/posts\/9582\/revisions"}],"wp:featuredmedia":[{"embeddable":true,"href":"https:\/\/www.ufsm.br\/midias\/arco\/wp-json\/wp\/v2\/media\/9583"}],"wp:attachment":[{"href":"https:\/\/www.ufsm.br\/midias\/arco\/wp-json\/wp\/v2\/media?parent=9582"}],"wp:term":[{"taxonomy":"category","embeddable":true,"href":"https:\/\/www.ufsm.br\/midias\/arco\/wp-json\/wp\/v2\/categories?post=9582"},{"taxonomy":"post_tag","embeddable":true,"href":"https:\/\/www.ufsm.br\/midias\/arco\/wp-json\/wp\/v2\/tags?post=9582"}],"curies":[{"name":"wp","href":"https:\/\/api.w.org\/{rel}","templated":true}]}}