{"id":9755,"date":"2023-08-31T13:35:21","date_gmt":"2023-08-31T16:35:21","guid":{"rendered":"https:\/\/www.ufsm.br\/midias\/arco\/?p=9755"},"modified":"2023-08-31T13:35:28","modified_gmt":"2023-08-31T16:35:28","slug":"mes-do-cachorro-louco","status":"publish","type":"post","link":"https:\/\/www.ufsm.br\/midias\/arco\/mes-do-cachorro-louco","title":{"rendered":"N\u00e3o \u00e9 s\u00f3 agosto o \u201cM\u00eas do Cachorro Louco\u201d"},"content":{"rendered":"\n<p><span style=\"font-weight: 400\"><img fetchpriority=\"high\" decoding=\"async\" class=\"alignright wp-image-9756 \" src=\"https:\/\/www.ufsm.br\/app\/uploads\/sites\/601\/2023\/08\/Destaque-1-2.jpg\" alt=\"\" width=\"702\" height=\"447\" srcset=\"https:\/\/www.ufsm.br\/app\/uploads\/sites\/601\/2023\/08\/Destaque-1-2.jpg 1695w, https:\/\/www.ufsm.br\/app\/uploads\/sites\/601\/2023\/08\/Destaque-1-2-300x191.jpg 300w, https:\/\/www.ufsm.br\/app\/uploads\/sites\/601\/2023\/08\/Destaque-1-2-1024x652.jpg 1024w, https:\/\/www.ufsm.br\/app\/uploads\/sites\/601\/2023\/08\/Destaque-1-2-768x489.jpg 768w, https:\/\/www.ufsm.br\/app\/uploads\/sites\/601\/2023\/08\/Destaque-1-2-1536x979.jpg 1536w\" sizes=\"(max-width: 702px) 100vw, 702px\" \/>O fim do m\u00eas bate \u00e0 porta. E, com ele, talvez seja a hora de colocar um fim em certos mitos. Ser\u00e1 que agosto \u00e9 mesmo o \u201cM\u00eas do Cachorro Louco\u201d? Se, at\u00e9 este momento do m\u00eas, o seu cachorro n\u00e3o apresentou nenhum comportamento anormal, voc\u00ea j\u00e1 deve desconfiar sobre qual \u00e9 a resposta dessa pergunta. Mas ent\u00e3o, por que agosto \u00e9 conhecido assim?<\/span><\/p>\n<p><span style=\"font-weight: 400\">William Schoenau, professor de Bem-Estar animal no curso de Medicina Veterin\u00e1ria e vice-diretor do Centro de Ci\u00eancias da Sa\u00fade (CCS), explica que h\u00e1 maior <\/span><b>possibilidade <\/b><span style=\"font-weight: 400\">de casos de raiva neste m\u00eas, j\u00e1 que ele apresenta condi\u00e7\u00f5es clim\u00e1ticas favor\u00e1veis para que as f\u00eameas iniciem o seu per\u00edodo reprodutivo, o que aumentaria as disputas entre machos para conquist\u00e1-las. Caso um dos \u201cpretendentes\u201d j\u00e1 tenha o v\u00edrus, ele pode ser transmitido aos outros c\u00e3es por meio de brigas. No entanto, <\/span><b>n\u00e3o h\u00e1 evid\u00eancia<\/b><span style=\"font-weight: 400\"> cient\u00edfica do aumento de casos durante o oitavo m\u00eas do ano.<\/span><\/p>\n<p><span style=\"font-weight: 400\">Outra \u201cinjusti\u00e7a\u201d \u00e9 insistir em chamar o melhor amigo do homem de louco por conta do v\u00edrus da raiva, j\u00e1 que ele n\u00e3o tem sido o animal mais afetado pela doen\u00e7a nos \u00faltimos anos. Em 2022, o <\/span><a href=\"https:\/\/www.gov.br\/saude\/pt-br\/assuntos\/saude-de-a-a-z\/r\/raiva\/raiva-animal#:~:text=No%20ano%20de%202021%20(Tabela,foi%20poss%C3%ADvel%20sequenciar%20a%20variante.\"><span style=\"font-weight: 400\">Minist\u00e9rio da Sa\u00fade registrou 16 casos de raiva em animais dom\u00e9sticos &#8211; nove gatos e sete c\u00e3es.<\/span><\/a><span style=\"font-weight: 400\"> Metade desses casos foi transmitido por morcegos, e outros tr\u00eas por can\u00eddeos silvestres (cachorro-do-mato, lobo-guar\u00e1, raposas, etc.) que, desde 2016, s\u00e3o os dois \u00fanicos agentes transmissores da doen\u00e7a.<\/span><\/p>\n<p><span style=\"font-weight: 400\">A fama de agosto ser o \u201cM\u00eas do Cachorro Louco\u201d \u00e9 um elemento particular da cultura brasileira. No calend\u00e1rio internacional, o Dia Mundial da Luta Contra a Raiva \u00e9 celebrado em 28 de setembro. Os \u201ccostumes\u201d dos tutores tamb\u00e9m s\u00e3o respons\u00e1veis por facilitar o desenvolvimento de doen\u00e7as, como n\u00e3o fazer as vacina\u00e7\u00f5es de calend\u00e1rio, n\u00e3o realizar castra\u00e7\u00e3o e deixar os c\u00e3es soltos, o que pode facilitar a propaga\u00e7\u00e3o de doen\u00e7as.<\/span><\/p>\n<p><span style=\"font-weight: 400\">No Hemisf\u00e9rio Norte h\u00e1 outro tipo de liga\u00e7\u00e3o entre cachorros e o m\u00eas de agosto, os <\/span><i><span style=\"font-weight: 400\">dogs days<\/span><\/i><span style=\"font-weight: 400\">, explica o vice-diretor do CCS. O termo se refere aos dias mais quentes e abafados do ver\u00e3o no norte do planeta que ocorrem depois que a estrela Sirius, tamb\u00e9m conhecida como \u201cestrela do cachorro\u201d fica vis\u00edvel no horizonte antes do nascer do sol, fen\u00f4meno que ocorre uma vez por ano.<\/span><\/p>\n<p><span style=\"font-weight: 400\">Sirius, al\u00e9m de ser a estrela mais brilhante da noite a olho nu, \u00e9 o principal corpo celeste da constela\u00e7\u00e3o de C\u00e3o Maior (<\/span><i><span style=\"font-weight: 400\">Canis Major<\/span><\/i><span style=\"font-weight: 400\">). Al\u00e9m do calor, ela ficou conhecida por civiliza\u00e7\u00f5es milenares como a estrela respons\u00e1vel por trazer doen\u00e7as, azar e loucura, para c\u00e3es e tamb\u00e9m para os homens.\u00a0<\/span><\/p>\n<h3>O m\u00eas pode ser mito, mas a doen\u00e7a continua real<\/h3>\n<p><span style=\"font-weight: 400\">O professor Saulo Filho, docente de Cl\u00ednica de Pequenos animais, tamb\u00e9m do curso de Medicina Veterin\u00e1ria, enfatiza que o aumento da divulga\u00e7\u00e3o das campanhas de vacina\u00e7\u00e3o, muitas intensificadas em agosto para se apropriar da \u201cfama\u201d de \u201cM\u00eas do Cachorro Louco\u201d, s\u00e3o para auxiliar na preven\u00e7\u00e3o contra a raiva. Em 2002, por exemplo, o Minist\u00e9rio da Sa\u00fade registrou<\/span><a href=\"https:\/\/www.gov.br\/saude\/pt-br\/assuntos\/saude-de-a-a-z\/r\/raiva\/raiva-animal#:~:text=No%20ano%20de%202021%20(Tabela,foi%20poss%C3%ADvel%20sequenciar%20a%20variante.\"><span style=\"font-weight: 400\"> 635 casos de raiva em c\u00e3es e 85 em gatos<\/span><\/a><span style=\"font-weight: 400\">. \u201cA raiva urbana praticamente desapareceu\u201d, destaca Saulo. \u201cA grande preocupa\u00e7\u00e3o hoje \u00e9 a raiva silvestre e no meio rural\u201d, complementa Schoenau.<\/span><\/p>\n<p><span style=\"font-weight: 400\">O v\u00edrus da raiva tem tr\u00eas ciclos de transmiss\u00e3o: urbano, rural e silvestre. Os dois \u00faltimos foram os respons\u00e1veis pelos dois casos da doen\u00e7a registrados no pa\u00eds em humanos este ano. Ambos os pacientes faleceram. Os professores destacam que o homem cada vez mais invade o habitat e entra em contato com animais silvestres. Essa aproxima\u00e7\u00e3o pode ser perigosa, uma vez que todos os mam\u00edferos podem contrair o v\u00edrus e transmiti-lo para o ser humano.\u00a0<\/span><\/p>\n<p><span style=\"font-weight: 400\">Sem vacina\u00e7\u00e3o, a doen\u00e7a tem taxa de letalidade de quase 100%, o que inclui a raiva humana que deixa sequelas severas em seus raros sobreviventes. Para que a doen\u00e7a continue sob controle nos centros urbanos, o professor de Fisiologia Animal lembra que \u00e9 preciso uma cobertura vacinal de 80% da popula\u00e7\u00e3o canina, de acordo com as orienta\u00e7\u00f5es do Minist\u00e9rio da Sa\u00fade.\u00a0<\/span><\/p>\n<p><span style=\"font-weight: 400\">No entanto, a taxa atual de cobertura pode estar significativamente abaixo deste n\u00edvel. De acordo com os dados do pr\u00f3prio minist\u00e9rio, a <\/span><a href=\"https:\/\/www.gov.br\/saude\/pt-br\/assuntos\/saude-de-a-a-z\/r\/raiva\/cobertura-vacinal-de-caes-e-gatos#:~:text=Com%20base%20nesses%20dados%2C%20o,Brasil%2C%202021*\"><span style=\"font-weight: 400\">cobertura vacinal de c\u00e3es e gatos era de 60,4% em 2021<\/span><\/a><span style=\"font-weight: 400\"> (\u00faltimo ano dispon\u00edvel). Essa m\u00e9dia se aplica a menos da metade do pa\u00eds, j\u00e1 que apenas 12 das 27 unidades federativas enviaram seus \u00edndices de vacina\u00e7\u00e3o para o levantamento.<\/span><\/p>\n<p><span style=\"font-weight: 400\">Al\u00e9m de letal, a enfermidade que afeta o sistema nervoso evolui de forma dolorosa.\u00a0 \u201cEm c\u00e3es, ela termina por atingir o nervo far\u00edngeo, o que os impede de beber e se alimentar. Por isso, quando um animal \u00e9 diagnosticado com raiva, o protocolo indicado \u00e9 a eutan\u00e1sia\u201d, descreve o professor Saulo. A doen\u00e7a pode se manifestar de diferentes formas, a depender de onde o animal foi mordido. Ferimentos pr\u00f3ximos \u00e0 medula podem resultar em raiva paral\u00edtica, na qual o c\u00e3o fica quieto e triste, com sinais de paralisia. H\u00e1 tamb\u00e9m a raiva muda, ou at\u00edpica, que traz alguns sintomas semelhantes \u00e0 raiva paral\u00edtica, mas menos intensos e que podem passar despercebidos.<\/span><\/p>\n<p><span style=\"font-weight: 400\">O v\u00edrus \u00e9 transmitido pela saliva, o que significa que, al\u00e9m das mordidas, \u00e9 poss\u00edvel contrair raiva pela lambedura de um animal infectado e, em alguns casos, tamb\u00e9m pela arranhadura. De acordo com o professor da disciplina Cl\u00ednica de Pequenos animais, os principais sintomas da doen\u00e7a em c\u00e3es s\u00e3o: agressividade, ansiedade, desconfian\u00e7a, mordedura, lambedura, medo, depress\u00e3o, saliva\u00e7\u00e3o excessiva, paralisia, desorienta\u00e7\u00e3o, convuls\u00f5es, avers\u00e3o \u00e0 \u00e1gua &#8211; c\u00e3o fica desorientado e n\u00e3o reconhecimento do propriet\u00e1rio.<\/span><\/p>\n<h3>Propaganda enganosa, mas com boas inten\u00e7\u00f5es\u00a0<\/h3>\n<p><span style=\"font-weight: 400\"><img decoding=\"async\" class=\"wp-image-9757  alignright\" src=\"https:\/\/www.ufsm.br\/app\/uploads\/sites\/601\/2023\/08\/Informacoes-Utilidade-Publica-1.jpg\" alt=\"\" width=\"429\" height=\"763\" srcset=\"https:\/\/www.ufsm.br\/app\/uploads\/sites\/601\/2023\/08\/Informacoes-Utilidade-Publica-1.jpg 1080w, https:\/\/www.ufsm.br\/app\/uploads\/sites\/601\/2023\/08\/Informacoes-Utilidade-Publica-1-169x300.jpg 169w, https:\/\/www.ufsm.br\/app\/uploads\/sites\/601\/2023\/08\/Informacoes-Utilidade-Publica-1-576x1024.jpg 576w, https:\/\/www.ufsm.br\/app\/uploads\/sites\/601\/2023\/08\/Informacoes-Utilidade-Publica-1-768x1365.jpg 768w, https:\/\/www.ufsm.br\/app\/uploads\/sites\/601\/2023\/08\/Informacoes-Utilidade-Publica-1-864x1536.jpg 864w\" sizes=\"(max-width: 429px) 100vw, 429px\" \/>Por ter um efeito direto no ser humano, a raiva \u00e9 a doen\u00e7a canina mais conhecida, mas, atualmente, h\u00e1 outras patologias que s\u00e3o mais letais para os c\u00e3es. A parvovirose \u00e9 uma doen\u00e7a que afeta filhotes com at\u00e9 um ano de idade, enquanto a cinomose pode afetar o c\u00e3o durante toda a vida, em especial durante os primeiros meses de vida do animal. Ambas as doen\u00e7as possuem alta taxa de letalidade sem vacina\u00e7\u00e3o.\u00a0<\/span><\/p>\n<p><span style=\"font-weight: 400\">A leptospirose tamb\u00e9m \u00e9 uma doen\u00e7a animal que pode ser contra\u00edda pelo ser humano (zoonose). Geralmente associada a ratos, a infec\u00e7\u00e3o tamb\u00e9m afeta c\u00e3es, que s\u00e3o a principal fonte de transmiss\u00e3o para o homem.<\/span><\/p>\n<p><span style=\"font-weight: 400\">As tr\u00eas doses da vacina polivalente comp\u00f5em o esquema vacinal b\u00e1sico em filhotes e protegem contra essas enfermidades. O ciclo da imuniza\u00e7\u00e3o polivalente inicia entre os primeiros 45 e 60 dias de vida e vai at\u00e9 a sexta ou oitava semana de idade. A vacina contra a raiva pode ser aplicada em um intervalo m\u00ednimo de 21 a 30 dias ap\u00f3s o esquema vacinal b\u00e1sico, quando o c\u00e3o est\u00e1 entre quatro e cinco meses de idade. \u00c9 poss\u00edvel vacinar o cachorro contra a raiva mesmo sem o esquema vacinal b\u00e1sico, desde que ele tenha idade compat\u00edvel com a imuniza\u00e7\u00e3o. As vacinas para raiva, cinomose e leptospirose devem ser refor\u00e7adas anualmente.<\/span><\/p>\n<p><span style=\"font-weight: 400\">\u201cPropaganda \u00e9 a alma do neg\u00f3cio.\u00a0 Mas, em termos de vacina\u00e7\u00e3o, depende do calend\u00e1rio vacinal de cada animal. Se quiser vacinar em agosto, vacine. Melhor vacinar do que n\u00e3o vacinar, mas \u00e9 poss\u00edvel fazer isso em qualquer \u00e9poca do ano\u201d, finalizam os professores que n\u00e3o se op\u00f5em \u00e0 fama de \u201cM\u00eas do Cachorro Louco\u201d carregada por agosto, desde que ela seja utilizada para que c\u00e3es e humanos fiquem s\u00e3os e salvos.<\/span><\/p>\n<p><b><i>Reportagem:<\/i><\/b><i> <span style=\"font-weight: 400\">Bernardo Silva, estudante de jornalismo e bolsista de Ag\u00eancia de Not\u00edcias<\/span><br \/><\/i><b><i>Ilustra\u00e7\u00e3o:<\/i><\/b><i> Daniel Michelon De Carli, Unidade de Comunica\u00e7\u00e3o Integrada;<\/i><i><br \/><\/i><b><i>Edi\u00e7\u00e3o:<\/i><\/b><i>\u00a0Luciane Treulieb e Mariana Henriques, jornalistas.<\/i><\/p>\n","protected":false},"excerpt":{"rendered":"<p>Professores da UFSM falam sobre a import\u00e2ncia de preven\u00e7\u00e3o \u00e0 raiva, doen\u00e7a com quase 100% de mortalidade<\/p>\n","protected":false},"author":161,"featured_media":9756,"comment_status":"closed","ping_status":"closed","sticky":false,"template":"","format":"standard","meta":{"footnotes":""},"categories":[4000],"tags":[4201,4384,2162,1490,4737],"class_list":["post-9755","post","type-post","status-publish","format-standard","has-post-thumbnail","hentry","category-curiosidades-2","tag-curiosidade-2","tag-destaque-arco","tag-destaque-ufsm","tag-hvu","tag-veterinaria"],"acf":[],"_links":{"self":[{"href":"https:\/\/www.ufsm.br\/midias\/arco\/wp-json\/wp\/v2\/posts\/9755","targetHints":{"allow":["GET"]}}],"collection":[{"href":"https:\/\/www.ufsm.br\/midias\/arco\/wp-json\/wp\/v2\/posts"}],"about":[{"href":"https:\/\/www.ufsm.br\/midias\/arco\/wp-json\/wp\/v2\/types\/post"}],"author":[{"embeddable":true,"href":"https:\/\/www.ufsm.br\/midias\/arco\/wp-json\/wp\/v2\/users\/161"}],"replies":[{"embeddable":true,"href":"https:\/\/www.ufsm.br\/midias\/arco\/wp-json\/wp\/v2\/comments?post=9755"}],"version-history":[{"count":0,"href":"https:\/\/www.ufsm.br\/midias\/arco\/wp-json\/wp\/v2\/posts\/9755\/revisions"}],"wp:featuredmedia":[{"embeddable":true,"href":"https:\/\/www.ufsm.br\/midias\/arco\/wp-json\/wp\/v2\/media\/9756"}],"wp:attachment":[{"href":"https:\/\/www.ufsm.br\/midias\/arco\/wp-json\/wp\/v2\/media?parent=9755"}],"wp:term":[{"taxonomy":"category","embeddable":true,"href":"https:\/\/www.ufsm.br\/midias\/arco\/wp-json\/wp\/v2\/categories?post=9755"},{"taxonomy":"post_tag","embeddable":true,"href":"https:\/\/www.ufsm.br\/midias\/arco\/wp-json\/wp\/v2\/tags?post=9755"}],"curies":[{"name":"wp","href":"https:\/\/api.w.org\/{rel}","templated":true}]}}