{"id":9785,"date":"2023-09-19T10:37:52","date_gmt":"2023-09-19T13:37:52","guid":{"rendered":"https:\/\/www.ufsm.br\/midias\/arco\/?p=9785"},"modified":"2023-09-19T10:44:46","modified_gmt":"2023-09-19T13:44:46","slug":"carta-da-editora-13","status":"publish","type":"post","link":"https:\/\/www.ufsm.br\/midias\/arco\/carta-da-editora-13","title":{"rendered":"Carta da editora"},"content":{"rendered":"\t\t<div data-elementor-type=\"wp-post\" data-elementor-id=\"9785\" class=\"elementor elementor-9785\">\n\t\t\t\t\t\t<section class=\"elementor-section elementor-top-section elementor-element elementor-element-af28eca elementor-section-boxed elementor-section-height-default elementor-section-height-default\" data-id=\"af28eca\" data-element_type=\"section\">\n\t\t\t\t\t\t<div class=\"elementor-container elementor-column-gap-default\">\n\t\t\t\t\t<div class=\"elementor-column elementor-col-100 elementor-top-column elementor-element elementor-element-33aca9f\" data-id=\"33aca9f\" data-element_type=\"column\">\n\t\t\t<div class=\"elementor-widget-wrap elementor-element-populated\">\n\t\t\t\t\t\t<div class=\"elementor-element elementor-element-ef3ea88 elementor-widget elementor-widget-text-editor\" data-id=\"ef3ea88\" data-element_type=\"widget\" data-widget_type=\"text-editor.default\">\n\t\t\t\t<div class=\"elementor-widget-container\">\n\t\t\t\t\t\t\t<p><span style=\"color: #000000;font-size: 16px\">Temos muito para celebrar!<\/span><span style=\"color: #000000;font-size: 16px\">\u00a0Em 2023, a\u00a0<\/span><span style=\"font-weight: bolder;color: #000000;font-size: 16px\">Arco completa 10 anos.<\/span><span style=\"color: #000000;font-size: 16px\">\u00a0Nessa d\u00e9cada, criamos e consolidamos um ve\u00edculo jornal\u00edstico institucional no qual a ci\u00eancia e a cultura s\u00e3o protagonistas. O texto descomplicado, a beleza das imagens e a relev\u00e2ncia social dos assuntos tratados nas reportagens s\u00e3o as principais caracter\u00edsticas da revista.<\/span><\/p>\t\t\t\t\t\t<\/div>\n\t\t\t\t<\/div>\n\t\t\t\t\t<\/div>\n\t\t<\/div>\n\t\t\t\t\t<\/div>\n\t\t<\/section>\n\t\t\t\t<section class=\"elementor-section elementor-top-section elementor-element elementor-element-8ebd272 elementor-section-boxed elementor-section-height-default elementor-section-height-default\" data-id=\"8ebd272\" data-element_type=\"section\">\n\t\t\t\t\t\t<div class=\"elementor-container elementor-column-gap-default\">\n\t\t\t\t\t<div class=\"elementor-column elementor-col-100 elementor-top-column elementor-element elementor-element-b7b28bf\" data-id=\"b7b28bf\" data-element_type=\"column\">\n\t\t\t<div class=\"elementor-widget-wrap elementor-element-populated\">\n\t\t\t\t\t\t<div class=\"elementor-element elementor-element-8135961 elementor-widget elementor-widget-image\" data-id=\"8135961\" data-element_type=\"widget\" data-widget_type=\"image.default\">\n\t\t\t\t<div class=\"elementor-widget-container\">\n\t\t\t\t\t\t\t\t\t\t\t\t\t<img fetchpriority=\"high\" decoding=\"async\" width=\"1024\" height=\"444\" src=\"https:\/\/www.ufsm.br\/app\/uploads\/sites\/601\/2023\/09\/Carta-do-editor-Fundo-1024x444.jpg\" class=\"attachment-large size-large wp-image-9787\" alt=\"\" srcset=\"https:\/\/www.ufsm.br\/app\/uploads\/sites\/601\/2023\/09\/Carta-do-editor-Fundo-1024x444.jpg 1024w, https:\/\/www.ufsm.br\/app\/uploads\/sites\/601\/2023\/09\/Carta-do-editor-Fundo-300x130.jpg 300w, https:\/\/www.ufsm.br\/app\/uploads\/sites\/601\/2023\/09\/Carta-do-editor-Fundo-768x333.jpg 768w, https:\/\/www.ufsm.br\/app\/uploads\/sites\/601\/2023\/09\/Carta-do-editor-Fundo-1536x666.jpg 1536w, https:\/\/www.ufsm.br\/app\/uploads\/sites\/601\/2023\/09\/Carta-do-editor-Fundo.jpg 1920w\" sizes=\"(max-width: 1024px) 100vw, 1024px\" \/>\t\t\t\t\t\t\t\t\t\t\t\t\t<\/div>\n\t\t\t\t<\/div>\n\t\t\t\t\t<\/div>\n\t\t<\/div>\n\t\t\t\t\t<\/div>\n\t\t<\/section>\n\t\t\t\t<section class=\"elementor-section elementor-top-section elementor-element elementor-element-1cee17f5 elementor-section-boxed elementor-section-height-default elementor-section-height-default\" data-id=\"1cee17f5\" data-element_type=\"section\">\n\t\t\t\t\t\t<div class=\"elementor-container elementor-column-gap-default\">\n\t\t\t\t\t<div class=\"elementor-column elementor-col-100 elementor-top-column elementor-element elementor-element-3c666515\" data-id=\"3c666515\" data-element_type=\"column\">\n\t\t\t<div class=\"elementor-widget-wrap elementor-element-populated\">\n\t\t\t\t\t\t<div class=\"elementor-element elementor-element-1fea5447 elementor-widget elementor-widget-text-editor\" data-id=\"1fea5447\" data-element_type=\"widget\" data-widget_type=\"text-editor.default\">\n\t\t\t\t<div class=\"elementor-widget-container\">\n\t\t\t\t\t\t\t<p><span style=\"color: #000000;font-size: 1rem;font-weight: var( --e-global-typography-text-font-weight );text-align: var(--bs-body-text-align)\">Al\u00e9m disso, desde 2013,<\/span><span style=\"color: #000000;font-size: 1rem;text-align: var(--bs-body-text-align)\"><b> centenas de alunos<\/b><\/span><span style=\"color: #000000;font-size: 1rem;font-weight: var( --e-global-typography-text-font-weight );text-align: var(--bs-body-text-align)\"> trabalharam conosco na produ\u00e7\u00e3o de textos, ilustra\u00e7\u00f5es, fotografias, na divulga\u00e7\u00e3o nas redes sociais e na distribui\u00e7\u00e3o das revistas impressas. Contribu\u00edmos na forma\u00e7\u00e3o de profissionais da comunica\u00e7\u00e3o e do desenho industrial, e eles foram fundamentais para a excel\u00eancia da publica\u00e7\u00e3o.<\/span><\/p>\n<p>A comemora\u00e7\u00e3o do anivers\u00e1rio da revista iniciou ainda no final de 2022, quando lan\u00e7amos a exposi\u00e7\u00e3o de 10 anos da Arco. Em uma parceria com o projeto Observat\u00f3rio de Comunica\u00e7\u00e3o P\u00fablica e o Departamento de Comunica\u00e7\u00e3o do campus da UFSM de Frederico Westphalen, levamos para escolas p\u00fablicas uma mostra com 18 imagens representativas de mat\u00e9rias produzidas ao longo da nossa d\u00e9cada de exist\u00eancia.<\/p>\n<p>Em 2023, seguimos circulando a exposi\u00e7\u00e3o nos campi da UFSM e em escolas da regi\u00e3o. A iniciativa permite um contato presencial, mais pr\u00f3ximo do p\u00fablico, e propicia uma forma diferente de divulgar ci\u00eancia, estimular voca\u00e7\u00f5es cient\u00edficas e mostrar a import\u00e2ncia da universidade p\u00fablica \u00e0 comunidade.<\/p>\n<p>Tamb\u00e9m lan\u00e7amos, este ano, o Guia de Divulga\u00e7\u00e3o Cient\u00edfica para Pesquisadores. A Arco tem aberto espa\u00e7o para que os pr\u00f3prios pesquisadores (alunos de inicia\u00e7\u00e3o cient\u00edfica, p\u00f3s-graduandos e docentes) compartilhem seus processos e achados cient\u00edficos por meio de textos na revista. O Guia, aliado a outras a\u00e7\u00f5es, visa qualificar e estimular a produ\u00e7\u00e3o de conte\u00fados de divulga\u00e7\u00e3o cient\u00edfica pelos cientistas da institui\u00e7\u00e3o.<\/p>\n<p><!-- wp:tadv\/classic-paragraph \/--><\/p>\t\t\t\t\t\t<\/div>\n\t\t\t\t<\/div>\n\t\t\t\t\t<\/div>\n\t\t<\/div>\n\t\t\t\t\t<\/div>\n\t\t<\/section>\n\t\t\t\t<section class=\"elementor-section elementor-top-section elementor-element elementor-element-ea57198 elementor-section-boxed elementor-section-height-default elementor-section-height-default\" data-id=\"ea57198\" data-element_type=\"section\">\n\t\t\t\t\t\t<div class=\"elementor-container elementor-column-gap-default\">\n\t\t\t\t\t<div class=\"elementor-column elementor-col-100 elementor-top-column elementor-element elementor-element-74681db\" data-id=\"74681db\" data-element_type=\"column\">\n\t\t\t<div class=\"elementor-widget-wrap elementor-element-populated\">\n\t\t\t\t\t\t<div class=\"elementor-element elementor-element-dbf32c7 elementor-widget elementor-widget-heading\" data-id=\"dbf32c7\" data-element_type=\"widget\" data-widget_type=\"heading.default\">\n\t\t\t\t<div class=\"elementor-widget-container\">\n\t\t\t<h3 class=\"elementor-heading-title elementor-size-default\">\u00caxito no digital<\/h3>\t\t<\/div>\n\t\t\t\t<\/div>\n\t\t\t\t\t<\/div>\n\t\t<\/div>\n\t\t\t\t\t<\/div>\n\t\t<\/section>\n\t\t\t\t<section class=\"elementor-section elementor-top-section elementor-element elementor-element-4853c24 elementor-section-boxed elementor-section-height-default elementor-section-height-default\" data-id=\"4853c24\" data-element_type=\"section\">\n\t\t\t\t\t\t<div class=\"elementor-container elementor-column-gap-default\">\n\t\t\t\t\t<div class=\"elementor-column elementor-col-100 elementor-top-column elementor-element elementor-element-fd33976\" data-id=\"fd33976\" data-element_type=\"column\">\n\t\t\t<div class=\"elementor-widget-wrap elementor-element-populated\">\n\t\t\t\t\t\t<div class=\"elementor-element elementor-element-bf2a9aa elementor-widget elementor-widget-text-editor\" data-id=\"bf2a9aa\" data-element_type=\"widget\" data-widget_type=\"text-editor.default\">\n\t\t\t\t<div class=\"elementor-widget-container\">\n\t\t\t\t\t\t\t<p>Em 2015, criamos o site da Arco, no qual passamos a publicar conte\u00fados exclusivos para o ambiente digital. Temos obtido excelentes resultados: s\u00f3 em 2022, tivemos mais de 1,3 milh\u00e3o de acessos, com usu\u00e1rios de distintos estados brasileiros e tamb\u00e9m do exterior. Todas as edi\u00e7\u00f5es impressas est\u00e3o dispon\u00edveis tamb\u00e9m no nosso site, que serve como um reposit\u00f3rio da revista.<\/p>\n<p><span style=\"color: #000000;font-size: 1rem;font-weight: var( --e-global-typography-text-font-weight );text-align: var(--bs-body-text-align)\">Nesta Arco n\u00ba 13, nosso dossi\u00ea aborda um tema fundamental: mudan\u00e7as clim\u00e1ticas. Apresentamos os impactos das mudan\u00e7as no clima e como os pesquisadores da UFSM t\u00eam refletido sobre o tema e pensado solu\u00e7\u00f5es para a problem\u00e1tica. Al\u00e9m disso, entre outras reportagens da edi\u00e7\u00e3o, est\u00e1 uma mat\u00e9ria em quadrinhos sobre um projeto de extens\u00e3o que leva aulas de canoagem \u00e0 comunidade e, no Ensaio, apresentamos pinturas que buscam ressignificar a presen\u00e7\u00e3o dos negros no Rio Grande do Sul. Esses s\u00e3o s\u00f3 alguns destaques: tem muito mais ci\u00eancia e cultura da Universidade nas p\u00e1ginas seguintes. Boa Leitura!<\/span><\/p>\n<p><span style=\"color: #000000;font-size: 1rem;font-weight: var( --e-global-typography-text-font-weight );text-align: var(--bs-body-text-align)\">\u00a0<\/span><\/p>\n<p><span style=\"font-weight: bolder;color: #000000;font-size: 16px\"><em>Expediente:<br \/><\/em><\/span><span style=\"color: #000000;font-size: 1rem;font-weight: var( --e-global-typography-text-font-weight );text-align: var(--bs-body-text-align)\">Luciane Treulieb<br \/><\/span><span style=\"color: #000000;font-size: 1rem;font-weight: var( --e-global-typography-text-font-weight );text-align: var(--bs-body-text-align)\">Editora-chefe da Revista Arco<\/span><\/p>\t\t\t\t\t\t<\/div>\n\t\t\t\t<\/div>\n\t\t\t\t\t<\/div>\n\t\t<\/div>\n\t\t\t\t\t<\/div>\n\t\t<\/section>\n\t\t\t\t<\/div>\n\t\t","protected":false},"excerpt":{"rendered":"<p>Temos muito para celebrar!&nbsp;Em 2023, a&nbsp;Arco completa 10 anos.&nbsp;Nessa d\u00e9cada, criamos e consolidamos um ve\u00edculo jornal\u00edstico institucional no qual a ci\u00eancia e a cultura s\u00e3o protagonistas. O texto descomplicado, a beleza das imagens e a relev\u00e2ncia social dos assuntos tratados nas reportagens s\u00e3o as principais caracter\u00edsticas da revista. Al\u00e9m disso, desde 2013, centenas de alunos [&hellip;]<\/p>\n","protected":false},"author":25,"featured_media":9786,"comment_status":"closed","ping_status":"closed","sticky":false,"template":"","format":"standard","meta":{"footnotes":""},"categories":[5670,5689],"tags":[],"class_list":["post-9785","post","type-post","status-publish","format-standard","has-post-thumbnail","hentry","category-13a-edicao","category-carta-da-editora-13a-edicao"],"acf":[],"_links":{"self":[{"href":"https:\/\/www.ufsm.br\/midias\/arco\/wp-json\/wp\/v2\/posts\/9785","targetHints":{"allow":["GET"]}}],"collection":[{"href":"https:\/\/www.ufsm.br\/midias\/arco\/wp-json\/wp\/v2\/posts"}],"about":[{"href":"https:\/\/www.ufsm.br\/midias\/arco\/wp-json\/wp\/v2\/types\/post"}],"author":[{"embeddable":true,"href":"https:\/\/www.ufsm.br\/midias\/arco\/wp-json\/wp\/v2\/users\/25"}],"replies":[{"embeddable":true,"href":"https:\/\/www.ufsm.br\/midias\/arco\/wp-json\/wp\/v2\/comments?post=9785"}],"version-history":[{"count":0,"href":"https:\/\/www.ufsm.br\/midias\/arco\/wp-json\/wp\/v2\/posts\/9785\/revisions"}],"wp:featuredmedia":[{"embeddable":true,"href":"https:\/\/www.ufsm.br\/midias\/arco\/wp-json\/wp\/v2\/media\/9786"}],"wp:attachment":[{"href":"https:\/\/www.ufsm.br\/midias\/arco\/wp-json\/wp\/v2\/media?parent=9785"}],"wp:term":[{"taxonomy":"category","embeddable":true,"href":"https:\/\/www.ufsm.br\/midias\/arco\/wp-json\/wp\/v2\/categories?post=9785"},{"taxonomy":"post_tag","embeddable":true,"href":"https:\/\/www.ufsm.br\/midias\/arco\/wp-json\/wp\/v2\/tags?post=9785"}],"curies":[{"name":"wp","href":"https:\/\/api.w.org\/{rel}","templated":true}]}}