{"id":9788,"date":"2023-09-19T10:58:52","date_gmt":"2023-09-19T13:58:52","guid":{"rendered":"https:\/\/www.ufsm.br\/midias\/arco\/?p=9788"},"modified":"2024-03-28T13:23:21","modified_gmt":"2024-03-28T16:23:21","slug":"pro-saude","status":"publish","type":"post","link":"https:\/\/www.ufsm.br\/midias\/arco\/pro-saude","title":{"rendered":"Pr\u00f3-Sa\u00fade"},"content":{"rendered":"\t\t<div data-elementor-type=\"wp-post\" data-elementor-id=\"9788\" class=\"elementor elementor-9788\">\n\t\t\t\t\t\t<section class=\"elementor-section elementor-top-section elementor-element elementor-element-19b2b9a8 elementor-section-boxed elementor-section-height-default elementor-section-height-default\" data-id=\"19b2b9a8\" data-element_type=\"section\">\n\t\t\t\t\t\t<div class=\"elementor-container elementor-column-gap-default\">\n\t\t\t\t\t<div class=\"elementor-column elementor-col-100 elementor-top-column elementor-element elementor-element-1429b3e8\" data-id=\"1429b3e8\" data-element_type=\"column\">\n\t\t\t<div class=\"elementor-widget-wrap elementor-element-populated\">\n\t\t\t\t\t\t<div class=\"elementor-element elementor-element-4ee8448b elementor-widget elementor-widget-text-editor\" data-id=\"4ee8448b\" data-element_type=\"widget\" data-widget_type=\"text-editor.default\">\n\t\t\t\t<div class=\"elementor-widget-container\">\n\t\t\t\t\t\t\t<p><!-- wp:tadv\/classic-paragraph --><\/p>\n<p>Sirlei Dalla Valle, 65 anos, sofre de artrite reumat\u00f3ide e n\u00e3o tinha condi\u00e7\u00f5es de pagar por exerc\u00edcios f\u00edsicos. Ela conheceu o projeto Pr\u00f3-Sa\u00fade por meio de seu filho, que a inscreveu para participar de uma turma especial para pacientes reum\u00e1ticos. \u201cPara mim est\u00e1 sendo \u00f3timo! Estou tendo bastante resultado e acredito que j\u00e1 tive uma boa evolu\u00e7\u00e3o. \u00c9 uma grande oportunidade poder se exercitar de gra\u00e7a, com pessoas capacitadas, pois os alunos volunt\u00e1rios s\u00e3o muito bem preparados para nos atender\u201d, comenta Sirlei.<\/p>\n<p><!-- \/wp:tadv\/classic-paragraph --><\/p>\n<p><!-- wp:image {\"id\":9789,\"width\":1283,\"height\":722,\"sizeSlug\":\"large\",\"linkDestination\":\"none\"} --><\/p>\n<figure class=\"wp-block-image size-large is-resized\"><img fetchpriority=\"high\" decoding=\"async\" class=\"wp-image-9789\" src=\"https:\/\/www.ufsm.br\/app\/uploads\/sites\/601\/2023\/09\/Pro-saude-Destaque-1024x576.jpg\" alt=\"\" width=\"1283\" height=\"722\" srcset=\"https:\/\/www.ufsm.br\/app\/uploads\/sites\/601\/2023\/09\/Pro-saude-Destaque-1024x576.jpg 1024w, https:\/\/www.ufsm.br\/app\/uploads\/sites\/601\/2023\/09\/Pro-saude-Destaque-300x169.jpg 300w, https:\/\/www.ufsm.br\/app\/uploads\/sites\/601\/2023\/09\/Pro-saude-Destaque-768x432.jpg 768w, https:\/\/www.ufsm.br\/app\/uploads\/sites\/601\/2023\/09\/Pro-saude-Destaque-1536x864.jpg 1536w, https:\/\/www.ufsm.br\/app\/uploads\/sites\/601\/2023\/09\/Pro-saude-Destaque.jpg 1920w\" sizes=\"(max-width: 1283px) 100vw, 1283px\" \/><\/figure>\n<p><!-- \/wp:image --><\/p>\t\t\t\t\t\t<\/div>\n\t\t\t\t<\/div>\n\t\t\t\t\t<\/div>\n\t\t<\/div>\n\t\t\t\t\t<\/div>\n\t\t<\/section>\n\t\t\t\t<section class=\"elementor-section elementor-top-section elementor-element elementor-element-cad8212 elementor-section-boxed elementor-section-height-default elementor-section-height-default\" data-id=\"cad8212\" data-element_type=\"section\">\n\t\t\t\t\t\t<div class=\"elementor-container elementor-column-gap-default\">\n\t\t\t\t\t<div class=\"elementor-column elementor-col-100 elementor-top-column elementor-element elementor-element-34b64a9\" data-id=\"34b64a9\" data-element_type=\"column\">\n\t\t\t<div class=\"elementor-widget-wrap elementor-element-populated\">\n\t\t\t\t\t\t<div class=\"elementor-element elementor-element-4af06b9 elementor-widget elementor-widget-text-editor\" data-id=\"4af06b9\" data-element_type=\"widget\" data-widget_type=\"text-editor.default\">\n\t\t\t\t<div class=\"elementor-widget-container\">\n\t\t\t\t\t\t\t<p>O Pr\u00f3-Sa\u00fade \u00e9 uma iniciativa que surgiu em 2018 de uma parceria entre o N\u00facleo de Estudos em Medidas e Avalia\u00e7\u00e3o dos Exerc\u00edcios F\u00edsicos e Sa\u00fade (NEMAEFS) da Universidade Federal de Santa Maria (UFSM) e a Prefeitura de Santa Maria, por meio da Secretaria de Esporte e Lazer. O projeto oferece atividades gratuitas voltadas \u00e0 pr\u00e1tica de exerc\u00edcios f\u00edsicos para a popula\u00e7\u00e3o.<\/p>\n<p>S\u00e3o oferecidas diversas modalidades, como\u00a0<span style=\"color: #000000;font-size: 1rem;font-weight: var( --e-global-typography-text-font-weight );text-align: var(--bs-body-text-align)\">pilates, muscula\u00e7\u00e3o, treinamento <\/span><span style=\"color: #000000;font-size: 1rem;font-weight: var( --e-global-typography-text-font-weight );text-align: var(--bs-body-text-align)\">funcional e hidrogin\u00e1stica. As atividades ocorrem no Centro <\/span><span style=\"color: #000000;font-size: 1rem;font-weight: var( --e-global-typography-text-font-weight );text-align: var(--bs-body-text-align)\">Desportivo Municipal (CDM), na Antiga Reitoria, localizada no centro de Santa Maria, e na piscina t\u00e9rmica do Centro de Educa\u00e7\u00e3o F\u00edsica e Desportes (CEFD), no campus sede da UFSM. <\/span><span style=\"color: #000000;font-size: 1rem;font-weight: var( --e-global-typography-text-font-weight );text-align: var(--bs-body-text-align)\">.<\/span><\/p>\n<p>O projeto tamb\u00e9m tem turmas especiais\u00a0<span style=\"color: #000000;font-size: 1rem;font-weight: var( --e-global-typography-text-font-weight );text-align: var(--bs-body-text-align)\">para auxiliar gestantes, crian\u00e7as e pacientes\u00a0<\/span><span style=\"color: #000000;font-size: 1rem;font-weight: var( --e-global-typography-text-font-weight );text-align: var(--bs-body-text-align)\">reum\u00e1ticos, com Parkinson e fibromialgia. A\u00a0<\/span><span style=\"color: #000000;font-size: 1rem;font-weight: var( --e-global-typography-text-font-weight );text-align: var(--bs-body-text-align)\">novidade de 2022 foi uma nova modalidade\u00a0<\/span><span style=\"color: #000000;font-size: 1rem;font-weight: var( --e-global-typography-text-font-weight );text-align: var(--bs-body-text-align)\">para reabilita\u00e7\u00e3o f\u00edsica de atletas do munic\u00edpio.\u00a0<\/span><span style=\"color: #000000;font-size: 1rem;font-weight: var( --e-global-typography-text-font-weight );text-align: var(--bs-body-text-align)\">\u201cO projeto \u00e9 muito importante para o incentivo\u00a0<\/span><span style=\"color: #000000;font-size: 1rem;font-weight: var( --e-global-typography-text-font-weight );text-align: var(--bs-body-text-align)\">da pr\u00e1tica de exerc\u00edcios f\u00edsicos, principalmente\u00a0<\/span><span style=\"color: #000000;font-size: 1rem;font-weight: var( --e-global-typography-text-font-weight );text-align: var(--bs-body-text-align)\">para as pessoas que n\u00e3o t\u00eam condi\u00e7\u00f5es de pagar\u00a0<\/span><span style=\"color: #000000;font-size: 1rem;font-weight: var( --e-global-typography-text-font-weight );text-align: var(--bs-body-text-align)\">uma academia ou um esporte. Nosso objetivo\u00a0<\/span><span style=\"color: #000000;font-size: 1rem;font-weight: var( --e-global-typography-text-font-weight );text-align: var(--bs-body-text-align)\">tamb\u00e9m \u00e9 promover a sa\u00fade, prevenir doen\u00e7as e\u00a0<\/span><span style=\"color: #000000;font-size: 1rem;font-weight: var( --e-global-typography-text-font-weight );text-align: var(--bs-body-text-align)\">mostrar as vantagens de se praticar exerc\u00edcios\u201d,\u00a0<\/span><span style=\"color: #000000;font-size: 1rem;font-weight: var( --e-global-typography-text-font-weight );text-align: var(--bs-body-text-align)\">explica Luciane Sanchotene, coordenadora do\u00a0<\/span><span style=\"color: #000000;font-size: 1rem;font-weight: var( --e-global-typography-text-font-weight );text-align: var(--bs-body-text-align)\">Pr\u00f3-Sa\u00fade.<\/span><\/p>\n<p>Com uma equipe multidisciplinar, v\u00e1rias \u00e1reas fazem parte do programa. Participam alunos dos cursos de Educa\u00e7\u00e3o F\u00edsica, Fisioterapia, Medicina, Terapia Ocupacional, Nutri\u00e7\u00e3o e Psicologia. Por isso, al\u00e9m do vi\u00e9s extensionista, o Pr\u00f3-Sa\u00fade tamb\u00e9m une a pesquisa e o ensino, ao proporcionar experi\u00eancia profissional aos estudantes.<span style=\"color: #000000;font-size: 1rem;font-weight: var( --e-global-typography-text-font-weight );text-align: var(--bs-body-text-align)\">\u00a0<\/span><\/p>\t\t\t\t\t\t<\/div>\n\t\t\t\t<\/div>\n\t\t\t\t\t<\/div>\n\t\t<\/div>\n\t\t\t\t\t<\/div>\n\t\t<\/section>\n\t\t\t\t<section class=\"elementor-section elementor-top-section elementor-element elementor-element-79dd7aa elementor-section-boxed elementor-section-height-default elementor-section-height-default\" data-id=\"79dd7aa\" data-element_type=\"section\">\n\t\t\t\t\t\t<div class=\"elementor-container elementor-column-gap-default\">\n\t\t\t\t\t<div class=\"elementor-column elementor-col-100 elementor-top-column elementor-element elementor-element-6b7e56b\" data-id=\"6b7e56b\" data-element_type=\"column\">\n\t\t\t<div class=\"elementor-widget-wrap elementor-element-populated\">\n\t\t\t\t\t\t<div class=\"elementor-element elementor-element-41f2fa7 elementor-widget elementor-widget-heading\" data-id=\"41f2fa7\" data-element_type=\"widget\" data-widget_type=\"heading.default\">\n\t\t\t\t<div class=\"elementor-widget-container\">\n\t\t\t<h3 class=\"elementor-heading-title elementor-size-default\">Inscri\u00e7\u00f5es<\/h3>\t\t<\/div>\n\t\t\t\t<\/div>\n\t\t\t\t\t<\/div>\n\t\t<\/div>\n\t\t\t\t\t<\/div>\n\t\t<\/section>\n\t\t\t\t<section class=\"elementor-section elementor-top-section elementor-element elementor-element-1a3cedc elementor-section-boxed elementor-section-height-default elementor-section-height-default\" data-id=\"1a3cedc\" data-element_type=\"section\">\n\t\t\t\t\t\t<div class=\"elementor-container elementor-column-gap-default\">\n\t\t\t\t\t<div class=\"elementor-column elementor-col-100 elementor-top-column elementor-element elementor-element-2b72d4e\" data-id=\"2b72d4e\" data-element_type=\"column\">\n\t\t\t<div class=\"elementor-widget-wrap elementor-element-populated\">\n\t\t\t\t\t\t<div class=\"elementor-element elementor-element-419f981 elementor-widget elementor-widget-text-editor\" data-id=\"419f981\" data-element_type=\"widget\" data-widget_type=\"text-editor.default\">\n\t\t\t\t<div class=\"elementor-widget-container\">\n\t\t\t\t\t\t\t<p>As inscri\u00e7\u00f5es s\u00e3o abertas todo in\u00edcio de semestre. No entanto, a fila de espera para entrar em uma modalidade costuma ser longa. S\u00f3 s\u00e3o abertas novas vagas caso algum dos alunos j\u00e1 matriculados seja desligado ou saia do projeto. Para entrar na fila, basta acessar o instagram do programa <a href=\"https:\/\/www.instagram.com\/prosaudenemaefs\/\">@prosaudenemaefs<\/a> e se inscrever no formul\u00e1rio, no link na descri\u00e7\u00e3o. A \u00fanica exig\u00eancia para participar \u00e9 a presentar um atestado m\u00e9dico .<\/p>\t\t\t\t\t\t<\/div>\n\t\t\t\t<\/div>\n\t\t\t\t\t<\/div>\n\t\t<\/div>\n\t\t\t\t\t<\/div>\n\t\t<\/section>\n\t\t\t\t<section class=\"elementor-section elementor-top-section elementor-element elementor-element-6f1a3a1 elementor-section-boxed elementor-section-height-default elementor-section-height-default\" data-id=\"6f1a3a1\" data-element_type=\"section\">\n\t\t\t\t\t\t<div class=\"elementor-container elementor-column-gap-default\">\n\t\t\t\t\t<div class=\"elementor-column elementor-col-100 elementor-top-column elementor-element elementor-element-29738a0\" data-id=\"29738a0\" data-element_type=\"column\">\n\t\t\t<div class=\"elementor-widget-wrap elementor-element-populated\">\n\t\t\t\t\t\t<div class=\"elementor-element elementor-element-ebf7b73 elementor-widget elementor-widget-text-editor\" data-id=\"ebf7b73\" data-element_type=\"widget\" data-widget_type=\"text-editor.default\">\n\t\t\t\t<div class=\"elementor-widget-container\">\n\t\t\t\t\t\t\t<p><strong>Reportagem:<\/strong> Rebeca Kroll<br \/><strong>Ilustra\u00e7\u00e3o e diagrama\u00e7\u00e3o:<\/strong> Luiz Figueir\u00f3<\/p>\t\t\t\t\t\t<\/div>\n\t\t\t\t<\/div>\n\t\t\t\t\t<\/div>\n\t\t<\/div>\n\t\t\t\t\t<\/div>\n\t\t<\/section>\n\t\t\t\t<\/div>\n\t\t","protected":false},"excerpt":{"rendered":"<p>Projeto da UFSM promove atividades<br \/>\nf\u00edsicas gratuitas para a comunidade<br \/>\nsanta-mariense<\/p>\n","protected":false},"author":25,"featured_media":9789,"comment_status":"closed","ping_status":"closed","sticky":false,"template":"","format":"standard","meta":{"footnotes":""},"categories":[5670,5680],"tags":[],"class_list":["post-9788","post","type-post","status-publish","format-standard","has-post-thumbnail","hentry","category-13a-edicao","category-extenda-13a-edicao"],"acf":[],"_links":{"self":[{"href":"https:\/\/www.ufsm.br\/midias\/arco\/wp-json\/wp\/v2\/posts\/9788","targetHints":{"allow":["GET"]}}],"collection":[{"href":"https:\/\/www.ufsm.br\/midias\/arco\/wp-json\/wp\/v2\/posts"}],"about":[{"href":"https:\/\/www.ufsm.br\/midias\/arco\/wp-json\/wp\/v2\/types\/post"}],"author":[{"embeddable":true,"href":"https:\/\/www.ufsm.br\/midias\/arco\/wp-json\/wp\/v2\/users\/25"}],"replies":[{"embeddable":true,"href":"https:\/\/www.ufsm.br\/midias\/arco\/wp-json\/wp\/v2\/comments?post=9788"}],"version-history":[{"count":0,"href":"https:\/\/www.ufsm.br\/midias\/arco\/wp-json\/wp\/v2\/posts\/9788\/revisions"}],"wp:featuredmedia":[{"embeddable":true,"href":"https:\/\/www.ufsm.br\/midias\/arco\/wp-json\/wp\/v2\/media\/9789"}],"wp:attachment":[{"href":"https:\/\/www.ufsm.br\/midias\/arco\/wp-json\/wp\/v2\/media?parent=9788"}],"wp:term":[{"taxonomy":"category","embeddable":true,"href":"https:\/\/www.ufsm.br\/midias\/arco\/wp-json\/wp\/v2\/categories?post=9788"},{"taxonomy":"post_tag","embeddable":true,"href":"https:\/\/www.ufsm.br\/midias\/arco\/wp-json\/wp\/v2\/tags?post=9788"}],"curies":[{"name":"wp","href":"https:\/\/api.w.org\/{rel}","templated":true}]}}