{"id":9795,"date":"2023-09-21T09:15:05","date_gmt":"2023-09-21T12:15:05","guid":{"rendered":"https:\/\/www.ufsm.br\/midias\/arco\/?p=9795"},"modified":"2023-10-05T15:15:39","modified_gmt":"2023-10-05T18:15:39","slug":"advanced-farm-360-a-aplicacao-de-tecnologias-no-campo","status":"publish","type":"post","link":"https:\/\/www.ufsm.br\/midias\/arco\/advanced-farm-360-a-aplicacao-de-tecnologias-no-campo","title":{"rendered":"Advanced Farm 360: a aplica\u00e7\u00e3o de tecnologias no campo"},"content":{"rendered":"\t\t<div data-elementor-type=\"wp-post\" data-elementor-id=\"9795\" class=\"elementor elementor-9795\">\n\t\t\t\t\t\t<section class=\"elementor-section elementor-top-section elementor-element elementor-element-c943a17 elementor-section-boxed elementor-section-height-default elementor-section-height-default\" data-id=\"c943a17\" data-element_type=\"section\">\n\t\t\t\t\t\t<div class=\"elementor-container elementor-column-gap-default\">\n\t\t\t\t\t<div class=\"elementor-column elementor-col-100 elementor-top-column elementor-element elementor-element-29bffa7\" data-id=\"29bffa7\" data-element_type=\"column\">\n\t\t\t<div class=\"elementor-widget-wrap elementor-element-populated\">\n\t\t\t\t\t\t<div class=\"elementor-element elementor-element-c22ae1a elementor-widget elementor-widget-text-editor\" data-id=\"c22ae1a\" data-element_type=\"widget\" data-widget_type=\"text-editor.default\">\n\t\t\t\t<div class=\"elementor-widget-container\">\n\t\t\t\t\t\t\t<p>Focado em potencializar a\u00e7\u00f5es de ensino, pesquisa e extens\u00e3o na Agricultura de Precis\u00e3o e Agricultura Digital (tamb\u00e9m conhecida como Agricultura 4.0), o projeto Advanced Farm 360, vinculado ao Col\u00e9gio Polit\u00e9cnico da Universidade Federal de Santa Maria (UFSM), desenvolve a\u00e7\u00f5es desde 2010. Ele serve como apoio \u00e0s atividades do curso t\u00e9cnico em Agricultura de Precis\u00e3o e do mestrado profissionalizante na mesma \u00e1rea, com a\u00e7\u00f5es que utilizam a tecnologia na agricultura para aumentar a produtividade das culturas agr\u00edcolas, de maneira eficiente e com maior sustentabilidade ambiental.<\/p>\t\t\t\t\t\t<\/div>\n\t\t\t\t<\/div>\n\t\t\t\t\t<\/div>\n\t\t<\/div>\n\t\t\t\t\t<\/div>\n\t\t<\/section>\n\t\t\t\t<section class=\"elementor-section elementor-top-section elementor-element elementor-element-b2df699 elementor-section-boxed elementor-section-height-default elementor-section-height-default\" data-id=\"b2df699\" data-element_type=\"section\">\n\t\t\t\t\t\t<div class=\"elementor-container elementor-column-gap-default\">\n\t\t\t\t\t<div class=\"elementor-column elementor-col-100 elementor-top-column elementor-element elementor-element-00db2ae\" data-id=\"00db2ae\" data-element_type=\"column\">\n\t\t\t<div class=\"elementor-widget-wrap elementor-element-populated\">\n\t\t\t\t\t\t<div class=\"elementor-element elementor-element-cafd7e0 elementor-widget elementor-widget-image\" data-id=\"cafd7e0\" data-element_type=\"widget\" data-widget_type=\"image.default\">\n\t\t\t\t<div class=\"elementor-widget-container\">\n\t\t\t\t\t\t\t\t\t\t\t\t\t<img fetchpriority=\"high\" decoding=\"async\" width=\"1920\" height=\"887\" src=\"https:\/\/www.ufsm.br\/app\/uploads\/sites\/601\/2023\/09\/Ilustracao-interior-materia.jpg\" class=\"attachment-full size-full wp-image-9797\" alt=\"\" srcset=\"https:\/\/www.ufsm.br\/app\/uploads\/sites\/601\/2023\/09\/Ilustracao-interior-materia.jpg 1920w, https:\/\/www.ufsm.br\/app\/uploads\/sites\/601\/2023\/09\/Ilustracao-interior-materia-300x139.jpg 300w, https:\/\/www.ufsm.br\/app\/uploads\/sites\/601\/2023\/09\/Ilustracao-interior-materia-1024x473.jpg 1024w, https:\/\/www.ufsm.br\/app\/uploads\/sites\/601\/2023\/09\/Ilustracao-interior-materia-768x355.jpg 768w, https:\/\/www.ufsm.br\/app\/uploads\/sites\/601\/2023\/09\/Ilustracao-interior-materia-1536x710.jpg 1536w\" sizes=\"(max-width: 1920px) 100vw, 1920px\" \/>\t\t\t\t\t\t\t\t\t\t\t\t\t<\/div>\n\t\t\t\t<\/div>\n\t\t\t\t\t<\/div>\n\t\t<\/div>\n\t\t\t\t\t<\/div>\n\t\t<\/section>\n\t\t\t\t<section class=\"elementor-section elementor-top-section elementor-element elementor-element-2d11901 elementor-section-boxed elementor-section-height-default elementor-section-height-default\" data-id=\"2d11901\" data-element_type=\"section\">\n\t\t\t\t\t\t<div class=\"elementor-container elementor-column-gap-default\">\n\t\t\t\t\t<div class=\"elementor-column elementor-col-66 elementor-top-column elementor-element elementor-element-7f32170\" data-id=\"7f32170\" data-element_type=\"column\">\n\t\t\t<div class=\"elementor-widget-wrap elementor-element-populated\">\n\t\t\t\t\t\t<div class=\"elementor-element elementor-element-0d8aba7 elementor-widget elementor-widget-text-editor\" data-id=\"0d8aba7\" data-element_type=\"widget\" data-widget_type=\"text-editor.default\">\n\t\t\t\t<div class=\"elementor-widget-container\">\n\t\t\t\t\t\t\t<p>Para isso, conta com a parceria de diversas empresas do setor agr\u00edcola e com o apoio de alunos, professores e servidores t\u00e9cnico-administrativos do Col\u00e9gio Polit\u00e9cnico, assim como de outras unidades da UFSM. As atividades do projeto s\u00e3o desenvolvidas em uma \u00e1rea rural pr\u00f3xima \u00e0 Universidade, denominada \u201cA\u0301rea Nova\u201d, onde s\u00e3o cultivadas esp\u00e9cies anuais de gr\u00e3os (soja, milho, trigo e arroz irrigado), plantas de cobertura do solo (centeio, aveia e mix\/policultivos), esp\u00e9cies forrageiras anuais e perenes (aveia preta, azev\u00e9m, tifton, pensacola e trevo), culturas perenes (nogueira pec\u00e3, citros, oliveira, erva-mate e eucalipto), al\u00e9m de serem criados animais (bovinos e ovinos).<\/p><p>De acordo com Luciano Pes, coordenador do projeto, &#8220;a Agricultura 4.0 possui tecnologias que proporcionam a racionaliza\u00e7\u00e3o do uso de insumos (corretivos de solo, fertilizantes, defensivos, entre outros), por considerar a variabilidade espacial dos atributos qu\u00edmicos, f\u00edsicos e biol\u00f3gicos do solo e das plantas, bem como dos demais fatores que interferem na produ\u00e7\u00e3o agr\u00edcola\u201d. Dessa forma, os insumos s\u00e3o aplicados no local adequado e na quantidade correta, resultando em maior produtividade.<\/p><p>O projeto est\u00e1 alinhado, segundo Luciano, aos Objetivos de Desenvolvimento Sustent\u00e1vel (ODS) da Agenda 2030, por se enquadrar nos itens 2 (Fome Zero e Agricultura Sustent\u00e1vel) e 4 (Educa\u00e7\u00e3o de Qualidade). A Agenda 2030 trata-se de um plano de a\u00e7\u00e3o global, criado pela Organiza\u00e7\u00e3o das Na\u00e7\u00f5es Unidas (ONU), que re\u00fane 17 objetivos de desenvolvimento sustent\u00e1vel.<\/p><p>\u201cNa \u00e1rea agr\u00edcola utilizada pelo projeto, s\u00e3o empregadas pr\u00e1ticas de conserva\u00e7\u00e3o do solo, como o sistema de plantio direto, terraceamento, plantas de cobertura do solo e rota\u00e7\u00e3o de culturas.\u00a0Sendo assim, o Advanced Farm 360, al\u00e9m das tecnologias, possui forte vi\u00e9s com a sustentabilidade na agricultura\u201d, destaca o docente.<\/p>\t\t\t\t\t\t<\/div>\n\t\t\t\t<\/div>\n\t\t\t\t\t<\/div>\n\t\t<\/div>\n\t\t\t\t<div class=\"elementor-column elementor-col-33 elementor-top-column elementor-element elementor-element-9572fe2\" data-id=\"9572fe2\" data-element_type=\"column\" data-settings=\"{&quot;background_background&quot;:&quot;classic&quot;}\">\n\t\t\t<div class=\"elementor-widget-wrap elementor-element-populated\">\n\t\t\t\t\t\t<div class=\"elementor-element elementor-element-ad11169 elementor-widget elementor-widget-heading\" data-id=\"ad11169\" data-element_type=\"widget\" data-widget_type=\"heading.default\">\n\t\t\t\t<div class=\"elementor-widget-container\">\n\t\t\t<h3 class=\"elementor-heading-title elementor-size-medium\">Tecnologias utilizadas e oferecidas\npelo Advanced Farm 360<\/h3>\t\t<\/div>\n\t\t\t\t<\/div>\n\t\t\t\t<div class=\"elementor-element elementor-element-0b0e159 elementor-widget elementor-widget-text-editor\" data-id=\"0b0e159\" data-element_type=\"widget\" data-widget_type=\"text-editor.default\">\n\t\t\t\t<div class=\"elementor-widget-container\">\n\t\t\t\t\t\t\t<ul><li>Coleta de solo georreferenciada, em malha de<br \/>amostragem de 1 ponto\/hectare<\/li><li>Gera\u00e7\u00e3o de mapas de atributos qu\u00edmicos do solo<\/li><li>Mapeamento da colheita, com automotriz equipada com eletr\u00f4nica embarcada, que possibilita o registro de dados de produtividade<\/li><li>Distribui\u00e7\u00e3o de fertilizantes s\u00f3lidos em taxa vari\u00e1vel, conforme as necessidades de cada parte da lavoura<\/li><li>Mapeamento das \u00e1reas com c\u00e2mera multiespectral, embarcada em drone<\/li><li>Monitoramento das \u00e1reas com plataformas digitais<\/li><li>Pulveriza\u00e7\u00e3o com drone<\/li><li>Produ\u00e7\u00e3o e aplica\u00e7\u00e3o de produtos biol\u00f3gicos (inoculantes, promotores de crescimento de plantas, bioinseticidas e biofungicidas)<\/li><li>Opera\u00e7\u00f5es agr\u00edcolas planejadas e guiadas por sat\u00e9lites, com m\u00e1quinas equipadas com piloto autom\u00e1tico<\/li><li>Distribui\u00e7\u00e3o de sementes e fertilizantes a taxa vari\u00e1vel, na linha de semeadura, conforme mapa de prescri\u00e7\u00e3o elaborado previamente<\/li><\/ul>\t\t\t\t\t\t<\/div>\n\t\t\t\t<\/div>\n\t\t\t\t\t<\/div>\n\t\t<\/div>\n\t\t\t\t\t<\/div>\n\t\t<\/section>\n\t\t\t\t<section class=\"elementor-section elementor-top-section elementor-element elementor-element-481a3d3 elementor-section-boxed elementor-section-height-default elementor-section-height-default\" data-id=\"481a3d3\" data-element_type=\"section\">\n\t\t\t\t\t\t<div class=\"elementor-container elementor-column-gap-default\">\n\t\t\t\t\t<div class=\"elementor-column elementor-col-100 elementor-top-column elementor-element elementor-element-d268fe5\" data-id=\"d268fe5\" data-element_type=\"column\">\n\t\t\t<div class=\"elementor-widget-wrap elementor-element-populated\">\n\t\t\t\t\t\t<div class=\"elementor-element elementor-element-7d586a6 elementor-widget elementor-widget-heading\" data-id=\"7d586a6\" data-element_type=\"widget\" data-widget_type=\"heading.default\">\n\t\t\t\t<div class=\"elementor-widget-container\">\n\t\t\t<h3 class=\"elementor-heading-title elementor-size-default\">Um espa\u00e7o para os alunos aplicarem a teoria na pr\u00e1tica<\/h3>\t\t<\/div>\n\t\t\t\t<\/div>\n\t\t\t\t\t<\/div>\n\t\t<\/div>\n\t\t\t\t\t<\/div>\n\t\t<\/section>\n\t\t\t\t<section class=\"elementor-section elementor-top-section elementor-element elementor-element-a999285 elementor-section-boxed elementor-section-height-default elementor-section-height-default\" data-id=\"a999285\" data-element_type=\"section\">\n\t\t\t\t\t\t<div class=\"elementor-container elementor-column-gap-default\">\n\t\t\t\t\t<div class=\"elementor-column elementor-col-100 elementor-top-column elementor-element elementor-element-f97967b\" data-id=\"f97967b\" data-element_type=\"column\">\n\t\t\t<div class=\"elementor-widget-wrap elementor-element-populated\">\n\t\t\t\t\t\t<div class=\"elementor-element elementor-element-9832ded elementor-widget elementor-widget-text-editor\" data-id=\"9832ded\" data-element_type=\"widget\" data-widget_type=\"text-editor.default\">\n\t\t\t\t<div class=\"elementor-widget-container\">\n\t\t\t\t\t\t\t<p>No segundo semestre de 2022, 11 alunos bolsistas atuavam diretamente no Advanced Farm 360, mas a estimativa do professor Luciano Pes \u00e9 de que mais de 600 alunos do Polit\u00e9cnico sejam beneficiados com as a\u00e7\u00f5es do projeto. As atividades de ensino envolvem a realiza\u00e7\u00e3o de aulas te\u00f3ricas e pr\u00e1ticas, com a utiliza\u00e7\u00e3o de tecnologias de \u00faltima gera\u00e7\u00e3o, disponibilizadas por empresas parceiras. \u201cEssas atividades abrangem discentes de diferentes n\u00edveis de ensino da UFSM (t\u00e9cnico, superior e p\u00f3s-gradua\u00e7\u00e3o), das \u00e1reas relacionadas com a Agricultura 4.0, como as Ci\u00eancias Agr\u00e1rias e Engenharias\u201d, explica.<\/p><p>J\u00e1 as atividades de pesquisa s\u00e3o realizadas em parceria com outras iniciativas da UFSM, como o Projeto Aquarius, a Equipe FieldCrops e o GEDRE &#8211; Intelig\u00eancia em Ilumina\u00e7\u00e3o, al\u00e9m de envolver docentes de outras institui\u00e7\u00f5es de ensino do Rio Grande do Sul. \u201cJ\u00e1 em rela\u00e7\u00e3o \u00e0 extens\u00e3o, a meta do Advanced Farm 360 \u00e9 de realizar, no m\u00ednimo, dois dias de campo por ano, tendo como p\u00fablico-alvo os produtores rurais da Regi\u00e3o Central do Rio Grande do Sul para a difus\u00e3o de tecnologias compat\u00edveis com a realidade desses produtores\u201d, ressalta o professor.<\/p><p>Para Ver\u00f4nica Fuzer Guarienti, estudante do curso de Agronomia e do T\u00e9cnico em Agricultura de Precis\u00e3o do Col\u00e9gio Polit\u00e9cnico, o Advanced contribui para aplicar os conhecimentos das aulas na pr\u00e1tica. Participante do projeto desde 2021, a aluna conta que realiza atividades de implanta\u00e7\u00e3o das culturas, colheita, coleta e an\u00e1lise de dados dos experimentos. Al\u00e9m disso, diz que pretende fazer o seu Trabalho de Conclus\u00e3o de Curso (TCC) vinculado ao projeto.<\/p><p>O estudante do curso de Agricultura de Precis\u00e3o do Col\u00e9gio Polit\u00e9cnico Gustavo Zanon Peripolli realiza atividades como instala\u00e7\u00e3o de experimentos e avalia\u00e7\u00f5es, trabalho com softwares e manuten\u00e7\u00e3o de m\u00e1quinas agr\u00edcolas. Para ele, o projeto \u00e9 uma oportunidade que aproxima os alunos da experi\u00eancia do mercado. \u201cPodemos conhecer as novas tecnologias que est\u00e3o chegando ao campo antes de elas sa\u00edrem para o mercado e ver, na pr\u00e1tica, os resultados que trazem para as lavouras\u201d, ressalta Peripolli.<\/p>\t\t\t\t\t\t<\/div>\n\t\t\t\t<\/div>\n\t\t\t\t\t<\/div>\n\t\t<\/div>\n\t\t\t\t\t<\/div>\n\t\t<\/section>\n\t\t\t\t<section class=\"elementor-section elementor-top-section elementor-element elementor-element-73e4553 elementor-section-boxed elementor-section-height-default elementor-section-height-default\" data-id=\"73e4553\" data-element_type=\"section\">\n\t\t\t\t\t\t<div class=\"elementor-container elementor-column-gap-default\">\n\t\t\t\t\t<div class=\"elementor-column elementor-col-100 elementor-top-column elementor-element elementor-element-4ee0f0b\" data-id=\"4ee0f0b\" data-element_type=\"column\">\n\t\t\t<div class=\"elementor-widget-wrap elementor-element-populated\">\n\t\t\t\t\t\t<div class=\"elementor-element elementor-element-0846b77 elementor-widget elementor-widget-heading\" data-id=\"0846b77\" data-element_type=\"widget\" data-widget_type=\"heading.default\">\n\t\t\t\t<div class=\"elementor-widget-container\">\n\t\t\t<h3 class=\"elementor-heading-title elementor-size-default\">Empresas externas contribuem para as atividades<\/h3>\t\t<\/div>\n\t\t\t\t<\/div>\n\t\t\t\t\t<\/div>\n\t\t<\/div>\n\t\t\t\t\t<\/div>\n\t\t<\/section>\n\t\t\t\t<section class=\"elementor-section elementor-top-section elementor-element elementor-element-9fd0628 elementor-section-boxed elementor-section-height-default elementor-section-height-default\" data-id=\"9fd0628\" data-element_type=\"section\">\n\t\t\t\t\t\t<div class=\"elementor-container elementor-column-gap-default\">\n\t\t\t\t\t<div class=\"elementor-column elementor-col-100 elementor-top-column elementor-element elementor-element-8ee4258\" data-id=\"8ee4258\" data-element_type=\"column\">\n\t\t\t<div class=\"elementor-widget-wrap elementor-element-populated\">\n\t\t\t\t\t\t<div class=\"elementor-element elementor-element-0025482 elementor-widget elementor-widget-text-editor\" data-id=\"0025482\" data-element_type=\"widget\" data-widget_type=\"text-editor.default\">\n\t\t\t\t<div class=\"elementor-widget-container\">\n\t\t\t\t\t\t\t<p>projeto realiza a\u00e7\u00f5es com o apoio de diversas empresas do setor agr\u00edcola, que disponibilizam m\u00e1quinas e implementos agr\u00edcolas, eletr\u00f4nica embarcada, sistemas de posicionamento global e de orienta\u00e7\u00e3o, sistemas de monitoramento, softwares, plataformas digitais, fertilizantes, corretivos, sementes e bioinsumos. Para Luciano Pes, as empresas parceiras s\u00e3o tamb\u00e9m um espa\u00e7o para a realiza\u00e7\u00e3o de est\u00e1gios e, at\u00e9 mesmo, no futuro, poss\u00edvel local de trabalho para os alunos. Por isso, h\u00e1 uma constante busca para estabelecer novas parcerias.<\/p><p>Segundo Werner Santos, consultor estrat\u00e9gico da empresa de equipamentos agr\u00edcolas AGCO, que tem parceria com o Advanced Farm 360, as atividades desenvolvidas em conjunto com o projeto da UFSM buscam testar o uso de m\u00e1quinas agr\u00edcolas que contemplam tecnologias como transmiss\u00e3o e piloto autom\u00e1tico, telemetria e outras caracter\u00edsticas para a Agricultura de Precis\u00e3o: \u201cQueremos mostrar as caracter\u00edsticas e resultados das m\u00e1quinas no processo de produ\u00e7\u00e3o. Outra a\u00e7\u00e3o importante que queremos desenvolver \u00e9 a constru\u00e7\u00e3o de uma sala de tecnologia, em que os professores ter\u00e3o a oportunidade de ministrar aulas e acompanhar online o desempenho das m\u00e1quinas em campo\u201d, destaca Werner.<\/p><p>Como explica Luciano Pes, essa colabora\u00e7\u00e3o surge pelo interesse dos docentes participantes do Advanced ou pelas pr\u00f3prias empresas, que conhecem o projeto atrav\u00e9s dos meios de divulga\u00e7\u00e3o e procuram a coordena\u00e7\u00e3o para manifestar interesse em participar. Para ambos os casos, existe uma Chamada P\u00fablica que ocorre anualmente e \u00e9 divulgada no site da UFSM.<\/p>\t\t\t\t\t\t<\/div>\n\t\t\t\t<\/div>\n\t\t\t\t\t<\/div>\n\t\t<\/div>\n\t\t\t\t\t<\/div>\n\t\t<\/section>\n\t\t\t\t<section class=\"elementor-section elementor-top-section elementor-element elementor-element-a19bb15 elementor-section-boxed elementor-section-height-default elementor-section-height-default\" data-id=\"a19bb15\" data-element_type=\"section\">\n\t\t\t\t\t\t<div class=\"elementor-container elementor-column-gap-default\">\n\t\t\t\t\t<div class=\"elementor-column elementor-col-100 elementor-top-column elementor-element elementor-element-caca5cb\" data-id=\"caca5cb\" data-element_type=\"column\">\n\t\t\t<div class=\"elementor-widget-wrap elementor-element-populated\">\n\t\t\t\t\t\t<div class=\"elementor-element elementor-element-34590ae elementor-widget elementor-widget-text-editor\" data-id=\"34590ae\" data-element_type=\"widget\" data-widget_type=\"text-editor.default\">\n\t\t\t\t<div class=\"elementor-widget-container\">\n\t\t\t\t\t\t\t<p><strong>Reportagem:<\/strong> Elo\u00edze Moraes\u00a0<br \/><strong>Ilustra\u00e7\u00e3o e diagrama\u00e7\u00e3o:<\/strong> Noam Wurzel<\/p>\t\t\t\t\t\t<\/div>\n\t\t\t\t<\/div>\n\t\t\t\t\t<\/div>\n\t\t<\/div>\n\t\t\t\t\t<\/div>\n\t\t<\/section>\n\t\t\t\t<\/div>\n\t\t","protected":false},"excerpt":{"rendered":"<p>Projeto da UFSM busca desenvolver atividades agr\u00edcolas com o uso<br \/>\nde tecnologias como drones, sat\u00e9lites, softwares e plataformas digitais<\/p>\n","protected":false},"author":25,"featured_media":9796,"comment_status":"closed","ping_status":"closed","sticky":false,"template":"","format":"standard","meta":{"footnotes":""},"categories":[5670,5695],"tags":[],"class_list":["post-9795","post","type-post","status-publish","format-standard","has-post-thumbnail","hentry","category-13a-edicao","category-agricultura"],"acf":[],"_links":{"self":[{"href":"https:\/\/www.ufsm.br\/midias\/arco\/wp-json\/wp\/v2\/posts\/9795","targetHints":{"allow":["GET"]}}],"collection":[{"href":"https:\/\/www.ufsm.br\/midias\/arco\/wp-json\/wp\/v2\/posts"}],"about":[{"href":"https:\/\/www.ufsm.br\/midias\/arco\/wp-json\/wp\/v2\/types\/post"}],"author":[{"embeddable":true,"href":"https:\/\/www.ufsm.br\/midias\/arco\/wp-json\/wp\/v2\/users\/25"}],"replies":[{"embeddable":true,"href":"https:\/\/www.ufsm.br\/midias\/arco\/wp-json\/wp\/v2\/comments?post=9795"}],"version-history":[{"count":0,"href":"https:\/\/www.ufsm.br\/midias\/arco\/wp-json\/wp\/v2\/posts\/9795\/revisions"}],"wp:featuredmedia":[{"embeddable":true,"href":"https:\/\/www.ufsm.br\/midias\/arco\/wp-json\/wp\/v2\/media\/9796"}],"wp:attachment":[{"href":"https:\/\/www.ufsm.br\/midias\/arco\/wp-json\/wp\/v2\/media?parent=9795"}],"wp:term":[{"taxonomy":"category","embeddable":true,"href":"https:\/\/www.ufsm.br\/midias\/arco\/wp-json\/wp\/v2\/categories?post=9795"},{"taxonomy":"post_tag","embeddable":true,"href":"https:\/\/www.ufsm.br\/midias\/arco\/wp-json\/wp\/v2\/tags?post=9795"}],"curies":[{"name":"wp","href":"https:\/\/api.w.org\/{rel}","templated":true}]}}