{"id":9820,"date":"2023-09-25T11:44:30","date_gmt":"2023-09-25T14:44:30","guid":{"rendered":"https:\/\/www.ufsm.br\/midias\/arco\/?p=9820"},"modified":"2023-09-25T15:40:40","modified_gmt":"2023-09-25T18:40:40","slug":"mudancas-climaticas","status":"publish","type":"post","link":"https:\/\/www.ufsm.br\/midias\/arco\/mudancas-climaticas","title":{"rendered":"Mudan\u00e7as clim\u00e1ticas"},"content":{"rendered":"\t\t<div data-elementor-type=\"wp-post\" data-elementor-id=\"9820\" class=\"elementor elementor-9820\">\n\t\t\t\t\t\t<section class=\"elementor-section elementor-top-section elementor-element elementor-element-218794e7 elementor-section-boxed elementor-section-height-default elementor-section-height-default\" data-id=\"218794e7\" data-element_type=\"section\">\n\t\t\t\t\t\t<div class=\"elementor-container elementor-column-gap-default\">\n\t\t\t\t\t<div class=\"elementor-column elementor-col-100 elementor-top-column elementor-element elementor-element-746557f9\" data-id=\"746557f9\" data-element_type=\"column\">\n\t\t\t<div class=\"elementor-widget-wrap elementor-element-populated\">\n\t\t\t\t\t\t<div class=\"elementor-element elementor-element-58e766bf elementor-widget elementor-widget-text-editor\" data-id=\"58e766bf\" data-element_type=\"widget\" data-widget_type=\"text-editor.default\">\n\t\t\t\t<div class=\"elementor-widget-container\">\n\t\t\t\t\t\t\t<!-- wp:tadv\/classic-paragraph \/-->\t\t\t\t\t\t<\/div>\n\t\t\t\t<\/div>\n\t\t\t\t\t<\/div>\n\t\t<\/div>\n\t\t\t\t\t<\/div>\n\t\t<\/section>\n\t\t\t\t<section class=\"elementor-section elementor-top-section elementor-element elementor-element-49e47f8 elementor-section-boxed elementor-section-height-default elementor-section-height-default\" data-id=\"49e47f8\" data-element_type=\"section\">\n\t\t\t\t\t\t<div class=\"elementor-container elementor-column-gap-default\">\n\t\t\t\t\t<div class=\"elementor-column elementor-col-100 elementor-top-column elementor-element elementor-element-bec72f3\" data-id=\"bec72f3\" data-element_type=\"column\">\n\t\t\t<div class=\"elementor-widget-wrap elementor-element-populated\">\n\t\t\t\t\t\t<div class=\"elementor-element elementor-element-c3dfd87 elementor-widget elementor-widget-text-editor\" data-id=\"c3dfd87\" data-element_type=\"widget\" data-widget_type=\"text-editor.default\">\n\t\t\t\t<div class=\"elementor-widget-container\">\n\t\t\t\t\t\t\t<p>Em 2021, o estudo World Scientists\u2019 Warning of a Climate Emergency (Aviso dos Cientistas Mundiais sobre a Emerg\u00eancia Clim\u00e1tica, em portugu\u00eas), publicado na Revista BioScience, decretou que o estado de emerg\u00eancia clim\u00e1tica \u00e9 a nova realidade social. Ondas de calor, secas, inunda\u00e7\u00f5es, furac\u00f5es, tempestades e inc\u00eandios florestais s\u00e3o exemplos das consequ\u00eancias extremas das mudan\u00e7as clim\u00e1ticas, ocasionadas pela a\u00e7\u00e3o do ser humano.<\/p>\t\t\t\t\t\t<\/div>\n\t\t\t\t<\/div>\n\t\t\t\t\t<\/div>\n\t\t<\/div>\n\t\t\t\t\t<\/div>\n\t\t<\/section>\n\t\t\t\t<section class=\"elementor-section elementor-top-section elementor-element elementor-element-d470e1a elementor-section-boxed elementor-section-height-default elementor-section-height-default\" data-id=\"d470e1a\" data-element_type=\"section\">\n\t\t\t\t\t\t<div class=\"elementor-container elementor-column-gap-default\">\n\t\t\t\t\t<div class=\"elementor-column elementor-col-100 elementor-top-column elementor-element elementor-element-8ac18d3\" data-id=\"8ac18d3\" data-element_type=\"column\">\n\t\t\t<div class=\"elementor-widget-wrap elementor-element-populated\">\n\t\t\t\t\t\t<div class=\"elementor-element elementor-element-2f83918 elementor-widget elementor-widget-image\" data-id=\"2f83918\" data-element_type=\"widget\" data-widget_type=\"image.default\">\n\t\t\t\t<div class=\"elementor-widget-container\">\n\t\t\t\t\t\t\t\t\t\t\t\t\t<img fetchpriority=\"high\" decoding=\"async\" width=\"1920\" height=\"1080\" src=\"https:\/\/www.ufsm.br\/app\/uploads\/sites\/601\/2023\/09\/Destaque-Mudancas-climaticas.jpg\" class=\"attachment-full size-full wp-image-9821\" alt=\"\" srcset=\"https:\/\/www.ufsm.br\/app\/uploads\/sites\/601\/2023\/09\/Destaque-Mudancas-climaticas.jpg 1920w, https:\/\/www.ufsm.br\/app\/uploads\/sites\/601\/2023\/09\/Destaque-Mudancas-climaticas-300x169.jpg 300w, https:\/\/www.ufsm.br\/app\/uploads\/sites\/601\/2023\/09\/Destaque-Mudancas-climaticas-1024x576.jpg 1024w, https:\/\/www.ufsm.br\/app\/uploads\/sites\/601\/2023\/09\/Destaque-Mudancas-climaticas-768x432.jpg 768w, https:\/\/www.ufsm.br\/app\/uploads\/sites\/601\/2023\/09\/Destaque-Mudancas-climaticas-1536x864.jpg 1536w\" sizes=\"(max-width: 1920px) 100vw, 1920px\" \/>\t\t\t\t\t\t\t\t\t\t\t\t\t<\/div>\n\t\t\t\t<\/div>\n\t\t\t\t\t<\/div>\n\t\t<\/div>\n\t\t\t\t\t<\/div>\n\t\t<\/section>\n\t\t\t\t<section class=\"elementor-section elementor-top-section elementor-element elementor-element-7a2d113 elementor-section-boxed elementor-section-height-default elementor-section-height-default\" data-id=\"7a2d113\" data-element_type=\"section\">\n\t\t\t\t\t\t<div class=\"elementor-container elementor-column-gap-default\">\n\t\t\t\t\t<div class=\"elementor-column elementor-col-100 elementor-top-column elementor-element elementor-element-aad0d0a\" data-id=\"aad0d0a\" data-element_type=\"column\">\n\t\t\t<div class=\"elementor-widget-wrap elementor-element-populated\">\n\t\t\t\t\t\t<div class=\"elementor-element elementor-element-ec9254c elementor-widget elementor-widget-text-editor\" data-id=\"ec9254c\" data-element_type=\"widget\" data-widget_type=\"text-editor.default\">\n\t\t\t\t<div class=\"elementor-widget-container\">\n\t\t\t\t\t\t\t<p>O aumento da frequ\u00eancia e da intensidade dos eventos clim\u00e1ticos extremos afetam muitas dimens\u00f5es da vida humana, animal e ambiental. Esses fatores provocam o aceleramento das mudan\u00e7as clim\u00e1ticas, que, por sua vez, prejudicam a produ\u00e7\u00e3o agr\u00edcola e animal, a seguran\u00e7a alimentar, a renda e o bem-estar das fam\u00edlias. Tamb\u00e9m aumentam a migra\u00e7\u00e3o for\u00e7ada, principalmente com origem nos locais mais afetados pela acelera\u00e7\u00e3o do fen\u00f4meno: pa\u00edses que s\u00e3o menos desenvolvidos e mais pobres economicamente. Outro fator que est\u00e1 relacionado \u00e0 tem\u00e1tica \u00e9 o aumento de<br \/>pragas e doen\u00e7as infecciosas como consequ\u00eancia da degrada\u00e7\u00e3o ambiental e, inclusive, o aparecimento de novas epidemias e pandemias com mais frequ\u00eancia. Os \u00faltimos relat\u00f3rios emitidos pelo Painel Intergovernamental sobre Mudan\u00e7as Clim\u00e1ticas (IPCC) &#8211; organiza\u00e7\u00e3o cient\u00edfico-tecnol\u00f3gica criada no \u00e2mbito das Na\u00e7\u00f5es Unidas &#8211; apontam tais fatores como importantes alertas sobre a mudan\u00e7a do clima.<\/p>\n<p>Nesta edi\u00e7\u00e3o da Revista Arco, as mudan\u00e7as clim\u00e1ticas\u00a0<span style=\"color: #000000;font-size: 1rem;font-weight: var( --e-global-typography-text-font-weight );text-align: var(--bs-body-text-align)\">s\u00e3o discutidas a partir dos eixos da seguran\u00e7a\u00a0<\/span><span style=\"color: #000000;font-size: 1rem;font-weight: var( --e-global-typography-text-font-weight );text-align: var(--bs-body-text-align)\">alimentar, dos fluxos migrat\u00f3rios e dos impactos na\u00a0<\/span><span style=\"color: #000000;font-size: 1rem;font-weight: var( --e-global-typography-text-font-weight );text-align: var(--bs-body-text-align)\">sa\u00fade. Neste dossi\u00ea, voc\u00ea vai adentrar na discuss\u00e3o\u00a0<\/span><span style=\"color: #000000;font-size: 1rem;font-weight: var( --e-global-typography-text-font-weight );text-align: var(--bs-body-text-align)\">que permeia todas as esferas sociais e conhecer\u00a0<\/span><span style=\"color: #000000;font-size: 1rem;font-weight: var( --e-global-typography-text-font-weight );text-align: var(--bs-body-text-align)\">pesquisas e iniciativas de cientistas e pesquisadores\u00a0<\/span><span style=\"color: #000000;font-size: 1rem;font-weight: var( --e-global-typography-text-font-weight );text-align: var(--bs-body-text-align)\">da UFSM que buscam mitigar preju\u00edzos e refletir sobre\u00a0<\/span><span style=\"color: #000000;font-size: 1rem;font-weight: var( --e-global-typography-text-font-weight );text-align: var(--bs-body-text-align)\">a problem\u00e1tica.<\/span><\/p>\t\t\t\t\t\t<\/div>\n\t\t\t\t<\/div>\n\t\t\t\t\t<\/div>\n\t\t<\/div>\n\t\t\t\t\t<\/div>\n\t\t<\/section>\n\t\t\t\t<section class=\"elementor-section elementor-top-section elementor-element elementor-element-b88c9e1 elementor-section-boxed elementor-section-height-default elementor-section-height-default\" data-id=\"b88c9e1\" data-element_type=\"section\">\n\t\t\t\t\t\t<div class=\"elementor-container elementor-column-gap-default\">\n\t\t\t\t\t<div class=\"elementor-column elementor-col-100 elementor-top-column elementor-element elementor-element-01e8941\" data-id=\"01e8941\" data-element_type=\"column\">\n\t\t\t<div class=\"elementor-widget-wrap elementor-element-populated\">\n\t\t\t\t\t\t<div class=\"elementor-element elementor-element-e262fc1 elementor-widget elementor-widget-heading\" data-id=\"e262fc1\" data-element_type=\"widget\" data-widget_type=\"heading.default\">\n\t\t\t\t<div class=\"elementor-widget-container\">\n\t\t\t<h3 class=\"elementor-heading-title elementor-size-default\">As outras mat\u00e9rias do dossi\u00ea<\/h3>\t\t<\/div>\n\t\t\t\t<\/div>\n\t\t\t\t\t<\/div>\n\t\t<\/div>\n\t\t\t\t\t<\/div>\n\t\t<\/section>\n\t\t\t\t<section class=\"elementor-section elementor-top-section elementor-element elementor-element-9d14414 elementor-section-boxed elementor-section-height-default elementor-section-height-default\" data-id=\"9d14414\" data-element_type=\"section\">\n\t\t\t\t\t\t<div class=\"elementor-container elementor-column-gap-default\">\n\t\t\t\t\t<div class=\"elementor-column elementor-col-100 elementor-top-column elementor-element elementor-element-ed7b245\" data-id=\"ed7b245\" data-element_type=\"column\">\n\t\t\t<div class=\"elementor-widget-wrap elementor-element-populated\">\n\t\t\t\t\t\t<div class=\"elementor-element elementor-element-cf178d9 elementor-widget elementor-widget-wp-widget-ufsm_noticias_widget\" data-id=\"cf178d9\" data-element_type=\"widget\" data-widget_type=\"wp-widget-ufsm_noticias_widget.default\">\n\t\t\t\t<div class=\"elementor-widget-container\">\n\t\t\t<div class='widget-noticias-inside'>\n                        <div class=\"row\">\n                                    <div class=\"col-12 col-lg-4 pb-4\">\n                                            <div class=\"noticias-widget-wrap\" style=\"height: 180px; overflow: hidden;\">\n                            <a title=\"\" href=\"https:\/\/www.ufsm.br\/midias\/arco\/seguranca-alimentar-em-xeque\">\n                                <span class=\"visually-hidden\">\n                                    Dossi\u00ea Mudan\u00e7as Clim\u00e1ticas: Seguran\u00e7a alimentar em xeque                                <\/span>\n                                <div class=\"noticias-widget-thumbs h-100\">\n                                    <img decoding=\"async\" class=\"object-fit-cover h-100 w-100\" alt=\"\" srcset=\"https:\/\/www.ufsm.br\/app\/uploads\/sites\/601\/2023\/09\/Destaque-Seguranca-alimentar-em-xeque-300x169.jpg 300w, https:\/\/www.ufsm.br\/app\/uploads\/sites\/601\/2023\/09\/Destaque-Seguranca-alimentar-em-xeque-1024x576.jpg 1024w, https:\/\/www.ufsm.br\/app\/uploads\/sites\/601\/2023\/09\/Destaque-Seguranca-alimentar-em-xeque-768x432.jpg 768w, https:\/\/www.ufsm.br\/app\/uploads\/sites\/601\/2023\/09\/Destaque-Seguranca-alimentar-em-xeque-1536x864.jpg 1536w, https:\/\/www.ufsm.br\/app\/uploads\/sites\/601\/2023\/09\/Destaque-Seguranca-alimentar-em-xeque.jpg 1920w\" src=\"https:\/\/www.ufsm.br\/app\/uploads\/sites\/601\/2023\/09\/Destaque-Seguranca-alimentar-em-xeque-1024x576.jpg\"><\/img>\n                                <\/div>\n                            <\/a>\n                        <\/div>\n                                        \n                                        \n                    \n                    <a class=\"noticias-widget-title d-block  m-0 \"  title=\"Dossi\u00ea Mudan\u00e7as Clim\u00e1ticas: Seguran\u00e7a alimentar em xeque\" href=\"https:\/\/www.ufsm.br\/midias\/arco\/seguranca-alimentar-em-xeque\">\n                                                Dossi\u00ea Mudan\u00e7as Clim\u00e1ticas: Seguran\u00e7a alimentar em xeque                    <\/a>\n                    \n                    \n                                        \n                                        \n                                        <\/div>\n                                    <div class=\"col-12 col-lg-4 pb-4\">\n                                            <div class=\"noticias-widget-wrap\" style=\"height: 180px; overflow: hidden;\">\n                            <a title=\"\" href=\"https:\/\/www.ufsm.br\/midias\/arco\/mudancas-climaticas-e-a-saude-humana\">\n                                <span class=\"visually-hidden\">\n                                    Mudan\u00e7as clim\u00e1ticas e a sa\u00fade humana                                <\/span>\n                                <div class=\"noticias-widget-thumbs h-100\">\n                                    <img decoding=\"async\" class=\"object-fit-cover h-100 w-100\" alt=\"\" srcset=\"https:\/\/www.ufsm.br\/app\/uploads\/sites\/601\/2023\/09\/Destaque-Mudancas-climaticas-e-a-saude-humana-300x169.jpg 300w, https:\/\/www.ufsm.br\/app\/uploads\/sites\/601\/2023\/09\/Destaque-Mudancas-climaticas-e-a-saude-humana-1024x576.jpg 1024w, https:\/\/www.ufsm.br\/app\/uploads\/sites\/601\/2023\/09\/Destaque-Mudancas-climaticas-e-a-saude-humana-768x432.jpg 768w, https:\/\/www.ufsm.br\/app\/uploads\/sites\/601\/2023\/09\/Destaque-Mudancas-climaticas-e-a-saude-humana-1536x864.jpg 1536w, https:\/\/www.ufsm.br\/app\/uploads\/sites\/601\/2023\/09\/Destaque-Mudancas-climaticas-e-a-saude-humana.jpg 1920w\" src=\"https:\/\/www.ufsm.br\/app\/uploads\/sites\/601\/2023\/09\/Destaque-Mudancas-climaticas-e-a-saude-humana-1024x576.jpg\"><\/img>\n                                <\/div>\n                            <\/a>\n                        <\/div>\n                                        \n                                        \n                    \n                    <a class=\"noticias-widget-title d-block  m-0 \"  title=\"Mudan\u00e7as clim\u00e1ticas e a sa\u00fade humana\" href=\"https:\/\/www.ufsm.br\/midias\/arco\/mudancas-climaticas-e-a-saude-humana\">\n                                                Mudan\u00e7as clim\u00e1ticas e a sa\u00fade humana                    <\/a>\n                    \n                    \n                                        \n                                        \n                                        <\/div>\n                                    <div class=\"col-12 col-lg-4 pb-4\">\n                                            <div class=\"noticias-widget-wrap\" style=\"height: 180px; overflow: hidden;\">\n                            <a title=\"\" href=\"https:\/\/www.ufsm.br\/midias\/arco\/deslocamentos-migratorios-forcados\">\n                                <span class=\"visually-hidden\">\n                                    Deslocamentos migrat\u00f3rios for\u00e7ados                                <\/span>\n                                <div class=\"noticias-widget-thumbs h-100\">\n                                    <img decoding=\"async\" class=\"object-fit-cover h-100 w-100\" alt=\"\" srcset=\"https:\/\/www.ufsm.br\/app\/uploads\/sites\/601\/2023\/09\/24-Destaque-deslocamentos-migratorios-forcados-300x169.jpg 300w, https:\/\/www.ufsm.br\/app\/uploads\/sites\/601\/2023\/09\/24-Destaque-deslocamentos-migratorios-forcados-1024x576.jpg 1024w, https:\/\/www.ufsm.br\/app\/uploads\/sites\/601\/2023\/09\/24-Destaque-deslocamentos-migratorios-forcados-768x432.jpg 768w, https:\/\/www.ufsm.br\/app\/uploads\/sites\/601\/2023\/09\/24-Destaque-deslocamentos-migratorios-forcados-1536x864.jpg 1536w, https:\/\/www.ufsm.br\/app\/uploads\/sites\/601\/2023\/09\/24-Destaque-deslocamentos-migratorios-forcados.jpg 1920w\" src=\"https:\/\/www.ufsm.br\/app\/uploads\/sites\/601\/2023\/09\/24-Destaque-deslocamentos-migratorios-forcados-1024x576.jpg\"><\/img>\n                                <\/div>\n                            <\/a>\n                        <\/div>\n                                        \n                                        \n                    \n                    <a class=\"noticias-widget-title d-block  m-0 \"  title=\"Deslocamentos migrat\u00f3rios for\u00e7ados\" href=\"https:\/\/www.ufsm.br\/midias\/arco\/deslocamentos-migratorios-forcados\">\n                                                Deslocamentos migrat\u00f3rios for\u00e7ados                    <\/a>\n                    \n                    \n                                        \n                                        \n                                        <\/div>\n                            <\/div>\n            <\/div>\n\t\t<\/div>\n\t\t\t\t<\/div>\n\t\t\t\t\t<\/div>\n\t\t<\/div>\n\t\t\t\t\t<\/div>\n\t\t<\/section>\n\t\t\t\t<\/div>\n\t\t","protected":false},"excerpt":{"rendered":"<p>Em 2021, o estudo World Scientists\u2019 Warning of a Climate Emergency (Aviso dos Cientistas Mundiais sobre a Emerg\u00eancia Clim\u00e1tica, em portugu\u00eas), publicado na Revista BioScience, decretou que o estado de emerg\u00eancia clim\u00e1tica \u00e9 a nova realidade social. Ondas de calor, secas, inunda\u00e7\u00f5es, furac\u00f5es, tempestades e inc\u00eandios florestais s\u00e3o exemplos das consequ\u00eancias extremas das mudan\u00e7as clim\u00e1ticas, [&hellip;]<\/p>\n","protected":false},"author":25,"featured_media":9821,"comment_status":"closed","ping_status":"closed","sticky":false,"template":"","format":"standard","meta":{"footnotes":""},"categories":[5670,5686],"tags":[],"class_list":["post-9820","post","type-post","status-publish","format-standard","has-post-thumbnail","hentry","category-13a-edicao","category-dossie-ufsm-13a-edicao"],"acf":[],"_links":{"self":[{"href":"https:\/\/www.ufsm.br\/midias\/arco\/wp-json\/wp\/v2\/posts\/9820","targetHints":{"allow":["GET"]}}],"collection":[{"href":"https:\/\/www.ufsm.br\/midias\/arco\/wp-json\/wp\/v2\/posts"}],"about":[{"href":"https:\/\/www.ufsm.br\/midias\/arco\/wp-json\/wp\/v2\/types\/post"}],"author":[{"embeddable":true,"href":"https:\/\/www.ufsm.br\/midias\/arco\/wp-json\/wp\/v2\/users\/25"}],"replies":[{"embeddable":true,"href":"https:\/\/www.ufsm.br\/midias\/arco\/wp-json\/wp\/v2\/comments?post=9820"}],"version-history":[{"count":0,"href":"https:\/\/www.ufsm.br\/midias\/arco\/wp-json\/wp\/v2\/posts\/9820\/revisions"}],"wp:featuredmedia":[{"embeddable":true,"href":"https:\/\/www.ufsm.br\/midias\/arco\/wp-json\/wp\/v2\/media\/9821"}],"wp:attachment":[{"href":"https:\/\/www.ufsm.br\/midias\/arco\/wp-json\/wp\/v2\/media?parent=9820"}],"wp:term":[{"taxonomy":"category","embeddable":true,"href":"https:\/\/www.ufsm.br\/midias\/arco\/wp-json\/wp\/v2\/categories?post=9820"},{"taxonomy":"post_tag","embeddable":true,"href":"https:\/\/www.ufsm.br\/midias\/arco\/wp-json\/wp\/v2\/tags?post=9820"}],"curies":[{"name":"wp","href":"https:\/\/api.w.org\/{rel}","templated":true}]}}