{"id":9864,"date":"2023-09-27T09:52:06","date_gmt":"2023-09-27T12:52:06","guid":{"rendered":"https:\/\/www.ufsm.br\/midias\/arco\/?p=9864"},"modified":"2023-09-27T09:57:21","modified_gmt":"2023-09-27T12:57:21","slug":"estrangeiro-na-ufsm","status":"publish","type":"post","link":"https:\/\/www.ufsm.br\/midias\/arco\/estrangeiro-na-ufsm","title":{"rendered":"Estrangeiro na UFSM"},"content":{"rendered":"\t\t<div data-elementor-type=\"wp-post\" data-elementor-id=\"9864\" class=\"elementor elementor-9864\">\n\t\t\t\t\t\t<section class=\"elementor-section elementor-top-section elementor-element elementor-element-a50f743 elementor-section-boxed elementor-section-height-default elementor-section-height-default\" data-id=\"a50f743\" data-element_type=\"section\">\n\t\t\t\t\t\t<div class=\"elementor-container elementor-column-gap-default\">\n\t\t\t\t\t<div class=\"elementor-column elementor-col-100 elementor-top-column elementor-element elementor-element-23e0f42\" data-id=\"23e0f42\" data-element_type=\"column\">\n\t\t\t<div class=\"elementor-widget-wrap elementor-element-populated\">\n\t\t\t\t\t\t<div class=\"elementor-element elementor-element-b7acd65 elementor-widget elementor-widget-text-editor\" data-id=\"b7acd65\" data-element_type=\"widget\" data-widget_type=\"text-editor.default\">\n\t\t\t\t<div class=\"elementor-widget-container\">\n\t\t\t\t\t\t\t<p>Meu nome \u00e9 Nic\u00e1sio Gouveia, tenho 33 anos, e sou natural de Bolama, Guin\u00e9-Bissau, \u00c1frica. Desde a inf\u00e2ncia, meu maior sonho era ser jogador de futebol, por\u00e9m, por falta de um empres\u00e1rio para fazer a apresenta\u00e7\u00e3o em um clube de Portugal, o projeto da minha vida tomou outros caminhos. Em 2009, surgiu a possibilidade de fazer o processo de admiss\u00e3o do Programa de Estudantes &#8211; Conv\u00eanio de Gradua\u00e7\u00e3o (PEC-G) na Embaixada do Brasil em Guin\u00e9-Bissau. Ap\u00f3s prestar o processo, fui aprovado para uma vaga no curso de Bacharelado em Estat\u00edstica na Universidade Federal de Santa Maria (UFSM), no Rio Grande do Sul.<\/p>\t\t\t\t\t\t<\/div>\n\t\t\t\t<\/div>\n\t\t\t\t\t<\/div>\n\t\t<\/div>\n\t\t\t\t\t<\/div>\n\t\t<\/section>\n\t\t\t\t<section class=\"elementor-section elementor-top-section elementor-element elementor-element-bf1890f elementor-section-boxed elementor-section-height-default elementor-section-height-default\" data-id=\"bf1890f\" data-element_type=\"section\">\n\t\t\t\t\t\t<div class=\"elementor-container elementor-column-gap-default\">\n\t\t\t\t\t<div class=\"elementor-column elementor-col-100 elementor-top-column elementor-element elementor-element-f4a3fdf\" data-id=\"f4a3fdf\" data-element_type=\"column\">\n\t\t\t<div class=\"elementor-widget-wrap elementor-element-populated\">\n\t\t\t\t\t\t<div class=\"elementor-element elementor-element-1a46121 elementor-widget elementor-widget-image\" data-id=\"1a46121\" data-element_type=\"widget\" data-widget_type=\"image.default\">\n\t\t\t\t<div class=\"elementor-widget-container\">\n\t\t\t\t\t\t\t\t\t\t<figure class=\"wp-caption\">\n\t\t\t\t\t\t\t\t\t\t<img fetchpriority=\"high\" decoding=\"async\" width=\"1024\" height=\"576\" src=\"https:\/\/www.ufsm.br\/app\/uploads\/sites\/601\/2023\/09\/Nicasio-Gouveia-1024x576.jpg\" class=\"attachment-large size-large wp-image-9865\" alt=\"\" srcset=\"https:\/\/www.ufsm.br\/app\/uploads\/sites\/601\/2023\/09\/Nicasio-Gouveia-1024x576.jpg 1024w, https:\/\/www.ufsm.br\/app\/uploads\/sites\/601\/2023\/09\/Nicasio-Gouveia-300x169.jpg 300w, https:\/\/www.ufsm.br\/app\/uploads\/sites\/601\/2023\/09\/Nicasio-Gouveia-768x432.jpg 768w, https:\/\/www.ufsm.br\/app\/uploads\/sites\/601\/2023\/09\/Nicasio-Gouveia-1536x864.jpg 1536w, https:\/\/www.ufsm.br\/app\/uploads\/sites\/601\/2023\/09\/Nicasio-Gouveia.jpg 1920w\" sizes=\"(max-width: 1024px) 100vw, 1024px\" \/>\t\t\t\t\t\t\t\t\t\t\t<figcaption class=\"widget-image-caption wp-caption-text\">Nic\u00e1sio Gouveia \u00e9 bacharel (2016) e especialista (2018) em Estat\u00edstica pela UFSM. Atualmente, \u00e9 doutorando em Estat\u00edstica e Experimenta\u00e7\u00e3o Agron\u00f4mica na Escola Superior de Agricultura Luiz de Queiroz (Esalq- USP).<\/figcaption>\n\t\t\t\t\t\t\t\t\t\t<\/figure>\n\t\t\t\t\t\t\t<\/div>\n\t\t\t\t<\/div>\n\t\t\t\t\t<\/div>\n\t\t<\/div>\n\t\t\t\t\t<\/div>\n\t\t<\/section>\n\t\t\t\t<section class=\"elementor-section elementor-top-section elementor-element elementor-element-cb884bf elementor-section-boxed elementor-section-height-default elementor-section-height-default\" data-id=\"cb884bf\" data-element_type=\"section\">\n\t\t\t\t\t\t<div class=\"elementor-container elementor-column-gap-default\">\n\t\t\t\t\t<div class=\"elementor-column elementor-col-100 elementor-top-column elementor-element elementor-element-aaa242e\" data-id=\"aaa242e\" data-element_type=\"column\">\n\t\t\t<div class=\"elementor-widget-wrap elementor-element-populated\">\n\t\t\t\t\t\t<div class=\"elementor-element elementor-element-cf802b2 elementor-widget elementor-widget-text-editor\" data-id=\"cf802b2\" data-element_type=\"widget\" data-widget_type=\"text-editor.default\">\n\t\t\t\t<div class=\"elementor-widget-container\">\n\t\t\t\t\t\t\t<p>Cheguei ao Brasil em mar\u00e7o de 2010, aos 22 anos, com o sonho de cursar Estat\u00edstica na UFSM. No primeiro dia em Santa Maria, era necess\u00e1rio fazer os documentos na Pol\u00edcia Federal para legalizar a minha estadia no Brasil. Al\u00e9m disso, me deparei com a dificuldade de encontrar uma casa para morar. Consegui um quarto na Pens\u00e3o do Alem\u00e3o, que fica na Avenida Roraima, em Camobi, pr\u00f3ximo \u00e0 UFSM. No dia seguinte, o Paulo (que era respons\u00e1vel do Departamento de Registo e Controle Acad\u00eamico da Universidade) me indicou a pens\u00e3o da Dona S\u00f4nia Behr. Quando cheguei na casa da S\u00f4nia, encontrei ela e o marido, Severo, que me receberam. Disse que estava \u00e0 procura de uma casa para ficar durante o tempo de estudos na Universidade. Entretanto, n\u00e3o havia vaga naquela casa. Diante disso, ela me orientou a continuar pela procura de um outro local e, caso n\u00e3o encontrasse at\u00e9 o final do dia, poderia voltar a procur\u00e1-la.<\/p><p>Depois de caminhar por quase todo Camobi, voltei a falar com ela. Ela me acolheu por uma semana, sem cobrar um centavo. Depois disso, consegui outro local, mas a Sonia me disse que, quando liberasse uma vaga, seria avisado para retornar. Depois de tr\u00eas meses, um quarto finalmente foi liberado. Imediatamente fiz a\u00a0<span style=\"color: #000000;font-size: 1rem;font-weight: var( --e-global-typography-text-font-weight );text-align: var(--bs-body-text-align)\">mudan\u00e7a e foi onde fiquei por oito anos. N\u00e3o tenho palavras para descrever o que S\u00f4nia e Severo fizeram por mim. Desde o primeiro dia que a encontrei, me tratou como um filho, at\u00e9 os dias de hoje. Ela, sem d\u00favida, \u00e9 minha m\u00e3e adotiva no Brasil, e agrade\u00e7o muito por tudo.<\/span><\/p><p><span style=\"text-align: var(--bs-body-text-align)\">Na \u00e9poca, tudo era novo para minha adapta\u00e7\u00e3o. A cultura da cidade, os h\u00e1bitos, o clima, a g\u00edria ga\u00facha, entre outras coisas. Quando comecei o curso de Bacharelado em Estat\u00edstica, tive muitas dificuldades, que n\u00e3o cabem mencionar aqui. Pensei em desistir e trocar pelo curso de Administra\u00e7\u00e3o, mas a professora Luciane Jacobi, na \u00e9poca a coordenadora do curso, me incentivou a n\u00e3o desistir e me deu todo o suporte para seguir. Ela foi fundamental para a minha forma\u00e7\u00e3o, tanto em rela\u00e7\u00e3o aos estudos, quanto financeiramente para minha estadia nos primeiros seis meses. Devo muito a ela, e tamb\u00e9m \u00e0 secret\u00e1ria do Departamento, Rosa, e demais professores do Departamento de Estat\u00edstica. Vale ressaltar tamb\u00e9m um agradecimento ao professor Marcio Miotto, do Departamento de Matem\u00e1tica, que sempre me incentivou nesta jornada.<br \/><\/span><\/p><p><span style=\"text-align: var(--bs-body-text-align);font-weight: var( --e-global-typography-text-font-weight )\">Tentei resumir aqui a minha hist\u00f3ria ao longo dos oito anos em Santa Maria, mas o que vivi na cidade, especialmente na Universidade, poderia render um livro! A UFSM foi muito importante na minha forma\u00e7\u00e3o acad\u00eamica, pessoal e profissional: abriu-me portas e proporcionou-me novos horizontes e conhecimentos. Atualmente, sou doutorando no Programa de P\u00f3s-Gradua\u00e7\u00e3o em Estat\u00edstica e Experimenta\u00e7\u00e3o Agron\u00f4mica na Universidade de S\u00e3o Paulo, no Campus Luiz de Queiroz.<\/span><\/p>\t\t\t\t\t\t<\/div>\n\t\t\t\t<\/div>\n\t\t\t\t\t<\/div>\n\t\t<\/div>\n\t\t\t\t\t<\/div>\n\t\t<\/section>\n\t\t\t\t<section class=\"elementor-section elementor-top-section elementor-element elementor-element-908355d elementor-section-boxed elementor-section-height-default elementor-section-height-default\" data-id=\"908355d\" data-element_type=\"section\">\n\t\t\t\t\t\t<div class=\"elementor-container elementor-column-gap-default\">\n\t\t\t\t\t<div class=\"elementor-column elementor-col-100 elementor-top-column elementor-element elementor-element-1fe40db\" data-id=\"1fe40db\" data-element_type=\"column\">\n\t\t\t<div class=\"elementor-widget-wrap elementor-element-populated\">\n\t\t\t\t\t\t<div class=\"elementor-element elementor-element-f5615dd elementor-widget elementor-widget-text-editor\" data-id=\"f5615dd\" data-element_type=\"widget\" data-widget_type=\"text-editor.default\">\n\t\t\t\t<div class=\"elementor-widget-container\">\n\t\t\t\t\t\t\t<p><strong>Ilustra\u00e7\u00e3o e diagrama\u00e7\u00e3o:<\/strong> Cristielle Luise<\/p>\t\t\t\t\t\t<\/div>\n\t\t\t\t<\/div>\n\t\t\t\t\t<\/div>\n\t\t<\/div>\n\t\t\t\t\t<\/div>\n\t\t<\/section>\n\t\t\t\t<\/div>\n\t\t","protected":false},"excerpt":{"rendered":"<p>Meu nome \u00e9 Nic\u00e1sio Gouveia, tenho 33 anos, e sou natural de Bolama, Guin\u00e9-Bissau, \u00c1frica. Desde a inf\u00e2ncia, meu maior sonho era ser jogador de futebol, por\u00e9m, por falta de um empres\u00e1rio para fazer a apresenta\u00e7\u00e3o em um clube de Portugal, o projeto da minha vida tomou outros caminhos. Em 2009, surgiu a possibilidade de [&hellip;]<\/p>\n","protected":false},"author":25,"featured_media":9865,"comment_status":"closed","ping_status":"closed","sticky":false,"template":"","format":"standard","meta":{"footnotes":""},"categories":[5670,5675],"tags":[],"class_list":["post-9864","post","type-post","status-publish","format-standard","has-post-thumbnail","hentry","category-13a-edicao","category-recordacoes-13a-edicao"],"acf":[],"_links":{"self":[{"href":"https:\/\/www.ufsm.br\/midias\/arco\/wp-json\/wp\/v2\/posts\/9864","targetHints":{"allow":["GET"]}}],"collection":[{"href":"https:\/\/www.ufsm.br\/midias\/arco\/wp-json\/wp\/v2\/posts"}],"about":[{"href":"https:\/\/www.ufsm.br\/midias\/arco\/wp-json\/wp\/v2\/types\/post"}],"author":[{"embeddable":true,"href":"https:\/\/www.ufsm.br\/midias\/arco\/wp-json\/wp\/v2\/users\/25"}],"replies":[{"embeddable":true,"href":"https:\/\/www.ufsm.br\/midias\/arco\/wp-json\/wp\/v2\/comments?post=9864"}],"version-history":[{"count":0,"href":"https:\/\/www.ufsm.br\/midias\/arco\/wp-json\/wp\/v2\/posts\/9864\/revisions"}],"wp:featuredmedia":[{"embeddable":true,"href":"https:\/\/www.ufsm.br\/midias\/arco\/wp-json\/wp\/v2\/media\/9865"}],"wp:attachment":[{"href":"https:\/\/www.ufsm.br\/midias\/arco\/wp-json\/wp\/v2\/media?parent=9864"}],"wp:term":[{"taxonomy":"category","embeddable":true,"href":"https:\/\/www.ufsm.br\/midias\/arco\/wp-json\/wp\/v2\/categories?post=9864"},{"taxonomy":"post_tag","embeddable":true,"href":"https:\/\/www.ufsm.br\/midias\/arco\/wp-json\/wp\/v2\/tags?post=9864"}],"curies":[{"name":"wp","href":"https:\/\/api.w.org\/{rel}","templated":true}]}}