{"id":9866,"date":"2023-12-14T10:09:51","date_gmt":"2023-12-14T13:09:51","guid":{"rendered":"https:\/\/www.ufsm.br\/midias\/arco\/?p=9866"},"modified":"2023-12-18T09:43:13","modified_gmt":"2023-12-18T12:43:13","slug":"sobre-espelhos","status":"publish","type":"post","link":"https:\/\/www.ufsm.br\/midias\/arco\/sobre-espelhos","title":{"rendered":"Sobre espelhos"},"content":{"rendered":"\t\t<div data-elementor-type=\"wp-post\" data-elementor-id=\"9866\" class=\"elementor elementor-9866\">\n\t\t\t\t\t\t<section class=\"elementor-section elementor-top-section elementor-element elementor-element-4f235f7 elementor-section-boxed elementor-section-height-default elementor-section-height-default\" data-id=\"4f235f7\" data-element_type=\"section\">\n\t\t\t\t\t\t<div class=\"elementor-container elementor-column-gap-default\">\n\t\t\t\t\t<div class=\"elementor-column elementor-col-100 elementor-top-column elementor-element elementor-element-3e2e98f\" data-id=\"3e2e98f\" data-element_type=\"column\">\n\t\t\t<div class=\"elementor-widget-wrap elementor-element-populated\">\n\t\t\t\t\t\t<div class=\"elementor-element elementor-element-1137607 elementor-widget elementor-widget-text-editor\" data-id=\"1137607\" data-element_type=\"widget\" data-widget_type=\"text-editor.default\">\n\t\t\t\t<div class=\"elementor-widget-container\">\n\t\t\t\t\t\t\t<p>O menino entrou na sala de espelhos numa tarde branca de inverno. Perseguia uma bola multicor e os guardas o acharam t\u00e3o gracioso que n\u00e3o puderam evitar um pouco de sorriso. A sala de espelhos \u00e9 enorme. Quase um sal\u00e3o, mas n\u00e3o t\u00e3o grande. Quase uma galeria, mas n\u00e3o t\u00e3o comprida. \u00c9 coberta de espelhos em tr\u00eas paredes. Naquela em que \u00e9 poss\u00edvel olhar para fora, para os jardins, h\u00e1 um espelho entre cada v\u00e3o de janela. \u00c9 uma sala linda de se ver, mas poucos gostam de entrar nela, menos ainda de entrar sozinhos. S\u00f3 as crian\u00e7as pequenas n\u00e3o t\u00eam essas<br \/>inquieta\u00e7\u00f5es. \u00c9 sinal de estar crescendo recear ir \u00e0 sala de espelhos e de amadurecimento esconder isso de todos os outros.<\/p>\t\t\t\t\t\t<\/div>\n\t\t\t\t<\/div>\n\t\t\t\t\t<\/div>\n\t\t<\/div>\n\t\t\t\t\t<\/div>\n\t\t<\/section>\n\t\t\t\t<section class=\"elementor-section elementor-top-section elementor-element elementor-element-9cbc1ac elementor-section-boxed elementor-section-height-default elementor-section-height-default\" data-id=\"9cbc1ac\" data-element_type=\"section\">\n\t\t\t\t\t\t<div class=\"elementor-container elementor-column-gap-default\">\n\t\t\t\t\t<div class=\"elementor-column elementor-col-100 elementor-top-column elementor-element elementor-element-4a7aeb8\" data-id=\"4a7aeb8\" data-element_type=\"column\">\n\t\t\t<div class=\"elementor-widget-wrap elementor-element-populated\">\n\t\t\t\t\t\t<div class=\"elementor-element elementor-element-6e81ff7 elementor-widget elementor-widget-image\" data-id=\"6e81ff7\" data-element_type=\"widget\" data-widget_type=\"image.default\">\n\t\t\t\t<div class=\"elementor-widget-container\">\n\t\t\t\t\t\t\t\t\t\t\t\t\t<img fetchpriority=\"high\" decoding=\"async\" width=\"1920\" height=\"1080\" src=\"https:\/\/www.ufsm.br\/app\/uploads\/sites\/601\/2023\/09\/Destaque-Escritos_13.jpg\" class=\"attachment-full size-full wp-image-9867\" alt=\"\" srcset=\"https:\/\/www.ufsm.br\/app\/uploads\/sites\/601\/2023\/09\/Destaque-Escritos_13.jpg 1920w, https:\/\/www.ufsm.br\/app\/uploads\/sites\/601\/2023\/09\/Destaque-Escritos_13-300x169.jpg 300w, https:\/\/www.ufsm.br\/app\/uploads\/sites\/601\/2023\/09\/Destaque-Escritos_13-1024x576.jpg 1024w, https:\/\/www.ufsm.br\/app\/uploads\/sites\/601\/2023\/09\/Destaque-Escritos_13-768x432.jpg 768w, https:\/\/www.ufsm.br\/app\/uploads\/sites\/601\/2023\/09\/Destaque-Escritos_13-1536x864.jpg 1536w\" sizes=\"(max-width: 1920px) 100vw, 1920px\" \/>\t\t\t\t\t\t\t\t\t\t\t\t\t<\/div>\n\t\t\t\t<\/div>\n\t\t\t\t\t<\/div>\n\t\t<\/div>\n\t\t\t\t\t<\/div>\n\t\t<\/section>\n\t\t\t\t<section class=\"elementor-section elementor-top-section elementor-element elementor-element-14fc8c5 elementor-section-boxed elementor-section-height-default elementor-section-height-default\" data-id=\"14fc8c5\" data-element_type=\"section\">\n\t\t\t\t\t\t<div class=\"elementor-container elementor-column-gap-default\">\n\t\t\t\t\t<div class=\"elementor-column elementor-col-100 elementor-top-column elementor-element elementor-element-1c39b3c\" data-id=\"1c39b3c\" data-element_type=\"column\">\n\t\t\t<div class=\"elementor-widget-wrap elementor-element-populated\">\n\t\t\t\t\t\t<div class=\"elementor-element elementor-element-e186d30 elementor-widget elementor-widget-text-editor\" data-id=\"e186d30\" data-element_type=\"widget\" data-widget_type=\"text-editor.default\">\n\t\t\t\t<div class=\"elementor-widget-container\">\n\t\t\t\t\t\t\t<p>S\u00f3 quando a luz come\u00e7ou a diminuir foi que os guardas lembraram. Ningu\u00e9m vira o menino voltar pela porta em que entrou. N\u00e3o, com toda a certeza, o menino n\u00e3o sa\u00edra da sala de espelhos. Os guardas procuraram, por l\u00e1 e por toda parte. Nada, nem de menino, nem de bola colorida. A brincadeira virou susto, que virou desespero e, depois, tristeza. Nunca mais se soube do menino. Um riso seu talvez tenha ficado dentro da sala. Sei de muitas pessoas que disseram ter ouvido o menino por l\u00e1. Algu\u00e9m, numa festa, jurou ver o menino refletido, olhando os homens de<br \/>peruca e as mulheres de saia quadrada com um riso nos l\u00e1bios. Divertia-se o menino. O que era aquela crian\u00e7a no meio dos adultos, perguntou uma dama que ignorava o ocorrido. Mas n\u00e3o havia crian\u00e7a. N\u00e3o na sala, como ela julgara. S\u00f3 nos espelhos.<\/p><p>Ent\u00e3o, quando n\u00e3o era festa, j\u00e1 ningu\u00e9m entrava\u00a0<span style=\"color: #000000;font-size: 1rem;font-weight: var( --e-global-typography-text-font-weight );text-align: var(--bs-body-text-align)\">na sala, fosse sozinho ou acompanhado. At\u00e9 mesmo\u00a0<\/span><span style=\"color: #000000;font-size: 1rem;font-weight: var( --e-global-typography-text-font-weight );text-align: var(--bs-body-text-align)\">cortes\u00e3os, que nunca admitiram o p\u00e2nico que as festas\u00a0<\/span><span style=\"color: #000000;font-size: 1rem;font-weight: var( --e-global-typography-text-font-weight );text-align: var(--bs-body-text-align)\">entre os espelhos come\u00e7avam a causar, resolveram\u00a0<\/span><span style=\"color: #000000;font-size: 1rem;font-weight: var( --e-global-typography-text-font-weight );text-align: var(--bs-body-text-align)\">que os jardins seriam melhores no ver\u00e3o e as salas\u00a0<\/span><span style=\"color: #000000;font-size: 1rem;font-weight: var( --e-global-typography-text-font-weight );text-align: var(--bs-body-text-align)\">com altos lambris de madeira muito mais quentes\u00a0<\/span><span style=\"color: #000000;font-size: 1rem;font-weight: var( --e-global-typography-text-font-weight );text-align: var(--bs-body-text-align)\">nas noites de inverno.<\/span><\/p><p>A sala de espelhos foi ficando sozinha. H\u00e1 quem\u00a0<span style=\"color: #000000;font-size: 1rem;font-weight: var( --e-global-typography-text-font-weight );text-align: var(--bs-body-text-align)\">diga que foi o abandono que transformou o menino\u00a0<\/span><span style=\"color: #000000;font-size: 1rem;font-weight: var( --e-global-typography-text-font-weight );text-align: var(--bs-body-text-align)\">em peixe. Porque peixes de cauda longa podem nadar\u00a0<\/span><span style=\"color: #000000;font-size: 1rem;font-weight: var( --e-global-typography-text-font-weight );text-align: var(--bs-body-text-align)\">sob a superf\u00edcie dos espelhos d\u2019\u00e1gua e o menino j\u00e1\u00a0<\/span><span style=\"color: #000000;font-size: 1rem;font-weight: var( --e-global-typography-text-font-weight );text-align: var(--bs-body-text-align)\">n\u00e3o se satisfazia apenas com a sala de espelhos. Nem\u00a0<\/span><span style=\"color: #000000;font-size: 1rem;font-weight: var( --e-global-typography-text-font-weight );text-align: var(--bs-body-text-align)\">mesmo a revolu\u00e7\u00e3o conseguiu voltar a encher a sala.\u00a0<\/span><span style=\"color: #000000;font-size: 1rem;font-weight: var( --e-global-typography-text-font-weight );text-align: var(--bs-body-text-align)\">Por\u00e9m, foi nesse dia que o peixe-menino fugiu.<\/span><\/p><p>Ele se grudou no espelho de uma espada e saiu\u00a0<span style=\"color: #000000;font-size: 1rem;font-weight: var( --e-global-typography-text-font-weight );text-align: var(--bs-body-text-align)\">para o mundo. Foi navegando de reflexo em reflexo,\u00a0<\/span><span style=\"color: #000000;font-size: 1rem;font-weight: var( --e-global-typography-text-font-weight );text-align: var(--bs-body-text-align)\">indo a todo lugar, ficando mais nuns que em outros.\u00a0<\/span><span style=\"color: #000000;font-size: 1rem;font-weight: var( --e-global-typography-text-font-weight );text-align: var(--bs-body-text-align)\">O melhor de tudo \u00e9 que os peixes s\u00e3o muito mais\u00a0<\/span><span style=\"color: #000000;font-size: 1rem;font-weight: var( --e-global-typography-text-font-weight );text-align: var(--bs-body-text-align)\">dif\u00edceis de ver do que os meninos. O ruim \u00e9 que alma\u00a0<\/span><span style=\"color: #000000;font-size: 1rem;font-weight: var( --e-global-typography-text-font-weight );text-align: var(--bs-body-text-align)\">de menino n\u00e3o pode virar peixe e disso se pode saber\u00a0<\/span><span style=\"color: #000000;font-size: 1rem;font-weight: var( --e-global-typography-text-font-weight );text-align: var(--bs-body-text-align)\">com certeza.<\/span><\/p><p>H\u00e1 quem diga que quando os espelhos bruxuleiam\u00a0<span style=\"color: #000000;font-size: 1rem;font-weight: var( --e-global-typography-text-font-weight );text-align: var(--bs-body-text-align)\">como a superf\u00edcie dos lagos, fingindo que \u00e9 a luz\u00a0<\/span><span style=\"color: #000000;font-size: 1rem;font-weight: var( --e-global-typography-text-font-weight );text-align: var(--bs-body-text-align)\">que falha sobre eles, \u00e9 o peixe-menino vindo \u00e0 tona\u00a0<\/span><span style=\"color: #000000;font-size: 1rem;font-weight: var( --e-global-typography-text-font-weight );text-align: var(--bs-body-text-align)\">em busca de um amigo. Sob a superf\u00edcie, dizem, \u00e9\u00a0<\/span><span style=\"color: #000000;font-size: 1rem;font-weight: var( --e-global-typography-text-font-weight );text-align: var(--bs-body-text-align)\">poss\u00edvel ver o olhar do menino-peixe convidando para\u00a0<\/span><span style=\"color: #000000;font-size: 1rem;font-weight: var( --e-global-typography-text-font-weight );text-align: var(--bs-body-text-align)\">brincar.<\/span><\/p>\t\t\t\t\t\t<\/div>\n\t\t\t\t<\/div>\n\t\t\t\t\t<\/div>\n\t\t<\/div>\n\t\t\t\t\t<\/div>\n\t\t<\/section>\n\t\t\t\t<section class=\"elementor-section elementor-top-section elementor-element elementor-element-4b86cf4 elementor-section-boxed elementor-section-height-default elementor-section-height-default\" data-id=\"4b86cf4\" data-element_type=\"section\">\n\t\t\t\t\t\t<div class=\"elementor-container elementor-column-gap-default\">\n\t\t\t\t\t<div class=\"elementor-column elementor-col-100 elementor-top-column elementor-element elementor-element-885ee58\" data-id=\"885ee58\" data-element_type=\"column\">\n\t\t\t<div class=\"elementor-widget-wrap elementor-element-populated\">\n\t\t\t\t\t\t<div class=\"elementor-element elementor-element-0f2e3a9 elementor-widget elementor-widget-text-editor\" data-id=\"0f2e3a9\" data-element_type=\"widget\" data-widget_type=\"text-editor.default\">\n\t\t\t\t<div class=\"elementor-widget-container\">\n\t\t\t\t\t\t\t<p>*Nikelen Witter \u00e9 escritora e professora do Departamento\u00a0<span style=\"color: #000000;font-size: 1rem;font-weight: var( --e-global-typography-text-font-weight );text-align: var(--bs-body-text-align)\">de Hist\u00f3ria da Universidade Federal de Santa Maria<\/span><\/p>\t\t\t\t\t\t<\/div>\n\t\t\t\t<\/div>\n\t\t\t\t\t<\/div>\n\t\t<\/div>\n\t\t\t\t\t<\/div>\n\t\t<\/section>\n\t\t\t\t<section class=\"elementor-section elementor-top-section elementor-element elementor-element-4fd6933 elementor-section-boxed elementor-section-height-default elementor-section-height-default\" data-id=\"4fd6933\" data-element_type=\"section\">\n\t\t\t\t\t\t<div class=\"elementor-container elementor-column-gap-default\">\n\t\t\t\t\t<div class=\"elementor-column elementor-col-100 elementor-top-column elementor-element elementor-element-4ece102\" data-id=\"4ece102\" data-element_type=\"column\">\n\t\t\t<div class=\"elementor-widget-wrap elementor-element-populated\">\n\t\t\t\t\t\t<div class=\"elementor-element elementor-element-7952ef7 elementor-widget elementor-widget-text-editor\" data-id=\"7952ef7\" data-element_type=\"widget\" data-widget_type=\"text-editor.default\">\n\t\t\t\t<div class=\"elementor-widget-container\">\n\t\t\t\t\t\t\t<p><b>Ilustra\u00e7\u00e3o e diagrama\u00e7\u00e3o:<\/b> Noam Wurzel<\/p>\t\t\t\t\t\t<\/div>\n\t\t\t\t<\/div>\n\t\t\t\t\t<\/div>\n\t\t<\/div>\n\t\t\t\t\t<\/div>\n\t\t<\/section>\n\t\t\t\t<\/div>\n\t\t","protected":false},"excerpt":{"rendered":"<p>Por Nikelen Witter*<\/p>\n","protected":false},"author":25,"featured_media":9867,"comment_status":"closed","ping_status":"closed","sticky":false,"template":"","format":"standard","meta":{"footnotes":""},"categories":[5670,5682],"tags":[4384],"class_list":["post-9866","post","type-post","status-publish","format-standard","has-post-thumbnail","hentry","category-13a-edicao","category-escritos-13a-edicao","tag-destaque-arco"],"acf":[],"_links":{"self":[{"href":"https:\/\/www.ufsm.br\/midias\/arco\/wp-json\/wp\/v2\/posts\/9866","targetHints":{"allow":["GET"]}}],"collection":[{"href":"https:\/\/www.ufsm.br\/midias\/arco\/wp-json\/wp\/v2\/posts"}],"about":[{"href":"https:\/\/www.ufsm.br\/midias\/arco\/wp-json\/wp\/v2\/types\/post"}],"author":[{"embeddable":true,"href":"https:\/\/www.ufsm.br\/midias\/arco\/wp-json\/wp\/v2\/users\/25"}],"replies":[{"embeddable":true,"href":"https:\/\/www.ufsm.br\/midias\/arco\/wp-json\/wp\/v2\/comments?post=9866"}],"version-history":[{"count":0,"href":"https:\/\/www.ufsm.br\/midias\/arco\/wp-json\/wp\/v2\/posts\/9866\/revisions"}],"wp:featuredmedia":[{"embeddable":true,"href":"https:\/\/www.ufsm.br\/midias\/arco\/wp-json\/wp\/v2\/media\/9867"}],"wp:attachment":[{"href":"https:\/\/www.ufsm.br\/midias\/arco\/wp-json\/wp\/v2\/media?parent=9866"}],"wp:term":[{"taxonomy":"category","embeddable":true,"href":"https:\/\/www.ufsm.br\/midias\/arco\/wp-json\/wp\/v2\/categories?post=9866"},{"taxonomy":"post_tag","embeddable":true,"href":"https:\/\/www.ufsm.br\/midias\/arco\/wp-json\/wp\/v2\/tags?post=9866"}],"curies":[{"name":"wp","href":"https:\/\/api.w.org\/{rel}","templated":true}]}}