{"id":9974,"date":"2024-04-15T09:56:30","date_gmt":"2024-04-15T12:56:30","guid":{"rendered":"https:\/\/www.ufsm.br\/midias\/arco\/?p=9974"},"modified":"2024-04-19T11:28:26","modified_gmt":"2024-04-19T14:28:26","slug":"ep4-isso-e-real-ou-se-passa-apenas-na-minha-cabeca","status":"publish","type":"post","link":"https:\/\/www.ufsm.br\/midias\/arco\/ep4-isso-e-real-ou-se-passa-apenas-na-minha-cabeca","title":{"rendered":"Ep4: Isso \u00e9 real ou se passa apenas na minha cabe\u00e7a?"},"content":{"rendered":"\t\t<div data-elementor-type=\"wp-post\" data-elementor-id=\"9974\" class=\"elementor elementor-9974\">\n\t\t\t\t\t\t<section class=\"elementor-section elementor-top-section elementor-element elementor-element-77a34e73 elementor-section-boxed elementor-section-height-default elementor-section-height-default\" data-id=\"77a34e73\" data-element_type=\"section\">\n\t\t\t\t\t\t<div class=\"elementor-container elementor-column-gap-default\">\n\t\t\t\t\t<div class=\"elementor-column elementor-col-100 elementor-top-column elementor-element elementor-element-7be4f4c\" data-id=\"7be4f4c\" data-element_type=\"column\">\n\t\t\t<div class=\"elementor-widget-wrap elementor-element-populated\">\n\t\t\t\t\t\t<div class=\"elementor-element elementor-element-3955421c elementor-widget elementor-widget-text-editor\" data-id=\"3955421c\" data-element_type=\"widget\" data-widget_type=\"text-editor.default\">\n\t\t\t\t<div class=\"elementor-widget-container\">\n\t\t\t\t\t\t\t<!-- wp:tadv\/classic-paragraph \/-->\t\t\t\t\t\t<\/div>\n\t\t\t\t<\/div>\n\t\t\t\t\t<\/div>\n\t\t<\/div>\n\t\t\t\t\t<\/div>\n\t\t<\/section>\n\t\t\t\t<section class=\"elementor-section elementor-top-section elementor-element elementor-element-2c2a7b22 elementor-section-boxed elementor-section-height-default elementor-section-height-default\" data-id=\"2c2a7b22\" data-element_type=\"section\" data-settings=\"{&quot;background_background&quot;:&quot;classic&quot;}\">\n\t\t\t\t\t\t<div class=\"elementor-container elementor-column-gap-default\">\n\t\t\t\t\t<div class=\"elementor-column elementor-col-16 elementor-top-column elementor-element elementor-element-744b2e4a\" data-id=\"744b2e4a\" data-element_type=\"column\" data-settings=\"{&quot;background_background&quot;:&quot;classic&quot;}\">\n\t\t\t<div class=\"elementor-widget-wrap elementor-element-populated\">\n\t\t\t\t\t\t<div class=\"elementor-element elementor-element-1b8753e4 elementor-widget elementor-widget-image\" data-id=\"1b8753e4\" data-element_type=\"widget\" data-widget_type=\"image.default\">\n\t\t\t\t<div class=\"elementor-widget-container\">\n\t\t\t\t\t\t\t\t\t\t\t\t\t\t<a href=\"https:\/\/www.ufsm.br\/midias\/arco\/o-q-quantico\">\n\t\t\t\t\t\t\t<img fetchpriority=\"high\" decoding=\"async\" width=\"608\" height=\"181\" src=\"https:\/\/www.ufsm.br\/app\/uploads\/sites\/601\/2023\/12\/horizontal-azul-lupa-rosa.png\" class=\"attachment-large size-large wp-image-9897\" alt=\"\" srcset=\"https:\/\/www.ufsm.br\/app\/uploads\/sites\/601\/2023\/12\/horizontal-azul-lupa-rosa.png 608w, https:\/\/www.ufsm.br\/app\/uploads\/sites\/601\/2023\/12\/horizontal-azul-lupa-rosa-300x89.png 300w\" sizes=\"(max-width: 608px) 100vw, 608px\" \/>\t\t\t\t\t\t\t\t<\/a>\n\t\t\t\t\t\t\t\t\t\t\t\t\t<\/div>\n\t\t\t\t<\/div>\n\t\t\t\t\t<\/div>\n\t\t<\/div>\n\t\t\t\t<div class=\"elementor-column elementor-col-16 elementor-top-column elementor-element elementor-element-12160b96\" data-id=\"12160b96\" data-element_type=\"column\">\n\t\t\t<div class=\"elementor-widget-wrap\">\n\t\t\t\t\t\t\t<\/div>\n\t\t<\/div>\n\t\t\t\t<div class=\"elementor-column elementor-col-16 elementor-top-column elementor-element elementor-element-25555b5\" data-id=\"25555b5\" data-element_type=\"column\">\n\t\t\t<div class=\"elementor-widget-wrap elementor-element-populated\">\n\t\t\t\t\t\t<div class=\"elementor-element elementor-element-2a1e6368 elementor-align-justify elementor-widget elementor-widget-button\" data-id=\"2a1e6368\" data-element_type=\"widget\" data-widget_type=\"button.default\">\n\t\t\t\t<div class=\"elementor-widget-container\">\n\t\t\t\t\t\t\t<div class=\"elementor-button-wrapper\">\n\t\t\t\t\t<a class=\"elementor-button elementor-button-link elementor-size-sm elementor-animation-grow\" href=\"https:\/\/www.ufsm.br\/midias\/arco\/o-q-quantico\/sobre\">\n\t\t\t\t\t\t<span class=\"elementor-button-content-wrapper\">\n\t\t\t\t\t\t\t\t\t<span class=\"elementor-button-text\"><b>Sobre<\/b><\/span>\n\t\t\t\t\t<\/span>\n\t\t\t\t\t<\/a>\n\t\t\t\t<\/div>\n\t\t\t\t\t\t<\/div>\n\t\t\t\t<\/div>\n\t\t\t\t\t<\/div>\n\t\t<\/div>\n\t\t\t\t<div class=\"elementor-column elementor-col-16 elementor-top-column elementor-element elementor-element-2c99465e\" data-id=\"2c99465e\" data-element_type=\"column\">\n\t\t\t<div class=\"elementor-widget-wrap elementor-element-populated\">\n\t\t\t\t\t\t<div class=\"elementor-element elementor-element-1b28718e elementor-align-justify elementor-widget elementor-widget-button\" data-id=\"1b28718e\" data-element_type=\"widget\" data-widget_type=\"button.default\">\n\t\t\t\t<div class=\"elementor-widget-container\">\n\t\t\t\t\t\t\t<div class=\"elementor-button-wrapper\">\n\t\t\t\t\t<a class=\"elementor-button elementor-button-link elementor-size-sm elementor-animation-grow\" href=\"https:\/\/www.ufsm.br\/midias\/arco\/o-q-quantico\/episodios\">\n\t\t\t\t\t\t<span class=\"elementor-button-content-wrapper\">\n\t\t\t\t\t\t\t\t\t<span class=\"elementor-button-text\"><b>Epis\u00f3dios<\/b><\/span>\n\t\t\t\t\t<\/span>\n\t\t\t\t\t<\/a>\n\t\t\t\t<\/div>\n\t\t\t\t\t\t<\/div>\n\t\t\t\t<\/div>\n\t\t\t\t\t<\/div>\n\t\t<\/div>\n\t\t\t\t<div class=\"elementor-column elementor-col-16 elementor-top-column elementor-element elementor-element-7cb9844e\" data-id=\"7cb9844e\" data-element_type=\"column\">\n\t\t\t<div class=\"elementor-widget-wrap elementor-element-populated\">\n\t\t\t\t\t\t<div class=\"elementor-element elementor-element-721a6f86 elementor-align-justify elementor-widget elementor-widget-button\" data-id=\"721a6f86\" data-element_type=\"widget\" data-widget_type=\"button.default\">\n\t\t\t\t<div class=\"elementor-widget-container\">\n\t\t\t\t\t\t\t<div class=\"elementor-button-wrapper\">\n\t\t\t\t\t<a class=\"elementor-button elementor-button-link elementor-size-sm elementor-animation-grow\" href=\"https:\/\/www.ufsm.br\/midias\/arco\/o-q-quantico\/entrevistados\">\n\t\t\t\t\t\t<span class=\"elementor-button-content-wrapper\">\n\t\t\t\t\t\t\t\t\t<span class=\"elementor-button-text\"><b>Entrevistados<\/b><\/span>\n\t\t\t\t\t<\/span>\n\t\t\t\t\t<\/a>\n\t\t\t\t<\/div>\n\t\t\t\t\t\t<\/div>\n\t\t\t\t<\/div>\n\t\t\t\t\t<\/div>\n\t\t<\/div>\n\t\t\t\t<div class=\"elementor-column elementor-col-16 elementor-top-column elementor-element elementor-element-3c5dec6d\" data-id=\"3c5dec6d\" data-element_type=\"column\">\n\t\t\t<div class=\"elementor-widget-wrap elementor-element-populated\">\n\t\t\t\t\t\t<div class=\"elementor-element elementor-element-3b44e198 elementor-align-justify elementor-widget elementor-widget-button\" data-id=\"3b44e198\" data-element_type=\"widget\" data-widget_type=\"button.default\">\n\t\t\t\t<div class=\"elementor-widget-container\">\n\t\t\t\t\t\t\t<div class=\"elementor-button-wrapper\">\n\t\t\t\t\t<a class=\"elementor-button elementor-button-link elementor-size-sm elementor-animation-grow\" href=\"https:\/\/www.ufsm.br\/midias\/arco\/o-q-quantico\/quem-somos\">\n\t\t\t\t\t\t<span class=\"elementor-button-content-wrapper\">\n\t\t\t\t\t\t\t\t\t<span class=\"elementor-button-text\"><B>Quem somos<\/b><\/span>\n\t\t\t\t\t<\/span>\n\t\t\t\t\t<\/a>\n\t\t\t\t<\/div>\n\t\t\t\t\t\t<\/div>\n\t\t\t\t<\/div>\n\t\t\t\t\t<\/div>\n\t\t<\/div>\n\t\t\t\t\t<\/div>\n\t\t<\/section>\n\t\t\t\t<section class=\"elementor-section elementor-top-section elementor-element elementor-element-1b4da6d8 elementor-section-full_width elementor-section-height-default elementor-section-height-default\" data-id=\"1b4da6d8\" data-element_type=\"section\" data-settings=\"{&quot;background_background&quot;:&quot;classic&quot;}\">\n\t\t\t\t\t\t\t<div class=\"elementor-background-overlay\"><\/div>\n\t\t\t\t\t\t\t<div class=\"elementor-container elementor-column-gap-default\">\n\t\t\t\t\t<div class=\"elementor-column elementor-col-50 elementor-top-column elementor-element elementor-element-11d1d9da\" data-id=\"11d1d9da\" data-element_type=\"column\">\n\t\t\t<div class=\"elementor-widget-wrap elementor-element-populated\">\n\t\t\t\t\t\t<div class=\"elementor-element elementor-element-3ebada86 elementor-widget elementor-widget-heading\" data-id=\"3ebada86\" data-element_type=\"widget\" data-widget_type=\"heading.default\">\n\t\t\t\t<div class=\"elementor-widget-container\">\n\t\t\t<h2 class=\"elementor-heading-title elementor-size-default\">Ep4: Isso \u00e9 real ou se passa apenas na minha cabe\u00e7a?<\/h2>\t\t<\/div>\n\t\t\t\t<\/div>\n\t\t\t\t<div class=\"elementor-element elementor-element-5150fef6 elementor-widget elementor-widget-text-editor\" data-id=\"5150fef6\" data-element_type=\"widget\" data-widget_type=\"text-editor.default\">\n\t\t\t\t<div class=\"elementor-widget-container\">\n\t\t\t\t\t\t\t<p><span style=\"font-weight: 400\">A ci\u00eancia \u00e9 descoberta ou inventada? No epis\u00f3dio 4 a gente fala sobre superposi\u00e7\u00e3o e discute o que isso tem a ver com a teoria qu\u00e2ntica ser descoberta ou inventada.<\/span><\/p>\n<p><span style=\"font-weight: 400\">No primeiro a gente volta no experimento da fenda dupla e tenta responder a pergunta: por qual fenda o f\u00f3ton passou? No segundo bloco, a gente parte para a filosofia e discute o que a ci\u00eancia ser descoberta ou inventada tem a ver com teoria qu\u00e2ntica. E no terceiro bloco a gente fala sobre as dificuldades lingu\u00edsticas que surgem ao discutir teoria qu\u00e2ntica.\u00a0<\/span><\/p>\n<p dir=\"ltr\" style=\"line-height: 1.38;margin-top: 0pt;margin-bottom: 0pt\"><span style=\"font-size: 11pt;font-family: Arial,sans-serif;color: #000000;background-color: transparent;font-weight: 400;font-style: normal;font-variant: normal;text-decoration: none;vertical-align: baseline\">\u00a0<\/span><\/p>\t\t\t\t\t\t<\/div>\n\t\t\t\t<\/div>\n\t\t\t\t<div class=\"elementor-element elementor-element-6cab7654 elementor-widget elementor-widget-button\" data-id=\"6cab7654\" data-element_type=\"widget\" data-widget_type=\"button.default\">\n\t\t\t\t<div class=\"elementor-widget-container\">\n\t\t\t\t\t\t\t<div class=\"elementor-button-wrapper\">\n\t\t\t\t\t<a class=\"elementor-button elementor-button-link elementor-size-xs\" href=\"https:\/\/open.spotify.com\/episode\/4Fd14x0lZNm4f54QuIRZtW?si=avGlUaGXQ_iDEhXSeQxNGA\" target=\"_blank\">\n\t\t\t\t\t\t<span class=\"elementor-button-content-wrapper\">\n\t\t\t\t\t\t\t\t\t<span class=\"elementor-button-text\">Ou\u00e7a aqui no Spotify\ud83c\udfa7<\/span>\n\t\t\t\t\t<\/span>\n\t\t\t\t\t<\/a>\n\t\t\t\t<\/div>\n\t\t\t\t\t\t<\/div>\n\t\t\t\t<\/div>\n\t\t\t\t<div class=\"elementor-element elementor-element-6a1d572f elementor-widget elementor-widget-button\" data-id=\"6a1d572f\" data-element_type=\"widget\" data-widget_type=\"button.default\">\n\t\t\t\t<div class=\"elementor-widget-container\">\n\t\t\t\t\t\t\t<div class=\"elementor-button-wrapper\">\n\t\t\t\t\t<a class=\"elementor-button elementor-button-link elementor-size-xs\" href=\"https:\/\/youtu.be\/yoG-vG9c3b0?feature=shared\" target=\"_blank\">\n\t\t\t\t\t\t<span class=\"elementor-button-content-wrapper\">\n\t\t\t\t\t\t\t\t\t<span class=\"elementor-button-text\">Ou\u00e7a aqui no YouTube\ud83c\udfa7<\/span>\n\t\t\t\t\t<\/span>\n\t\t\t\t\t<\/a>\n\t\t\t\t<\/div>\n\t\t\t\t\t\t<\/div>\n\t\t\t\t<\/div>\n\t\t\t\t<div class=\"elementor-element elementor-element-71ffeece elementor-widget elementor-widget-text-editor\" data-id=\"71ffeece\" data-element_type=\"widget\" data-widget_type=\"text-editor.default\">\n\t\t\t\t<div class=\"elementor-widget-container\">\n\t\t\t\t\t\t\t<p><span style=\"color: #000000;font-size: 16px\">Acesse a <a href=\"https:\/\/www.ufsm.br\/app\/uploads\/sites\/601\/2024\/04\/Ep04_Transcricao.pdf\" target=\"_blank\" rel=\"noopener\">transcri\u00e7\u00e3o<\/a>\u00a0do epis\u00f3dio e a <a href=\"https:\/\/www.ufsm.br\/app\/uploads\/sites\/601\/2024\/04\/Ep04_English.pdf\" target=\"_blank\" rel=\"noopener\">tradu\u00e7\u00e3o\u00a0<\/a>para o ingl\u00eas.<\/span><\/p>\t\t\t\t\t\t<\/div>\n\t\t\t\t<\/div>\n\t\t\t\t\t<\/div>\n\t\t<\/div>\n\t\t\t\t<div class=\"elementor-column elementor-col-50 elementor-top-column elementor-element elementor-element-6b79e9a9\" data-id=\"6b79e9a9\" data-element_type=\"column\">\n\t\t\t<div class=\"elementor-widget-wrap elementor-element-populated\">\n\t\t\t\t\t\t<div class=\"elementor-element elementor-element-61e8f2bc elementor-widget elementor-widget-image\" data-id=\"61e8f2bc\" data-element_type=\"widget\" data-widget_type=\"image.default\">\n\t\t\t\t<div class=\"elementor-widget-container\">\n\t\t\t\t\t\t\t\t\t\t\t\t\t<img decoding=\"async\" width=\"1024\" height=\"1024\" src=\"https:\/\/www.ufsm.br\/app\/uploads\/sites\/601\/2024\/04\/EP-4-1024x1024.jpg\" class=\"attachment-large size-large wp-image-9968\" alt=\"\" srcset=\"https:\/\/www.ufsm.br\/app\/uploads\/sites\/601\/2024\/04\/EP-4-1024x1024.jpg 1024w, https:\/\/www.ufsm.br\/app\/uploads\/sites\/601\/2024\/04\/EP-4-300x300.jpg 300w, https:\/\/www.ufsm.br\/app\/uploads\/sites\/601\/2024\/04\/EP-4-150x150.jpg 150w, https:\/\/www.ufsm.br\/app\/uploads\/sites\/601\/2024\/04\/EP-4-768x768.jpg 768w, https:\/\/www.ufsm.br\/app\/uploads\/sites\/601\/2024\/04\/EP-4.jpg 1080w\" sizes=\"(max-width: 1024px) 100vw, 1024px\" \/>\t\t\t\t\t\t\t\t\t\t\t\t\t<\/div>\n\t\t\t\t<\/div>\n\t\t\t\t\t<\/div>\n\t\t<\/div>\n\t\t\t\t\t<\/div>\n\t\t<\/section>\n\t\t\t\t<section class=\"elementor-section elementor-top-section elementor-element elementor-element-6697ab63 elementor-section-boxed elementor-section-height-default elementor-section-height-default\" data-id=\"6697ab63\" data-element_type=\"section\">\n\t\t\t\t\t\t<div class=\"elementor-container elementor-column-gap-default\">\n\t\t\t\t\t<div class=\"elementor-column elementor-col-100 elementor-top-column elementor-element elementor-element-463dd1e6\" data-id=\"463dd1e6\" data-element_type=\"column\">\n\t\t\t<div class=\"elementor-widget-wrap elementor-element-populated\">\n\t\t\t\t\t\t<div class=\"elementor-element elementor-element-6455efd5 elementor-widget elementor-widget-text-editor\" data-id=\"6455efd5\" data-element_type=\"widget\" data-widget_type=\"text-editor.default\">\n\t\t\t\t<div class=\"elementor-widget-container\">\n\t\t\t\t\t\t\t<p><span style=\"font-weight: 400\">No epis\u00f3dio, a gente fala sobre a fotografia mais inteligente do mundo, que \u00e9 a foto dos participantes da Confer\u00eancia de Solvay que aconteceu em Bruxelas, na B\u00e9lgica, em 1927. Voc\u00ea pode conferir a fotografia abaixo:<\/span><\/p>\n<p><img decoding=\"async\" class=\"size-full wp-image-9977 aligncenter\" src=\"https:\/\/www.ufsm.br\/app\/uploads\/sites\/601\/2024\/04\/foto-cientistas.jpg\" alt=\"\" width=\"898\" height=\"652\" srcset=\"https:\/\/www.ufsm.br\/app\/uploads\/sites\/601\/2024\/04\/foto-cientistas.jpg 898w, https:\/\/www.ufsm.br\/app\/uploads\/sites\/601\/2024\/04\/foto-cientistas-300x218.jpg 300w, https:\/\/www.ufsm.br\/app\/uploads\/sites\/601\/2024\/04\/foto-cientistas-768x558.jpg 768w\" sizes=\"(max-width: 898px) 100vw, 898px\" \/><\/p>\n<p><span style=\"font-weight: 400\">A fotografia mais inteligente do mundo. De tr\u00e1s para frente e da esquerda para a direita: (1<\/span><span style=\"font-weight: 400\">a<\/span><span style=\"font-weight: 400\"> fila) Auguste Piccard, \u00c9mile Henriot, Paul Ehrenfest, \u00c9douard Herzen, Th\u00e9ophile de Donder, Erwin Schr\u00f6dinger, Jules-\u00c9mile Verschaffelt, Wolfgang Pauli, Werner Heisenberg, Ralph Howard Fowler, L\u00e9on Brillouin, (2<\/span><span style=\"font-weight: 400\">a<\/span><span style=\"font-weight: 400\"> fila) Peter Debye, Martin Knudsen, William Lawrence Bragg, Hendrik Anthony Kramers, Paul Dirac, Arthur Compton, Louis de Broglie, Max Born, Niels Bohr, (3<\/span><span style=\"font-weight: 400\">a<\/span><span style=\"font-weight: 400\"> fila) Irving Langmuir, Max Planck, Marie Sk\u0142odowska Curie, Hendrik Lorentz, Albert Einstein, Paul Langevin, Charles-Eug\u00e8ne Guye, Charles Thomson Rees Wilson, Owen Willans Richardson<\/span><\/p>\n<p dir=\"ltr\" style=\"line-height: 1.38;margin-top: 0pt;margin-bottom: 0pt\"><span style=\"background-color: transparent;color: #000000;font-family: Arial, sans-serif;font-size: 11pt;font-style: italic;text-align: var(--bs-body-text-align)\">\u00a0<\/span><\/p>\n<p><span style=\"font-weight: 400\">No epis\u00f3dio, a gente menciona tamb\u00e9m a pesquisa que o Osvaldo Pessoa Jr realizou com a Roseny Lisboa sobre vis\u00f5es realista e antirrealista entre os f\u00edsicos. Voc\u00ea encontra mais detalhes no livro de autoria deles intitulado \u2018Vis\u00f5es Filos\u00f3ficas Sobre Ci\u00eancia E Natureza: Uma An\u00e1lise Das Concep\u00e7\u00f5es De Professores De F\u00edsica\u2019 publicado pela Editora FiloCzar em 2019.<\/span><\/p>\n<p><span style=\"font-weight: 400\">E para uma leitura um pouco mais t\u00e9cnica sobre filosofia e teoria qu\u00e2ntica, a gente deixa aqui a refer\u00eancia para o livro da Patr\u00edcia Kauark: \u2018Teoria Qu\u00e2ntica E Filosofia Transcendental: Di\u00e1logos Poss\u00edveis\u2019 publicado pela Editora UFMG em 2022.<\/span><\/p>\n<p>\u00a0<\/p>\n<p dir=\"ltr\" style=\"line-height: 1.38;margin-top: 0pt;margin-bottom: 0pt\"><span style=\"background-color: transparent;color: #000000;font-family: Arial, sans-serif;font-size: 11pt;font-style: italic;text-align: var(--bs-body-text-align)\">\u00a0<\/span><\/p>\n<p dir=\"ltr\" style=\"line-height: 1.38;margin-top: 0pt;margin-bottom: 0pt\"><strong><span style=\"font-size: 11pt;font-family: Arial, sans-serif;color: #000000;background-color: transparent;font-style: normal;font-variant: normal;text-decoration: none;vertical-align: baseline\">Cr\u00e9ditos do epis\u00f3dio:<\/span><\/strong><\/p>\n<p dir=\"ltr\" style=\"line-height: 1.38;margin-top: 0pt;margin-bottom: 0pt\"><span style=\"font-size: 11pt;font-family: Arial,sans-serif;color: #000000;background-color: transparent;font-weight: 400;font-style: italic;font-variant: normal;text-decoration: none;vertical-align: baseline\"><b style=\"font-weight: normal\">\u00a0<\/b><\/span><span style=\"background-color: transparent;color: #000000;font-family: Arial, sans-serif;font-size: 11pt;font-style: italic;text-align: var(--bs-body-text-align)\">\u00a0<\/span><\/p>\n<p dir=\"ltr\" style=\"line-height: 1.38;margin-top: 0pt;margin-bottom: 0pt\"><span style=\"font-size: 11pt;font-family: Arial,sans-serif;color: #000000;background-color: transparent;font-weight: 400;font-style: normal;font-variant: normal;text-decoration: none;vertical-align: baseline\">Idealiza\u00e7\u00e3o: Leonardo Guerini e Gl\u00e1ucia Murta<\/span><\/p>\n<p dir=\"ltr\" style=\"line-height: 1.38;margin-top: 0pt;margin-bottom: 0pt\"><span style=\"font-size: 11pt;font-family: Arial,sans-serif;color: #000000;background-color: transparent;font-weight: 400;font-style: normal;font-variant: normal;text-decoration: none;vertical-align: baseline\">Produ\u00e7\u00e3o: Gl\u00e1ucia Murta, Leonardo Guerini, Luciane Treulieb, Samara Wobeto e Vitor Zuccolo<\/span><\/p>\n<p dir=\"ltr\" style=\"line-height: 1.38;margin-top: 0pt;margin-bottom: 0pt\"><span style=\"font-size: 11pt;font-family: Arial,sans-serif;color: #000000;background-color: transparent;font-weight: 400;font-style: normal;font-variant: normal;text-decoration: none;vertical-align: baseline\">Apresenta\u00e7\u00e3o: Glaucia Murta, Leonardo Guerini e Luciane Treulieb.<\/span><\/p>\n<p dir=\"ltr\" style=\"line-height: 1.38;margin-top: 0pt;margin-bottom: 0pt\"><span style=\"font-size: 11pt;font-family: Arial,sans-serif;color: #000000;background-color: transparent;font-weight: 400;font-style: normal;font-variant: normal;text-decoration: none;vertical-align: baseline\">Roteiro do epis\u00f3dio: Leonardo Guerini, com contribui\u00e7\u00f5es da Gl\u00e1ucia Murta, Luciane Treulieb e Samara Wobeto<\/span><\/p>\n<p dir=\"ltr\" style=\"line-height: 1.38;margin-top: 0pt;margin-bottom: 0pt\"><span style=\"font-size: 11pt;font-family: Arial,sans-serif;color: #000000;background-color: transparent;font-weight: 400;font-style: normal;font-variant: normal;text-decoration: none;vertical-align: baseline\">Consultoria de roteiro: equipe do podcast Ci\u00eancia Suja\u00a0<\/span><\/p>\n<p dir=\"ltr\" style=\"line-height: 1.38;margin-top: 0pt;margin-bottom: 0pt\"><span style=\"font-size: 11pt;font-family: Arial,sans-serif;color: #000000;background-color: transparent;font-weight: 400;font-style: normal;font-variant: normal;text-decoration: none;vertical-align: baseline\">Edi\u00e7\u00e3o de som: Leonardo Guerini<\/span><\/p>\n<p dir=\"ltr\" style=\"line-height: 1.38;margin-top: 0pt;margin-bottom: 0pt\"><span style=\"font-size: 11pt;font-family: Arial,sans-serif;color: #000000;background-color: transparent;font-weight: 400;font-style: normal;font-variant: normal;text-decoration: none;vertical-align: baseline\">Suporte de grava\u00e7\u00e3o: Pablo Ruan<\/span><\/p>\n<p dir=\"ltr\" style=\"line-height: 1.38;margin-top: 0pt;margin-bottom: 0pt\"><span style=\"font-size: 11pt;font-family: Arial,sans-serif;color: #000000;background-color: transparent;font-weight: 400;font-style: normal;font-variant: normal;text-decoration: none;vertical-align: baseline\">Mixagem: Felipe Barbosa<\/span><\/p>\n<p dir=\"ltr\" style=\"line-height: 1.38;margin-top: 0pt;margin-bottom: 0pt\"><span style=\"font-size: 11pt;font-family: Arial,sans-serif;color: #000000;background-color: transparent;font-weight: 400;font-style: normal;font-variant: normal;text-decoration: none;vertical-align: baseline\">M\u00fasica original: Pedro Leal David<\/span><\/p>\n<p dir=\"ltr\" style=\"line-height: 1.38;margin-top: 0pt;margin-bottom: 0pt\"><span style=\"font-size: 11pt;font-family: Arial,sans-serif;color: #000000;background-color: transparent;font-weight: 400;font-style: normal;font-variant: normal;text-decoration: none;vertical-align: baseline\">Identidade visual e as ilustra\u00e7\u00f5es de capa: Augusto Zambonato<\/span><\/p>\n<p dir=\"ltr\" style=\"line-height: 1.38;margin-top: 0pt;margin-bottom: 0pt\"><span style=\"font-size: 11pt;font-family: Arial,sans-serif;color: #000000;background-color: transparent;font-weight: 400;font-style: normal;font-variant: normal;text-decoration: none;vertical-align: baseline\">M\u00eddias sociais: Milene Eichelberger<\/span><\/p>\n<p dir=\"ltr\" style=\"line-height: 1.38;margin-top: 0pt;margin-bottom: 0pt\"><span style=\"font-size: 11pt;font-family: Arial,sans-serif;color: #000000;background-color: transparent;font-weight: 400;font-style: normal;font-variant: normal;text-decoration: none;vertical-align: baseline\">Site: Daniel M. De Carli<\/span><\/p>\n<p dir=\"ltr\" style=\"line-height: 1.38;margin-top: 0pt;margin-bottom: 0pt\"><span style=\"font-size: 11pt;font-family: Arial,sans-serif;color: #000000;background-color: transparent;font-weight: 400;font-style: normal;font-variant: normal;text-decoration: none;vertical-align: baseline\">\u00a0<\/span><\/p>\n<p dir=\"ltr\" style=\"line-height: 1.38;margin-top: 0pt;margin-bottom: 0pt\"><span style=\"font-size: 11pt;font-family: Arial,sans-serif;color: #000000;background-color: transparent;font-weight: 400;font-style: normal;font-variant: normal;text-decoration: none;vertical-align: baseline\"><span id=\"docs-internal-guid-c26f84ed-7fff-ec3e-5e2c-e3bd79367597\"><span style=\"font-size: 11pt;font-family: Arial, sans-serif;color: #000000;background-color: transparent;vertical-align: baseline\">O Q Qu\u00e2ntico \u00e9 produzido dentro de universidades p\u00fablicas. Contamos com o apoio de diversos funcion\u00e1rios das nossas institui\u00e7\u00f5es que contribu\u00edram para que o podcast chegasse ao seu formato final. Agradecemos o apoio financeiro do Conselho Nacional de Desenvolvimento Cient\u00edfico e Tecnol\u00f3gico (CNPq) e do cluster de excel\u00eancia \u201cMatter and Light for Quantum Computing\u201d (ML4Q) da Alemanha. E o suporte e infraestrutura da Heinrich-Heine-Universit\u00e4t D\u00fcsseldorf e das r\u00e1dios da Universidade Federal de Santa Maria.<\/span><\/span><br \/><\/span><\/p>\n<p dir=\"ltr\" style=\"line-height: 1.38;margin-top: 0pt;margin-bottom: 0pt\"><span style=\"font-size: 11pt;font-family: Arial,sans-serif;color: #000000;background-color: transparent;font-weight: 400;font-style: italic;font-variant: normal;text-decoration: none;vertical-align: baseline\">\u00a0<\/span><\/p>\n<p dir=\"ltr\" style=\"line-height: 1.38;margin-top: 0pt;margin-bottom: 0pt\">\u00a0<\/p>\t\t\t\t\t\t<\/div>\n\t\t\t\t<\/div>\n\t\t\t\t\t<\/div>\n\t\t<\/div>\n\t\t\t\t\t<\/div>\n\t\t<\/section>\n\t\t\t\t<\/div>\n\t\t","protected":false},"excerpt":{"rendered":"<p>Sobre Epis\u00f3dios Entrevistados Quem somos Ep4: Isso \u00e9 real ou se passa apenas na minha cabe\u00e7a? A ci\u00eancia \u00e9 descoberta ou inventada? No epis\u00f3dio 4 a gente fala sobre superposi\u00e7\u00e3o e discute o que isso tem a ver com a teoria qu\u00e2ntica ser descoberta ou inventada. No primeiro a gente volta no experimento da fenda [&hellip;]<\/p>\n","protected":false},"author":88,"featured_media":9968,"comment_status":"closed","ping_status":"closed","sticky":false,"template":"","format":"standard","meta":{"footnotes":""},"categories":[5715,1],"tags":[],"class_list":["post-9974","post","type-post","status-publish","format-standard","has-post-thumbnail","hentry","category-o-q-quantico","category-sem-categoria"],"acf":[],"_links":{"self":[{"href":"https:\/\/www.ufsm.br\/midias\/arco\/wp-json\/wp\/v2\/posts\/9974","targetHints":{"allow":["GET"]}}],"collection":[{"href":"https:\/\/www.ufsm.br\/midias\/arco\/wp-json\/wp\/v2\/posts"}],"about":[{"href":"https:\/\/www.ufsm.br\/midias\/arco\/wp-json\/wp\/v2\/types\/post"}],"author":[{"embeddable":true,"href":"https:\/\/www.ufsm.br\/midias\/arco\/wp-json\/wp\/v2\/users\/88"}],"replies":[{"embeddable":true,"href":"https:\/\/www.ufsm.br\/midias\/arco\/wp-json\/wp\/v2\/comments?post=9974"}],"version-history":[{"count":0,"href":"https:\/\/www.ufsm.br\/midias\/arco\/wp-json\/wp\/v2\/posts\/9974\/revisions"}],"wp:featuredmedia":[{"embeddable":true,"href":"https:\/\/www.ufsm.br\/midias\/arco\/wp-json\/wp\/v2\/media\/9968"}],"wp:attachment":[{"href":"https:\/\/www.ufsm.br\/midias\/arco\/wp-json\/wp\/v2\/media?parent=9974"}],"wp:term":[{"taxonomy":"category","embeddable":true,"href":"https:\/\/www.ufsm.br\/midias\/arco\/wp-json\/wp\/v2\/categories?post=9974"},{"taxonomy":"post_tag","embeddable":true,"href":"https:\/\/www.ufsm.br\/midias\/arco\/wp-json\/wp\/v2\/tags?post=9974"}],"curies":[{"name":"wp","href":"https:\/\/api.w.org\/{rel}","templated":true}]}}