{"id":1151,"date":"2026-08-31T00:00:11","date_gmt":"2026-08-31T03:00:11","guid":{"rendered":"https:\/\/www.ufsm.br\/midias\/experimental\/agencia-da-hora\/?p=1151"},"modified":"2026-08-31T00:00:57","modified_gmt":"2026-08-31T03:00:57","slug":"esporte-e-inclusao-marcam-programacao-da-5a-semana-da-pessoa-com-deficiencia-em-fw","status":"publish","type":"post","link":"https:\/\/www.ufsm.br\/midias\/experimental\/agencia-da-hora\/2026\/08\/31\/esporte-e-inclusao-marcam-programacao-da-5a-semana-da-pessoa-com-deficiencia-em-fw","title":{"rendered":"<strong>Esporte e inclus\u00e3o marcam programa\u00e7\u00e3o da 5\u00aa Semana da Pessoa com Defici\u00eancia em FW<\/strong>"},"content":{"rendered":"\n<p class=\"wp-block-paragraph\"><em>Atividades esportivas realizadas no dia 27 de agosto reuniram equipe de futsal da APAE, vereadores e comunidade no gin\u00e1sio da institui\u00e7\u00e3o.<\/em><\/p>\n\n\n\n<p class=\"wp-block-paragraph\"><strong>Por<\/strong>: Cristiele Braga e Scheila Avilla<\/p>\n\n\n\n<p align=\"JUSTIFY\">Encerrou-se, no \u00faltimo s\u00e1bado (29), a 5\u00aa Semana Municipal da Pessoa com Defici\u00eancia Intelectual e M\u00faltipla. Entre os dias 24 e 29 de agosto, diferentes atividades voltadas \u00e0 inclus\u00e3o e \u00e0 participa\u00e7\u00e3o social aconteceram em Frederico Westphalen. Entre as a\u00e7\u00f5es realizadas durante a programa\u00e7\u00e3o, o gin\u00e1sio da APAE de Frederico Westphalen realizou, no dia 27 de agosto, jogo amistoso entre vereadores do munic\u00edpio e a equipe de futsal da APAE, al\u00e9m de atividades esportivas organizadas pela Secretaria Municipal de Esportes, Juventude e Lazer.<\/p>\n<figure id=\"attachment_1152\" aria-describedby=\"caption-attachment-1152\" style=\"width: 1024px\" class=\"wp-caption alignnone\"><img fetchpriority=\"high\" decoding=\"async\" class=\"wp-image-1152 size-large\" src=\"https:\/\/www.ufsm.br\/app\/uploads\/sites\/825\/2026\/08\/WhatsApp-Image-2026-08-30-at-19.34.16-1024x768.jpeg\" alt=\"\" width=\"1024\" height=\"768\" srcset=\"https:\/\/www.ufsm.br\/app\/uploads\/sites\/825\/2026\/08\/WhatsApp-Image-2026-08-30-at-19.34.16-1024x768.jpeg 1024w, https:\/\/www.ufsm.br\/app\/uploads\/sites\/825\/2026\/08\/WhatsApp-Image-2026-08-30-at-19.34.16-300x225.jpeg 300w, https:\/\/www.ufsm.br\/app\/uploads\/sites\/825\/2026\/08\/WhatsApp-Image-2026-08-30-at-19.34.16-768x576.jpeg 768w, https:\/\/www.ufsm.br\/app\/uploads\/sites\/825\/2026\/08\/WhatsApp-Image-2026-08-30-at-19.34.16-1536x1152.jpeg 1536w, https:\/\/www.ufsm.br\/app\/uploads\/sites\/825\/2026\/08\/WhatsApp-Image-2026-08-30-at-19.34.16.jpeg 1600w\" sizes=\"(max-width: 1024px) 100vw, 1024px\" \/><figcaption id=\"caption-attachment-1152\" class=\"wp-caption-text\">Foto: Cristiele Braga.<\/figcaption><\/figure>\n<p align=\"JUSTIFY\"><br \/>A iniciativa busca ampliar a visibilidade das pessoas com defici\u00eancia e promover discuss\u00f5es sobre inclus\u00e3o, direitos e as barreiras enfrentadas por essa popula\u00e7\u00e3o. Segundo Jussania Basso Bordin, psicopedagoga e diretora da APAE de Frederico Westphalen, a semana tamb\u00e9m \u00e9 uma oportunidade para aproximar a comunidade dos temas relacionados \u00e0 defici\u00eancia.<\/p>\n<p align=\"JUSTIFY\">Para Jussania, atividades como os jogos amistosos contribuem para que a inclus\u00e3o aconte\u00e7a tamb\u00e9m em espa\u00e7os de conviv\u00eancia e lazer. A participa\u00e7\u00e3o de pessoas de diferentes grupos em uma mesma atividade esportiva permite a aproxima\u00e7\u00e3o e ajuda a romper a ideia de que existem espa\u00e7os destinados exclusivamente \u00e0s pessoas com defici\u00eancia.<\/p>\n<p align=\"JUSTIFY\">\u201cTodos os espa\u00e7os podem ser espa\u00e7os inclusivos. Depende do olhar que n\u00f3s vamos dirigir a eles\u201d, destaca Jussania. Para ela, quando atletas da APAE participam de atividades esportivas junto a outros grupos, as diferen\u00e7as deixam de ser vistas como uma barreira e passam a fazer parte da conviv\u00eancia.<\/p>\n<p align=\"JUSTIFY\"><br \/><b>Esporte como ferramenta de inclus\u00e3o<\/b><\/p>\n<p align=\"JUSTIFY\">Al\u00e9m da pr\u00e1tica esportiva, os jogos representam uma oportunidade de intera\u00e7\u00e3o entre os participantes. A presen\u00e7a dos vereadores e a realiza\u00e7\u00e3o das atividades organizadas pela Secretaria Municipal de Esportes, Juventude e Lazer aproximaram a institui\u00e7\u00e3o de outros setores da comunidade.<\/p>\n<p align=\"JUSTIFY\">A diretora ressalta que a inclus\u00e3o precisa estar presente nos diferentes espa\u00e7os da sociedade. Para ela, garantir direitos n\u00e3o depende apenas da exist\u00eancia de leis, mas tamb\u00e9m da forma como esses direitos s\u00e3o colocados em pr\u00e1tica no cotidiano. Nesse sentido, considera necess\u00e1rio fortalecer pol\u00edticas p\u00fablicas e ampliar os recursos destinados \u00e0s pessoas com defici\u00eancia.<\/p>\n<p align=\"JUSTIFY\">A Semana Municipal chegou, neste ano, \u00e0 sua quinta edi\u00e7\u00e3o. De acordo com Jussania, cada edi\u00e7\u00e3o busca trabalhar diferentes temas e envolver setores distintos da comunidade. A proposta \u00e9 sensibilizar a popula\u00e7\u00e3o de diferentes maneiras e ampliar o debate sobre a participa\u00e7\u00e3o das pessoas com defici\u00eancia na sociedade.<\/p>\n<p align=\"JUSTIFY\">Para al\u00e9m da programa\u00e7\u00e3o da semana, a APAE mant\u00e9m atividades e projetos ao longo do ano e busca a participa\u00e7\u00e3o da comunidade por meio de parcerias, voluntariado, doa\u00e7\u00f5es e participa\u00e7\u00e3o em eventos. Segundo Jussania, existem diferentes formas de contribuir com a institui\u00e7\u00e3o, desde o apoio financeiro at\u00e9 a oferta de oportunidades e atividades aos alunos.<\/p>\n<p align=\"JUSTIFY\">A realiza\u00e7\u00e3o dos jogos durante a Semana Municipal refor\u00e7a, assim, o papel do esporte como espa\u00e7o de conviv\u00eancia, participa\u00e7\u00e3o e visibilidade. Mais do que uma disputa, a atividade possibilitou que diferentes p\u00fablicos compartilhassem o mesmo espa\u00e7o e vivenciassem, na pr\u00e1tica, uma proposta de inclus\u00e3o.<\/p>\n<p align=\"JUSTIFY\">\u00a0<\/p>\n<p align=\"JUSTIFY\">Para saber mais, ou\u00e7a a entrevista feita por Cristiele Braga com a diretora Jussania, clicando aqui: <a href=\"https:\/\/drive.google.com\/file\/d\/15Ur4JcR06tCLgI4pWWu28xWklUXR96KQ\/view\">https:\/\/drive.google.com\/file\/d\/15Ur4JcR06tCLgI4pWWu28xWklUXR96KQ\/view<\/a><\/p>\n\n\n\n\n\n\n\n\n\n\n\n\n\n\n\n\n\n\n\n\n\n\n\n\n\n\n\n\n\n\n\n\n\n\n\n\n\n\n\n\n\n\n\n\n\n\n\n\n\n\n\n\n\n\n\n\n\n\n\n\n\n\n\n\n","protected":false},"excerpt":{"rendered":"<p>Atividades esportivas realizadas no dia 27 de agosto reuniram equipe de futsal da APAE, vereadores e comunidade no gin\u00e1sio da institui\u00e7\u00e3o. Por: Cristiele Braga e Scheila Avilla Encerrou-se, no \u00faltimo s\u00e1bado (29), a 5\u00aa Semana Municipal da Pessoa com Defici\u00eancia Intelectual e M\u00faltipla. Entre os dias 24 e 29 de agosto, diferentes atividades voltadas \u00e0 [&hellip;]<\/p>\n","protected":false},"author":2786,"featured_media":1152,"comment_status":"closed","ping_status":"closed","sticky":false,"template":"","format":"standard","meta":{"episode_type":"","audio_file":"","cover_image":"","cover_image_id":"","duration":"","filesize":"","date_recorded":"","explicit":"","block":"","filesize_raw":"","footnotes":""},"categories":[9,2],"tags":[28,176,177,46,129],"class_list":["post-1151","post","type-post","status-publish","format-standard","has-post-thumbnail","hentry","category-destaques","category-noticias","tag-agenciadahora","tag-apae","tag-deficiencia","tag-inclusao","tag-municipio-de-frederico-westphalen"],"acf":[],"_links":{"self":[{"href":"https:\/\/www.ufsm.br\/midias\/experimental\/agencia-da-hora\/wp-json\/wp\/v2\/posts\/1151","targetHints":{"allow":["GET"]}}],"collection":[{"href":"https:\/\/www.ufsm.br\/midias\/experimental\/agencia-da-hora\/wp-json\/wp\/v2\/posts"}],"about":[{"href":"https:\/\/www.ufsm.br\/midias\/experimental\/agencia-da-hora\/wp-json\/wp\/v2\/types\/post"}],"author":[{"embeddable":true,"href":"https:\/\/www.ufsm.br\/midias\/experimental\/agencia-da-hora\/wp-json\/wp\/v2\/users\/2786"}],"replies":[{"embeddable":true,"href":"https:\/\/www.ufsm.br\/midias\/experimental\/agencia-da-hora\/wp-json\/wp\/v2\/comments?post=1151"}],"version-history":[{"count":0,"href":"https:\/\/www.ufsm.br\/midias\/experimental\/agencia-da-hora\/wp-json\/wp\/v2\/posts\/1151\/revisions"}],"wp:featuredmedia":[{"embeddable":true,"href":"https:\/\/www.ufsm.br\/midias\/experimental\/agencia-da-hora\/wp-json\/wp\/v2\/media\/1152"}],"wp:attachment":[{"href":"https:\/\/www.ufsm.br\/midias\/experimental\/agencia-da-hora\/wp-json\/wp\/v2\/media?parent=1151"}],"wp:term":[{"taxonomy":"category","embeddable":true,"href":"https:\/\/www.ufsm.br\/midias\/experimental\/agencia-da-hora\/wp-json\/wp\/v2\/categories?post=1151"},{"taxonomy":"post_tag","embeddable":true,"href":"https:\/\/www.ufsm.br\/midias\/experimental\/agencia-da-hora\/wp-json\/wp\/v2\/tags?post=1151"}],"curies":[{"name":"wp","href":"https:\/\/api.w.org\/{rel}","templated":true}]}}