{"id":1154,"date":"2026-08-31T13:28:49","date_gmt":"2026-08-31T16:28:49","guid":{"rendered":"https:\/\/www.ufsm.br\/midias\/experimental\/agencia-da-hora\/?p=1154"},"modified":"2026-08-31T13:57:32","modified_gmt":"2026-08-31T16:57:32","slug":"sub-15-do-itapage-brilha-em-casa-e-passa-para-a-proxima-fase-do-estadual-de-futsal","status":"publish","type":"post","link":"https:\/\/www.ufsm.br\/midias\/experimental\/agencia-da-hora\/2026\/08\/31\/sub-15-do-itapage-brilha-em-casa-e-passa-para-a-proxima-fase-do-estadual-de-futsal","title":{"rendered":"<strong>Sub-15 do Itapag\u00e9 brilha em casa e passa para a pr\u00f3xima fase do Estadual de Futsal<\/strong>"},"content":{"rendered":"\n<p class=\"wp-block-paragraph\"><em>Na sede do Esporte Clube Itapag\u00e9, equipe frederiquense garante sua vaga na fase decisiva do campeonato.<\/em><\/p>\n\n\n\n<p class=\"wp-block-paragraph\"><strong>Texto e fotos<\/strong>: Emanuelle Friederichs<\/p>\n\n\n\n<p>Neste domingo, 30, o Gin\u00e1sio do Itapag\u00e9, em Frederico Westphalen, foi o palco de partidas decisivas pela disputa da rodada de n\u00famero 21 do Campeonato Estadual Sub-15 Masculino 2026, promovido pela Liga Sul Rio-Grandense de Futsal. A equipe frederiquense, sob o apoio de sua torcida, jogou contra as equipes do Carazinho Futsal, de Carazinho, e do Celemaster, de Uruguaiana, terminando a rodada de forma vitoriosa e classificada para a etapa seguinte.<\/p>\n<figure id=\"attachment_1155\" aria-describedby=\"caption-attachment-1155\" style=\"width: 1024px\" class=\"wp-caption alignnone\"><img fetchpriority=\"high\" decoding=\"async\" class=\"wp-image-1155 size-large\" src=\"https:\/\/www.ufsm.br\/app\/uploads\/sites\/825\/2026\/08\/IMG_0082-1024x700.jpg\" alt=\"\" width=\"1024\" height=\"700\" srcset=\"https:\/\/www.ufsm.br\/app\/uploads\/sites\/825\/2026\/08\/IMG_0082-1024x700.jpg 1024w, https:\/\/www.ufsm.br\/app\/uploads\/sites\/825\/2026\/08\/IMG_0082-300x205.jpg 300w, https:\/\/www.ufsm.br\/app\/uploads\/sites\/825\/2026\/08\/IMG_0082-768x525.jpg 768w, https:\/\/www.ufsm.br\/app\/uploads\/sites\/825\/2026\/08\/IMG_0082-1536x1050.jpg 1536w, https:\/\/www.ufsm.br\/app\/uploads\/sites\/825\/2026\/08\/IMG_0082.jpg 1920w\" sizes=\"(max-width: 1024px) 100vw, 1024px\" \/><figcaption id=\"caption-attachment-1155\" class=\"wp-caption-text\">Itapag\u00e9 no ataque contra o Carazinho Futsal. Foto: Emanuelle Friederichs.<\/figcaption><\/figure>\n<p>A rodada tripla come\u00e7ou logo pela manh\u00e3, \u00e0s 10h, com o confronto de abertura entre o Esporte Clube Itapag\u00e9 e o Celemaster Uruguaianense, que terminou com a vit\u00f3ria da equipe da casa pelo placar de 4 a 3. Na sequ\u00eancia, \u00e0s 12h, o Celemaster voltou \u00e0 quadra e venceu o Carazinho Futsal por 2 a 1. A partida de encerramento, prevista para \u00e0s 14h, teve seu in\u00edcio adiantado para as 13h40, com o embate muito tenso e disputado entre Itapag\u00e9 e Carazinho Futsal, empatados em 5 a 5. Ap\u00f3s a somat\u00f3ria dos resultados, o time frederiquense garantiu a primeira coloca\u00e7\u00e3o e avan\u00e7ou no campeonato.<\/p>\n<p>O professor e treinador do Esporte Clube Itapag\u00e9, Franciel Soso, celebrou a classifica\u00e7\u00e3o, destacando o n\u00edvel t\u00e9cnico dos advers\u00e1rios e os pr\u00f3ximos planejamentos para as categorias de base. \u201cPassamos mais uma etapa, vamos para a \u00faltima etapa da confer\u00eancia para depois buscar uma semifinal e final de campeonato estadual. N\u00e3o foi f\u00e1cil, dois jogos dif\u00edceis, duas equipes qualificadas. Continuamos o projeto no m\u00eas que vem com o estadual do sub-12 e tamb\u00e9m do sub-14\u201d, destaca.<\/p>\n<p>O evento esportivo foi aberto ao p\u00fablico, reunindo torcedores tanto no Gin\u00e1sio Itapag\u00e9 quanto fora dele atrav\u00e9s da transmiss\u00e3o ao vivo realizada pela Ag\u00eancia da Hora, um projeto de extens\u00e3o do curso de Jornalismo da Universidade Federal de Santa Maria (UFSM) &#8211; Campus Frederico Westphalen, coordenado pelo docente do curso Lu\u00eds Rabello Borges, que esteve presente no local e contou com o aux\u00edlio dos estudantes Arthur Barbosa, na opera\u00e7\u00e3o de c\u00e2mera, e Beatriz Duarte, na fotografia.<\/p>\n<figure id=\"attachment_1156\" aria-describedby=\"caption-attachment-1156\" style=\"width: 1024px\" class=\"wp-caption alignnone\"><img decoding=\"async\" class=\"wp-image-1156 size-large\" src=\"https:\/\/www.ufsm.br\/app\/uploads\/sites\/825\/2026\/08\/IMG_119-1024x594.jpg\" alt=\"\" width=\"1024\" height=\"594\" srcset=\"https:\/\/www.ufsm.br\/app\/uploads\/sites\/825\/2026\/08\/IMG_119-1024x594.jpg 1024w, https:\/\/www.ufsm.br\/app\/uploads\/sites\/825\/2026\/08\/IMG_119-300x174.jpg 300w, https:\/\/www.ufsm.br\/app\/uploads\/sites\/825\/2026\/08\/IMG_119-768x446.jpg 768w, https:\/\/www.ufsm.br\/app\/uploads\/sites\/825\/2026\/08\/IMG_119-1536x891.jpg 1536w, https:\/\/www.ufsm.br\/app\/uploads\/sites\/825\/2026\/08\/IMG_119.jpg 1920w\" sizes=\"(max-width: 1024px) 100vw, 1024px\" \/><figcaption id=\"caption-attachment-1156\" class=\"wp-caption-text\">Jogadores e comiss\u00e3o t\u00e9cnica do Itapag\u00e9 comemorando com a torcida ao final do \u00faltimo jogo. Foto: Emanuelle Friederichs.<\/figcaption><\/figure>\n<p>\u00a0<\/p>\n\n\n\n\n\n\n\n\n\n\n\n\n\n\n\n\n\n\n\n\n\n\n\n\n\n\n\n\n\n\n\n\n\n\n\n\n\n\n","protected":false},"excerpt":{"rendered":"<p>Na sede do Esporte Clube Itapag\u00e9, equipe frederiquense garante sua vaga na fase decisiva do campeonato. Texto e fotos: Emanuelle Friederichs Neste domingo, 30, o Gin\u00e1sio do Itapag\u00e9, em Frederico Westphalen, foi o palco de partidas decisivas pela disputa da rodada de n\u00famero 21 do Campeonato Estadual Sub-15 Masculino 2026, promovido pela Liga Sul Rio-Grandense [&hellip;]<\/p>\n","protected":false},"author":2786,"featured_media":1155,"comment_status":"closed","ping_status":"closed","sticky":false,"template":"","format":"standard","meta":{"episode_type":"","audio_file":"","cover_image":"","cover_image_id":"","duration":"","filesize":"","date_recorded":"","explicit":"","block":"","filesize_raw":"","footnotes":""},"categories":[9,2],"tags":[28,31,73,71,178,129],"class_list":["post-1154","post","type-post","status-publish","format-standard","has-post-thumbnail","hentry","category-destaques","category-noticias","tag-agenciadahora","tag-esportes","tag-futebol","tag-futsal","tag-itapage","tag-municipio-de-frederico-westphalen"],"acf":[],"_links":{"self":[{"href":"https:\/\/www.ufsm.br\/midias\/experimental\/agencia-da-hora\/wp-json\/wp\/v2\/posts\/1154","targetHints":{"allow":["GET"]}}],"collection":[{"href":"https:\/\/www.ufsm.br\/midias\/experimental\/agencia-da-hora\/wp-json\/wp\/v2\/posts"}],"about":[{"href":"https:\/\/www.ufsm.br\/midias\/experimental\/agencia-da-hora\/wp-json\/wp\/v2\/types\/post"}],"author":[{"embeddable":true,"href":"https:\/\/www.ufsm.br\/midias\/experimental\/agencia-da-hora\/wp-json\/wp\/v2\/users\/2786"}],"replies":[{"embeddable":true,"href":"https:\/\/www.ufsm.br\/midias\/experimental\/agencia-da-hora\/wp-json\/wp\/v2\/comments?post=1154"}],"version-history":[{"count":0,"href":"https:\/\/www.ufsm.br\/midias\/experimental\/agencia-da-hora\/wp-json\/wp\/v2\/posts\/1154\/revisions"}],"wp:featuredmedia":[{"embeddable":true,"href":"https:\/\/www.ufsm.br\/midias\/experimental\/agencia-da-hora\/wp-json\/wp\/v2\/media\/1155"}],"wp:attachment":[{"href":"https:\/\/www.ufsm.br\/midias\/experimental\/agencia-da-hora\/wp-json\/wp\/v2\/media?parent=1154"}],"wp:term":[{"taxonomy":"category","embeddable":true,"href":"https:\/\/www.ufsm.br\/midias\/experimental\/agencia-da-hora\/wp-json\/wp\/v2\/categories?post=1154"},{"taxonomy":"post_tag","embeddable":true,"href":"https:\/\/www.ufsm.br\/midias\/experimental\/agencia-da-hora\/wp-json\/wp\/v2\/tags?post=1154"}],"curies":[{"name":"wp","href":"https:\/\/api.w.org\/{rel}","templated":true}]}}