{"id":1157,"date":"2026-09-01T22:45:36","date_gmt":"2026-09-02T01:45:36","guid":{"rendered":"https:\/\/www.ufsm.br\/midias\/experimental\/agencia-da-hora\/?p=1157"},"modified":"2026-09-01T22:46:36","modified_gmt":"2026-09-02T01:46:36","slug":"novo-sistema-de-estacionamento-rotativo-comeca-a-funcionar-nesta-terca-feira-em-frederico-westphalen","status":"publish","type":"post","link":"https:\/\/www.ufsm.br\/midias\/experimental\/agencia-da-hora\/2026\/09\/01\/novo-sistema-de-estacionamento-rotativo-comeca-a-funcionar-nesta-terca-feira-em-frederico-westphalen","title":{"rendered":"<strong>Novo sistema de estacionamento rotativo come\u00e7a a funcionar nesta ter\u00e7a-feira em Frederico Westphalen<\/strong>"},"content":{"rendered":"\n<p class=\"wp-block-paragraph\"><em>Servi\u00e7o conta com 67 parqu\u00edmetros, aplicativo para celular, tr\u00eas zonas de tarifa\u00e7\u00e3o e fiscaliza\u00e7\u00e3o automatizada<\/em>.<\/p>\n\n\n\n<p class=\"wp-block-paragraph\"><strong>Por<\/strong>: Cristiele Braga e Scheila Avilla<\/p>\n\n\n\n<p>O sistema de estacionamento rotativo pago de Frederico Westphalen come\u00e7a a funcionar nesta ter\u00e7a-feira (1\u00ba). A nova configura\u00e7\u00e3o do servi\u00e7o conta com 67 parqu\u00edmetros distribu\u00eddos pela \u00e1rea central do munic\u00edpio, al\u00e9m da possibilidade de utiliza\u00e7\u00e3o por meio de aplicativo de celular. O sistema tamb\u00e9m passa a contar com tr\u00eas zonas de tarifa\u00e7\u00e3o, identificadas pelas cores azul, verde e laranja, com valores e per\u00edodos m\u00e1ximos de perman\u00eancia diferentes.<\/p>\n<figure id=\"attachment_1158\" aria-describedby=\"caption-attachment-1158\" style=\"width: 1024px\" class=\"wp-caption alignnone\"><img fetchpriority=\"high\" decoding=\"async\" class=\"wp-image-1158 size-large\" src=\"https:\/\/www.ufsm.br\/app\/uploads\/sites\/825\/2026\/09\/WhatsApp-Image-2026-09-01-at-16.10.45-1024x700.jpeg\" alt=\"\" width=\"1024\" height=\"700\" srcset=\"https:\/\/www.ufsm.br\/app\/uploads\/sites\/825\/2026\/09\/WhatsApp-Image-2026-09-01-at-16.10.45-1024x700.jpeg 1024w, https:\/\/www.ufsm.br\/app\/uploads\/sites\/825\/2026\/09\/WhatsApp-Image-2026-09-01-at-16.10.45-300x205.jpeg 300w, https:\/\/www.ufsm.br\/app\/uploads\/sites\/825\/2026\/09\/WhatsApp-Image-2026-09-01-at-16.10.45-768x525.jpeg 768w, https:\/\/www.ufsm.br\/app\/uploads\/sites\/825\/2026\/09\/WhatsApp-Image-2026-09-01-at-16.10.45-1536x1049.jpeg 1536w, https:\/\/www.ufsm.br\/app\/uploads\/sites\/825\/2026\/09\/WhatsApp-Image-2026-09-01-at-16.10.45.jpeg 1600w\" sizes=\"(max-width: 1024px) 100vw, 1024px\" \/><figcaption id=\"caption-attachment-1158\" class=\"wp-caption-text\">Foto: Cristiele Braga.<\/figcaption><\/figure>\n<p>De acordo com a Prefeitura de Frederico Westphalen, a reorganiza\u00e7\u00e3o do estacionamento busca facilitar o uso das vagas e melhorar a circula\u00e7\u00e3o de ve\u00edculos na regi\u00e3o central da cidade. A fiscaliza\u00e7\u00e3o ser\u00e1 realizada de forma automatizada, com o uso de tecnologia de intelig\u00eancia artificial.<\/p>\n<p><strong>Per\u00edodo de orienta\u00e7\u00e3o aos motoristas<\/strong><\/p>\n<p>A cobran\u00e7a pelo estacionamento rotativo ter\u00e1 in\u00edcio em 1\u00ba de setembro de 2026. Nos primeiros 15 dias, ser\u00e1 realizado um per\u00edodo de orienta\u00e7\u00e3o para que a popula\u00e7\u00e3o possa conhecer os equipamentos e compreender o funcionamento do novo sistema.<\/p>\n<p>Durante esse per\u00edodo, a empresa VAGO disponibilizar\u00e1 profissionais para permanecer junto aos parqu\u00edmetros e auxiliar os usu\u00e1rios. A equipe tamb\u00e9m ser\u00e1 respons\u00e1vel por realizar simula\u00e7\u00f5es e esclarecer d\u00favidas sobre as formas de pagamento e a ativa\u00e7\u00e3o das vagas.<\/p>\n<figure id=\"attachment_1159\" aria-describedby=\"caption-attachment-1159\" style=\"width: 1024px\" class=\"wp-caption alignnone\"><img decoding=\"async\" class=\"wp-image-1159 size-large\" src=\"https:\/\/www.ufsm.br\/app\/uploads\/sites\/825\/2026\/09\/WhatsApp-Image-2026-09-01-at-16.10.49-1024x768.jpeg\" alt=\"\" width=\"1024\" height=\"768\" srcset=\"https:\/\/www.ufsm.br\/app\/uploads\/sites\/825\/2026\/09\/WhatsApp-Image-2026-09-01-at-16.10.49-1024x768.jpeg 1024w, https:\/\/www.ufsm.br\/app\/uploads\/sites\/825\/2026\/09\/WhatsApp-Image-2026-09-01-at-16.10.49-300x225.jpeg 300w, https:\/\/www.ufsm.br\/app\/uploads\/sites\/825\/2026\/09\/WhatsApp-Image-2026-09-01-at-16.10.49-768x576.jpeg 768w, https:\/\/www.ufsm.br\/app\/uploads\/sites\/825\/2026\/09\/WhatsApp-Image-2026-09-01-at-16.10.49-1536x1152.jpeg 1536w, https:\/\/www.ufsm.br\/app\/uploads\/sites\/825\/2026\/09\/WhatsApp-Image-2026-09-01-at-16.10.49.jpeg 1600w\" sizes=\"(max-width: 1024px) 100vw, 1024px\" \/><figcaption id=\"caption-attachment-1159\" class=\"wp-caption-text\">Foto: Cristiele Braga.<\/figcaption><\/figure>\n<p><strong>Tr\u00eas zonas de estacionamento<\/strong><\/p>\n<p>As vagas foram divididas em tr\u00eas \u00e1reas, identificadas por cores. Na Zona Azul, o valor \u00e9 de R$ 1,00 a cada 30 minutos, com perman\u00eancia m\u00e1xima de duas horas na mesma vaga.<\/p>\n<p>Na Zona Verde, a tarifa \u00e9 de R$ 0,75 a cada 30 minutos. Assim como na Zona Azul, o per\u00edodo m\u00e1ximo de perman\u00eancia \u00e9 de duas horas.<\/p>\n<p>J\u00e1 na Zona Laranja, a tarifa \u00e9 de R$ 1,00 a cada 30 minutos, mas o tempo m\u00e1ximo de perman\u00eancia pode chegar a quatro horas. A \u00e1rea foi planejada principalmente para locais pr\u00f3ximos a cl\u00ednicas e hospitais, atendendo usu\u00e1rios que necessitam de mais tempo para consultas, exames e outros atendimentos de sa\u00fade.<\/p>\n<p><strong>Hor\u00e1rios de funcionamento<\/strong><\/p>\n<p>A cobran\u00e7a do estacionamento rotativo ocorre de segunda a sexta-feira, das 8h \u00e0s 12h e das 13h30 \u00e0s 18h. Aos s\u00e1bados, o servi\u00e7o funciona somente pela manh\u00e3, das 8h ao meio-dia.<\/p>\n<p>Aos domingos e feriados, o uso das vagas ser\u00e1 isento de cobran\u00e7a.<\/p>\n<p><strong>Tecnologia na fiscaliza\u00e7\u00e3o<\/strong><\/p>\n<p>Al\u00e9m dos parqu\u00edmetros e do aplicativo, o novo sistema utiliza fiscaliza\u00e7\u00e3o automatizada por meio de intelig\u00eancia artificial. A tecnologia permite acompanhar a utiliza\u00e7\u00e3o das vagas e verificar o cumprimento das regras estabelecidas para cada \u00e1rea.<\/p>\n<p>Com a implanta\u00e7\u00e3o do estacionamento rotativo, o munic\u00edpio busca organizar a ocupa\u00e7\u00e3o das vagas na regi\u00e3o central, estabelecendo limites de perman\u00eancia e diferentes tarifas de acordo com as caracter\u00edsticas de cada local.<\/p>\n<p>\u00a0<\/p>\n\n\n\n\n\n\n\n\n\n\n\n\n\n\n\n\n\n\n\n\n\n\n\n\n\n\n","protected":false},"excerpt":{"rendered":"<p>Servi\u00e7o conta com 67 parqu\u00edmetros, aplicativo para celular, tr\u00eas zonas de tarifa\u00e7\u00e3o e fiscaliza\u00e7\u00e3o automatizada. Por: Cristiele Braga e Scheila Avilla O sistema de estacionamento rotativo pago de Frederico Westphalen come\u00e7a a funcionar nesta ter\u00e7a-feira (1\u00ba). A nova configura\u00e7\u00e3o do servi\u00e7o conta com 67 parqu\u00edmetros distribu\u00eddos pela \u00e1rea central do munic\u00edpio, al\u00e9m da possibilidade de [&hellip;]<\/p>\n","protected":false},"author":2786,"featured_media":1159,"comment_status":"closed","ping_status":"closed","sticky":false,"template":"","format":"standard","meta":{"episode_type":"","audio_file":"","cover_image":"","cover_image_id":"","duration":"","filesize":"","date_recorded":"","explicit":"","block":"","filesize_raw":"","footnotes":""},"categories":[9,2],"tags":[28,129,179],"class_list":["post-1157","post","type-post","status-publish","format-standard","has-post-thumbnail","hentry","category-destaques","category-noticias","tag-agenciadahora","tag-municipio-de-frederico-westphalen","tag-transito"],"acf":[],"_links":{"self":[{"href":"https:\/\/www.ufsm.br\/midias\/experimental\/agencia-da-hora\/wp-json\/wp\/v2\/posts\/1157","targetHints":{"allow":["GET"]}}],"collection":[{"href":"https:\/\/www.ufsm.br\/midias\/experimental\/agencia-da-hora\/wp-json\/wp\/v2\/posts"}],"about":[{"href":"https:\/\/www.ufsm.br\/midias\/experimental\/agencia-da-hora\/wp-json\/wp\/v2\/types\/post"}],"author":[{"embeddable":true,"href":"https:\/\/www.ufsm.br\/midias\/experimental\/agencia-da-hora\/wp-json\/wp\/v2\/users\/2786"}],"replies":[{"embeddable":true,"href":"https:\/\/www.ufsm.br\/midias\/experimental\/agencia-da-hora\/wp-json\/wp\/v2\/comments?post=1157"}],"version-history":[{"count":0,"href":"https:\/\/www.ufsm.br\/midias\/experimental\/agencia-da-hora\/wp-json\/wp\/v2\/posts\/1157\/revisions"}],"wp:featuredmedia":[{"embeddable":true,"href":"https:\/\/www.ufsm.br\/midias\/experimental\/agencia-da-hora\/wp-json\/wp\/v2\/media\/1159"}],"wp:attachment":[{"href":"https:\/\/www.ufsm.br\/midias\/experimental\/agencia-da-hora\/wp-json\/wp\/v2\/media?parent=1157"}],"wp:term":[{"taxonomy":"category","embeddable":true,"href":"https:\/\/www.ufsm.br\/midias\/experimental\/agencia-da-hora\/wp-json\/wp\/v2\/categories?post=1157"},{"taxonomy":"post_tag","embeddable":true,"href":"https:\/\/www.ufsm.br\/midias\/experimental\/agencia-da-hora\/wp-json\/wp\/v2\/tags?post=1157"}],"curies":[{"name":"wp","href":"https:\/\/api.w.org\/{rel}","templated":true}]}}