{"id":1160,"date":"2026-09-01T23:08:30","date_gmt":"2026-09-02T02:08:30","guid":{"rendered":"https:\/\/www.ufsm.br\/midias\/experimental\/agencia-da-hora\/?p=1160"},"modified":"2026-09-01T23:20:34","modified_gmt":"2026-09-02T02:20:34","slug":"ufsm-fw-realiza-cerimonia-de-posse-do-diretorio-academico-de-comunicacao","status":"publish","type":"post","link":"https:\/\/www.ufsm.br\/midias\/experimental\/agencia-da-hora\/2026\/09\/01\/ufsm-fw-realiza-cerimonia-de-posse-do-diretorio-academico-de-comunicacao","title":{"rendered":"<strong>UFSM-FW realiza cerim\u00f4nia de posse do Diret\u00f3rio Acad\u00eamico de Comunica\u00e7\u00e3o<\/strong>"},"content":{"rendered":"\n<p class=\"wp-block-paragraph\"><em>Com 29 votos, a Chapa Revolu\u00e7\u00e3o assume a nova gest\u00e3o do DACOM Tropic\u00e1lia e afirma o compromisso com a representa\u00e7\u00e3o estudantil.<\/em><\/p>\n\n\n\n<p class=\"wp-block-paragraph\"><strong>Por<\/strong>: Emanuelle Friederichs e Valentina Santos<\/p>\n\n\n\n<p>Na tarde desta ter\u00e7a-feira, 1\u00ba de setembro, a \u00e1rea de comunica\u00e7\u00e3o da Universidade Federal de Santa Maria &#8211; Campus Frederico Westphalen (UFSM-FW) vivenciou um marco importante com a cerim\u00f4nia oficial de posse da nova gest\u00e3o, denominada \u201cRevolu\u00e7\u00e3o\u201d, do Diret\u00f3rio Acad\u00eamico de Comunica\u00e7\u00e3o Tropic\u00e1lia (DACOM Tropic\u00e1lia). O evento ocorreu na Sala de Inova\u00e7\u00e3o, localizada atr\u00e1s do pr\u00e9dio principal do campus, e, para al\u00e9m dos membros da entidade estudantil e demais estudantes, contou com a presen\u00e7a dos coordenadores dos cursos de Jornalismo e Rela\u00e7\u00f5es P\u00fablicas, Rafael Foletto e Patr\u00edcia P\u00e9rsigo, respectivamente.<\/p>\n<figure id=\"attachment_1161\" aria-describedby=\"caption-attachment-1161\" style=\"width: 1024px\" class=\"wp-caption alignnone\"><img fetchpriority=\"high\" decoding=\"async\" class=\"wp-image-1161 size-large\" src=\"https:\/\/www.ufsm.br\/app\/uploads\/sites\/825\/2026\/09\/PHOTO-2026-09-01-18-16-25-1024x768.jpg\" alt=\"\" width=\"1024\" height=\"768\" srcset=\"https:\/\/www.ufsm.br\/app\/uploads\/sites\/825\/2026\/09\/PHOTO-2026-09-01-18-16-25-1024x768.jpg 1024w, https:\/\/www.ufsm.br\/app\/uploads\/sites\/825\/2026\/09\/PHOTO-2026-09-01-18-16-25-300x225.jpg 300w, https:\/\/www.ufsm.br\/app\/uploads\/sites\/825\/2026\/09\/PHOTO-2026-09-01-18-16-25-768x576.jpg 768w, https:\/\/www.ufsm.br\/app\/uploads\/sites\/825\/2026\/09\/PHOTO-2026-09-01-18-16-25.jpg 1200w\" sizes=\"(max-width: 1024px) 100vw, 1024px\" \/><figcaption id=\"caption-attachment-1161\" class=\"wp-caption-text\">La\u00edsa Borowicc, Lucas Tomazi, Gabriel Cocco (abaixados na frente); Mayte Kunrath (na ponta, lado direito), ao seu lado, Luiza Campos, Isadora Freitas, Mateus Marchioro (na fileira de tr\u00e1s), Emanuelle Friederichs (na ponta, lado esquerdo) e ao seu lado Ana J\u00falia Kilpp, Ellen Soares e Valentina Santos. Foto: Patr\u00edcia P\u00e9rsigo.<\/figcaption><\/figure>\n<p>A Chapa Revolu\u00e7\u00e3o, foi eleita no dia 27 de agosto, durante os tr\u00eas turnos letivos, em uma vota\u00e7\u00e3o que contou com a participa\u00e7\u00e3o de estudantes dos cursos de Jornalismo e Rela\u00e7\u00f5es P\u00fablicas. Ao todo, foram registrados 29 votos para a chapa, que assumiu oficialmente a gest\u00e3o do DACOM Tropic\u00e1lia para o per\u00edodo de 2026\u20132027. Constitu\u00edda por 12 membros e 4 coordenadorias &#8211; comunica\u00e7\u00e3o, eventos, finan\u00e7as e pol\u00edtica &#8211; comp\u00f5em a coordenadoria geral os seguintes membros, respectivamente:Valentina Santos, Mayte Kunrath, Ana J\u00falia Kilpp e La\u00edsa Borowicc.<\/p>\n<p>Durante a cerim\u00f4nia, o discurso de posse foi conduzido por Lucas Tomazi, estudante de Rela\u00e7\u00f5es P\u00fablicas, e Emanuelle Friederichs, estudante de Jornalismo, os quais, em nome de toda a chapa, destacaram o compromisso com a representa\u00e7\u00e3o estudantil e refor\u00e7aram suas propostas, dentre elas: o fortalecimento do di\u00e1logo entre os discentes com as coordena\u00e7\u00f5es dos cursos e equipe diretiva do campus, a busca pela garantia de que as demandas das diferentes habilita\u00e7\u00f5es e turmas sejam consideradas, al\u00e9m de buscar maior reconhecimento da participa\u00e7\u00e3o estudantil em atividades e eventos promovidos pela universidade. \u201cMinhas expectativas s\u00e3o as melhores poss\u00edveis, \u00e9 uma mistura de felicidade com comprometimento, em saber que teremos que fazer muita coisa, revolucionar de fato, como o nome da nossa chapa diz\u201d, aponta com entusiasmo o estudante Lucas Tomazi, representante da coordena\u00e7\u00e3o de comunica\u00e7\u00e3o da gest\u00e3o.<\/p>\n<p>Para os coordenadores Patr\u00edcia P\u00e9rsigo e Rafael Foletto, a realiza\u00e7\u00e3o do protocolo representa um momento importante de apresenta\u00e7\u00e3o da nova gest\u00e3o aos estudantes, e ambos esperam possuir o di\u00e1logo como canal entre as coordena\u00e7\u00f5es e o Diret\u00f3rio Acad\u00eamico.<\/p>\n<figure id=\"attachment_1162\" aria-describedby=\"caption-attachment-1162\" style=\"width: 1024px\" class=\"wp-caption alignnone\"><img decoding=\"async\" class=\"wp-image-1162 size-large\" src=\"https:\/\/www.ufsm.br\/app\/uploads\/sites\/825\/2026\/09\/PHOTO-2026-09-01-18-15-23-1024x682.jpg\" alt=\"\" width=\"1024\" height=\"682\" srcset=\"https:\/\/www.ufsm.br\/app\/uploads\/sites\/825\/2026\/09\/PHOTO-2026-09-01-18-15-23-1024x682.jpg 1024w, https:\/\/www.ufsm.br\/app\/uploads\/sites\/825\/2026\/09\/PHOTO-2026-09-01-18-15-23-300x200.jpg 300w, https:\/\/www.ufsm.br\/app\/uploads\/sites\/825\/2026\/09\/PHOTO-2026-09-01-18-15-23-768x512.jpg 768w, https:\/\/www.ufsm.br\/app\/uploads\/sites\/825\/2026\/09\/PHOTO-2026-09-01-18-15-23-1536x1023.jpg 1536w, https:\/\/www.ufsm.br\/app\/uploads\/sites\/825\/2026\/09\/PHOTO-2026-09-01-18-15-23-272x182.jpg 272w, https:\/\/www.ufsm.br\/app\/uploads\/sites\/825\/2026\/09\/PHOTO-2026-09-01-18-15-23.jpg 1600w\" sizes=\"(max-width: 1024px) 100vw, 1024px\" \/><figcaption id=\"caption-attachment-1162\" class=\"wp-caption-text\">Emanuelle Friederichs e Lucas Tomazi fazendo a leitura do discurso de posse da Chapa Revolu\u00e7\u00e3o no campus da UFSM-FW. Foto: Valentina Santos.<\/figcaption><\/figure>\n\n\n\n\n\n\n\n\n\n\n\n\n\n\n\n\n","protected":false},"excerpt":{"rendered":"<p>Com 29 votos, a Chapa Revolu\u00e7\u00e3o assume a nova gest\u00e3o do DACOM Tropic\u00e1lia e afirma o compromisso com a representa\u00e7\u00e3o estudantil. Por: Emanuelle Friederichs e Valentina Santos Na tarde desta ter\u00e7a-feira, 1\u00ba de setembro, a \u00e1rea de comunica\u00e7\u00e3o da Universidade Federal de Santa Maria &#8211; Campus Frederico Westphalen (UFSM-FW) vivenciou um marco importante com a [&hellip;]<\/p>\n","protected":false},"author":2786,"featured_media":1161,"comment_status":"closed","ping_status":"closed","sticky":false,"template":"","format":"standard","meta":{"episode_type":"","audio_file":"","cover_image":"","cover_image_id":"","duration":"","filesize":"","date_recorded":"","explicit":"","block":"","filesize_raw":"","footnotes":""},"categories":[9,2],"tags":[28,83,84,181,180,81],"class_list":["post-1160","post","type-post","status-publish","format-standard","has-post-thumbnail","hentry","category-destaques","category-noticias","tag-agenciadahora","tag-curso-de-jornalismo","tag-curso-de-relacoes-publicas","tag-diretorio-academico","tag-politica-estudantil","tag-ufsm-fw"],"acf":[],"_links":{"self":[{"href":"https:\/\/www.ufsm.br\/midias\/experimental\/agencia-da-hora\/wp-json\/wp\/v2\/posts\/1160","targetHints":{"allow":["GET"]}}],"collection":[{"href":"https:\/\/www.ufsm.br\/midias\/experimental\/agencia-da-hora\/wp-json\/wp\/v2\/posts"}],"about":[{"href":"https:\/\/www.ufsm.br\/midias\/experimental\/agencia-da-hora\/wp-json\/wp\/v2\/types\/post"}],"author":[{"embeddable":true,"href":"https:\/\/www.ufsm.br\/midias\/experimental\/agencia-da-hora\/wp-json\/wp\/v2\/users\/2786"}],"replies":[{"embeddable":true,"href":"https:\/\/www.ufsm.br\/midias\/experimental\/agencia-da-hora\/wp-json\/wp\/v2\/comments?post=1160"}],"version-history":[{"count":0,"href":"https:\/\/www.ufsm.br\/midias\/experimental\/agencia-da-hora\/wp-json\/wp\/v2\/posts\/1160\/revisions"}],"wp:featuredmedia":[{"embeddable":true,"href":"https:\/\/www.ufsm.br\/midias\/experimental\/agencia-da-hora\/wp-json\/wp\/v2\/media\/1161"}],"wp:attachment":[{"href":"https:\/\/www.ufsm.br\/midias\/experimental\/agencia-da-hora\/wp-json\/wp\/v2\/media?parent=1160"}],"wp:term":[{"taxonomy":"category","embeddable":true,"href":"https:\/\/www.ufsm.br\/midias\/experimental\/agencia-da-hora\/wp-json\/wp\/v2\/categories?post=1160"},{"taxonomy":"post_tag","embeddable":true,"href":"https:\/\/www.ufsm.br\/midias\/experimental\/agencia-da-hora\/wp-json\/wp\/v2\/tags?post=1160"}],"curies":[{"name":"wp","href":"https:\/\/api.w.org\/{rel}","templated":true}]}}