{"id":1164,"date":"2026-09-04T14:01:40","date_gmt":"2026-09-04T17:01:40","guid":{"rendered":"https:\/\/www.ufsm.br\/midias\/experimental\/agencia-da-hora\/?p=1164"},"modified":"2026-09-04T14:03:06","modified_gmt":"2026-09-04T17:03:06","slug":"palestra-hibrida-na-ufsm-fw-discute-o-futuro-do-jornalismo-e-das-relacoes-publicas-com-o-professor-otavio-daros","status":"publish","type":"post","link":"https:\/\/www.ufsm.br\/midias\/experimental\/agencia-da-hora\/2026\/09\/04\/palestra-hibrida-na-ufsm-fw-discute-o-futuro-do-jornalismo-e-das-relacoes-publicas-com-o-professor-otavio-daros","title":{"rendered":"<strong>Palestra h\u00edbrida na UFSM-FW discute o futuro do Jornalismo e das Rela\u00e7\u00f5es P\u00fablicas com o professor Ot\u00e1vio Daros<\/strong>"},"content":{"rendered":"\n<p class=\"wp-block-paragraph\"><em>Profissionais formados e em forma\u00e7\u00e3o debatem converg\u00eancias e diverg\u00eancias de atua\u00e7\u00e3o frente a evolu\u00e7\u00e3o do mercado comunicacional.<\/em><\/p>\n\n\n\n<p class=\"wp-block-paragraph\"><strong>Por<\/strong>: Emanuelle Friederichs e Valentina Santos<\/p>\n\n\n\n<p>Na tarde desta quinta-feira, 3, o Curso de Rela\u00e7\u00f5es P\u00fablicas da Universidade Federal de Santa Maria &#8211; Campus Frederico Westphalen promoveu uma aula aberta em formato h\u00edbrido, momento que marcou a recep\u00e7\u00e3o do professor Ot\u00e1vio Daros. At\u00e9 ent\u00e3o jornalista e pesquisador, ele agora \u00e9 o mais recente docente a integrar o Departamento de Comunica\u00e7\u00e3o da UFSM-FW. O evento reuniu estudantes do segundo semestre de Rela\u00e7\u00f5es P\u00fablicas e do quarto semestre de Jornalismo, al\u00e9m do p\u00fablico geral, que acompanhou as discuss\u00f5es presencialmente na sala 19 do pr\u00e9dio principal do campus e tamb\u00e9m de forma remota. A condu\u00e7\u00e3o da cerim\u00f4nia ficou por conta da estudante de Rela\u00e7\u00f5es P\u00fablicas, Yasmin Nilson.<\/p>\n<figure id=\"attachment_1166\" aria-describedby=\"caption-attachment-1166\" style=\"width: 1024px\" class=\"wp-caption alignnone\"><img fetchpriority=\"high\" decoding=\"async\" class=\"wp-image-1166 size-large\" src=\"https:\/\/www.ufsm.br\/app\/uploads\/sites\/825\/2026\/09\/PHOTO-2026-09-04-10-03-00-1024x683.jpg\" alt=\"\" width=\"1024\" height=\"683\" srcset=\"https:\/\/www.ufsm.br\/app\/uploads\/sites\/825\/2026\/09\/PHOTO-2026-09-04-10-03-00-1024x683.jpg 1024w, https:\/\/www.ufsm.br\/app\/uploads\/sites\/825\/2026\/09\/PHOTO-2026-09-04-10-03-00-300x200.jpg 300w, https:\/\/www.ufsm.br\/app\/uploads\/sites\/825\/2026\/09\/PHOTO-2026-09-04-10-03-00-768x512.jpg 768w, https:\/\/www.ufsm.br\/app\/uploads\/sites\/825\/2026\/09\/PHOTO-2026-09-04-10-03-00-1536x1024.jpg 1536w, https:\/\/www.ufsm.br\/app\/uploads\/sites\/825\/2026\/09\/PHOTO-2026-09-04-10-03-00-272x182.jpg 272w, https:\/\/www.ufsm.br\/app\/uploads\/sites\/825\/2026\/09\/PHOTO-2026-09-04-10-03-00.jpg 1600w\" sizes=\"(max-width: 1024px) 100vw, 1024px\" \/><figcaption id=\"caption-attachment-1166\" class=\"wp-caption-text\">Professor Ot\u00e1vio Daros durante o in\u00edcio de sua palestra. Foto: Valentina Santos.<\/figcaption><\/figure>\n<p>Com o tema \u201cConverg\u00eancias e Diverg\u00eancias na forma\u00e7\u00e3o e atua\u00e7\u00e3o de jornalistas e RPs em um mundo em transforma\u00e7\u00e3o\u201d, a palestra do professor Ot\u00e1vio Daros abordou as compet\u00eancias cr\u00edticas necess\u00e1rias para os futuros profissionais, o impacto da tecnologia e os novos rumos do mercado de trabalho. Com base em sua experi\u00eancia em ve\u00edculos como a RBS e o G1 Globo, o docente destacou que o mercado atual \u00e9 marcado pela coexist\u00eancia das respectivas profiss\u00f5es, estabelecendo uma rela\u00e7\u00e3o de converg\u00eancia.<\/p>\n<p>Daros enfatizou ainda o papel crucial da universidade em promover uma qualifica\u00e7\u00e3o diferenciada aos futuros profissionais e o exerc\u00edcio das mesmas. \u201cPara mim foi um momento muito especial estar aqui com os estudantes dos dois cursos de Jornalismo e de Rela\u00e7\u00f5es P\u00fablicas, ao lado tamb\u00e9m da professora Lana, da professora M\u00e1rcia e do professor F\u00e1bio, que refletem a diversidade, a qualidade do nosso departamento. Ent\u00e3o, para mim foi um momento muito feliz, e senti que foi talvez a minha estreia oficial como docente do departamento.\u201d, destacou.<\/p>\n<p>Pensado pela docente do curso de Rela\u00e7\u00f5es P\u00fablicas, Lana Campanella, na abertura do evento, presenteou o professor palestrante com um recado especial enviado pelo professor Francisco R\u00fcdiger, orientador de mestrado e doutorado do professor Ot\u00e1vio. \u201cA gente n\u00e3o tinha planejado uma aula inaugural de in\u00edcio de semestre, mas a for\u00e7a motriz, como se diz, \u00e9 uma quest\u00e3o de boa hospitalidade com o professor que estava chegando, e a maneira tamb\u00e9m que eu encontrei no professor se integrar com os dois cursos. Ent\u00e3o, foi uma hospitalidade, mas juntando tamb\u00e9m a expertise do professor numa fala que ele tem, que permita conversar com RP e jornal\u201d, explica a professora Lana Campanella.<\/p>\n<p>Para os estudantes participantes, Yasmin Martins e Kau\u00ea Botezini, dos cursos de Jornalismo e Rela\u00e7\u00f5es P\u00fablicas, respectivamente, momentos como este s\u00e3o de extrema relev\u00e2ncia, levando em considera\u00e7\u00e3o a experi\u00eancia do palestrante, que j\u00e1 passou por diferentes cen\u00e1rios na profiss\u00e3o e que a comunica\u00e7\u00e3o segue em constante transforma\u00e7\u00e3o, ou seja, debater esse tema torna-se cada vez mais necess\u00e1rio.<\/p>\n<p>O evento foi viabilizado por meio de uma parceria entre o Curso de Rela\u00e7\u00f5es P\u00fablicas, a disciplina de Tend\u00eancias Globais em Rela\u00e7\u00f5es P\u00fablicas, ministrada pela professora Lana Campanella, o projeto de extens\u00e3o Comunicare RP e Ag\u00eancia Da Hora e o projeto de ensino Ag\u00eancia \u00cdntegra.<\/p>\n<figure id=\"attachment_1165\" aria-describedby=\"caption-attachment-1165\" style=\"width: 1024px\" class=\"wp-caption alignnone\"><img decoding=\"async\" class=\"wp-image-1165 size-large\" src=\"https:\/\/www.ufsm.br\/app\/uploads\/sites\/825\/2026\/09\/PHOTO-2026-09-04-10-03-00-1-1024x682.jpg\" alt=\"\" width=\"1024\" height=\"682\" srcset=\"https:\/\/www.ufsm.br\/app\/uploads\/sites\/825\/2026\/09\/PHOTO-2026-09-04-10-03-00-1-1024x682.jpg 1024w, https:\/\/www.ufsm.br\/app\/uploads\/sites\/825\/2026\/09\/PHOTO-2026-09-04-10-03-00-1-300x200.jpg 300w, https:\/\/www.ufsm.br\/app\/uploads\/sites\/825\/2026\/09\/PHOTO-2026-09-04-10-03-00-1-768x512.jpg 768w, https:\/\/www.ufsm.br\/app\/uploads\/sites\/825\/2026\/09\/PHOTO-2026-09-04-10-03-00-1-1536x1023.jpg 1536w, https:\/\/www.ufsm.br\/app\/uploads\/sites\/825\/2026\/09\/PHOTO-2026-09-04-10-03-00-1-272x182.jpg 272w, https:\/\/www.ufsm.br\/app\/uploads\/sites\/825\/2026\/09\/PHOTO-2026-09-04-10-03-00-1.jpg 1600w\" sizes=\"(max-width: 1024px) 100vw, 1024px\" \/><figcaption id=\"caption-attachment-1165\" class=\"wp-caption-text\">Da esquerda para a direita: professores Francisco R\u00fcdiger (via meet), Ot\u00e1vio Daros e Lana Campanella. Foto: Valentina Santos.<\/figcaption><\/figure>\n\n\n\n\n\n\n\n\n\n\n\n\n","protected":false},"excerpt":{"rendered":"<p>Profissionais formados e em forma\u00e7\u00e3o debatem converg\u00eancias e diverg\u00eancias de atua\u00e7\u00e3o frente a evolu\u00e7\u00e3o do mercado comunicacional. Por: Emanuelle Friederichs e Valentina Santos Na tarde desta quinta-feira, 3, o Curso de Rela\u00e7\u00f5es P\u00fablicas da Universidade Federal de Santa Maria &#8211; Campus Frederico Westphalen promoveu uma aula aberta em formato h\u00edbrido, momento que marcou a recep\u00e7\u00e3o [&hellip;]<\/p>\n","protected":false},"author":2786,"featured_media":1166,"comment_status":"closed","ping_status":"closed","sticky":false,"template":"","format":"standard","meta":{"episode_type":"","audio_file":"","cover_image":"","cover_image_id":"","duration":"","filesize":"","date_recorded":"","explicit":"","block":"","filesize_raw":"","footnotes":""},"categories":[9,2],"tags":[28,83,84,129,81],"class_list":["post-1164","post","type-post","status-publish","format-standard","has-post-thumbnail","hentry","category-destaques","category-noticias","tag-agenciadahora","tag-curso-de-jornalismo","tag-curso-de-relacoes-publicas","tag-municipio-de-frederico-westphalen","tag-ufsm-fw"],"acf":[],"_links":{"self":[{"href":"https:\/\/www.ufsm.br\/midias\/experimental\/agencia-da-hora\/wp-json\/wp\/v2\/posts\/1164","targetHints":{"allow":["GET"]}}],"collection":[{"href":"https:\/\/www.ufsm.br\/midias\/experimental\/agencia-da-hora\/wp-json\/wp\/v2\/posts"}],"about":[{"href":"https:\/\/www.ufsm.br\/midias\/experimental\/agencia-da-hora\/wp-json\/wp\/v2\/types\/post"}],"author":[{"embeddable":true,"href":"https:\/\/www.ufsm.br\/midias\/experimental\/agencia-da-hora\/wp-json\/wp\/v2\/users\/2786"}],"replies":[{"embeddable":true,"href":"https:\/\/www.ufsm.br\/midias\/experimental\/agencia-da-hora\/wp-json\/wp\/v2\/comments?post=1164"}],"version-history":[{"count":0,"href":"https:\/\/www.ufsm.br\/midias\/experimental\/agencia-da-hora\/wp-json\/wp\/v2\/posts\/1164\/revisions"}],"wp:featuredmedia":[{"embeddable":true,"href":"https:\/\/www.ufsm.br\/midias\/experimental\/agencia-da-hora\/wp-json\/wp\/v2\/media\/1166"}],"wp:attachment":[{"href":"https:\/\/www.ufsm.br\/midias\/experimental\/agencia-da-hora\/wp-json\/wp\/v2\/media?parent=1164"}],"wp:term":[{"taxonomy":"category","embeddable":true,"href":"https:\/\/www.ufsm.br\/midias\/experimental\/agencia-da-hora\/wp-json\/wp\/v2\/categories?post=1164"},{"taxonomy":"post_tag","embeddable":true,"href":"https:\/\/www.ufsm.br\/midias\/experimental\/agencia-da-hora\/wp-json\/wp\/v2\/tags?post=1164"}],"curies":[{"name":"wp","href":"https:\/\/api.w.org\/{rel}","templated":true}]}}