{"id":511,"date":"2021-11-11T18:44:29","date_gmt":"2021-11-11T21:44:29","guid":{"rendered":"https:\/\/www.ufsm.br\/midias\/experimental\/agencia-da-hora\/?p=511"},"modified":"2021-11-11T19:18:26","modified_gmt":"2021-11-11T22:18:26","slug":"top-5-fake-news-mais-absurdas-sobre-a-vacina","status":"publish","type":"post","link":"https:\/\/www.ufsm.br\/midias\/experimental\/agencia-da-hora\/2021\/11\/11\/top-5-fake-news-mais-absurdas-sobre-a-vacina","title":{"rendered":"Top 5 Fake News mais absurdas sobre a vacina"},"content":{"rendered":"\n<p><i><span style=\"font-weight: 400\">Todos os dias viralizam boatos e informa\u00e7\u00f5es falsas acerca dos imunizantes contra a Covid-19. Por isso, na mat\u00e9ria desta semana, listamos algumas das maiores \u2018fake news\u2019 que circularam no per\u00edodo da pandemia e falamos sobre a onda de desinforma\u00e7\u00e3o registrada no momento.<\/span><\/i><\/p>\n\n\n\n\n\n<figure id=\"attachment_512\" aria-describedby=\"caption-attachment-512\" style=\"width: 868px\" class=\"wp-caption aligncenter\"><img fetchpriority=\"high\" decoding=\"async\" class=\" wp-image-512\" src=\"https:\/\/www.ufsm.br\/app\/uploads\/sites\/825\/2021\/11\/high-angle-of-smartphone-with-fake-news-300x225.jpg\" alt=\"\" width=\"868\" height=\"651\" srcset=\"https:\/\/www.ufsm.br\/app\/uploads\/sites\/825\/2021\/11\/high-angle-of-smartphone-with-fake-news-300x225.jpg 300w, https:\/\/www.ufsm.br\/app\/uploads\/sites\/825\/2021\/11\/high-angle-of-smartphone-with-fake-news-1024x768.jpg 1024w, https:\/\/www.ufsm.br\/app\/uploads\/sites\/825\/2021\/11\/high-angle-of-smartphone-with-fake-news-768x576.jpg 768w, https:\/\/www.ufsm.br\/app\/uploads\/sites\/825\/2021\/11\/high-angle-of-smartphone-with-fake-news-1536x1152.jpg 1536w, https:\/\/www.ufsm.br\/app\/uploads\/sites\/825\/2021\/11\/high-angle-of-smartphone-with-fake-news.jpg 1920w\" sizes=\"(max-width: 868px) 100vw, 868px\" \/><figcaption id=\"caption-attachment-512\" class=\"wp-caption-text\">No contexto pand\u00eamico as pessoas acabam acreditando, muitas vezes inconscientemente, nas informa\u00e7\u00f5es falsas que chegam a elas e acabam compartilhando. Imagem: Freepik.<\/figcaption><\/figure>\n<p>\u00a0<\/p>\n<p><span style=\"font-weight: 400\">Desde 19 de janeiro deste ano, data que marcou o in\u00edcio da vacina\u00e7\u00e3o contra a Covid-19 no Brasil, at\u00e9 o dia 11 de novembro, 123 milh\u00f5es de pessoas receberam as duas doses ou dose \u00fanica da vacina. <\/span><a href=\"https:\/\/coronavirusbra1.github.io\/\"><span style=\"font-weight: 400\">Essa parcela corresponde a 58% da popula\u00e7\u00e3o total<\/span><\/a><span style=\"font-weight: 400\">. Por\u00e9m, mesmo sendo gratuita e com efic\u00e1cia comprovada, muitas informa\u00e7\u00f5es falsas e distorcidas sobre as vacinas circulam todos os dias pelas redes e c\u00edrculos sociais, atrapalhando o avan\u00e7o da vacina\u00e7\u00e3o e o combate \u00e0 pandemia do novo coronav\u00edrus.\u00a0<\/span><\/p>\n<p><span style=\"font-weight: 400\">A coordenadora de Produto da <\/span><a href=\"https:\/\/piaui.folha.uol.com.br\/lupa\/\"><span style=\"font-weight: 400\">Ag\u00eancia Lupa<\/span><\/a><span style=\"font-weight: 400\">, Marcela Duarte, que gerencia projetos nas \u00e1reas de jornalismo e educa\u00e7\u00e3o e coordena a \u00e1rea de audi\u00eancia e engajamento, explica que o cen\u00e1rio de propaga\u00e7\u00e3o da desinforma\u00e7\u00e3o \u00e9 composto por in\u00fameras vari\u00e1veis. Segundo estudos da Psicologia, o chamado \u2018vi\u00e9s de confirma\u00e7\u00e3o\u2019 faz com que as pessoas tendam a acreditar mais em uma not\u00edcia que est\u00e1 de acordo com o que elas pensam, com seu vi\u00e9s. No contexto pand\u00eamico, a jornalista explica que por todos desejarem a cura, o fim da doen\u00e7a, as pessoas acabam acreditando, muitas vezes inconscientemente, nas informa\u00e7\u00f5es que chegam a elas, e compartilhando. Informa\u00e7\u00f5es essas que muitas vezes s\u00e3o equivocadas ou completamente falsas.\u00a0<\/span><\/p>\n<p><a href=\"https:\/\/piaui.folha.uol.com.br\/lupa\/\"><b>Conhe\u00e7a a Ag\u00eancia Lupa, primeira ag\u00eancia de fact-checking do Brasil e parceira da Ag\u00eancia Da Hora<\/b><\/a><b>\u00a0<\/b><\/p>\n<p><b>TOP 5 Fake News mais absurdas sobre a vacina<\/b><\/p>\n<p><span style=\"font-weight: 400\">1 &#8211; A vacina contra a Covid-19 vai modificar o DNA dos seres humanos \u2013 <\/span><span style=\"color: #ff0000\"><b>FAKE NEWS<\/b><\/span><\/p>\n<p><span style=\"font-weight: 400\">Segundo a BBC News, essa teoria iniciou com um v\u00eddeo de Carrie Madej, osteopata americana, em grupos antivacina. Essa fake news afirma que a vacina mudaria o DNA humano, criando uma \u201cnova esp\u00e9cie e, talvez, destruindo a nossa\u201d.\u00a0<\/span><\/p>\n<p><span style=\"font-weight: 400\">Especialistas esclareceram para ag\u00eancias de checagem e portais de not\u00edcias que as vacinas usam uma t\u00e9cnica in\u00e9dita, o RNA mensageiro. Ele faz com que parte do material gen\u00e9tico do coronav\u00edrus, seja absorvido por nossas c\u00e9lulas, para elas produzirem uma prote\u00edna caracter\u00edstica que ser\u00e1 detectada pelo sistema imunol\u00f3gico.<\/span><\/p>\n<p><span style=\"font-weight: 400\">\u201cA ideia \u00e9 que o nosso corpo aprenda desta forma a nos proteger da Covid-19. Mas essa tecnologia n\u00e3o altera o DNA das nossas c\u00e9lulas e, portanto, n\u00e3o cria seres humanos geneticamente modificados\u201d, explicaram especialistas para a BBC News.<\/span><\/p>\n<p><a href=\"https:\/\/www.bbc.com\/portuguese\/geral-53795050\"><b>Confira a reportagem da BBC News sobre Fake News<\/b><\/a><\/p>\n<p><span style=\"font-weight: 400\">2 &#8211; A vacina contra a Covid-19 tem chip l\u00edquido e intelig\u00eancia artificial para controle populacional \u2013 <\/span><span style=\"color: #ff6600\"><b>FAKE NEWS\u00a0<\/b><\/span><\/p>\n<p><span style=\"font-weight: 400\">Circulam pelas redes sociais v\u00eddeos que afirmam que as vacinas foram desenvolvidas para controlar a popula\u00e7\u00e3o. Segundo o G1, os v\u00eddeos dizem que \u201co plasma dessa vacina, que \u00e9 o l\u00edquido, vem com uma codifica\u00e7\u00e3o que traz uma leitura para intelig\u00eancia artificial, ent\u00e3o eles t\u00eam o nosso controle atrav\u00e9s disso. \u00c9 como se fosse um chip, mas de forma l\u00edquida, que \u00e9 o plasma&#8221;.<\/span><\/p>\n<p><span style=\"font-weight: 400\">O G1 consultou especialistas nas \u00e1reas de biomedicina, intelig\u00eancia artificial e microeletr\u00f4nica. Todos refutaram a teoria e os argumentos, explicando que n\u00e3o existem chips l\u00edquidos, muito menos capazes de controlar a pessoa.<\/span><\/p>\n<p><span style=\"font-weight: 400\">A presidente da Sociedade Brasileira de Microeletr\u00f4nica, Linnyer Beatrys Ruiz Aylon, explicou para o G1 que \u201capesar de todo desenvolvimento que temos conseguido com o sil\u00edcio e de produzirmos quintilh\u00f5es de dispositivos no mundo, n\u00e3o existem chips l\u00edquidos ou sol\u00faveis em plasma ou sangue e tampouco chips que possam estar &#8216;escondidos&#8217; em vacinas. Em nosso conhecimento, isso n\u00e3o \u00e9 poss\u00edvel. Fake news.\u201d<\/span><\/p>\n<p><a href=\"https:\/\/g1.globo.com\/fato-ou-fake\/coronavirus\/noticia\/2021\/01\/27\/e-fake-que-vacina-contra-covid-19-tem-chip-liquido-e-inteligencia-artificial-para-controle-populacional.ghtml\"><b>Confira o &#8216;#Fato ou #Fake&#8217; do G1<\/b><\/a><\/p>\n<p><span style=\"font-weight: 400\">3 &#8211; Imunizantes contra Covid-19 est\u00e3o relacionados \u00e0 transmiss\u00e3o de HIV \u2013 <\/span><span style=\"color: #ff0000\"><b>FAKE NEWS<\/b><\/span><\/p>\n<p><span style=\"font-weight: 400\">Circula por meio de aplicativos de mensagem instant\u00e2nea um texto defendendo que a imuniza\u00e7\u00e3o contra a Covid-19 est\u00e1 relacionada \u00e0 transmiss\u00e3o do v\u00edrus causador da AIDS. Segundo a mensagem, o v\u00edrus HIV teria sido encontrado em um percentual 17 vezes maior entre os vacinados.\u00a0<\/span><\/p>\n<p><span style=\"font-weight: 400\">O boato foi compartilhado, inclusive, pelo presidente Jair Messias Bolsonaro em uma transmiss\u00e3o ao vivo no Facebook. Na ocasi\u00e3o, o presidente leu uma suposta not\u00edcia em que \u2018relat\u00f3rios oficiais do governo do Reino Unido sugeriam que os totalmente vacinados est\u00e3o desenvolvendo s\u00edndrome da imunodefici\u00eancia adquirida muito mais r\u00e1pido do que o previsto&#8217;.<\/span><\/p>\n<p><span style=\"font-weight: 400\">A rede social tirou do ar a live feita pelo presidente por compartilhamento de not\u00edcia falsa. <\/span><span style=\"font-weight: 400\">O boato foi iniciado pelo site canadense de teorias da conspira\u00e7\u00e3o Civilian Intelligence Network que apresenta uma interpreta\u00e7\u00e3o err\u00f4nea de um artigo publicado pelo Centro de Controle e Preven\u00e7\u00e3o de Doen\u00e7as dos Estados Unidos (CDC).\u00a0<\/span><\/p>\n<p><span style=\"font-weight: 400\">O trabalho n\u00e3o estabelece, em nenhum momento, uma rela\u00e7\u00e3o causal entre o HIV e a vacina\u00e7\u00e3o contra a Covid-19. Em um determinado trecho do artigo, os cientistas informaram que, cruzando dados do sistema estadual de vigil\u00e2ncia de HIV, verificou-se que 30 (ou 6%) dos 469 casos detectados de Covid-19 foram entre pessoas vivendo com o HIV.<\/span><\/p>\n<p><a href=\"https:\/\/piaui.folha.uol.com.br\/lupa\/2021\/10\/28\/verificamos-cdc-hiv-vacina-covid\/\"><b>Confira o #Verificamos da Ag\u00eancia Lupa<\/b><span style=\"font-weight: 400\">.<\/span><\/a><\/p>\n<p><span style=\"font-weight: 400\">4 &#8211; Vacinas contra Covid-19 criam campo magn\u00e9tico no corpo de quem \u00e9 imunizado \u2013 <\/span><span style=\"color: #ff0000\"><b>FAKE NEWS<\/b><\/span><\/p>\n<p><span style=\"font-weight: 400\">Usu\u00e1rios de redes sociais compartilharam, em todo o mundo, v\u00eddeos em que pessoas que receberam o imunizante contra a Covid-19 fixam moedas e outros objetos met\u00e1licos no bra\u00e7o. Segundo afirmam os usu\u00e1rios, o fato de conseguirem firmar objetos sobre o local onde a vacina \u00e9 aplicada comprovaria, ent\u00e3o, a exist\u00eancia de microchips capazes de criar um campo magn\u00e9tico contidos no imunizante.<\/span><\/p>\n<p><span style=\"font-weight: 400\">Em entrevista para o UOL, Fernando Kokubun, professor de f\u00edsica da FURG (Universidade Federal do Rio Grande), exp\u00f5e que as vacinas n\u00e3o possuem qualquer nanopart\u00edcula ou ingrediente com propriedades magn\u00e9ticas. &#8220;Se fosse assim, at\u00e9 as ampolas ficariam grudadas umas nas outras.&#8221;<\/span><\/p>\n<p><span style=\"font-weight: 400\">O professor tamb\u00e9m explica que o suposto magnetismo pode ser reproduzido se a pessoa estiver com a pele \u00famida ou se ainda tiver resqu\u00edcios de cola deixados por curativos no local onde a vacina foi aplicada<\/span><span style=\"font-weight: 400\">.\u00a0<\/span><\/p>\n<p><a href=\"https:\/\/www.uol.com.br\/tilt\/noticias\/redacao\/2021\/06\/13\/vacina-nao-implanta-chip-nem-gera-magnetismo-para-grudar-moeda-no-braco.htm\"><b>Confira o \u2018Curiosidades de Ci\u00eancia\u2019 do Tilt Uol<\/b><span style=\"font-weight: 400\">.<\/span><\/a><\/p>\n<p><span style=\"font-weight: 400\">5 &#8211; CoronaVac n\u00e3o tem comprova\u00e7\u00e3o cient\u00edfica \u2013 <\/span><span style=\"color: #ff0000\"><b>FAKE NEWS<\/b><\/span><\/p>\n<p><span style=\"font-weight: 400\">Essa \u00e9 uma informa\u00e7\u00e3o falsa. Segundo o Instituto Butantan, a CoronaVac, vacina do Instituto Butantan feita em parceria com a biofarmac\u00eautica Sinovac, se mostrou eficiente nos ensaios cl\u00ednicos e em diversos outros estudos, tanto no Brasil quanto no exterior.<\/span><\/p>\n<p><span style=\"font-weight: 400\">O resultado da fase 3 dos ensaios cl\u00ednicos feitos pelo Butantan mostrou que, ao ser aplicada com intervalo de 21 a 28 dias entre doses, a vacina atinge efic\u00e1cia de 64%.<\/span><\/p>\n<p><span style=\"font-weight: 400\">Al\u00e9m disso, segundo informa\u00e7\u00f5es do Sistema de Informa\u00e7\u00e3o da Vigil\u00e2ncia Epidemiol\u00f3gica da Gripe, do Minist\u00e9rio da Sa\u00fade, \u201ca CoronaVac foi uma das respons\u00e1veis pela queda de 88% na m\u00e9dia de \u00f3bitos semanais de idosos entre os meses de mar\u00e7o e agosto [de 2021] &#8211; esse \u00e9 um p\u00fablico que foi majoritariamente imunizado com a vacina do Butantan\u201d.<\/span><\/p>\n<p><a href=\"https:\/\/butantan.gov.br\/covid\/butantan-tira-duvida\/tira-duvida-fato-fake\"><b>Confira o &#8216;Tira D\u00favida Butantan&#8217; do Instituto Butantan<\/b><\/a><b>\u00a0<\/b><\/p>\n<p>\u00a0<\/p>\n<figure id=\"attachment_514\" aria-describedby=\"caption-attachment-514\" style=\"width: 892px\" class=\"wp-caption alignnone\"><img decoding=\"async\" class=\" wp-image-514\" src=\"https:\/\/www.ufsm.br\/app\/uploads\/sites\/825\/2021\/11\/Too-much-information-or-spam-concept-1-300x200.jpg\" alt=\"\" width=\"892\" height=\"595\" srcset=\"https:\/\/www.ufsm.br\/app\/uploads\/sites\/825\/2021\/11\/Too-much-information-or-spam-concept-1-300x200.jpg 300w, https:\/\/www.ufsm.br\/app\/uploads\/sites\/825\/2021\/11\/Too-much-information-or-spam-concept-1-1024x683.jpg 1024w, https:\/\/www.ufsm.br\/app\/uploads\/sites\/825\/2021\/11\/Too-much-information-or-spam-concept-1-768x512.jpg 768w, https:\/\/www.ufsm.br\/app\/uploads\/sites\/825\/2021\/11\/Too-much-information-or-spam-concept-1-1536x1024.jpg 1536w, https:\/\/www.ufsm.br\/app\/uploads\/sites\/825\/2021\/11\/Too-much-information-or-spam-concept-1-272x182.jpg 272w, https:\/\/www.ufsm.br\/app\/uploads\/sites\/825\/2021\/11\/Too-much-information-or-spam-concept-1.jpg 1920w\" sizes=\"(max-width: 892px) 100vw, 892px\" \/><figcaption id=\"caption-attachment-514\" class=\"wp-caption-text\">Durante o per\u00edodo pand\u00eamico passamos por verdadeiras \u2018ondas de desinforma\u00e7\u00e3o\u2019. Imagem: Freepik<\/figcaption><\/figure>\n<p>\u00a0<\/p>\n<p><b>Ondas de desinforma\u00e7\u00e3o\u00a0<\/b><\/p>\n<p><span style=\"font-weight: 400\">Marcela Duarte explica que durante o per\u00edodo da pandemia tivemos diferentes \u2018ondas de desinforma\u00e7\u00e3o\u2019. Segundo ela, num primeiro momento as \u2018<\/span><i><span style=\"font-weight: 400\">fake news<\/span><\/i><span style=\"font-weight: 400\">\u2019 estavam relacionadas com a origem do v\u00edrus, a partir de teorias da conspira\u00e7\u00e3o sobre uma suposta \u2018cria\u00e7\u00e3o proposital\u2019. Depois, enfrentamos a grande onda das curas milagrosas, quando viralizaram diversas informa\u00e7\u00f5es falsas sobre receitas caseiras e rem\u00e9dios que supostamente curariam o coronav\u00edrus. Inclusive, alguns desses medicamentos causam efeitos colaterais, entre eles <\/span><a href=\"https:\/\/noticias.uol.com.br\/saude\/ultimas-noticias\/redacao\/2021\/03\/09\/enfermeiros-medicos-uti-ivermectina.htm\"><span style=\"font-weight: 400\">comprometimento no f\u00edgado e problemas card\u00edacos que podem levar \u00e0 morte<\/span><\/a><span style=\"font-weight: 400\">.\u00a0\u00a0<\/span><\/p>\n<p><span style=\"font-weight: 400\">A jornalista acredita que os motivos que levam a tanta desconfian\u00e7a sobre a efic\u00e1cia das vacinas, e que resulta na dissemina\u00e7\u00e3o de not\u00edcias falsas, v\u00eam de um cen\u00e1rio maior. Para ela, a descren\u00e7a est\u00e1 generalizada, de forma que as pessoas desconfiam da ci\u00eancia em si, n\u00e3o apenas sobre os imunizantes, mas at\u00e9 mesmo sobre o formato da Terra, por exemplo, causando um \u2018efeito cascata\u2019.\u00a0<\/span><\/p>\n<p><a href=\"https:\/\/piaui.folha.uol.com.br\/lupa\/2021\/07\/28\/reflexo-novo-podcast-lupa\/\"><b>Conhe\u00e7a \u2018Reflexo\u2019, podcast da Ag\u00eancia Lupa sobre os impactos da desinforma\u00e7\u00e3o<\/b><\/a><\/p>\n<p><span style=\"font-weight: 400\">Para Marcela, combater a circula\u00e7\u00e3o de informa\u00e7\u00f5es falsas e, consequentemente, a desinforma\u00e7\u00e3o, tanto no meio cient\u00edfico quanto no dia a dia, \u00e9 um cen\u00e1rio que passa muito por educa\u00e7\u00e3o e informa\u00e7\u00e3o verificada. Mas, tamb\u00e9m, faz parte de um contexto maior em que o cen\u00e1rio pol\u00edtico tamb\u00e9m est\u00e1 inclu\u00eddo. \u201cA educa\u00e7\u00e3o \u00e9 muito importante, especialmente a educa\u00e7\u00e3o midi\u00e1tica. Acho que hoje n\u00f3s somos bombardeados todos os dias, o dia inteiro, por informa\u00e7\u00e3o, e n\u00e3o passamos por uma educa\u00e7\u00e3o midi\u00e1tica. A gente n\u00e3o foi preparado para lidar com o notici\u00e1rio, para lidar com esse cen\u00e1rio que a gente vive hoje de hiperinforma\u00e7\u00e3o\u201d, esclarece a jornalista.\u00a0<\/span><\/p>\n<p><span style=\"font-weight: 400\">Especialmente nesse momento pand\u00eamico, as informa\u00e7\u00f5es falsas e equivocadas podem comprometer o combate \u00e0 doen\u00e7a e impedir o avan\u00e7o da vacina\u00e7\u00e3o. Diante desse cen\u00e1rio de hiperinforma\u00e7\u00e3o e, principalmente, com a explos\u00e3o de circula\u00e7\u00e3o de \u2018<\/span><i><span style=\"font-weight: 400\">fake news<\/span><\/i><span style=\"font-weight: 400\">\u2019, \u00e9 necess\u00e1rio redobrar a aten\u00e7\u00e3o acerca das informa\u00e7\u00f5es que estamos recebendo e repassando. Verificar as not\u00edcias em v\u00e1rios ve\u00edculos confi\u00e1veis, conferir a veracidade e o contexto das informa\u00e7\u00f5es antes de compartilh\u00e1-las e denunciar sites e perfis que divulgam conte\u00fado falso s\u00e3o exemplos de como combater a desinforma\u00e7\u00e3o no dia a dia e colaborar com a comunidade cient\u00edfica.\u00a0<\/span><\/p>\n<p>\u00a0<\/p>\n<p><b>\u00a0 \u00a0 \u00a0 \u00a0 \u00a0 \u00a0 \u00a0 \u00a0 \u00a0 \u00a0 \u00a0 \u00a0 \u00a0 \u00a0 \u00a0 \u00a0 \u00a0 \u00a0 \u00a0 \u00a0 \u00a0 \u00a0 \u00a0 \u00a0 \u00a0 \u00a0 \u00a0 \u00a0 \u00a0 \u00a0 \u00a0 \u00a0 \u00a0 \u00a0 \u00a0 \u00a0 \u00a0 \u00a0 \u00a0 \u00a0 \u00a0 \u00a0 \u00a0 \u00a0 \u00a0 \u00a0 \u00a0 \u00a0 \u00a0 \u00a0 \u00a0 \u00a0 \u00a0 \u00a0 \u00a0 \u00a0 \u00a0 \u00a0 \u00a0 \u00a0 \u00a0 \u00a0 \u00a0Reportagem:<\/b><span style=\"font-weight: 400\"> Caroline Schneider Lorenzetti e Kelvin Verdum<\/span><\/p>\n<p>\u00a0 \u00a0 \u00a0 \u00a0 \u00a0 \u00a0 \u00a0 \u00a0 \u00a0 \u00a0 \u00a0 \u00a0 \u00a0 \u00a0 \u00a0 \u00a0 \u00a0 \u00a0 \u00a0 \u00a0 \u00a0 \u00a0 \u00a0 \u00a0 \u00a0 \u00a0 \u00a0 \u00a0 \u00a0 \u00a0 \u00a0 \u00a0 \u00a0 \u00a0 \u00a0 \u00a0 \u00a0 \u00a0 \u00a0 \u00a0 \u00a0 \u00a0 \u00a0 \u00a0 \u00a0 \u00a0 \u00a0 \u00a0 \u00a0 \u00a0 \u00a0 \u00a0 \u00a0 \u00a0 \u00a0 \u00a0 \u00a0 \u00a0 \u00a0 \u00a0 \u00a0 \u00a0 \u00a0 <strong>Edi\u00e7\u00e3o:<\/strong> Luciana Carvalho<\/p>\n<p>\u00a0 \u00a0 \u00a0 \u00a0 \u00a0 \u00a0 \u00a0 \u00a0 \u00a0 \u00a0 \u00a0 \u00a0 \u00a0 \u00a0 \u00a0 \u00a0 \u00a0 \u00a0 \u00a0 \u00a0 \u00a0 \u00a0 \u00a0 \u00a0 \u00a0 \u00a0 \u00a0 \u00a0 \u00a0 \u00a0 \u00a0 \u00a0 \u00a0 \u00a0 \u00a0 \u00a0 \u00a0 \u00a0 \u00a0 \u00a0 \u00a0 \u00a0 \u00a0 \u00a0 \u00a0 \u00a0 \u00a0 \u00a0 \u00a0 \u00a0 \u00a0 \u00a0 \u00a0 \u00a0 \u00a0 \u00a0 \u00a0 \u00a0 \u00a0 \u00a0 \u00a0 \u00a0 \u00a0 <strong>Site e redes sociais:<\/strong> Maria Mariana do Nascimento Silva<\/p>\n","protected":false},"excerpt":{"rendered":"<p>Todos os dias viralizam boatos e informa\u00e7\u00f5es falsas acerca dos imunizantes contra a Covid-19. Por isso, na mat\u00e9ria desta semana, listamos algumas das maiores \u2018fake news\u2019 que circularam no per\u00edodo da pandemia e falamos sobre a onda de desinforma\u00e7\u00e3o registrada no momento. \u00a0 Desde 19 de janeiro deste ano, data que marcou o in\u00edcio da [&hellip;]<\/p>\n","protected":false},"author":4379,"featured_media":515,"comment_status":"closed","ping_status":"closed","sticky":false,"template":"","format":"standard","meta":{"episode_type":"","audio_file":"","cover_image":"","cover_image_id":"","duration":"","filesize":"","date_recorded":"","explicit":"","block":"","filesize_raw":"","footnotes":""},"categories":[9],"tags":[28,18],"class_list":["post-511","post","type-post","status-publish","format-standard","has-post-thumbnail","hentry","category-destaques","tag-agenciadahora","tag-checagemdahora"],"acf":[],"_links":{"self":[{"href":"https:\/\/www.ufsm.br\/midias\/experimental\/agencia-da-hora\/wp-json\/wp\/v2\/posts\/511","targetHints":{"allow":["GET"]}}],"collection":[{"href":"https:\/\/www.ufsm.br\/midias\/experimental\/agencia-da-hora\/wp-json\/wp\/v2\/posts"}],"about":[{"href":"https:\/\/www.ufsm.br\/midias\/experimental\/agencia-da-hora\/wp-json\/wp\/v2\/types\/post"}],"author":[{"embeddable":true,"href":"https:\/\/www.ufsm.br\/midias\/experimental\/agencia-da-hora\/wp-json\/wp\/v2\/users\/4379"}],"replies":[{"embeddable":true,"href":"https:\/\/www.ufsm.br\/midias\/experimental\/agencia-da-hora\/wp-json\/wp\/v2\/comments?post=511"}],"version-history":[{"count":0,"href":"https:\/\/www.ufsm.br\/midias\/experimental\/agencia-da-hora\/wp-json\/wp\/v2\/posts\/511\/revisions"}],"wp:featuredmedia":[{"embeddable":true,"href":"https:\/\/www.ufsm.br\/midias\/experimental\/agencia-da-hora\/wp-json\/wp\/v2\/media\/515"}],"wp:attachment":[{"href":"https:\/\/www.ufsm.br\/midias\/experimental\/agencia-da-hora\/wp-json\/wp\/v2\/media?parent=511"}],"wp:term":[{"taxonomy":"category","embeddable":true,"href":"https:\/\/www.ufsm.br\/midias\/experimental\/agencia-da-hora\/wp-json\/wp\/v2\/categories?post=511"},{"taxonomy":"post_tag","embeddable":true,"href":"https:\/\/www.ufsm.br\/midias\/experimental\/agencia-da-hora\/wp-json\/wp\/v2\/tags?post=511"}],"curies":[{"name":"wp","href":"https:\/\/api.w.org\/{rel}","templated":true}]}}