{"id":894,"date":"2023-07-17T21:11:45","date_gmt":"2023-07-18T00:11:45","guid":{"rendered":"https:\/\/www.ufsm.br\/midias\/experimental\/agencia-da-hora\/?p=894"},"modified":"2023-07-17T21:11:47","modified_gmt":"2023-07-18T00:11:47","slug":"da-hora-na-rua","status":"publish","type":"post","link":"https:\/\/www.ufsm.br\/midias\/experimental\/agencia-da-hora\/2023\/07\/17\/da-hora-na-rua","title":{"rendered":"Da Hora na Rua"},"content":{"rendered":"\n\n<div class=\"wp-block-image\">\n<figure class=\"aligncenter size-large\"><img fetchpriority=\"high\" decoding=\"async\" width=\"1024\" height=\"269\" src=\"https:\/\/www.ufsm.br\/app\/uploads\/sites\/825\/2023\/07\/banner-2-1024x269.jpg\" alt=\"\" class=\"wp-image-898\" srcset=\"https:\/\/www.ufsm.br\/app\/uploads\/sites\/825\/2023\/07\/banner-2-1024x269.jpg 1024w, https:\/\/www.ufsm.br\/app\/uploads\/sites\/825\/2023\/07\/banner-2-300x79.jpg 300w, https:\/\/www.ufsm.br\/app\/uploads\/sites\/825\/2023\/07\/banner-2-768x202.jpg 768w, https:\/\/www.ufsm.br\/app\/uploads\/sites\/825\/2023\/07\/banner-2.jpg 1536w\" sizes=\"(max-width: 1024px) 100vw, 1024px\" \/><\/figure>\n<\/div>\n\n\n<p style=\"text-align: center\"><strong>Programa de Combate \u00e0 Desinforma\u00e7\u00e3o da Ag\u00eancia Da Hora est\u00e1 de volta!<\/strong><\/p>\n<p style=\"text-align: center\">Agora com oficinas e produ\u00e7\u00e3o de programetes para r\u00e1dios comunit\u00e1rias da regi\u00e3o.<\/p>\n<p>\u00a0<\/p>\n<p style=\"text-align: center\"><strong>R\u00e1dios parceiras<\/strong><\/p>\n<p style=\"text-align: center\"><a href=\"http:\/\/www.comunitaria.com.br\/\">Frederico Westphalen<\/a> | <a href=\"https:\/\/www.taquarucufm.com.br\/\">Taquaru\u00e7u do Sul<\/a> | <a href=\"http:\/\/ervalseco.com\/online\/\">Erval Seco<\/a> | <a href=\"http:\/\/www.comunitariapalmitinho.com.br\/\">Palmitinho<\/a> | <a href=\"https:\/\/www.radiocaicara879.webradios.net\/\">Cai\u00e7ara<\/a><\/p>\n\n\n\n<div class=\"wp-block-group\"><div class=\"wp-block-group__inner-container is-layout-constrained wp-block-group-is-layout-constrained\">\n<p style=\"text-align: center\"><strong>Ou\u00e7a o programa piloto do projeto<\/strong><\/p>\n\n\n\n<figure class=\"wp-block-audio\"><audio controls src=\"https:\/\/www.ufsm.br\/app\/uploads\/sites\/825\/2023\/07\/STF-DaHora-na-Rua-v2.wav\"><\/audio><\/figure>\n<\/div><\/div>\n","protected":false},"excerpt":{"rendered":"<p>Programa de Combate \u00e0 Desinforma\u00e7\u00e3o da Ag\u00eancia Da Hora est\u00e1 de volta! Agora com oficinas e produ\u00e7\u00e3o de programetes para r\u00e1dios comunit\u00e1rias da regi\u00e3o. \u00a0 R\u00e1dios parceiras Frederico Westphalen | Taquaru\u00e7u do Sul | Erval Seco | Palmitinho | Cai\u00e7ara Ou\u00e7a o programa piloto do projeto<\/p>\n","protected":false},"author":3052,"featured_media":899,"comment_status":"closed","ping_status":"closed","sticky":false,"template":"","format":"standard","meta":{"episode_type":"","audio_file":"","cover_image":"","cover_image_id":"","duration":"","filesize":"","date_recorded":"","explicit":"","block":"","filesize_raw":"","footnotes":""},"categories":[1],"tags":[],"class_list":["post-894","post","type-post","status-publish","format-standard","has-post-thumbnail","hentry","category-sem-categoria"],"acf":[],"_links":{"self":[{"href":"https:\/\/www.ufsm.br\/midias\/experimental\/agencia-da-hora\/wp-json\/wp\/v2\/posts\/894","targetHints":{"allow":["GET"]}}],"collection":[{"href":"https:\/\/www.ufsm.br\/midias\/experimental\/agencia-da-hora\/wp-json\/wp\/v2\/posts"}],"about":[{"href":"https:\/\/www.ufsm.br\/midias\/experimental\/agencia-da-hora\/wp-json\/wp\/v2\/types\/post"}],"author":[{"embeddable":true,"href":"https:\/\/www.ufsm.br\/midias\/experimental\/agencia-da-hora\/wp-json\/wp\/v2\/users\/3052"}],"replies":[{"embeddable":true,"href":"https:\/\/www.ufsm.br\/midias\/experimental\/agencia-da-hora\/wp-json\/wp\/v2\/comments?post=894"}],"version-history":[{"count":0,"href":"https:\/\/www.ufsm.br\/midias\/experimental\/agencia-da-hora\/wp-json\/wp\/v2\/posts\/894\/revisions"}],"wp:featuredmedia":[{"embeddable":true,"href":"https:\/\/www.ufsm.br\/midias\/experimental\/agencia-da-hora\/wp-json\/wp\/v2\/media\/899"}],"wp:attachment":[{"href":"https:\/\/www.ufsm.br\/midias\/experimental\/agencia-da-hora\/wp-json\/wp\/v2\/media?parent=894"}],"wp:term":[{"taxonomy":"category","embeddable":true,"href":"https:\/\/www.ufsm.br\/midias\/experimental\/agencia-da-hora\/wp-json\/wp\/v2\/categories?post=894"},{"taxonomy":"post_tag","embeddable":true,"href":"https:\/\/www.ufsm.br\/midias\/experimental\/agencia-da-hora\/wp-json\/wp\/v2\/tags?post=894"}],"curies":[{"name":"wp","href":"https:\/\/api.w.org\/{rel}","templated":true}]}}